{"id":30825,"date":"2016-11-30T08:45:02","date_gmt":"2016-11-30T07:45:02","guid":{"rendered":"https:\/\/www.justiceinfo.net\/30825-de-la-syrie-a-l-irak-les-biens-culturels-detruits-par-des-jihadistes.html"},"modified":"2016-11-30T08:45:02","modified_gmt":"2016-11-30T07:45:02","slug":"de-la-syrie-a-l-irak-les-biens-culturels-detruits-par-des-jihadistes","status":"publish","type":"post","link":"https:\/\/www.justiceinfo.net\/fr\/30825-de-la-syrie-a-l-irak-les-biens-culturels-detruits-par-des-jihadistes.html","title":{"rendered":"De la Syrie \u00e0 l'Irak, les biens culturels d\u00e9truits par des jihadistes"},"content":{"rendered":"<div class=\"content-excerpt\">\n<p>De la Syrie \u00e0 l'Irak, en passant par le Mali et l'Afghanistan, rappel des principaux saccages de biens culturels commis notamment par des groupes jihadistes.<\/p>\n<\/div>\n<h3>- Syrie -<\/h3>\n<p>Plus de 900 monuments ou sites arch\u00e9ologiques ont \u00e9t\u00e9 \"touch\u00e9s, ab\u00eem\u00e9s ou d\u00e9truits\" par le r\u00e9gime, des rebelles et des jihadistes depuis le d\u00e9but de la guerre en 2011, selon l'Association pour la protection de l'arch\u00e9ologie syrienne (APSA, fin 2015).<\/p>\n<p>Depuis sa mont\u00e9e en puissance en 2014, le groupe Etat islamique (EI) a ravag\u00e9 plusieurs sites, dont certains class\u00e9s au Patrimoine mondial de l'Unesco, car il consid\u00e8re les statues ou les mausol\u00e9es comme de l'idol\u00e2trie qui doit \u00eatre combattue.<\/p>\n<p>A Palmyre, qu'il a occup\u00e9e de mai 2015 \u00e0 mars 2016, le groupe extr\u00e9miste sunnite a d\u00e9truit les plus beaux temples, ainsi que plusieurs des c\u00e9l\u00e8bres tours fun\u00e9raires.<\/p>\n<p>Il a aussi vandalis\u00e9 le site arch\u00e9ologique assyrien de Tell Ajaja (est) et d\u00e9truit ou pill\u00e9 les sites de Mari, Doura Europos, Apam\u00e9e et autres.<\/p>\n<p>Mais l'EI n'est pas le seul responsable des ravages subis par le patrimoine syrien, une grande partie des destructions ayant \u00e9t\u00e9 provoqu\u00e9es par des combats \u00e0 l'artillerie lourde.<\/p>\n<p>A Alep (nord), le minaret seldjoukide de la mosqu\u00e9e des Omeyyades s'est effondr\u00e9 et le souk aux boutiques parfois centenaires a \u00e9t\u00e9 partiellement d\u00e9truit par les flammes. La citadelle a vu une section de ses remparts s'effondrer. \"Deux tiers de la vieille ville ont \u00e9t\u00e9 bombard\u00e9s et incendi\u00e9s\" (Unesco).<\/p>\n<p>Le Krak des chevaliers, citadelle crois\u00e9e pr\u00e8s de Homs (centre), a \u00e9t\u00e9 touch\u00e9 et le c\u00e9l\u00e8bre mus\u00e9e de mosa\u00efques \u00e0 Maaret al-Noomane (nord-ouest) gravement endommag\u00e9.<\/p>\n<p>Les forces du r\u00e9gime ont \u00e9t\u00e9 aussi accus\u00e9es de pillages.<\/p>\n<h3>- Irak -<\/h3>\n<p>L'EI s'est livr\u00e9 \u00e0 \"un nettoyage culturel\" en rasant une partie des vestiges de la M\u00e9sopotamie antique, selon l'ONU, ou en revendant des pi\u00e8ces au march\u00e9 noir.<\/p>\n<p>Le site de Nimrod, joyau de l'empire assyrien fond\u00e9 au XIIIe si\u00e8cle, qui vient d'\u00eatre repris \u00e0 l'EI par les forces irakiennes, a \u00e9t\u00e9 d\u00e9vast\u00e9. Des vid\u00e9os avaient d\u00e9j\u00e0 montr\u00e9 des combattants de l'EI d\u00e9truire au bulldozer, \u00e0 la pioche ou \u00e0 l'explosif le site ou saccager des tr\u00e9sors pr\u00e9-islamiques dans le mus\u00e9e de Mossoul.<\/p>\n<p>Le groupe s'en est aussi pris \u00e0 Hatra, cit\u00e9 de la p\u00e9riode romaine vieille de plus de 2.000 ans.<\/p>\n<h3>- Mali -<\/h3>\n<p>En 2012, \u00e0 Tombouctou (nord-ouest), 14 mausol\u00e9es de saints musulmans ont \u00e9t\u00e9 d\u00e9truits ou saccag\u00e9s par des groupes jihadistes li\u00e9s \u00e0 Al-Qa\u00efda.<\/p>\n<p>Ceux-ci ont dict\u00e9 leur loi dans le Nord de mars-avril 2012 jusqu'au d\u00e9clenchement d\u00e9but 2013 d'une op\u00e9ration militaire internationale \u00e0 l'initiative de la France.<\/p>\n<p>\"La Cit\u00e9 des 333 saints\" a \u00e9t\u00e9 reclass\u00e9e en 2012 comme Patrimoine mondial en p\u00e9ril.<\/p>\n<p>En 2014-2015, des travaux de reconstruction ont \u00e9t\u00e9 r\u00e9alis\u00e9s dans le cadre d'un programme mis en oeuvre par l'Unesco et financ\u00e9 par plusieurs pays et institutions. En f\u00e9vrier 2016, la cit\u00e9 a repris possession de ses sanctuaires reconstruits \u00e0 l'identique.<\/p>\n<p>Le 27 septembre, un jihadiste malien a \u00e9t\u00e9 condamn\u00e9 \u00e0 neuf ans de prison par la Cour p\u00e9nale internationale (CPI) pour avoir d\u00e9moli des mausol\u00e9es \u00e0 Tombouctou.<\/p>\n<p>- Libye -<\/p>\n<p>Plusieurs mausol\u00e9es ont \u00e9t\u00e9 d\u00e9truits \u00e0 travers la Libye depuis la chute de Mouammar Kadhafi en 2011.<\/p>\n<p>En 2012, des dizaines de jihadistes ont fait exploser un mausol\u00e9e \u00e0 Zliten (est de Tripoli), le plus important en Libye, ainsi qu'un autre \u00e0 Misrata.<\/p>\n<p>En 2013, une attaque \u00e0 l'explosif a vis\u00e9 un mausol\u00e9e du XVIe si\u00e8cle \u00e0 Tajoura (banlieue de Tripoli), un des plus anciens de la capitale.<\/p>\n<p>- Afghanistan -<\/p>\n<p>En mars 2001, le chef des talibans, le mollah Omar (d\u00e9c\u00e9d\u00e9 en 2013), a jug\u00e9 \"anti-islamiques\" les deux bouddhas g\u00e9ants de Bamiyan (centre-est), tr\u00e9sors arch\u00e9ologiques vieux de plus de 1.500 ans, et ordonn\u00e9 leur destruction.<\/p>\n<p>Usant d'obus et de roquettes, puis face \u00e0 leur r\u00e9sistance, de dynamite, les talibans ont mis 25 jours \u00e0 les r\u00e9duire en miettes.<\/p>\n<p>En 2003, le site a \u00e9t\u00e9 inscrit au Patrimoine de l'Unesco, ce qui a permis de consolider les niches o\u00f9 \u00e9taient install\u00e9s les bouddhas et d'inventorier les vestiges.<\/p>\n<p>- Alg\u00e9rie -<\/p>\n<p>En Alg\u00e9rie, des groupes arm\u00e9s islamistes ont d\u00e9truit dans les ann\u00e9es 1990 de nombreux sanctuaires maraboutiques.<\/p>\n","protected":false},"excerpt":{"rendered":"<p>De la Syrie \u00e0 l'Irak, en passant par le Mali et l'Afghanistan, rappel des principaux saccages de biens culturels commis notamment par des groupes jihadistes. - Syrie - Plus de 900 monuments ou sites arch\u00e9ologiques ont \u00e9t\u00e9 \"touch\u00e9s, ab\u00eem\u00e9s ou d\u00e9truits\" par le r\u00e9gime, des rebelles et des jihadistes depuis le d\u00e9but de la guerre [&hellip;]<\/p>\n","protected":false},"author":60,"featured_media":64087,"comment_status":"open","ping_status":"closed","sticky":false,"template":"","format":"standard","meta":{"_acf_changed":false,"footnotes":""},"categories":[570],"tags":[],"ji_location":[2566],"class_list":["post-30825","post","type-post","status-publish","format-standard","has-post-thumbnail","hentry","category-cpi","ji_location-international"],"acf":[],"yoast_head":"<!-- This site is optimized with the Yoast SEO Premium plugin v25.3.1 (Yoast SEO v25.3.1) - https:\/\/yoast.com\/wordpress\/plugins\/seo\/ -->\n<title>De la Syrie \u00e0 l&#039;Irak, les biens culturels d\u00e9truits par des jihadistes - JusticeInfo.net<\/title>\n<meta name=\"robots\" content=\"index, follow, max-snippet:-1, max-image-preview:large, max-video-preview:-1\" \/>\n<link rel=\"canonical\" href=\"https:\/\/www.justiceinfo.net\/fr\/30825-de-la-syrie-a-l-irak-les-biens-culturels-detruits-par-des-jihadistes.html\" \/>\n<meta property=\"og:locale\" content=\"fr_FR\" \/>\n<meta property=\"og:type\" content=\"article\" \/>\n<meta property=\"og:title\" content=\"De la Syrie \u00e0 l&#039;Irak, les biens culturels d\u00e9truits par des jihadistes\" \/>\n<meta property=\"og:description\" content=\"De la Syrie \u00e0 l&#039;Irak, en passant par le Mali et l&#039;Afghanistan, rappel des principaux saccages de biens culturels commis notamment par des groupes jihadistes. - Syrie - Plus de 900 monuments ou sites arch\u00e9ologiques ont \u00e9t\u00e9 &quot;touch\u00e9s, ab\u00eem\u00e9s ou d\u00e9truits&quot; par le r\u00e9gime, des rebelles et des jihadistes depuis le d\u00e9but de la guerre [&hellip;]\" \/>\n<meta property=\"og:url\" content=\"https:\/\/www.justiceinfo.net\/fr\/30825-de-la-syrie-a-l-irak-les-biens-culturels-detruits-par-des-jihadistes.html\" \/>\n<meta property=\"og:site_name\" content=\"JusticeInfo.net\" \/>\n<meta property=\"article:publisher\" content=\"https:\/\/www.facebook.com\/JusticeInfo\/\" \/>\n<meta property=\"article:published_time\" content=\"2016-11-30T07:45:02+00:00\" \/>\n<meta property=\"og:image\" content=\"https:\/\/www.justiceinfo.net\/wp-content\/uploads\/c099a1b23688159a723180da125ff810.jpg\" \/>\n\t<meta property=\"og:image:width\" content=\"2500\" \/>\n\t<meta property=\"og:image:height\" content=\"1368\" \/>\n\t<meta property=\"og:image:type\" content=\"image\/jpeg\" \/>\n<meta name=\"author\" content=\"AFP\" \/>\n<meta name=\"twitter:card\" content=\"summary_large_image\" \/>\n<meta name=\"twitter:creator\" content=\"@justiceinfonet\" \/>\n<meta name=\"twitter:site\" content=\"@justiceinfonet\" \/>\n<meta name=\"twitter:label1\" content=\"\u00c9crit par\" \/>\n\t<meta name=\"twitter:data1\" content=\"AFP\" \/>\n\t<meta name=\"twitter:label2\" content=\"Dur\u00e9e de lecture estim\u00e9e\" \/>\n\t<meta name=\"twitter:data2\" content=\"4 minutes\" \/>\n<script type=\"application\/ld+json\" class=\"yoast-schema-graph\">{\"@context\":\"https:\/\/schema.org\",\"@graph\":[{\"@type\":\"NewsArticle\",\"@id\":\"https:\/\/www.justiceinfo.net\/fr\/30825-de-la-syrie-a-l-irak-les-biens-culturels-detruits-par-des-jihadistes.html#article\",\"isPartOf\":{\"@id\":\"https:\/\/www.justiceinfo.net\/fr\/30825-de-la-syrie-a-l-irak-les-biens-culturels-detruits-par-des-jihadistes.html\"},\"author\":{\"name\":\"afp\",\"@id\":\"https:\/\/www.justiceinfo.net\/fr#\/schema\/person\/713d340ef5f218fc36ce9b4244364a7f\"},\"headline\":\"De la Syrie \u00e0 l'Irak, les biens culturels d\u00e9truits par des jihadistes\",\"datePublished\":\"2016-11-30T07:45:02+00:00\",\"mainEntityOfPage\":{\"@id\":\"https:\/\/www.justiceinfo.net\/fr\/30825-de-la-syrie-a-l-irak-les-biens-culturels-detruits-par-des-jihadistes.html\"},\"wordCount\":765,\"commentCount\":0,\"publisher\":{\"@id\":\"https:\/\/www.justiceinfo.net\/fr#organization\"},\"image\":{\"@id\":\"https:\/\/www.justiceinfo.net\/fr\/30825-de-la-syrie-a-l-irak-les-biens-culturels-detruits-par-des-jihadistes.html#primaryimage\"},\"thumbnailUrl\":\"https:\/\/www.justiceinfo.net\/wp-content\/uploads\/c099a1b23688159a723180da125ff810.jpg\",\"articleSection\":[\"CPI\"],\"inLanguage\":\"fr-FR\",\"potentialAction\":[{\"@type\":\"CommentAction\",\"name\":\"Comment\",\"target\":[\"https:\/\/www.justiceinfo.net\/fr\/30825-de-la-syrie-a-l-irak-les-biens-culturels-detruits-par-des-jihadistes.html#respond\"]}]},{\"@type\":\"WebPage\",\"@id\":\"https:\/\/www.justiceinfo.net\/fr\/30825-de-la-syrie-a-l-irak-les-biens-culturels-detruits-par-des-jihadistes.html\",\"url\":\"https:\/\/www.justiceinfo.net\/fr\/30825-de-la-syrie-a-l-irak-les-biens-culturels-detruits-par-des-jihadistes.html\",\"name\":\"De la Syrie \u00e0 l'Irak, les biens culturels d\u00e9truits par des jihadistes - JusticeInfo.net\",\"isPartOf\":{\"@id\":\"https:\/\/www.justiceinfo.net\/fr#website\"},\"primaryImageOfPage\":{\"@id\":\"https:\/\/www.justiceinfo.net\/fr\/30825-de-la-syrie-a-l-irak-les-biens-culturels-detruits-par-des-jihadistes.html#primaryimage\"},\"image\":{\"@id\":\"https:\/\/www.justiceinfo.net\/fr\/30825-de-la-syrie-a-l-irak-les-biens-culturels-detruits-par-des-jihadistes.html#primaryimage\"},\"thumbnailUrl\":\"https:\/\/www.justiceinfo.net\/wp-content\/uploads\/c099a1b23688159a723180da125ff810.jpg\",\"datePublished\":\"2016-11-30T07:45:02+00:00\",\"breadcrumb\":{\"@id\":\"https:\/\/www.justiceinfo.net\/fr\/30825-de-la-syrie-a-l-irak-les-biens-culturels-detruits-par-des-jihadistes.html#breadcrumb\"},\"inLanguage\":\"fr-FR\",\"potentialAction\":[{\"@type\":\"ReadAction\",\"target\":[\"https:\/\/www.justiceinfo.net\/fr\/30825-de-la-syrie-a-l-irak-les-biens-culturels-detruits-par-des-jihadistes.html\"]}]},{\"@type\":\"ImageObject\",\"inLanguage\":\"fr-FR\",\"@id\":\"https:\/\/www.justiceinfo.net\/fr\/30825-de-la-syrie-a-l-irak-les-biens-culturels-detruits-par-des-jihadistes.html#primaryimage\",\"url\":\"https:\/\/www.justiceinfo.net\/wp-content\/uploads\/c099a1b23688159a723180da125ff810.jpg\",\"contentUrl\":\"https:\/\/www.justiceinfo.net\/wp-content\/uploads\/c099a1b23688159a723180da125ff810.jpg\",\"width\":2500,\"height\":1368},{\"@type\":\"BreadcrumbList\",\"@id\":\"https:\/\/www.justiceinfo.net\/fr\/30825-de-la-syrie-a-l-irak-les-biens-culturels-detruits-par-des-jihadistes.html#breadcrumb\",\"itemListElement\":[{\"@type\":\"ListItem\",\"position\":1,\"name\":\"Home\",\"item\":\"https:\/\/www.justiceinfo.net\/fr\"},{\"@type\":\"ListItem\",\"position\":2,\"name\":\"De la Syrie \u00e0 l'Irak, les biens culturels d\u00e9truits par des jihadistes\"}]},{\"@type\":\"WebSite\",\"@id\":\"https:\/\/www.justiceinfo.net\/fr#website\",\"url\":\"https:\/\/www.justiceinfo.net\/fr\",\"name\":\"JusticeInfo.net\",\"description\":\"La justice doit \u00eatre vue pour \u00eatre rendue\",\"publisher\":{\"@id\":\"https:\/\/www.justiceinfo.net\/fr#organization\"},\"potentialAction\":[{\"@type\":\"SearchAction\",\"target\":{\"@type\":\"EntryPoint\",\"urlTemplate\":\"https:\/\/www.justiceinfo.net\/fr?s={search_term_string}\"},\"query-input\":{\"@type\":\"PropertyValueSpecification\",\"valueRequired\":true,\"valueName\":\"search_term_string\"}}],\"inLanguage\":\"fr-FR\"},{\"@type\":\"Organization\",\"@id\":\"https:\/\/www.justiceinfo.net\/fr#organization\",\"name\":\"Justice Info\",\"url\":\"https:\/\/www.justiceinfo.net\/fr\",\"logo\":{\"@type\":\"ImageObject\",\"inLanguage\":\"fr-FR\",\"@id\":\"https:\/\/www.justiceinfo.net\/fr#\/schema\/logo\/image\/\",\"url\":\"https:\/\/www.justiceinfo.net\/wp-content\/uploads\/justiceinfo_logo-trans_1200x1200px.png\",\"contentUrl\":\"https:\/\/www.justiceinfo.net\/wp-content\/uploads\/justiceinfo_logo-trans_1200x1200px.png\",\"width\":1199,\"height\":1200,\"caption\":\"Justice Info\"},\"image\":{\"@id\":\"https:\/\/www.justiceinfo.net\/fr#\/schema\/logo\/image\/\"},\"sameAs\":[\"https:\/\/www.facebook.com\/JusticeInfo\/\",\"https:\/\/x.com\/justiceinfonet\",\"https:\/\/www.linkedin.com\/company\/justice-info\",\"https:\/\/www.youtube.com\/channel\/UCyCEsARodyuWtkWyhn-e7pA\"]},{\"@type\":\"Person\",\"name\":\"AFP\",\"url\":\"\/fr\/?s=AFP\"}]}<\/script>\n<!-- \/ Yoast SEO Premium plugin. -->","yoast_head_json":{"title":"De la Syrie \u00e0 l'Irak, les biens culturels d\u00e9truits par des jihadistes - JusticeInfo.net","robots":{"index":"index","follow":"follow","max-snippet":"max-snippet:-1","max-image-preview":"max-image-preview:large","max-video-preview":"max-video-preview:-1"},"canonical":"https:\/\/www.justiceinfo.net\/fr\/30825-de-la-syrie-a-l-irak-les-biens-culturels-detruits-par-des-jihadistes.html","og_locale":"fr_FR","og_type":"article","og_title":"De la Syrie \u00e0 l'Irak, les biens culturels d\u00e9truits par des jihadistes","og_description":"De la Syrie \u00e0 l'Irak, en passant par le Mali et l'Afghanistan, rappel des principaux saccages de biens culturels commis notamment par des groupes jihadistes. - Syrie - Plus de 900 monuments ou sites arch\u00e9ologiques ont \u00e9t\u00e9 \"touch\u00e9s, ab\u00eem\u00e9s ou d\u00e9truits\" par le r\u00e9gime, des rebelles et des jihadistes depuis le d\u00e9but de la guerre [&hellip;]","og_url":"https:\/\/www.justiceinfo.net\/fr\/30825-de-la-syrie-a-l-irak-les-biens-culturels-detruits-par-des-jihadistes.html","og_site_name":"JusticeInfo.net","article_publisher":"https:\/\/www.facebook.com\/JusticeInfo\/","article_published_time":"2016-11-30T07:45:02+00:00","og_image":[{"width":2500,"height":1368,"url":"https:\/\/www.justiceinfo.net\/wp-content\/uploads\/c099a1b23688159a723180da125ff810.jpg","type":"image\/jpeg"}],"author":"AFP","twitter_card":"summary_large_image","twitter_creator":"@justiceinfonet","twitter_site":"@justiceinfonet","twitter_misc":{"\u00c9crit par":"AFP","Dur\u00e9e de lecture estim\u00e9e":"4 minutes"},"schema":{"@context":"https:\/\/schema.org","@graph":[{"@type":"NewsArticle","@id":"https:\/\/www.justiceinfo.net\/fr\/30825-de-la-syrie-a-l-irak-les-biens-culturels-detruits-par-des-jihadistes.html#article","isPartOf":{"@id":"https:\/\/www.justiceinfo.net\/fr\/30825-de-la-syrie-a-l-irak-les-biens-culturels-detruits-par-des-jihadistes.html"},"author":{"name":"afp","@id":"https:\/\/www.justiceinfo.net\/fr#\/schema\/person\/713d340ef5f218fc36ce9b4244364a7f"},"headline":"De la Syrie \u00e0 l'Irak, les biens culturels d\u00e9truits par des jihadistes","datePublished":"2016-11-30T07:45:02+00:00","mainEntityOfPage":{"@id":"https:\/\/www.justiceinfo.net\/fr\/30825-de-la-syrie-a-l-irak-les-biens-culturels-detruits-par-des-jihadistes.html"},"wordCount":765,"commentCount":0,"publisher":{"@id":"https:\/\/www.justiceinfo.net\/fr#organization"},"image":{"@id":"https:\/\/www.justiceinfo.net\/fr\/30825-de-la-syrie-a-l-irak-les-biens-culturels-detruits-par-des-jihadistes.html#primaryimage"},"thumbnailUrl":"https:\/\/www.justiceinfo.net\/wp-content\/uploads\/c099a1b23688159a723180da125ff810.jpg","articleSection":["CPI"],"inLanguage":"fr-FR","potentialAction":[{"@type":"CommentAction","name":"Comment","target":["https:\/\/www.justiceinfo.net\/fr\/30825-de-la-syrie-a-l-irak-les-biens-culturels-detruits-par-des-jihadistes.html#respond"]}]},{"@type":"WebPage","@id":"https:\/\/www.justiceinfo.net\/fr\/30825-de-la-syrie-a-l-irak-les-biens-culturels-detruits-par-des-jihadistes.html","url":"https:\/\/www.justiceinfo.net\/fr\/30825-de-la-syrie-a-l-irak-les-biens-culturels-detruits-par-des-jihadistes.html","name":"De la Syrie \u00e0 l'Irak, les biens culturels d\u00e9truits par des jihadistes - JusticeInfo.net","isPartOf":{"@id":"https:\/\/www.justiceinfo.net\/fr#website"},"primaryImageOfPage":{"@id":"https:\/\/www.justiceinfo.net\/fr\/30825-de-la-syrie-a-l-irak-les-biens-culturels-detruits-par-des-jihadistes.html#primaryimage"},"image":{"@id":"https:\/\/www.justiceinfo.net\/fr\/30825-de-la-syrie-a-l-irak-les-biens-culturels-detruits-par-des-jihadistes.html#primaryimage"},"thumbnailUrl":"https:\/\/www.justiceinfo.net\/wp-content\/uploads\/c099a1b23688159a723180da125ff810.jpg","datePublished":"2016-11-30T07:45:02+00:00","breadcrumb":{"@id":"https:\/\/www.justiceinfo.net\/fr\/30825-de-la-syrie-a-l-irak-les-biens-culturels-detruits-par-des-jihadistes.html#breadcrumb"},"inLanguage":"fr-FR","potentialAction":[{"@type":"ReadAction","target":["https:\/\/www.justiceinfo.net\/fr\/30825-de-la-syrie-a-l-irak-les-biens-culturels-detruits-par-des-jihadistes.html"]}]},{"@type":"ImageObject","inLanguage":"fr-FR","@id":"https:\/\/www.justiceinfo.net\/fr\/30825-de-la-syrie-a-l-irak-les-biens-culturels-detruits-par-des-jihadistes.html#primaryimage","url":"https:\/\/www.justiceinfo.net\/wp-content\/uploads\/c099a1b23688159a723180da125ff810.jpg","contentUrl":"https:\/\/www.justiceinfo.net\/wp-content\/uploads\/c099a1b23688159a723180da125ff810.jpg","width":2500,"height":1368},{"@type":"BreadcrumbList","@id":"https:\/\/www.justiceinfo.net\/fr\/30825-de-la-syrie-a-l-irak-les-biens-culturels-detruits-par-des-jihadistes.html#breadcrumb","itemListElement":[{"@type":"ListItem","position":1,"name":"Home","item":"https:\/\/www.justiceinfo.net\/fr"},{"@type":"ListItem","position":2,"name":"De la Syrie \u00e0 l'Irak, les biens culturels d\u00e9truits par des jihadistes"}]},{"@type":"WebSite","@id":"https:\/\/www.justiceinfo.net\/fr#website","url":"https:\/\/www.justiceinfo.net\/fr","name":"JusticeInfo.net","description":"La justice doit \u00eatre vue pour \u00eatre rendue","publisher":{"@id":"https:\/\/www.justiceinfo.net\/fr#organization"},"potentialAction":[{"@type":"SearchAction","target":{"@type":"EntryPoint","urlTemplate":"https:\/\/www.justiceinfo.net\/fr?s={search_term_string}"},"query-input":{"@type":"PropertyValueSpecification","valueRequired":true,"valueName":"search_term_string"}}],"inLanguage":"fr-FR"},{"@type":"Organization","@id":"https:\/\/www.justiceinfo.net\/fr#organization","name":"Justice Info","url":"https:\/\/www.justiceinfo.net\/fr","logo":{"@type":"ImageObject","inLanguage":"fr-FR","@id":"https:\/\/www.justiceinfo.net\/fr#\/schema\/logo\/image\/","url":"https:\/\/www.justiceinfo.net\/wp-content\/uploads\/justiceinfo_logo-trans_1200x1200px.png","contentUrl":"https:\/\/www.justiceinfo.net\/wp-content\/uploads\/justiceinfo_logo-trans_1200x1200px.png","width":1199,"height":1200,"caption":"Justice Info"},"image":{"@id":"https:\/\/www.justiceinfo.net\/fr#\/schema\/logo\/image\/"},"sameAs":["https:\/\/www.facebook.com\/JusticeInfo\/","https:\/\/x.com\/justiceinfonet","https:\/\/www.linkedin.com\/company\/justice-info","https:\/\/www.youtube.com\/channel\/UCyCEsARodyuWtkWyhn-e7pA"]},{"@type":"Person","name":"AFP","url":"\/fr\/?s=AFP"}]}},"_links":{"self":[{"href":"https:\/\/www.justiceinfo.net\/fr\/wp-json\/wp\/v2\/posts\/30825","targetHints":{"allow":["GET"]}}],"collection":[{"href":"https:\/\/www.justiceinfo.net\/fr\/wp-json\/wp\/v2\/posts"}],"about":[{"href":"https:\/\/www.justiceinfo.net\/fr\/wp-json\/wp\/v2\/types\/post"}],"author":[{"embeddable":true,"href":"https:\/\/www.justiceinfo.net\/fr\/wp-json\/wp\/v2\/users\/60"}],"replies":[{"embeddable":true,"href":"https:\/\/www.justiceinfo.net\/fr\/wp-json\/wp\/v2\/comments?post=30825"}],"version-history":[{"count":0,"href":"https:\/\/www.justiceinfo.net\/fr\/wp-json\/wp\/v2\/posts\/30825\/revisions"}],"wp:featuredmedia":[{"embeddable":true,"href":"https:\/\/www.justiceinfo.net\/fr\/wp-json\/wp\/v2\/media\/64087"}],"wp:attachment":[{"href":"https:\/\/www.justiceinfo.net\/fr\/wp-json\/wp\/v2\/media?parent=30825"}],"wp:term":[{"taxonomy":"category","embeddable":true,"href":"https:\/\/www.justiceinfo.net\/fr\/wp-json\/wp\/v2\/categories?post=30825"},{"taxonomy":"post_tag","embeddable":true,"href":"https:\/\/www.justiceinfo.net\/fr\/wp-json\/wp\/v2\/tags?post=30825"},{"taxonomy":"ji_location","embeddable":true,"href":"https:\/\/www.justiceinfo.net\/fr\/wp-json\/wp\/v2\/ji_location?post=30825"}],"curies":[{"name":"wp","href":"https:\/\/api.w.org\/{rel}","templated":true}]}}