{"id":31208,"date":"2016-12-19T07:51:52","date_gmt":"2016-12-19T06:51:52","guid":{"rendered":"https:\/\/www.justiceinfo.net\/31208-kinshasa-transformee-en-ville-morte-a-la-veille-de-la-fin-du-mandat-de-kabila.html"},"modified":"2016-12-19T07:51:52","modified_gmt":"2016-12-19T06:51:52","slug":"kinshasa-transformee-en-ville-morte-a-la-veille-de-la-fin-du-mandat-de-kabila","status":"publish","type":"post","link":"https:\/\/www.justiceinfo.net\/fr\/31208-kinshasa-transformee-en-ville-morte-a-la-veille-de-la-fin-du-mandat-de-kabila.html","title":{"rendered":"Kinshasa transform\u00e9e en ville morte \u00e0 la veille de la fin du mandat de Kabila"},"content":{"rendered":"<div class=\"txt-textContent\">\n<div class=\"text fontsize_0 jq_Content jq_langdir\">\n<p>Kinshasa a rev\u00eatu lundi ses atours de ville morte des jours de tension politique \u00e0 la veille du terme du mandat du pr\u00e9sident Joseph Kabila, dont l'opposition conteste la volont\u00e9 de se maintenir au pouvoir en attendant l'\u00e9lection d'un successeur.<\/p>\n<p>Vers 08h00 (07h00 GMT), la bouillante m\u00e9gapole de 10 millions d'habitants, quadrill\u00e9e par les forces de la police et de la garde r\u00e9publicaine, n'\u00e9tait que l'ombre d'elle-m\u00eame, ont constat\u00e9 des journalistes de l'AFP : grandes avenues vides, avec une circulation presque inexistante.<\/p>\n<p>Le bruit de fond habituel de la capitale de la R\u00e9publique d\u00e9mocratique du Congo- coutumi\u00e8re des violences meurtri\u00e8res \u00e0 caract\u00e8re politique - a disparu.\u00a0<\/p>\n<p>Dans le nord et l'est de la ville, les militaires et policiers sont plus nombreux dans les rues que les passants, tandis que les transports collectifs publics fonctionnent \u00e0 un rythme tr\u00e8s ralenti.<\/p>\n<p>De nombreuses entreprises ont donn\u00e9 pour consigne \u00e0 leurs employ\u00e9s de ne pas venir travailler, et aucun \"blanc-bleu\" ainsi que l'on surnomme les \u00e9coliers \u00e0 cause de leur uniforme n'est visible dans les rues, alors que les \u00e9coles secondaires ne sont pas encore en vacance.<\/p>\n<p>Sur la place Victoire, embl\u00e9matique du c\u0153ur anim\u00e9 de la ville, la grande majorit\u00e9 des commerces sont ferm\u00e9s. Les \u00e9tals ont disparu de la place, qui grouille habituellement. Un camion blind\u00e9 de la police anti\u00e9meute est stationn\u00e9 dans un coin.<\/p>\n<p>Samedi soir, les \u00e9v\u00eaques catholiques de la Conf\u00e9rence \u00e9piscopale nationale du Congo ont annonc\u00e9 la suspension de leur m\u00e9diation en vue de permettre une sortie apais\u00e9e de la crise politique qui ronge le pays depuis la r\u00e9\u00e9lection contest\u00e9e de M. Kabila en 2011.<\/p>\n<p>\u00c2g\u00e9 de 45 ans, M. Kabila est au pouvoir depuis 2001, et la Constitution lui interdit de se repr\u00e9senter. Ses d\u00e9tracteurs l'accusent d'avoir tout fait pour torpiller le processus \u00e9lectoral et de vouloir se maintenir au pouvoir \u00e0 vie.<\/p>\n<p>Les n\u00e9gociations sous l'\u00e9gide des \u00e9v\u00eaques sont destin\u00e9es \u00e0 permettre l'instauration d'une p\u00e9riode de transition politique associant le pouvoir et l'opposition jusqu'\u00e0 l'\u00e9lection d'un nouveau pr\u00e9sident. Elles n'ont avanc\u00e9 sur aucun des points de contentieux les plus importants, et sont cens\u00e9es reprendre mercredi.<\/p>\n<p>Depuis l'annonce de la suspension de la m\u00e9diation \u00e9piscopale, Kinshasa est dans l'expectative de ce qui va se passer, par craintes de violences.<\/p>\n<p>Avant l'ouverture de ces pourparlers, la coalition du Rassemblement constitu\u00e9e autour de l'opposant historique \u00c9tienne Tshisekedi avait menac\u00e9 de jeter la population dans la rue le 19 d\u00e9cembre dans tout le pays pour chasser M. Kabila du pouvoir en cas d'\u00e9chec des n\u00e9gociations.<\/p>\n<p>Le Rassemblement n'a cependant donn\u00e9 aucun mot d'ordre en ce sens apr\u00e8s la suspension des discussions.<\/p>\n<\/div>\n<\/div>\n","protected":false},"excerpt":{"rendered":"<p>Kinshasa a rev\u00eatu lundi ses atours de ville morte des jours de tension politique \u00e0 la veille du terme du mandat du pr\u00e9sident Joseph Kabila, dont l'opposition conteste la volont\u00e9 de se maintenir au pouvoir en attendant l'\u00e9lection d'un successeur. Vers 08h00 (07h00 GMT), la bouillante m\u00e9gapole de 10 millions d'habitants, quadrill\u00e9e par les forces [&hellip;]<\/p>\n","protected":false},"author":60,"featured_media":0,"comment_status":"open","ping_status":"closed","sticky":false,"template":"","format":"standard","meta":{"_acf_changed":false,"footnotes":""},"categories":[2576],"tags":[],"ji_location":[2196],"class_list":["post-31208","post","type-post","status-publish","format-standard","hentry","category-fil-d-actualite","ji_location-republique-democratique-du-congo"],"acf":[],"yoast_head":"<!-- This site is optimized with the Yoast SEO Premium plugin v25.3.1 (Yoast SEO v25.3.1) - https:\/\/yoast.com\/wordpress\/plugins\/seo\/ -->\n<title>Kinshasa transform\u00e9e en ville morte \u00e0 la veille de la fin du mandat de Kabila - JusticeInfo.net<\/title>\n<meta name=\"robots\" content=\"index, follow, max-snippet:-1, max-image-preview:large, max-video-preview:-1\" \/>\n<link rel=\"canonical\" href=\"https:\/\/www.justiceinfo.net\/fr\/31208-kinshasa-transformee-en-ville-morte-a-la-veille-de-la-fin-du-mandat-de-kabila.html\" \/>\n<meta property=\"og:locale\" content=\"fr_FR\" \/>\n<meta property=\"og:type\" content=\"article\" \/>\n<meta property=\"og:title\" content=\"Kinshasa transform\u00e9e en ville morte \u00e0 la veille de la fin du mandat de Kabila\" \/>\n<meta property=\"og:description\" content=\"Kinshasa a rev\u00eatu lundi ses atours de ville morte des jours de tension politique \u00e0 la veille du terme du mandat du pr\u00e9sident Joseph Kabila, dont l&#039;opposition conteste la volont\u00e9 de se maintenir au pouvoir en attendant l&#039;\u00e9lection d&#039;un successeur. Vers 08h00 (07h00 GMT), la bouillante m\u00e9gapole de 10 millions d&#039;habitants, quadrill\u00e9e par les forces [&hellip;]\" \/>\n<meta property=\"og:url\" content=\"https:\/\/www.justiceinfo.net\/fr\/31208-kinshasa-transformee-en-ville-morte-a-la-veille-de-la-fin-du-mandat-de-kabila.html\" \/>\n<meta property=\"og:site_name\" content=\"JusticeInfo.net\" \/>\n<meta property=\"article:publisher\" content=\"https:\/\/www.facebook.com\/JusticeInfo\/\" \/>\n<meta property=\"article:published_time\" content=\"2016-12-19T06:51:52+00:00\" \/>\n<meta property=\"og:image\" content=\"https:\/\/www.justiceinfo.net\/wp-content\/uploads\/JusticeInfoNet_logo_1200x630px.jpg\" \/>\n\t<meta property=\"og:image:width\" content=\"1200\" \/>\n\t<meta property=\"og:image:height\" content=\"630\" \/>\n\t<meta property=\"og:image:type\" content=\"image\/jpeg\" \/>\n<meta name=\"author\" content=\"AFP\" \/>\n<meta name=\"twitter:card\" content=\"summary_large_image\" \/>\n<meta name=\"twitter:creator\" content=\"@justiceinfonet\" \/>\n<meta name=\"twitter:site\" content=\"@justiceinfonet\" \/>\n<meta name=\"twitter:label1\" content=\"\u00c9crit par\" \/>\n\t<meta name=\"twitter:data1\" content=\"AFP\" \/>\n\t<meta name=\"twitter:label2\" content=\"Dur\u00e9e de lecture estim\u00e9e\" \/>\n\t<meta name=\"twitter:data2\" content=\"2 minutes\" \/>\n<script type=\"application\/ld+json\" class=\"yoast-schema-graph\">{\"@context\":\"https:\/\/schema.org\",\"@graph\":[{\"@type\":\"NewsArticle\",\"@id\":\"https:\/\/www.justiceinfo.net\/fr\/31208-kinshasa-transformee-en-ville-morte-a-la-veille-de-la-fin-du-mandat-de-kabila.html#article\",\"isPartOf\":{\"@id\":\"https:\/\/www.justiceinfo.net\/fr\/31208-kinshasa-transformee-en-ville-morte-a-la-veille-de-la-fin-du-mandat-de-kabila.html\"},\"author\":{\"name\":\"afp\",\"@id\":\"https:\/\/www.justiceinfo.net\/fr#\/schema\/person\/713d340ef5f218fc36ce9b4244364a7f\"},\"headline\":\"Kinshasa transform\u00e9e en ville morte \u00e0 la veille de la fin du mandat de Kabila\",\"datePublished\":\"2016-12-19T06:51:52+00:00\",\"mainEntityOfPage\":{\"@id\":\"https:\/\/www.justiceinfo.net\/fr\/31208-kinshasa-transformee-en-ville-morte-a-la-veille-de-la-fin-du-mandat-de-kabila.html\"},\"wordCount\":496,\"commentCount\":0,\"publisher\":{\"@id\":\"https:\/\/www.justiceinfo.net\/fr#organization\"},\"articleSection\":[\"Fil d'info AFP\"],\"inLanguage\":\"fr-FR\",\"potentialAction\":[{\"@type\":\"CommentAction\",\"name\":\"Comment\",\"target\":[\"https:\/\/www.justiceinfo.net\/fr\/31208-kinshasa-transformee-en-ville-morte-a-la-veille-de-la-fin-du-mandat-de-kabila.html#respond\"]}]},{\"@type\":\"WebPage\",\"@id\":\"https:\/\/www.justiceinfo.net\/fr\/31208-kinshasa-transformee-en-ville-morte-a-la-veille-de-la-fin-du-mandat-de-kabila.html\",\"url\":\"https:\/\/www.justiceinfo.net\/fr\/31208-kinshasa-transformee-en-ville-morte-a-la-veille-de-la-fin-du-mandat-de-kabila.html\",\"name\":\"Kinshasa transform\u00e9e en ville morte \u00e0 la veille de la fin du mandat de Kabila - JusticeInfo.net\",\"isPartOf\":{\"@id\":\"https:\/\/www.justiceinfo.net\/fr#website\"},\"datePublished\":\"2016-12-19T06:51:52+00:00\",\"breadcrumb\":{\"@id\":\"https:\/\/www.justiceinfo.net\/fr\/31208-kinshasa-transformee-en-ville-morte-a-la-veille-de-la-fin-du-mandat-de-kabila.html#breadcrumb\"},\"inLanguage\":\"fr-FR\",\"potentialAction\":[{\"@type\":\"ReadAction\",\"target\":[\"https:\/\/www.justiceinfo.net\/fr\/31208-kinshasa-transformee-en-ville-morte-a-la-veille-de-la-fin-du-mandat-de-kabila.html\"]}]},{\"@type\":\"BreadcrumbList\",\"@id\":\"https:\/\/www.justiceinfo.net\/fr\/31208-kinshasa-transformee-en-ville-morte-a-la-veille-de-la-fin-du-mandat-de-kabila.html#breadcrumb\",\"itemListElement\":[{\"@type\":\"ListItem\",\"position\":1,\"name\":\"Home\",\"item\":\"https:\/\/www.justiceinfo.net\/fr\"},{\"@type\":\"ListItem\",\"position\":2,\"name\":\"Kinshasa transform\u00e9e en ville morte \u00e0 la veille de la fin du mandat de Kabila\"}]},{\"@type\":\"WebSite\",\"@id\":\"https:\/\/www.justiceinfo.net\/fr#website\",\"url\":\"https:\/\/www.justiceinfo.net\/fr\",\"name\":\"JusticeInfo.net\",\"description\":\"La justice doit \u00eatre vue pour \u00eatre rendue\",\"publisher\":{\"@id\":\"https:\/\/www.justiceinfo.net\/fr#organization\"},\"potentialAction\":[{\"@type\":\"SearchAction\",\"target\":{\"@type\":\"EntryPoint\",\"urlTemplate\":\"https:\/\/www.justiceinfo.net\/fr?s={search_term_string}\"},\"query-input\":{\"@type\":\"PropertyValueSpecification\",\"valueRequired\":true,\"valueName\":\"search_term_string\"}}],\"inLanguage\":\"fr-FR\"},{\"@type\":\"Organization\",\"@id\":\"https:\/\/www.justiceinfo.net\/fr#organization\",\"name\":\"Justice Info\",\"url\":\"https:\/\/www.justiceinfo.net\/fr\",\"logo\":{\"@type\":\"ImageObject\",\"inLanguage\":\"fr-FR\",\"@id\":\"https:\/\/www.justiceinfo.net\/fr#\/schema\/logo\/image\/\",\"url\":\"https:\/\/www.justiceinfo.net\/wp-content\/uploads\/justiceinfo_logo-trans_1200x1200px.png\",\"contentUrl\":\"https:\/\/www.justiceinfo.net\/wp-content\/uploads\/justiceinfo_logo-trans_1200x1200px.png\",\"width\":1199,\"height\":1200,\"caption\":\"Justice Info\"},\"image\":{\"@id\":\"https:\/\/www.justiceinfo.net\/fr#\/schema\/logo\/image\/\"},\"sameAs\":[\"https:\/\/www.facebook.com\/JusticeInfo\/\",\"https:\/\/x.com\/justiceinfonet\",\"https:\/\/www.linkedin.com\/company\/justice-info\",\"https:\/\/www.youtube.com\/channel\/UCyCEsARodyuWtkWyhn-e7pA\"]},{\"@type\":\"Person\",\"name\":\"AFP\",\"url\":\"\/fr\/?s=AFP\"}]}<\/script>\n<!-- \/ Yoast SEO Premium plugin. -->","yoast_head_json":{"title":"Kinshasa transform\u00e9e en ville morte \u00e0 la veille de la fin du mandat de Kabila - JusticeInfo.net","robots":{"index":"index","follow":"follow","max-snippet":"max-snippet:-1","max-image-preview":"max-image-preview:large","max-video-preview":"max-video-preview:-1"},"canonical":"https:\/\/www.justiceinfo.net\/fr\/31208-kinshasa-transformee-en-ville-morte-a-la-veille-de-la-fin-du-mandat-de-kabila.html","og_locale":"fr_FR","og_type":"article","og_title":"Kinshasa transform\u00e9e en ville morte \u00e0 la veille de la fin du mandat de Kabila","og_description":"Kinshasa a rev\u00eatu lundi ses atours de ville morte des jours de tension politique \u00e0 la veille du terme du mandat du pr\u00e9sident Joseph Kabila, dont l'opposition conteste la volont\u00e9 de se maintenir au pouvoir en attendant l'\u00e9lection d'un successeur. Vers 08h00 (07h00 GMT), la bouillante m\u00e9gapole de 10 millions d'habitants, quadrill\u00e9e par les forces [&hellip;]","og_url":"https:\/\/www.justiceinfo.net\/fr\/31208-kinshasa-transformee-en-ville-morte-a-la-veille-de-la-fin-du-mandat-de-kabila.html","og_site_name":"JusticeInfo.net","article_publisher":"https:\/\/www.facebook.com\/JusticeInfo\/","article_published_time":"2016-12-19T06:51:52+00:00","og_image":[{"width":1200,"height":630,"url":"https:\/\/www.justiceinfo.net\/wp-content\/uploads\/JusticeInfoNet_logo_1200x630px.jpg","type":"image\/jpeg"}],"author":"AFP","twitter_card":"summary_large_image","twitter_creator":"@justiceinfonet","twitter_site":"@justiceinfonet","twitter_misc":{"\u00c9crit par":"AFP","Dur\u00e9e de lecture estim\u00e9e":"2 minutes"},"schema":{"@context":"https:\/\/schema.org","@graph":[{"@type":"NewsArticle","@id":"https:\/\/www.justiceinfo.net\/fr\/31208-kinshasa-transformee-en-ville-morte-a-la-veille-de-la-fin-du-mandat-de-kabila.html#article","isPartOf":{"@id":"https:\/\/www.justiceinfo.net\/fr\/31208-kinshasa-transformee-en-ville-morte-a-la-veille-de-la-fin-du-mandat-de-kabila.html"},"author":{"name":"afp","@id":"https:\/\/www.justiceinfo.net\/fr#\/schema\/person\/713d340ef5f218fc36ce9b4244364a7f"},"headline":"Kinshasa transform\u00e9e en ville morte \u00e0 la veille de la fin du mandat de Kabila","datePublished":"2016-12-19T06:51:52+00:00","mainEntityOfPage":{"@id":"https:\/\/www.justiceinfo.net\/fr\/31208-kinshasa-transformee-en-ville-morte-a-la-veille-de-la-fin-du-mandat-de-kabila.html"},"wordCount":496,"commentCount":0,"publisher":{"@id":"https:\/\/www.justiceinfo.net\/fr#organization"},"articleSection":["Fil d'info AFP"],"inLanguage":"fr-FR","potentialAction":[{"@type":"CommentAction","name":"Comment","target":["https:\/\/www.justiceinfo.net\/fr\/31208-kinshasa-transformee-en-ville-morte-a-la-veille-de-la-fin-du-mandat-de-kabila.html#respond"]}]},{"@type":"WebPage","@id":"https:\/\/www.justiceinfo.net\/fr\/31208-kinshasa-transformee-en-ville-morte-a-la-veille-de-la-fin-du-mandat-de-kabila.html","url":"https:\/\/www.justiceinfo.net\/fr\/31208-kinshasa-transformee-en-ville-morte-a-la-veille-de-la-fin-du-mandat-de-kabila.html","name":"Kinshasa transform\u00e9e en ville morte \u00e0 la veille de la fin du mandat de Kabila - JusticeInfo.net","isPartOf":{"@id":"https:\/\/www.justiceinfo.net\/fr#website"},"datePublished":"2016-12-19T06:51:52+00:00","breadcrumb":{"@id":"https:\/\/www.justiceinfo.net\/fr\/31208-kinshasa-transformee-en-ville-morte-a-la-veille-de-la-fin-du-mandat-de-kabila.html#breadcrumb"},"inLanguage":"fr-FR","potentialAction":[{"@type":"ReadAction","target":["https:\/\/www.justiceinfo.net\/fr\/31208-kinshasa-transformee-en-ville-morte-a-la-veille-de-la-fin-du-mandat-de-kabila.html"]}]},{"@type":"BreadcrumbList","@id":"https:\/\/www.justiceinfo.net\/fr\/31208-kinshasa-transformee-en-ville-morte-a-la-veille-de-la-fin-du-mandat-de-kabila.html#breadcrumb","itemListElement":[{"@type":"ListItem","position":1,"name":"Home","item":"https:\/\/www.justiceinfo.net\/fr"},{"@type":"ListItem","position":2,"name":"Kinshasa transform\u00e9e en ville morte \u00e0 la veille de la fin du mandat de Kabila"}]},{"@type":"WebSite","@id":"https:\/\/www.justiceinfo.net\/fr#website","url":"https:\/\/www.justiceinfo.net\/fr","name":"JusticeInfo.net","description":"La justice doit \u00eatre vue pour \u00eatre rendue","publisher":{"@id":"https:\/\/www.justiceinfo.net\/fr#organization"},"potentialAction":[{"@type":"SearchAction","target":{"@type":"EntryPoint","urlTemplate":"https:\/\/www.justiceinfo.net\/fr?s={search_term_string}"},"query-input":{"@type":"PropertyValueSpecification","valueRequired":true,"valueName":"search_term_string"}}],"inLanguage":"fr-FR"},{"@type":"Organization","@id":"https:\/\/www.justiceinfo.net\/fr#organization","name":"Justice Info","url":"https:\/\/www.justiceinfo.net\/fr","logo":{"@type":"ImageObject","inLanguage":"fr-FR","@id":"https:\/\/www.justiceinfo.net\/fr#\/schema\/logo\/image\/","url":"https:\/\/www.justiceinfo.net\/wp-content\/uploads\/justiceinfo_logo-trans_1200x1200px.png","contentUrl":"https:\/\/www.justiceinfo.net\/wp-content\/uploads\/justiceinfo_logo-trans_1200x1200px.png","width":1199,"height":1200,"caption":"Justice Info"},"image":{"@id":"https:\/\/www.justiceinfo.net\/fr#\/schema\/logo\/image\/"},"sameAs":["https:\/\/www.facebook.com\/JusticeInfo\/","https:\/\/x.com\/justiceinfonet","https:\/\/www.linkedin.com\/company\/justice-info","https:\/\/www.youtube.com\/channel\/UCyCEsARodyuWtkWyhn-e7pA"]},{"@type":"Person","name":"AFP","url":"\/fr\/?s=AFP"}]}},"_links":{"self":[{"href":"https:\/\/www.justiceinfo.net\/fr\/wp-json\/wp\/v2\/posts\/31208","targetHints":{"allow":["GET"]}}],"collection":[{"href":"https:\/\/www.justiceinfo.net\/fr\/wp-json\/wp\/v2\/posts"}],"about":[{"href":"https:\/\/www.justiceinfo.net\/fr\/wp-json\/wp\/v2\/types\/post"}],"author":[{"embeddable":true,"href":"https:\/\/www.justiceinfo.net\/fr\/wp-json\/wp\/v2\/users\/60"}],"replies":[{"embeddable":true,"href":"https:\/\/www.justiceinfo.net\/fr\/wp-json\/wp\/v2\/comments?post=31208"}],"version-history":[{"count":0,"href":"https:\/\/www.justiceinfo.net\/fr\/wp-json\/wp\/v2\/posts\/31208\/revisions"}],"wp:attachment":[{"href":"https:\/\/www.justiceinfo.net\/fr\/wp-json\/wp\/v2\/media?parent=31208"}],"wp:term":[{"taxonomy":"category","embeddable":true,"href":"https:\/\/www.justiceinfo.net\/fr\/wp-json\/wp\/v2\/categories?post=31208"},{"taxonomy":"post_tag","embeddable":true,"href":"https:\/\/www.justiceinfo.net\/fr\/wp-json\/wp\/v2\/tags?post=31208"},{"taxonomy":"ji_location","embeddable":true,"href":"https:\/\/www.justiceinfo.net\/fr\/wp-json\/wp\/v2\/ji_location?post=31208"}],"curies":[{"name":"wp","href":"https:\/\/api.w.org\/{rel}","templated":true}]}}