{"id":31220,"date":"2016-12-19T12:50:39","date_gmt":"2016-12-19T11:50:39","guid":{"rendered":"https:\/\/www.justiceinfo.net\/31220-est-de-la-rdc-5-rebelles-un-casque-bleu-et-un-policier-tues.html"},"modified":"2016-12-19T12:50:39","modified_gmt":"2016-12-19T11:50:39","slug":"est-de-la-rdc-5-rebelles-un-casque-bleu-et-un-policier-tues","status":"publish","type":"post","link":"https:\/\/www.justiceinfo.net\/fr\/31220-est-de-la-rdc-5-rebelles-un-casque-bleu-et-un-policier-tues.html","title":{"rendered":"Est de la RDC : 5 rebelles, un Casque bleu et un policier tu\u00e9s"},"content":{"rendered":"<div class=\"txt-textContent\">\n<div class=\"text fontsize_0 jq_Content jq_langdir\">\n<p>Cinq rebelles, un Casque bleu sud-africain et un policier congolais ont \u00e9t\u00e9 tu\u00e9s lundi matin dans des combats \u00e0 Butembo, \u00e0 la suite de l'attaque d'une milice contre cette ville de l'Est de la R\u00e9publique d\u00e9mocratique du Congo, a-t-on appris de sources concordantes.<\/p>\n<p>L'attaque a notamment vis\u00e9 la prison de cette ville du nord de la province troubl\u00e9e du Nord-Kivu. Le bilan des morts a \u00e9t\u00e9 confirm\u00e9 par le porte-parole de la Mission de l'ONU pour la stabilisation de la RDC (Monusco), les autorit\u00e9s locales, et une source polici\u00e8re.<\/p>\n<p>Elle est survenue \u00e0 la veille de la fin du mandat du pr\u00e9sident congolais Joseph Kabila, au pouvoir depuis 2001, et qui entend se maintenir au pouvoir jusqu'\u00e0 l'\u00e9lection d'un successeur, contre l'avis d'une coalition d'opposition qui demande sa d\u00e9mission et l'instauration d'un r\u00e9gime politique de transition jusqu'\u00e0 la prochaine pr\u00e9sidentielle.<\/p>\n<p>\"Aux environ de 06h00 (04h00 GMT), les assaillants, pr\u00e9sum\u00e9s ma\u00ef-ma\u00ef, ont lanc\u00e9 une attaque contre la prison, et diff\u00e9rents endroits\" de Butembo a d\u00e9clar\u00e9 \u00e0 l'AFP le colonel F\u00e9lix-Prosper Basse, porte-parole de la Monusco.<\/p>\n<p>\"Les Casques bleus et FARDC [l'arm\u00e9e congolaise] ont repouss\u00e9 l'attaque, tuant cinq parmi les assaillants [mais] un policier congolais et un Casque bleu du contingent sud-africain ont p\u00e9ri\", a-t-il ajout\u00e9.<\/p>\n<p>Le Casque bleu a \"succomb\u00e9 \u00e0 ses blessures lors de l'\u00e9vacuation\", a pr\u00e9cis\u00e9 le colonel Basse, indiquant que deux autres soldats sud-africains avaient \u00e9t\u00e9 bless\u00e9s.<\/p>\n<p>\"La Monusco condamne cette attaque (...) qui n\u2019entame en rien sa volont\u00e9 avec les FARDC de traquer tous les groupes arm\u00e9s\" qui \u00e9cument l'est congolais depuis plus de vingt ans, a-t-il encore dit.<\/p>\n<p>Ville de 1,1 million d'habitants, Butembo a vu appara\u00eetre r\u00e9cemment des milices ma\u00ef-ma\u00ef aux motivations confuses. Selon des habitants, certains combattants de ces groupes arm\u00e9s ont affirm\u00e9 vouloir chasser du pouvoir le pr\u00e9sident Kabila.<\/p>\n<p>La RDC a \u00e9t\u00e9 ravag\u00e9e par deux guerres entre 1996 et 2003, dont le d\u00e9tonateur ont \u00e9t\u00e9 les provinces du Nord et du Sud-Kivu, qui restent aujourd'hui d\u00e9chir\u00e9es par la violence des conflits arm\u00e9s et des milices.<\/p>\n<\/div>\n<\/div>\n","protected":false},"excerpt":{"rendered":"<p>Cinq rebelles, un Casque bleu sud-africain et un policier congolais ont \u00e9t\u00e9 tu\u00e9s lundi matin dans des combats \u00e0 Butembo, \u00e0 la suite de l'attaque d'une milice contre cette ville de l'Est de la R\u00e9publique d\u00e9mocratique du Congo, a-t-on appris de sources concordantes. L'attaque a notamment vis\u00e9 la prison de cette ville du nord de [&hellip;]<\/p>\n","protected":false},"author":60,"featured_media":0,"comment_status":"open","ping_status":"closed","sticky":false,"template":"","format":"standard","meta":{"_acf_changed":false,"footnotes":""},"categories":[2576],"tags":[],"ji_location":[2196],"class_list":["post-31220","post","type-post","status-publish","format-standard","hentry","category-fil-d-actualite","ji_location-republique-democratique-du-congo"],"acf":[],"yoast_head":"<!-- This site is optimized with the Yoast SEO Premium plugin v25.3.1 (Yoast SEO v25.3.1) - https:\/\/yoast.com\/wordpress\/plugins\/seo\/ -->\n<title>Est de la RDC : 5 rebelles, un Casque bleu et un policier tu\u00e9s - JusticeInfo.net<\/title>\n<meta name=\"robots\" content=\"index, follow, max-snippet:-1, max-image-preview:large, max-video-preview:-1\" \/>\n<link rel=\"canonical\" href=\"https:\/\/www.justiceinfo.net\/fr\/31220-est-de-la-rdc-5-rebelles-un-casque-bleu-et-un-policier-tues.html\" \/>\n<meta property=\"og:locale\" content=\"fr_FR\" \/>\n<meta property=\"og:type\" content=\"article\" \/>\n<meta property=\"og:title\" content=\"Est de la RDC : 5 rebelles, un Casque bleu et un policier tu\u00e9s\" \/>\n<meta property=\"og:description\" content=\"Cinq rebelles, un Casque bleu sud-africain et un policier congolais ont \u00e9t\u00e9 tu\u00e9s lundi matin dans des combats \u00e0 Butembo, \u00e0 la suite de l&#039;attaque d&#039;une milice contre cette ville de l&#039;Est de la R\u00e9publique d\u00e9mocratique du Congo, a-t-on appris de sources concordantes. L&#039;attaque a notamment vis\u00e9 la prison de cette ville du nord de [&hellip;]\" \/>\n<meta property=\"og:url\" content=\"https:\/\/www.justiceinfo.net\/fr\/31220-est-de-la-rdc-5-rebelles-un-casque-bleu-et-un-policier-tues.html\" \/>\n<meta property=\"og:site_name\" content=\"JusticeInfo.net\" \/>\n<meta property=\"article:publisher\" content=\"https:\/\/www.facebook.com\/JusticeInfo\/\" \/>\n<meta property=\"article:published_time\" content=\"2016-12-19T11:50:39+00:00\" \/>\n<meta property=\"og:image\" content=\"https:\/\/www.justiceinfo.net\/wp-content\/uploads\/JusticeInfoNet_logo_1200x630px.jpg\" \/>\n\t<meta property=\"og:image:width\" content=\"1200\" \/>\n\t<meta property=\"og:image:height\" content=\"630\" \/>\n\t<meta property=\"og:image:type\" content=\"image\/jpeg\" \/>\n<meta name=\"author\" content=\"AFP\" \/>\n<meta name=\"twitter:card\" content=\"summary_large_image\" \/>\n<meta name=\"twitter:creator\" content=\"@justiceinfonet\" \/>\n<meta name=\"twitter:site\" content=\"@justiceinfonet\" \/>\n<meta name=\"twitter:label1\" content=\"\u00c9crit par\" \/>\n\t<meta name=\"twitter:data1\" content=\"AFP\" \/>\n\t<meta name=\"twitter:label2\" content=\"Dur\u00e9e de lecture estim\u00e9e\" \/>\n\t<meta name=\"twitter:data2\" content=\"2 minutes\" \/>\n<script type=\"application\/ld+json\" class=\"yoast-schema-graph\">{\"@context\":\"https:\/\/schema.org\",\"@graph\":[{\"@type\":\"NewsArticle\",\"@id\":\"https:\/\/www.justiceinfo.net\/fr\/31220-est-de-la-rdc-5-rebelles-un-casque-bleu-et-un-policier-tues.html#article\",\"isPartOf\":{\"@id\":\"https:\/\/www.justiceinfo.net\/fr\/31220-est-de-la-rdc-5-rebelles-un-casque-bleu-et-un-policier-tues.html\"},\"author\":{\"name\":\"afp\",\"@id\":\"https:\/\/www.justiceinfo.net\/fr#\/schema\/person\/713d340ef5f218fc36ce9b4244364a7f\"},\"headline\":\"Est de la RDC : 5 rebelles, un Casque bleu et un policier tu\u00e9s\",\"datePublished\":\"2016-12-19T11:50:39+00:00\",\"mainEntityOfPage\":{\"@id\":\"https:\/\/www.justiceinfo.net\/fr\/31220-est-de-la-rdc-5-rebelles-un-casque-bleu-et-un-policier-tues.html\"},\"wordCount\":387,\"commentCount\":0,\"publisher\":{\"@id\":\"https:\/\/www.justiceinfo.net\/fr#organization\"},\"articleSection\":[\"Fil d'info AFP\"],\"inLanguage\":\"fr-FR\",\"potentialAction\":[{\"@type\":\"CommentAction\",\"name\":\"Comment\",\"target\":[\"https:\/\/www.justiceinfo.net\/fr\/31220-est-de-la-rdc-5-rebelles-un-casque-bleu-et-un-policier-tues.html#respond\"]}]},{\"@type\":\"WebPage\",\"@id\":\"https:\/\/www.justiceinfo.net\/fr\/31220-est-de-la-rdc-5-rebelles-un-casque-bleu-et-un-policier-tues.html\",\"url\":\"https:\/\/www.justiceinfo.net\/fr\/31220-est-de-la-rdc-5-rebelles-un-casque-bleu-et-un-policier-tues.html\",\"name\":\"Est de la RDC : 5 rebelles, un Casque bleu et un policier tu\u00e9s - JusticeInfo.net\",\"isPartOf\":{\"@id\":\"https:\/\/www.justiceinfo.net\/fr#website\"},\"datePublished\":\"2016-12-19T11:50:39+00:00\",\"breadcrumb\":{\"@id\":\"https:\/\/www.justiceinfo.net\/fr\/31220-est-de-la-rdc-5-rebelles-un-casque-bleu-et-un-policier-tues.html#breadcrumb\"},\"inLanguage\":\"fr-FR\",\"potentialAction\":[{\"@type\":\"ReadAction\",\"target\":[\"https:\/\/www.justiceinfo.net\/fr\/31220-est-de-la-rdc-5-rebelles-un-casque-bleu-et-un-policier-tues.html\"]}]},{\"@type\":\"BreadcrumbList\",\"@id\":\"https:\/\/www.justiceinfo.net\/fr\/31220-est-de-la-rdc-5-rebelles-un-casque-bleu-et-un-policier-tues.html#breadcrumb\",\"itemListElement\":[{\"@type\":\"ListItem\",\"position\":1,\"name\":\"Home\",\"item\":\"https:\/\/www.justiceinfo.net\/fr\"},{\"@type\":\"ListItem\",\"position\":2,\"name\":\"Est de la RDC : 5 rebelles, un Casque bleu et un policier tu\u00e9s\"}]},{\"@type\":\"WebSite\",\"@id\":\"https:\/\/www.justiceinfo.net\/fr#website\",\"url\":\"https:\/\/www.justiceinfo.net\/fr\",\"name\":\"JusticeInfo.net\",\"description\":\"La justice doit \u00eatre vue pour \u00eatre rendue\",\"publisher\":{\"@id\":\"https:\/\/www.justiceinfo.net\/fr#organization\"},\"potentialAction\":[{\"@type\":\"SearchAction\",\"target\":{\"@type\":\"EntryPoint\",\"urlTemplate\":\"https:\/\/www.justiceinfo.net\/fr?s={search_term_string}\"},\"query-input\":{\"@type\":\"PropertyValueSpecification\",\"valueRequired\":true,\"valueName\":\"search_term_string\"}}],\"inLanguage\":\"fr-FR\"},{\"@type\":\"Organization\",\"@id\":\"https:\/\/www.justiceinfo.net\/fr#organization\",\"name\":\"Justice Info\",\"url\":\"https:\/\/www.justiceinfo.net\/fr\",\"logo\":{\"@type\":\"ImageObject\",\"inLanguage\":\"fr-FR\",\"@id\":\"https:\/\/www.justiceinfo.net\/fr#\/schema\/logo\/image\/\",\"url\":\"https:\/\/www.justiceinfo.net\/wp-content\/uploads\/justiceinfo_logo-trans_1200x1200px.png\",\"contentUrl\":\"https:\/\/www.justiceinfo.net\/wp-content\/uploads\/justiceinfo_logo-trans_1200x1200px.png\",\"width\":1199,\"height\":1200,\"caption\":\"Justice Info\"},\"image\":{\"@id\":\"https:\/\/www.justiceinfo.net\/fr#\/schema\/logo\/image\/\"},\"sameAs\":[\"https:\/\/www.facebook.com\/JusticeInfo\/\",\"https:\/\/x.com\/justiceinfonet\",\"https:\/\/www.linkedin.com\/company\/justice-info\",\"https:\/\/www.youtube.com\/channel\/UCyCEsARodyuWtkWyhn-e7pA\"]},{\"@type\":\"Person\",\"name\":\"AFP\",\"url\":\"\/fr\/?s=AFP\"}]}<\/script>\n<!-- \/ Yoast SEO Premium plugin. -->","yoast_head_json":{"title":"Est de la RDC : 5 rebelles, un Casque bleu et un policier tu\u00e9s - JusticeInfo.net","robots":{"index":"index","follow":"follow","max-snippet":"max-snippet:-1","max-image-preview":"max-image-preview:large","max-video-preview":"max-video-preview:-1"},"canonical":"https:\/\/www.justiceinfo.net\/fr\/31220-est-de-la-rdc-5-rebelles-un-casque-bleu-et-un-policier-tues.html","og_locale":"fr_FR","og_type":"article","og_title":"Est de la RDC : 5 rebelles, un Casque bleu et un policier tu\u00e9s","og_description":"Cinq rebelles, un Casque bleu sud-africain et un policier congolais ont \u00e9t\u00e9 tu\u00e9s lundi matin dans des combats \u00e0 Butembo, \u00e0 la suite de l'attaque d'une milice contre cette ville de l'Est de la R\u00e9publique d\u00e9mocratique du Congo, a-t-on appris de sources concordantes. L'attaque a notamment vis\u00e9 la prison de cette ville du nord de [&hellip;]","og_url":"https:\/\/www.justiceinfo.net\/fr\/31220-est-de-la-rdc-5-rebelles-un-casque-bleu-et-un-policier-tues.html","og_site_name":"JusticeInfo.net","article_publisher":"https:\/\/www.facebook.com\/JusticeInfo\/","article_published_time":"2016-12-19T11:50:39+00:00","og_image":[{"width":1200,"height":630,"url":"https:\/\/www.justiceinfo.net\/wp-content\/uploads\/JusticeInfoNet_logo_1200x630px.jpg","type":"image\/jpeg"}],"author":"AFP","twitter_card":"summary_large_image","twitter_creator":"@justiceinfonet","twitter_site":"@justiceinfonet","twitter_misc":{"\u00c9crit par":"AFP","Dur\u00e9e de lecture estim\u00e9e":"2 minutes"},"schema":{"@context":"https:\/\/schema.org","@graph":[{"@type":"NewsArticle","@id":"https:\/\/www.justiceinfo.net\/fr\/31220-est-de-la-rdc-5-rebelles-un-casque-bleu-et-un-policier-tues.html#article","isPartOf":{"@id":"https:\/\/www.justiceinfo.net\/fr\/31220-est-de-la-rdc-5-rebelles-un-casque-bleu-et-un-policier-tues.html"},"author":{"name":"afp","@id":"https:\/\/www.justiceinfo.net\/fr#\/schema\/person\/713d340ef5f218fc36ce9b4244364a7f"},"headline":"Est de la RDC : 5 rebelles, un Casque bleu et un policier tu\u00e9s","datePublished":"2016-12-19T11:50:39+00:00","mainEntityOfPage":{"@id":"https:\/\/www.justiceinfo.net\/fr\/31220-est-de-la-rdc-5-rebelles-un-casque-bleu-et-un-policier-tues.html"},"wordCount":387,"commentCount":0,"publisher":{"@id":"https:\/\/www.justiceinfo.net\/fr#organization"},"articleSection":["Fil d'info AFP"],"inLanguage":"fr-FR","potentialAction":[{"@type":"CommentAction","name":"Comment","target":["https:\/\/www.justiceinfo.net\/fr\/31220-est-de-la-rdc-5-rebelles-un-casque-bleu-et-un-policier-tues.html#respond"]}]},{"@type":"WebPage","@id":"https:\/\/www.justiceinfo.net\/fr\/31220-est-de-la-rdc-5-rebelles-un-casque-bleu-et-un-policier-tues.html","url":"https:\/\/www.justiceinfo.net\/fr\/31220-est-de-la-rdc-5-rebelles-un-casque-bleu-et-un-policier-tues.html","name":"Est de la RDC : 5 rebelles, un Casque bleu et un policier tu\u00e9s - JusticeInfo.net","isPartOf":{"@id":"https:\/\/www.justiceinfo.net\/fr#website"},"datePublished":"2016-12-19T11:50:39+00:00","breadcrumb":{"@id":"https:\/\/www.justiceinfo.net\/fr\/31220-est-de-la-rdc-5-rebelles-un-casque-bleu-et-un-policier-tues.html#breadcrumb"},"inLanguage":"fr-FR","potentialAction":[{"@type":"ReadAction","target":["https:\/\/www.justiceinfo.net\/fr\/31220-est-de-la-rdc-5-rebelles-un-casque-bleu-et-un-policier-tues.html"]}]},{"@type":"BreadcrumbList","@id":"https:\/\/www.justiceinfo.net\/fr\/31220-est-de-la-rdc-5-rebelles-un-casque-bleu-et-un-policier-tues.html#breadcrumb","itemListElement":[{"@type":"ListItem","position":1,"name":"Home","item":"https:\/\/www.justiceinfo.net\/fr"},{"@type":"ListItem","position":2,"name":"Est de la RDC : 5 rebelles, un Casque bleu et un policier tu\u00e9s"}]},{"@type":"WebSite","@id":"https:\/\/www.justiceinfo.net\/fr#website","url":"https:\/\/www.justiceinfo.net\/fr","name":"JusticeInfo.net","description":"La justice doit \u00eatre vue pour \u00eatre rendue","publisher":{"@id":"https:\/\/www.justiceinfo.net\/fr#organization"},"potentialAction":[{"@type":"SearchAction","target":{"@type":"EntryPoint","urlTemplate":"https:\/\/www.justiceinfo.net\/fr?s={search_term_string}"},"query-input":{"@type":"PropertyValueSpecification","valueRequired":true,"valueName":"search_term_string"}}],"inLanguage":"fr-FR"},{"@type":"Organization","@id":"https:\/\/www.justiceinfo.net\/fr#organization","name":"Justice Info","url":"https:\/\/www.justiceinfo.net\/fr","logo":{"@type":"ImageObject","inLanguage":"fr-FR","@id":"https:\/\/www.justiceinfo.net\/fr#\/schema\/logo\/image\/","url":"https:\/\/www.justiceinfo.net\/wp-content\/uploads\/justiceinfo_logo-trans_1200x1200px.png","contentUrl":"https:\/\/www.justiceinfo.net\/wp-content\/uploads\/justiceinfo_logo-trans_1200x1200px.png","width":1199,"height":1200,"caption":"Justice Info"},"image":{"@id":"https:\/\/www.justiceinfo.net\/fr#\/schema\/logo\/image\/"},"sameAs":["https:\/\/www.facebook.com\/JusticeInfo\/","https:\/\/x.com\/justiceinfonet","https:\/\/www.linkedin.com\/company\/justice-info","https:\/\/www.youtube.com\/channel\/UCyCEsARodyuWtkWyhn-e7pA"]},{"@type":"Person","name":"AFP","url":"\/fr\/?s=AFP"}]}},"_links":{"self":[{"href":"https:\/\/www.justiceinfo.net\/fr\/wp-json\/wp\/v2\/posts\/31220","targetHints":{"allow":["GET"]}}],"collection":[{"href":"https:\/\/www.justiceinfo.net\/fr\/wp-json\/wp\/v2\/posts"}],"about":[{"href":"https:\/\/www.justiceinfo.net\/fr\/wp-json\/wp\/v2\/types\/post"}],"author":[{"embeddable":true,"href":"https:\/\/www.justiceinfo.net\/fr\/wp-json\/wp\/v2\/users\/60"}],"replies":[{"embeddable":true,"href":"https:\/\/www.justiceinfo.net\/fr\/wp-json\/wp\/v2\/comments?post=31220"}],"version-history":[{"count":0,"href":"https:\/\/www.justiceinfo.net\/fr\/wp-json\/wp\/v2\/posts\/31220\/revisions"}],"wp:attachment":[{"href":"https:\/\/www.justiceinfo.net\/fr\/wp-json\/wp\/v2\/media?parent=31220"}],"wp:term":[{"taxonomy":"category","embeddable":true,"href":"https:\/\/www.justiceinfo.net\/fr\/wp-json\/wp\/v2\/categories?post=31220"},{"taxonomy":"post_tag","embeddable":true,"href":"https:\/\/www.justiceinfo.net\/fr\/wp-json\/wp\/v2\/tags?post=31220"},{"taxonomy":"ji_location","embeddable":true,"href":"https:\/\/www.justiceinfo.net\/fr\/wp-json\/wp\/v2\/ji_location?post=31220"}],"curies":[{"name":"wp","href":"https:\/\/api.w.org\/{rel}","templated":true}]}}