{"id":31241,"date":"2016-12-20T05:37:03","date_gmt":"2016-12-20T04:37:03","guid":{"rendered":"https:\/\/www.justiceinfo.net\/31241-crise-politique-en-rdc-le-pouvoir-passe-en-force.html"},"modified":"2016-12-20T05:37:03","modified_gmt":"2016-12-20T04:37:03","slug":"crise-politique-en-rdc-le-pouvoir-passe-en-force","status":"publish","type":"post","link":"https:\/\/www.justiceinfo.net\/fr\/31241-crise-politique-en-rdc-le-pouvoir-passe-en-force.html","title":{"rendered":"Crise politique en RDC : le pouvoir passe en force"},"content":{"rendered":"<div class=\"txt-textContent\">\n<div class=\"text fontsize_0 jq_Content jq_langdir\">\n<p>Le pr\u00e9sident congolais Joseph Kabila a annonc\u00e9 dans la nuit de lundi \u00e0 mardi, quelques heures avant la fin de son mandat, un nouveau gouvernement sans attendre les r\u00e9sultats de la m\u00e9diation de l'\u00c9glise catholique visant \u00e0 sortir la R\u00e9publique d\u00e9mocratique du Congo de la crise politique.<\/p>\n<p>La nouvelle est tomb\u00e9e \u00e0 la t\u00e9l\u00e9vision publique peu avant minuit (23h00 GMT). Apr\u00e8s cette annonce, des tirs d'armes \u00e0 feu ont \u00e9t\u00e9 entendus par des journalistes de l'AFP dans deux quartiers du nord de Kinshasa. Leur origine \u00e9tait difficile \u00e0 d\u00e9terminer.<\/p>\n<p>Peu avant, plusieurs quartiers de la m\u00e9gapole congolaise, transform\u00e9e en ville morte lundi, avait r\u00e9sonn\u00e9 de concerts de sifflets et de tambours improvis\u00e9s avec des casseroles, symboles du \"carton rouge\" qu'une coalition d'opposition a menac\u00e9 d'infliger \u00e0 M. Kabila, au pouvoir depuis 2001.<\/p>\n<p>Les d\u00e9tracteurs de M. Kabila l'accusent d'avoir torpill\u00e9 le processus \u00e9lectoral et de vouloir instaurer une pr\u00e9sidence \u00e0 vie.<\/p>\n<p>La pr\u00e9sidentielle qui devait avoir lieu cette ann\u00e9e a \u00e9t\u00e9 report\u00e9e sine die.<\/p>\n<p>\u00c2g\u00e9 de 45 ans, M. Kabila, \u00e0 qui la Constitution interdit de se repr\u00e9senter, entend se maintenir en fonction dans l'attente de l'\u00e9lection d'un successeur, en vertu d'un arr\u00eat de la Cour constitutionnelle rendu en mai.<\/p>\n<p>La formation du gouvernement est le fruit d'un accord conclu en octobre entre la majorit\u00e9 et une frange minoritaire de l'opposition, rejet\u00e9 par la coalition du Rassemblement constitu\u00e9e autour de la figure de l'opposant historique \u00c9tienne Tshisekedi, 84 ans.<\/p>\n<p>Le nouveau cabinet est dirig\u00e9 par un transfuge du parti de M. Tshisekedi (l'UDPS), Samy Badibanga, et fait entrer plusieurs ministres d'opposition ayant jou\u00e9 comme lui le jeu du \"dialogue national\" propos\u00e9 par M. Kabila.<\/p>\n<p>Le 8 d\u00e9cembre, la Conf\u00e9rence \u00e9piscopale nationale du Congo (Cenco) avait lanc\u00e9 une m\u00e9diation de la derni\u00e8re chance pour r\u00e9concilier les partisans de l'accord d'octobre et ses d\u00e9tracteurs, afin d'ouvrir la voie \u00e0 une p\u00e9riode de transition politique jusqu'aux \u00e9lections.<\/p>\n<p>En l'absence de la moindre avanc\u00e9e significative, les \u00e9v\u00eaques avaient suspendu leur m\u00e9diation samedi soir et annonc\u00e9 une reprise des n\u00e9gociations pour mercredi.<\/p>\n<p>\u00a0<\/p>\n<h2>- Villes mortes -<\/h2>\n<p>\u00a0<\/p>\n<p>Sous pression de la communaut\u00e9 internationale, qui a exhort\u00e9 tous les acteurs politiques congolais \u00e0 faire preuve de \"responsabilit\u00e9\", le Rassemblement avait renonc\u00e9 \u00e0 mettre a ex\u00e9cution ses menaces d'appel \u00e0 manifester contre M. Kabila \u00e0 compter de lundi et jusqu'\u00e0 sa chute.\u00a0<\/p>\n<p>Alors que toutes les grandes villes congolaises \u00e9taient plac\u00e9es sous \u00e9troite surveillance polici\u00e8re et militaire, le conseiller diplomatique du pr\u00e9sident Kabila, Barnab\u00e9 Kikaya Bin Karubi, avait d\u00e9clar\u00e9 lundi apr\u00e8s-midi : \"Je ne vois pas (M. Kabila) c\u00e9der \u00e0 une pression quelconque\" sinon \u00e0 celle du peuple, ajoutant : \"La population congolaise ne fait pas pression sur le pr\u00e9sident Kabila\".<\/p>\n<p>A Kinshasa, bouillonnante m\u00e9gapole de 10 millions d'habitants, la population a jug\u00e9 prudent, lundi, de rester massivement chez elle : la plupart des commerces sont rest\u00e9s ferm\u00e9s et les rues d\u00e9sertes ou presque.\u00a0<\/p>\n<p>Les principales villes du pays - Lubumbashi (sud-est), Kisangani (nord-est), Mbuji-Mayi (centre) - ont \u00e9galement tourn\u00e9 au ralenti.<\/p>\n<p>Depuis 2011, date de la r\u00e9\u00e9lection de M. Kabila \u00e0 l'issue d'un scrutin entach\u00e9 de fraudes massives, plusieurs centaines de personnes ont \u00e9t\u00e9 tu\u00e9es dans des violences urbaines \u00e0 caract\u00e8re politique \u00e0 Kinshasa ou ailleurs. Les derni\u00e8res en date ont fait une cinquantaine de morts en septembre.<\/p>\n<p>Le Bureau conjoint de l'ONU aux droits de l'Homme en RDC a recens\u00e9 74 arrestations dans le pays lundi alors que la police avait indiqu\u00e9 qu'elle ne tol\u00e9rerait aucun rassemblement de plus de dix personnes.<\/p>\n<p>Un journaliste et un collaborateur de l'AFP, tous deux de nationalit\u00e9 congolaise, ont \u00e9galement \u00e9t\u00e9 arr\u00eat\u00e9s dans la matin\u00e9e \u00e0 l'universit\u00e9 de Kinshasa, o\u00f9 r\u00e9gnait une situation confuse entre \u00e9tudiants et forces de l'ordre. Ils ont \u00e9t\u00e9 lib\u00e9r\u00e9s dix heures plus tard.<\/p>\n<p>Craignant que la RDC, \u00c9tat-continent de 70 millions d'habitants ravag\u00e9 par deux guerres entre 1996 et 2003, ne replonge dans une spirale de violence, la communaut\u00e9 internationale multiplie les appels au calme depuis des semaines.<\/p>\n<p>A Butembo, dans l'est du pays d\u00e9chir\u00e9 par des conflits arm\u00e9s depuis plus de vingt ans, treize personnes, dont un Casque bleu sud-africain, ont \u00e9t\u00e9 tu\u00e9es lundi matin dans des affrontements entre forces de l'ordre et une milice locale, selon un bilan donn\u00e9 par le commandant de la police locale.<\/p>\n<p>A travers le pays, les r\u00e9seaux sociaux ont \u00e9t\u00e9 totalement ou partiellement bloqu\u00e9s - selon les op\u00e9rateurs - depuis dimanche minuit sur ordre des autorit\u00e9s.<\/p>\n<\/div>\n<\/div>\n","protected":false},"excerpt":{"rendered":"<p>Le pr\u00e9sident congolais Joseph Kabila a annonc\u00e9 dans la nuit de lundi \u00e0 mardi, quelques heures avant la fin de son mandat, un nouveau gouvernement sans attendre les r\u00e9sultats de la m\u00e9diation de l'\u00c9glise catholique visant \u00e0 sortir la R\u00e9publique d\u00e9mocratique du Congo de la crise politique. La nouvelle est tomb\u00e9e \u00e0 la t\u00e9l\u00e9vision publique [&hellip;]<\/p>\n","protected":false},"author":60,"featured_media":0,"comment_status":"open","ping_status":"closed","sticky":false,"template":"","format":"standard","meta":{"_acf_changed":false,"footnotes":""},"categories":[2576],"tags":[],"ji_location":[2196],"class_list":["post-31241","post","type-post","status-publish","format-standard","hentry","category-fil-d-actualite","ji_location-republique-democratique-du-congo"],"acf":[],"yoast_head":"<!-- This site is optimized with the Yoast SEO Premium plugin v25.3.1 (Yoast SEO v25.3.1) - https:\/\/yoast.com\/wordpress\/plugins\/seo\/ -->\n<title>Crise politique en RDC : le pouvoir passe en force - JusticeInfo.net<\/title>\n<meta name=\"robots\" content=\"index, follow, max-snippet:-1, max-image-preview:large, max-video-preview:-1\" \/>\n<link rel=\"canonical\" href=\"https:\/\/www.justiceinfo.net\/fr\/31241-crise-politique-en-rdc-le-pouvoir-passe-en-force.html\" \/>\n<meta property=\"og:locale\" content=\"fr_FR\" \/>\n<meta property=\"og:type\" content=\"article\" \/>\n<meta property=\"og:title\" content=\"Crise politique en RDC : le pouvoir passe en force\" \/>\n<meta property=\"og:description\" content=\"Le pr\u00e9sident congolais Joseph Kabila a annonc\u00e9 dans la nuit de lundi \u00e0 mardi, quelques heures avant la fin de son mandat, un nouveau gouvernement sans attendre les r\u00e9sultats de la m\u00e9diation de l&#039;\u00c9glise catholique visant \u00e0 sortir la R\u00e9publique d\u00e9mocratique du Congo de la crise politique. La nouvelle est tomb\u00e9e \u00e0 la t\u00e9l\u00e9vision publique [&hellip;]\" \/>\n<meta property=\"og:url\" content=\"https:\/\/www.justiceinfo.net\/fr\/31241-crise-politique-en-rdc-le-pouvoir-passe-en-force.html\" \/>\n<meta property=\"og:site_name\" content=\"JusticeInfo.net\" \/>\n<meta property=\"article:publisher\" content=\"https:\/\/www.facebook.com\/JusticeInfo\/\" \/>\n<meta property=\"article:published_time\" content=\"2016-12-20T04:37:03+00:00\" \/>\n<meta property=\"og:image\" content=\"https:\/\/www.justiceinfo.net\/wp-content\/uploads\/JusticeInfoNet_logo_1200x630px.jpg\" \/>\n\t<meta property=\"og:image:width\" content=\"1200\" \/>\n\t<meta property=\"og:image:height\" content=\"630\" \/>\n\t<meta property=\"og:image:type\" content=\"image\/jpeg\" \/>\n<meta name=\"author\" content=\"AFP\" \/>\n<meta name=\"twitter:card\" content=\"summary_large_image\" \/>\n<meta name=\"twitter:creator\" content=\"@justiceinfonet\" \/>\n<meta name=\"twitter:site\" content=\"@justiceinfonet\" \/>\n<meta name=\"twitter:label1\" content=\"\u00c9crit par\" \/>\n\t<meta name=\"twitter:data1\" content=\"AFP\" \/>\n\t<meta name=\"twitter:label2\" content=\"Dur\u00e9e de lecture estim\u00e9e\" \/>\n\t<meta name=\"twitter:data2\" content=\"4 minutes\" \/>\n<script type=\"application\/ld+json\" class=\"yoast-schema-graph\">{\"@context\":\"https:\/\/schema.org\",\"@graph\":[{\"@type\":\"NewsArticle\",\"@id\":\"https:\/\/www.justiceinfo.net\/fr\/31241-crise-politique-en-rdc-le-pouvoir-passe-en-force.html#article\",\"isPartOf\":{\"@id\":\"https:\/\/www.justiceinfo.net\/fr\/31241-crise-politique-en-rdc-le-pouvoir-passe-en-force.html\"},\"author\":{\"name\":\"afp\",\"@id\":\"https:\/\/www.justiceinfo.net\/fr#\/schema\/person\/713d340ef5f218fc36ce9b4244364a7f\"},\"headline\":\"Crise politique en RDC : le pouvoir passe en force\",\"datePublished\":\"2016-12-20T04:37:03+00:00\",\"mainEntityOfPage\":{\"@id\":\"https:\/\/www.justiceinfo.net\/fr\/31241-crise-politique-en-rdc-le-pouvoir-passe-en-force.html\"},\"wordCount\":803,\"commentCount\":0,\"publisher\":{\"@id\":\"https:\/\/www.justiceinfo.net\/fr#organization\"},\"articleSection\":[\"Fil d'info AFP\"],\"inLanguage\":\"fr-FR\",\"potentialAction\":[{\"@type\":\"CommentAction\",\"name\":\"Comment\",\"target\":[\"https:\/\/www.justiceinfo.net\/fr\/31241-crise-politique-en-rdc-le-pouvoir-passe-en-force.html#respond\"]}]},{\"@type\":\"WebPage\",\"@id\":\"https:\/\/www.justiceinfo.net\/fr\/31241-crise-politique-en-rdc-le-pouvoir-passe-en-force.html\",\"url\":\"https:\/\/www.justiceinfo.net\/fr\/31241-crise-politique-en-rdc-le-pouvoir-passe-en-force.html\",\"name\":\"Crise politique en RDC : le pouvoir passe en force - JusticeInfo.net\",\"isPartOf\":{\"@id\":\"https:\/\/www.justiceinfo.net\/fr#website\"},\"datePublished\":\"2016-12-20T04:37:03+00:00\",\"breadcrumb\":{\"@id\":\"https:\/\/www.justiceinfo.net\/fr\/31241-crise-politique-en-rdc-le-pouvoir-passe-en-force.html#breadcrumb\"},\"inLanguage\":\"fr-FR\",\"potentialAction\":[{\"@type\":\"ReadAction\",\"target\":[\"https:\/\/www.justiceinfo.net\/fr\/31241-crise-politique-en-rdc-le-pouvoir-passe-en-force.html\"]}]},{\"@type\":\"BreadcrumbList\",\"@id\":\"https:\/\/www.justiceinfo.net\/fr\/31241-crise-politique-en-rdc-le-pouvoir-passe-en-force.html#breadcrumb\",\"itemListElement\":[{\"@type\":\"ListItem\",\"position\":1,\"name\":\"Home\",\"item\":\"https:\/\/www.justiceinfo.net\/fr\"},{\"@type\":\"ListItem\",\"position\":2,\"name\":\"Crise politique en RDC : le pouvoir passe en force\"}]},{\"@type\":\"WebSite\",\"@id\":\"https:\/\/www.justiceinfo.net\/fr#website\",\"url\":\"https:\/\/www.justiceinfo.net\/fr\",\"name\":\"JusticeInfo.net\",\"description\":\"La justice doit \u00eatre vue pour \u00eatre rendue\",\"publisher\":{\"@id\":\"https:\/\/www.justiceinfo.net\/fr#organization\"},\"potentialAction\":[{\"@type\":\"SearchAction\",\"target\":{\"@type\":\"EntryPoint\",\"urlTemplate\":\"https:\/\/www.justiceinfo.net\/fr?s={search_term_string}\"},\"query-input\":{\"@type\":\"PropertyValueSpecification\",\"valueRequired\":true,\"valueName\":\"search_term_string\"}}],\"inLanguage\":\"fr-FR\"},{\"@type\":\"Organization\",\"@id\":\"https:\/\/www.justiceinfo.net\/fr#organization\",\"name\":\"Justice Info\",\"url\":\"https:\/\/www.justiceinfo.net\/fr\",\"logo\":{\"@type\":\"ImageObject\",\"inLanguage\":\"fr-FR\",\"@id\":\"https:\/\/www.justiceinfo.net\/fr#\/schema\/logo\/image\/\",\"url\":\"https:\/\/www.justiceinfo.net\/wp-content\/uploads\/justiceinfo_logo-trans_1200x1200px.png\",\"contentUrl\":\"https:\/\/www.justiceinfo.net\/wp-content\/uploads\/justiceinfo_logo-trans_1200x1200px.png\",\"width\":1199,\"height\":1200,\"caption\":\"Justice Info\"},\"image\":{\"@id\":\"https:\/\/www.justiceinfo.net\/fr#\/schema\/logo\/image\/\"},\"sameAs\":[\"https:\/\/www.facebook.com\/JusticeInfo\/\",\"https:\/\/x.com\/justiceinfonet\",\"https:\/\/www.linkedin.com\/company\/justice-info\",\"https:\/\/www.youtube.com\/channel\/UCyCEsARodyuWtkWyhn-e7pA\"]},{\"@type\":\"Person\",\"name\":\"AFP\",\"url\":\"\/fr\/?s=AFP\"}]}<\/script>\n<!-- \/ Yoast SEO Premium plugin. -->","yoast_head_json":{"title":"Crise politique en RDC : le pouvoir passe en force - JusticeInfo.net","robots":{"index":"index","follow":"follow","max-snippet":"max-snippet:-1","max-image-preview":"max-image-preview:large","max-video-preview":"max-video-preview:-1"},"canonical":"https:\/\/www.justiceinfo.net\/fr\/31241-crise-politique-en-rdc-le-pouvoir-passe-en-force.html","og_locale":"fr_FR","og_type":"article","og_title":"Crise politique en RDC : le pouvoir passe en force","og_description":"Le pr\u00e9sident congolais Joseph Kabila a annonc\u00e9 dans la nuit de lundi \u00e0 mardi, quelques heures avant la fin de son mandat, un nouveau gouvernement sans attendre les r\u00e9sultats de la m\u00e9diation de l'\u00c9glise catholique visant \u00e0 sortir la R\u00e9publique d\u00e9mocratique du Congo de la crise politique. La nouvelle est tomb\u00e9e \u00e0 la t\u00e9l\u00e9vision publique [&hellip;]","og_url":"https:\/\/www.justiceinfo.net\/fr\/31241-crise-politique-en-rdc-le-pouvoir-passe-en-force.html","og_site_name":"JusticeInfo.net","article_publisher":"https:\/\/www.facebook.com\/JusticeInfo\/","article_published_time":"2016-12-20T04:37:03+00:00","og_image":[{"width":1200,"height":630,"url":"https:\/\/www.justiceinfo.net\/wp-content\/uploads\/JusticeInfoNet_logo_1200x630px.jpg","type":"image\/jpeg"}],"author":"AFP","twitter_card":"summary_large_image","twitter_creator":"@justiceinfonet","twitter_site":"@justiceinfonet","twitter_misc":{"\u00c9crit par":"AFP","Dur\u00e9e de lecture estim\u00e9e":"4 minutes"},"schema":{"@context":"https:\/\/schema.org","@graph":[{"@type":"NewsArticle","@id":"https:\/\/www.justiceinfo.net\/fr\/31241-crise-politique-en-rdc-le-pouvoir-passe-en-force.html#article","isPartOf":{"@id":"https:\/\/www.justiceinfo.net\/fr\/31241-crise-politique-en-rdc-le-pouvoir-passe-en-force.html"},"author":{"name":"afp","@id":"https:\/\/www.justiceinfo.net\/fr#\/schema\/person\/713d340ef5f218fc36ce9b4244364a7f"},"headline":"Crise politique en RDC : le pouvoir passe en force","datePublished":"2016-12-20T04:37:03+00:00","mainEntityOfPage":{"@id":"https:\/\/www.justiceinfo.net\/fr\/31241-crise-politique-en-rdc-le-pouvoir-passe-en-force.html"},"wordCount":803,"commentCount":0,"publisher":{"@id":"https:\/\/www.justiceinfo.net\/fr#organization"},"articleSection":["Fil d'info AFP"],"inLanguage":"fr-FR","potentialAction":[{"@type":"CommentAction","name":"Comment","target":["https:\/\/www.justiceinfo.net\/fr\/31241-crise-politique-en-rdc-le-pouvoir-passe-en-force.html#respond"]}]},{"@type":"WebPage","@id":"https:\/\/www.justiceinfo.net\/fr\/31241-crise-politique-en-rdc-le-pouvoir-passe-en-force.html","url":"https:\/\/www.justiceinfo.net\/fr\/31241-crise-politique-en-rdc-le-pouvoir-passe-en-force.html","name":"Crise politique en RDC : le pouvoir passe en force - JusticeInfo.net","isPartOf":{"@id":"https:\/\/www.justiceinfo.net\/fr#website"},"datePublished":"2016-12-20T04:37:03+00:00","breadcrumb":{"@id":"https:\/\/www.justiceinfo.net\/fr\/31241-crise-politique-en-rdc-le-pouvoir-passe-en-force.html#breadcrumb"},"inLanguage":"fr-FR","potentialAction":[{"@type":"ReadAction","target":["https:\/\/www.justiceinfo.net\/fr\/31241-crise-politique-en-rdc-le-pouvoir-passe-en-force.html"]}]},{"@type":"BreadcrumbList","@id":"https:\/\/www.justiceinfo.net\/fr\/31241-crise-politique-en-rdc-le-pouvoir-passe-en-force.html#breadcrumb","itemListElement":[{"@type":"ListItem","position":1,"name":"Home","item":"https:\/\/www.justiceinfo.net\/fr"},{"@type":"ListItem","position":2,"name":"Crise politique en RDC : le pouvoir passe en force"}]},{"@type":"WebSite","@id":"https:\/\/www.justiceinfo.net\/fr#website","url":"https:\/\/www.justiceinfo.net\/fr","name":"JusticeInfo.net","description":"La justice doit \u00eatre vue pour \u00eatre rendue","publisher":{"@id":"https:\/\/www.justiceinfo.net\/fr#organization"},"potentialAction":[{"@type":"SearchAction","target":{"@type":"EntryPoint","urlTemplate":"https:\/\/www.justiceinfo.net\/fr?s={search_term_string}"},"query-input":{"@type":"PropertyValueSpecification","valueRequired":true,"valueName":"search_term_string"}}],"inLanguage":"fr-FR"},{"@type":"Organization","@id":"https:\/\/www.justiceinfo.net\/fr#organization","name":"Justice Info","url":"https:\/\/www.justiceinfo.net\/fr","logo":{"@type":"ImageObject","inLanguage":"fr-FR","@id":"https:\/\/www.justiceinfo.net\/fr#\/schema\/logo\/image\/","url":"https:\/\/www.justiceinfo.net\/wp-content\/uploads\/justiceinfo_logo-trans_1200x1200px.png","contentUrl":"https:\/\/www.justiceinfo.net\/wp-content\/uploads\/justiceinfo_logo-trans_1200x1200px.png","width":1199,"height":1200,"caption":"Justice Info"},"image":{"@id":"https:\/\/www.justiceinfo.net\/fr#\/schema\/logo\/image\/"},"sameAs":["https:\/\/www.facebook.com\/JusticeInfo\/","https:\/\/x.com\/justiceinfonet","https:\/\/www.linkedin.com\/company\/justice-info","https:\/\/www.youtube.com\/channel\/UCyCEsARodyuWtkWyhn-e7pA"]},{"@type":"Person","name":"AFP","url":"\/fr\/?s=AFP"}]}},"_links":{"self":[{"href":"https:\/\/www.justiceinfo.net\/fr\/wp-json\/wp\/v2\/posts\/31241","targetHints":{"allow":["GET"]}}],"collection":[{"href":"https:\/\/www.justiceinfo.net\/fr\/wp-json\/wp\/v2\/posts"}],"about":[{"href":"https:\/\/www.justiceinfo.net\/fr\/wp-json\/wp\/v2\/types\/post"}],"author":[{"embeddable":true,"href":"https:\/\/www.justiceinfo.net\/fr\/wp-json\/wp\/v2\/users\/60"}],"replies":[{"embeddable":true,"href":"https:\/\/www.justiceinfo.net\/fr\/wp-json\/wp\/v2\/comments?post=31241"}],"version-history":[{"count":0,"href":"https:\/\/www.justiceinfo.net\/fr\/wp-json\/wp\/v2\/posts\/31241\/revisions"}],"wp:attachment":[{"href":"https:\/\/www.justiceinfo.net\/fr\/wp-json\/wp\/v2\/media?parent=31241"}],"wp:term":[{"taxonomy":"category","embeddable":true,"href":"https:\/\/www.justiceinfo.net\/fr\/wp-json\/wp\/v2\/categories?post=31241"},{"taxonomy":"post_tag","embeddable":true,"href":"https:\/\/www.justiceinfo.net\/fr\/wp-json\/wp\/v2\/tags?post=31241"},{"taxonomy":"ji_location","embeddable":true,"href":"https:\/\/www.justiceinfo.net\/fr\/wp-json\/wp\/v2\/ji_location?post=31241"}],"curies":[{"name":"wp","href":"https:\/\/api.w.org\/{rel}","templated":true}]}}