{"id":31248,"date":"2016-12-20T08:07:08","date_gmt":"2016-12-20T07:07:08","guid":{"rendered":"https:\/\/www.justiceinfo.net\/31248-rd-congo-l-opposant-historique-tshisekedi-appelle-le-peuple-a-ne-plus-reconnaitre-kabila.html"},"modified":"2016-12-20T08:07:08","modified_gmt":"2016-12-20T07:07:08","slug":"rd-congo-l-opposant-historique-tshisekedi-appelle-le-peuple-a-ne-plus-reconnaitre-kabila","status":"publish","type":"post","link":"https:\/\/www.justiceinfo.net\/fr\/31248-rd-congo-l-opposant-historique-tshisekedi-appelle-le-peuple-a-ne-plus-reconnaitre-kabila.html","title":{"rendered":"RD Congo: l'opposant historique Tshisekedi appelle le peuple \"\u00e0 ne plus reconnaitre Kabila\""},"content":{"rendered":"<div class=\"txt-textContent\">\n<div class=\"text fontsize_0 jq_Content jq_langdir\">\n<p>L'opposant congolais historique \u00c9tienne Tshisekedi appelle ses concitoyens \"\u00e0 ne plus reconna\u00eetre\" Joseph Kabila comme pr\u00e9sident de la R\u00e9publique d\u00e9mocratique du Congo dans une vid\u00e9o mise en ligne sur YouTube dans la nuit de lundi \u00e0 mardi, dernier jour du mandat du chef de l\u2019\u00c9tat.\u00a0<\/p>\n<p>\"Je lance un appel solennel au peuple congolais \u00e0 ne plus reconna\u00eetre l'autorit\u00e9 de M. Joseph Kabila, \u00e0 la communaut\u00e9 internationale de ne plus traiter avec Joseph Kabila au nom de la R\u00e9publique d\u00e9mocratique du Congo\", d\u00e9clare le vieil opposant d'une voix \u00e2nonnante.<\/p>\n<p>Valentin Mubake, proche conseiller de M. Tshisekedi, a confirm\u00e9 \u00e0 l'AFP l'authenticit\u00e9 de cette vid\u00e9o tourn\u00e9e dans la r\u00e9sidence du \"Sphynx de Limete\", le quartier o\u00f9 il r\u00e9side \u00e0 Kinshasa.<\/p>\n<p>La vid\u00e9o n'\u00e9tait pas visible en RDC o\u00f9 les autorit\u00e9s ont ordonn\u00e9 le filtrage, depuis dimanche soir, de tout contenu photo ou vid\u00e9o sur les r\u00e9seaux sociaux.<\/p>\n<p>Tr\u00e9buchant \u00e0 plusieurs reprises dans la lecture de son texte, M. Tshisekedi se reprend avec difficult\u00e9 gr\u00e2ce au secours d'une voix hors champ qui lui souffle certains mots.<\/p>\n<p>M. Tshisekedi, qui vient tout juste de f\u00eater ses 84 ans, invite \u00e9galement le \"peuple \u00e0 rester vigilant et mobilis\u00e9 pour des actions pacifiques, conform\u00e9ment \u00e0 l'article 64 de la Constitution pour mettre fin \u00e0 la forfaiture et \u00e0 la trahison perp\u00e9tr\u00e9e par M. Joseph Kabila\".<\/p>\n<p>Le pr\u00e9sident de l'Union pour la d\u00e9mocratie et le progr\u00e8s social (UDPS) d\u00e9clare \u00e9galement donner son accord au Rassemblement, large coalition d'opposition form\u00e9e autour de sa personne, \u00e0 \"pousuivre les n\u00e9gociations\" avec le pouvoir lanc\u00e9e le 8 d\u00e9cembre par les \u00e9v\u00eaques catholiques du pays afin de trouver une sortie pacifique \u00e0 la crise politique qui mine la RDC depuis la r\u00e9\u00e9lection contest\u00e9e de M. Kabila fin 2011.<\/p>\n<p>Suspendus samedi soir, ces pourparlers destin\u00e9s \u00e0 permettre l'instauration d'un r\u00e9gime de transition politique associant la majorit\u00e9 sortante et l'opposition, \u00e9taient cens\u00e9s reprendre mercredi.<\/p>\n<p>Leur avenir appara\u00eet cependant incertain apr\u00e8s l'annonce dans la nuit, par ordonnance pr\u00e9sidentielle, d'un nouveau gouvernement sans attendre le r\u00e9sultat de ces n\u00e9gociations.<\/p>\n<p>\u00c2g\u00e9 de 45 ans, M. Kabila est au pouvoir depuis 2001. La Constitution lui interdit de se repr\u00e9senter. Son mandat s'ach\u00e8ve mardi sans que l'\u00e9lection qui devait lui trouver un successeur ait \u00e9t\u00e9 organis\u00e9e.<\/p>\n<\/div>\n<\/div>\n","protected":false},"excerpt":{"rendered":"<p>L'opposant congolais historique \u00c9tienne Tshisekedi appelle ses concitoyens \"\u00e0 ne plus reconna\u00eetre\" Joseph Kabila comme pr\u00e9sident de la R\u00e9publique d\u00e9mocratique du Congo dans une vid\u00e9o mise en ligne sur YouTube dans la nuit de lundi \u00e0 mardi, dernier jour du mandat du chef de l\u2019\u00c9tat.\u00a0 \"Je lance un appel solennel au peuple congolais \u00e0 ne [&hellip;]<\/p>\n","protected":false},"author":60,"featured_media":0,"comment_status":"open","ping_status":"closed","sticky":false,"template":"","format":"standard","meta":{"_acf_changed":false,"footnotes":""},"categories":[2576],"tags":[],"ji_location":[2196],"class_list":["post-31248","post","type-post","status-publish","format-standard","hentry","category-fil-d-actualite","ji_location-republique-democratique-du-congo"],"acf":[],"yoast_head":"<!-- This site is optimized with the Yoast SEO Premium plugin v25.3.1 (Yoast SEO v25.3.1) - https:\/\/yoast.com\/wordpress\/plugins\/seo\/ -->\n<title>RD Congo: l&#039;opposant historique Tshisekedi appelle le peuple &quot;\u00e0 ne plus reconnaitre Kabila&quot; - JusticeInfo.net<\/title>\n<meta name=\"robots\" content=\"index, follow, max-snippet:-1, max-image-preview:large, max-video-preview:-1\" \/>\n<link rel=\"canonical\" href=\"https:\/\/www.justiceinfo.net\/fr\/31248-rd-congo-l-opposant-historique-tshisekedi-appelle-le-peuple-a-ne-plus-reconnaitre-kabila.html\" \/>\n<meta property=\"og:locale\" content=\"fr_FR\" \/>\n<meta property=\"og:type\" content=\"article\" \/>\n<meta property=\"og:title\" content=\"RD Congo: l&#039;opposant historique Tshisekedi appelle le peuple &quot;\u00e0 ne plus reconnaitre Kabila&quot;\" \/>\n<meta property=\"og:description\" content=\"L&#039;opposant congolais historique \u00c9tienne Tshisekedi appelle ses concitoyens &quot;\u00e0 ne plus reconna\u00eetre&quot; Joseph Kabila comme pr\u00e9sident de la R\u00e9publique d\u00e9mocratique du Congo dans une vid\u00e9o mise en ligne sur YouTube dans la nuit de lundi \u00e0 mardi, dernier jour du mandat du chef de l\u2019\u00c9tat.\u00a0 &quot;Je lance un appel solennel au peuple congolais \u00e0 ne [&hellip;]\" \/>\n<meta property=\"og:url\" content=\"https:\/\/www.justiceinfo.net\/fr\/31248-rd-congo-l-opposant-historique-tshisekedi-appelle-le-peuple-a-ne-plus-reconnaitre-kabila.html\" \/>\n<meta property=\"og:site_name\" content=\"JusticeInfo.net\" \/>\n<meta property=\"article:publisher\" content=\"https:\/\/www.facebook.com\/JusticeInfo\/\" \/>\n<meta property=\"article:published_time\" content=\"2016-12-20T07:07:08+00:00\" \/>\n<meta property=\"og:image\" content=\"https:\/\/www.justiceinfo.net\/wp-content\/uploads\/JusticeInfoNet_logo_1200x630px.jpg\" \/>\n\t<meta property=\"og:image:width\" content=\"1200\" \/>\n\t<meta property=\"og:image:height\" content=\"630\" \/>\n\t<meta property=\"og:image:type\" content=\"image\/jpeg\" \/>\n<meta name=\"author\" content=\"AFP\" \/>\n<meta name=\"twitter:card\" content=\"summary_large_image\" \/>\n<meta name=\"twitter:creator\" content=\"@justiceinfonet\" \/>\n<meta name=\"twitter:site\" content=\"@justiceinfonet\" \/>\n<meta name=\"twitter:label1\" content=\"\u00c9crit par\" \/>\n\t<meta name=\"twitter:data1\" content=\"AFP\" \/>\n\t<meta name=\"twitter:label2\" content=\"Dur\u00e9e de lecture estim\u00e9e\" \/>\n\t<meta name=\"twitter:data2\" content=\"2 minutes\" \/>\n<script type=\"application\/ld+json\" class=\"yoast-schema-graph\">{\"@context\":\"https:\/\/schema.org\",\"@graph\":[{\"@type\":\"NewsArticle\",\"@id\":\"https:\/\/www.justiceinfo.net\/fr\/31248-rd-congo-l-opposant-historique-tshisekedi-appelle-le-peuple-a-ne-plus-reconnaitre-kabila.html#article\",\"isPartOf\":{\"@id\":\"https:\/\/www.justiceinfo.net\/fr\/31248-rd-congo-l-opposant-historique-tshisekedi-appelle-le-peuple-a-ne-plus-reconnaitre-kabila.html\"},\"author\":{\"name\":\"afp\",\"@id\":\"https:\/\/www.justiceinfo.net\/fr#\/schema\/person\/713d340ef5f218fc36ce9b4244364a7f\"},\"headline\":\"RD Congo: l'opposant historique Tshisekedi appelle le peuple \\\"\u00e0 ne plus reconnaitre Kabila\\\"\",\"datePublished\":\"2016-12-20T07:07:08+00:00\",\"mainEntityOfPage\":{\"@id\":\"https:\/\/www.justiceinfo.net\/fr\/31248-rd-congo-l-opposant-historique-tshisekedi-appelle-le-peuple-a-ne-plus-reconnaitre-kabila.html\"},\"wordCount\":423,\"commentCount\":0,\"publisher\":{\"@id\":\"https:\/\/www.justiceinfo.net\/fr#organization\"},\"articleSection\":[\"Fil d'info AFP\"],\"inLanguage\":\"fr-FR\",\"potentialAction\":[{\"@type\":\"CommentAction\",\"name\":\"Comment\",\"target\":[\"https:\/\/www.justiceinfo.net\/fr\/31248-rd-congo-l-opposant-historique-tshisekedi-appelle-le-peuple-a-ne-plus-reconnaitre-kabila.html#respond\"]}]},{\"@type\":\"WebPage\",\"@id\":\"https:\/\/www.justiceinfo.net\/fr\/31248-rd-congo-l-opposant-historique-tshisekedi-appelle-le-peuple-a-ne-plus-reconnaitre-kabila.html\",\"url\":\"https:\/\/www.justiceinfo.net\/fr\/31248-rd-congo-l-opposant-historique-tshisekedi-appelle-le-peuple-a-ne-plus-reconnaitre-kabila.html\",\"name\":\"RD Congo: l'opposant historique Tshisekedi appelle le peuple \\\"\u00e0 ne plus reconnaitre Kabila\\\" - JusticeInfo.net\",\"isPartOf\":{\"@id\":\"https:\/\/www.justiceinfo.net\/fr#website\"},\"datePublished\":\"2016-12-20T07:07:08+00:00\",\"breadcrumb\":{\"@id\":\"https:\/\/www.justiceinfo.net\/fr\/31248-rd-congo-l-opposant-historique-tshisekedi-appelle-le-peuple-a-ne-plus-reconnaitre-kabila.html#breadcrumb\"},\"inLanguage\":\"fr-FR\",\"potentialAction\":[{\"@type\":\"ReadAction\",\"target\":[\"https:\/\/www.justiceinfo.net\/fr\/31248-rd-congo-l-opposant-historique-tshisekedi-appelle-le-peuple-a-ne-plus-reconnaitre-kabila.html\"]}]},{\"@type\":\"BreadcrumbList\",\"@id\":\"https:\/\/www.justiceinfo.net\/fr\/31248-rd-congo-l-opposant-historique-tshisekedi-appelle-le-peuple-a-ne-plus-reconnaitre-kabila.html#breadcrumb\",\"itemListElement\":[{\"@type\":\"ListItem\",\"position\":1,\"name\":\"Home\",\"item\":\"https:\/\/www.justiceinfo.net\/fr\"},{\"@type\":\"ListItem\",\"position\":2,\"name\":\"RD Congo: l'opposant historique Tshisekedi appelle le peuple \\\"\u00e0 ne plus reconnaitre Kabila\\\"\"}]},{\"@type\":\"WebSite\",\"@id\":\"https:\/\/www.justiceinfo.net\/fr#website\",\"url\":\"https:\/\/www.justiceinfo.net\/fr\",\"name\":\"JusticeInfo.net\",\"description\":\"La justice doit \u00eatre vue pour \u00eatre rendue\",\"publisher\":{\"@id\":\"https:\/\/www.justiceinfo.net\/fr#organization\"},\"potentialAction\":[{\"@type\":\"SearchAction\",\"target\":{\"@type\":\"EntryPoint\",\"urlTemplate\":\"https:\/\/www.justiceinfo.net\/fr?s={search_term_string}\"},\"query-input\":{\"@type\":\"PropertyValueSpecification\",\"valueRequired\":true,\"valueName\":\"search_term_string\"}}],\"inLanguage\":\"fr-FR\"},{\"@type\":\"Organization\",\"@id\":\"https:\/\/www.justiceinfo.net\/fr#organization\",\"name\":\"Justice Info\",\"url\":\"https:\/\/www.justiceinfo.net\/fr\",\"logo\":{\"@type\":\"ImageObject\",\"inLanguage\":\"fr-FR\",\"@id\":\"https:\/\/www.justiceinfo.net\/fr#\/schema\/logo\/image\/\",\"url\":\"https:\/\/www.justiceinfo.net\/wp-content\/uploads\/justiceinfo_logo-trans_1200x1200px.png\",\"contentUrl\":\"https:\/\/www.justiceinfo.net\/wp-content\/uploads\/justiceinfo_logo-trans_1200x1200px.png\",\"width\":1199,\"height\":1200,\"caption\":\"Justice Info\"},\"image\":{\"@id\":\"https:\/\/www.justiceinfo.net\/fr#\/schema\/logo\/image\/\"},\"sameAs\":[\"https:\/\/www.facebook.com\/JusticeInfo\/\",\"https:\/\/x.com\/justiceinfonet\",\"https:\/\/www.linkedin.com\/company\/justice-info\",\"https:\/\/www.youtube.com\/channel\/UCyCEsARodyuWtkWyhn-e7pA\"]},{\"@type\":\"Person\",\"name\":\"AFP\",\"url\":\"\/fr\/?s=AFP\"}]}<\/script>\n<!-- \/ Yoast SEO Premium plugin. -->","yoast_head_json":{"title":"RD Congo: l'opposant historique Tshisekedi appelle le peuple \"\u00e0 ne plus reconnaitre Kabila\" - JusticeInfo.net","robots":{"index":"index","follow":"follow","max-snippet":"max-snippet:-1","max-image-preview":"max-image-preview:large","max-video-preview":"max-video-preview:-1"},"canonical":"https:\/\/www.justiceinfo.net\/fr\/31248-rd-congo-l-opposant-historique-tshisekedi-appelle-le-peuple-a-ne-plus-reconnaitre-kabila.html","og_locale":"fr_FR","og_type":"article","og_title":"RD Congo: l'opposant historique Tshisekedi appelle le peuple \"\u00e0 ne plus reconnaitre Kabila\"","og_description":"L'opposant congolais historique \u00c9tienne Tshisekedi appelle ses concitoyens \"\u00e0 ne plus reconna\u00eetre\" Joseph Kabila comme pr\u00e9sident de la R\u00e9publique d\u00e9mocratique du Congo dans une vid\u00e9o mise en ligne sur YouTube dans la nuit de lundi \u00e0 mardi, dernier jour du mandat du chef de l\u2019\u00c9tat.\u00a0 \"Je lance un appel solennel au peuple congolais \u00e0 ne [&hellip;]","og_url":"https:\/\/www.justiceinfo.net\/fr\/31248-rd-congo-l-opposant-historique-tshisekedi-appelle-le-peuple-a-ne-plus-reconnaitre-kabila.html","og_site_name":"JusticeInfo.net","article_publisher":"https:\/\/www.facebook.com\/JusticeInfo\/","article_published_time":"2016-12-20T07:07:08+00:00","og_image":[{"width":1200,"height":630,"url":"https:\/\/www.justiceinfo.net\/wp-content\/uploads\/JusticeInfoNet_logo_1200x630px.jpg","type":"image\/jpeg"}],"author":"AFP","twitter_card":"summary_large_image","twitter_creator":"@justiceinfonet","twitter_site":"@justiceinfonet","twitter_misc":{"\u00c9crit par":"AFP","Dur\u00e9e de lecture estim\u00e9e":"2 minutes"},"schema":{"@context":"https:\/\/schema.org","@graph":[{"@type":"NewsArticle","@id":"https:\/\/www.justiceinfo.net\/fr\/31248-rd-congo-l-opposant-historique-tshisekedi-appelle-le-peuple-a-ne-plus-reconnaitre-kabila.html#article","isPartOf":{"@id":"https:\/\/www.justiceinfo.net\/fr\/31248-rd-congo-l-opposant-historique-tshisekedi-appelle-le-peuple-a-ne-plus-reconnaitre-kabila.html"},"author":{"name":"afp","@id":"https:\/\/www.justiceinfo.net\/fr#\/schema\/person\/713d340ef5f218fc36ce9b4244364a7f"},"headline":"RD Congo: l'opposant historique Tshisekedi appelle le peuple \"\u00e0 ne plus reconnaitre Kabila\"","datePublished":"2016-12-20T07:07:08+00:00","mainEntityOfPage":{"@id":"https:\/\/www.justiceinfo.net\/fr\/31248-rd-congo-l-opposant-historique-tshisekedi-appelle-le-peuple-a-ne-plus-reconnaitre-kabila.html"},"wordCount":423,"commentCount":0,"publisher":{"@id":"https:\/\/www.justiceinfo.net\/fr#organization"},"articleSection":["Fil d'info AFP"],"inLanguage":"fr-FR","potentialAction":[{"@type":"CommentAction","name":"Comment","target":["https:\/\/www.justiceinfo.net\/fr\/31248-rd-congo-l-opposant-historique-tshisekedi-appelle-le-peuple-a-ne-plus-reconnaitre-kabila.html#respond"]}]},{"@type":"WebPage","@id":"https:\/\/www.justiceinfo.net\/fr\/31248-rd-congo-l-opposant-historique-tshisekedi-appelle-le-peuple-a-ne-plus-reconnaitre-kabila.html","url":"https:\/\/www.justiceinfo.net\/fr\/31248-rd-congo-l-opposant-historique-tshisekedi-appelle-le-peuple-a-ne-plus-reconnaitre-kabila.html","name":"RD Congo: l'opposant historique Tshisekedi appelle le peuple \"\u00e0 ne plus reconnaitre Kabila\" - JusticeInfo.net","isPartOf":{"@id":"https:\/\/www.justiceinfo.net\/fr#website"},"datePublished":"2016-12-20T07:07:08+00:00","breadcrumb":{"@id":"https:\/\/www.justiceinfo.net\/fr\/31248-rd-congo-l-opposant-historique-tshisekedi-appelle-le-peuple-a-ne-plus-reconnaitre-kabila.html#breadcrumb"},"inLanguage":"fr-FR","potentialAction":[{"@type":"ReadAction","target":["https:\/\/www.justiceinfo.net\/fr\/31248-rd-congo-l-opposant-historique-tshisekedi-appelle-le-peuple-a-ne-plus-reconnaitre-kabila.html"]}]},{"@type":"BreadcrumbList","@id":"https:\/\/www.justiceinfo.net\/fr\/31248-rd-congo-l-opposant-historique-tshisekedi-appelle-le-peuple-a-ne-plus-reconnaitre-kabila.html#breadcrumb","itemListElement":[{"@type":"ListItem","position":1,"name":"Home","item":"https:\/\/www.justiceinfo.net\/fr"},{"@type":"ListItem","position":2,"name":"RD Congo: l'opposant historique Tshisekedi appelle le peuple \"\u00e0 ne plus reconnaitre Kabila\""}]},{"@type":"WebSite","@id":"https:\/\/www.justiceinfo.net\/fr#website","url":"https:\/\/www.justiceinfo.net\/fr","name":"JusticeInfo.net","description":"La justice doit \u00eatre vue pour \u00eatre rendue","publisher":{"@id":"https:\/\/www.justiceinfo.net\/fr#organization"},"potentialAction":[{"@type":"SearchAction","target":{"@type":"EntryPoint","urlTemplate":"https:\/\/www.justiceinfo.net\/fr?s={search_term_string}"},"query-input":{"@type":"PropertyValueSpecification","valueRequired":true,"valueName":"search_term_string"}}],"inLanguage":"fr-FR"},{"@type":"Organization","@id":"https:\/\/www.justiceinfo.net\/fr#organization","name":"Justice Info","url":"https:\/\/www.justiceinfo.net\/fr","logo":{"@type":"ImageObject","inLanguage":"fr-FR","@id":"https:\/\/www.justiceinfo.net\/fr#\/schema\/logo\/image\/","url":"https:\/\/www.justiceinfo.net\/wp-content\/uploads\/justiceinfo_logo-trans_1200x1200px.png","contentUrl":"https:\/\/www.justiceinfo.net\/wp-content\/uploads\/justiceinfo_logo-trans_1200x1200px.png","width":1199,"height":1200,"caption":"Justice Info"},"image":{"@id":"https:\/\/www.justiceinfo.net\/fr#\/schema\/logo\/image\/"},"sameAs":["https:\/\/www.facebook.com\/JusticeInfo\/","https:\/\/x.com\/justiceinfonet","https:\/\/www.linkedin.com\/company\/justice-info","https:\/\/www.youtube.com\/channel\/UCyCEsARodyuWtkWyhn-e7pA"]},{"@type":"Person","name":"AFP","url":"\/fr\/?s=AFP"}]}},"_links":{"self":[{"href":"https:\/\/www.justiceinfo.net\/fr\/wp-json\/wp\/v2\/posts\/31248","targetHints":{"allow":["GET"]}}],"collection":[{"href":"https:\/\/www.justiceinfo.net\/fr\/wp-json\/wp\/v2\/posts"}],"about":[{"href":"https:\/\/www.justiceinfo.net\/fr\/wp-json\/wp\/v2\/types\/post"}],"author":[{"embeddable":true,"href":"https:\/\/www.justiceinfo.net\/fr\/wp-json\/wp\/v2\/users\/60"}],"replies":[{"embeddable":true,"href":"https:\/\/www.justiceinfo.net\/fr\/wp-json\/wp\/v2\/comments?post=31248"}],"version-history":[{"count":0,"href":"https:\/\/www.justiceinfo.net\/fr\/wp-json\/wp\/v2\/posts\/31248\/revisions"}],"wp:attachment":[{"href":"https:\/\/www.justiceinfo.net\/fr\/wp-json\/wp\/v2\/media?parent=31248"}],"wp:term":[{"taxonomy":"category","embeddable":true,"href":"https:\/\/www.justiceinfo.net\/fr\/wp-json\/wp\/v2\/categories?post=31248"},{"taxonomy":"post_tag","embeddable":true,"href":"https:\/\/www.justiceinfo.net\/fr\/wp-json\/wp\/v2\/tags?post=31248"},{"taxonomy":"ji_location","embeddable":true,"href":"https:\/\/www.justiceinfo.net\/fr\/wp-json\/wp\/v2\/ji_location?post=31248"}],"curies":[{"name":"wp","href":"https:\/\/api.w.org\/{rel}","templated":true}]}}