{"id":31270,"date":"2016-12-20T18:20:37","date_gmt":"2016-12-20T17:20:37","guid":{"rendered":"https:\/\/www.justiceinfo.net\/31270-rdc-neuf-morts-dans-des-violences-a-kinshasa-mardi-gouvernement.html"},"modified":"2016-12-20T18:20:37","modified_gmt":"2016-12-20T17:20:37","slug":"rdc-neuf-morts-dans-des-violences-a-kinshasa-mardi-gouvernement","status":"publish","type":"post","link":"https:\/\/www.justiceinfo.net\/fr\/31270-rdc-neuf-morts-dans-des-violences-a-kinshasa-mardi-gouvernement.html","title":{"rendered":"RDC: neuf morts dans des violences \u00e0 Kinshasa mardi (gouvernement)"},"content":{"rendered":"<div class=\"txt-textContent\">\n<div class=\"text fontsize_0 jq_Content jq_langdir\">\n<p>Neuf personnes ont \u00e9t\u00e9 tu\u00e9es dans des violences \u00e0 Kinshasa mardi, jour qui marque la fin du mandat du pr\u00e9sident Joseph Kabila, a d\u00e9clar\u00e9 \u00e0 l'AFP le porte-parole du gouvernement de la R\u00e9publique d\u00e9mocratique du Congo.<\/p>\n<p>\"A Kinshasa, il y a eu neuf morts, pas un seul de plus\", a dit le porte-parole du gouvernement, Lambert Mende.<\/p>\n<p>Peu avant, la Mission de l'ONU au Congo (Monusco) a indiqu\u00e9 \u00e0 l'AFP enqu\u00eater sur des informations cr\u00e9dibles faisant \u00e9tat d'une vingtaine de tu\u00e9s dans la capitale congolaise.<\/p>\n<p>\"Parmi eux, six pillards ont \u00e9t\u00e9 tu\u00e9s par les gardes commis \u00e0 la protection des magasins et entrep\u00f4ts, un policier a \u00e9t\u00e9 tu\u00e9 par balles et deux dames atteintes par des balles perdues\", a d\u00e9taill\u00e9 M. Mende.<\/p>\n<p>Des violences meurtri\u00e8res ont \u00e9clat\u00e9 mardi \u00e0 Kinshasa et dans plusieurs villes de RDC, au jour de l'\u00e9ch\u00e9ance du mandat de M. Kabila, qui entend toutefois se maintenir au pouvoir apr\u00e8s que l'\u00e9lection pr\u00e9sidentielle pr\u00e9vue cette ann\u00e9e a \u00e9t\u00e9 report\u00e9e sine die.<\/p>\n<p>Dans la capitale, de premi\u00e8res \u00e9chauffour\u00e9es ont d\u00e9but\u00e9 lundi peu apr\u00e8s minuit, avec des coups de feu entendus dans plusieurs quartiers pour faire taire des concerts populaires de sifflets et casseroles en signe de protestation contre le pouvoir.<\/p>\n<p>Mardi matin, de nouvelles violences, avec notamment des tirs, ont \u00e9t\u00e9 rapport\u00e9s dans plusieurs quartiers, mais un retour au calme se dessinait en fin d'apr\u00e8s-midi.<\/p>\n<p>Deux personnes ont \u00e9galement \u00e9t\u00e9 tu\u00e9es et trois bless\u00e9es \u00e0 Lubumbashi, deuxi\u00e8me ville du pays, dans des affrontements entre manifestants et la police, selon le gouverneur de la province locale du Haut-Katanga.<\/p>\n<p>A Manono (480 km au nord de Lubumbashi), six personnes ont \u00e9t\u00e9 tu\u00e9es et 125 bless\u00e9es dans un affrontement entre Pygm\u00e9es et Bantous, r\u00e9currents dans cette zone, selon des sources concordantes.<\/p>\n<p>Dans la ville de Kananga (centre), o\u00f9 des combats entre l'arm\u00e9e et une milice ont fait une centaine de morts en septembre, de violents affrontements entre personnes non identifi\u00e9es ont provoqu\u00e9 des mouvements de panique. Aucun bilan pr\u00e9cis n'\u00e9tait toutefois disponible aupr\u00e8s des autorit\u00e9s.<\/p>\n<\/div>\n<\/div>\n","protected":false},"excerpt":{"rendered":"<p>Neuf personnes ont \u00e9t\u00e9 tu\u00e9es dans des violences \u00e0 Kinshasa mardi, jour qui marque la fin du mandat du pr\u00e9sident Joseph Kabila, a d\u00e9clar\u00e9 \u00e0 l'AFP le porte-parole du gouvernement de la R\u00e9publique d\u00e9mocratique du Congo. \"A Kinshasa, il y a eu neuf morts, pas un seul de plus\", a dit le porte-parole du gouvernement, [&hellip;]<\/p>\n","protected":false},"author":60,"featured_media":0,"comment_status":"open","ping_status":"closed","sticky":false,"template":"","format":"standard","meta":{"_acf_changed":false,"footnotes":""},"categories":[2576],"tags":[],"ji_location":[2196],"class_list":["post-31270","post","type-post","status-publish","format-standard","hentry","category-fil-d-actualite","ji_location-republique-democratique-du-congo"],"acf":[],"yoast_head":"<!-- This site is optimized with the Yoast SEO Premium plugin v25.3.1 (Yoast SEO v25.3.1) - https:\/\/yoast.com\/wordpress\/plugins\/seo\/ -->\n<title>RDC: neuf morts dans des violences \u00e0 Kinshasa mardi (gouvernement) - JusticeInfo.net<\/title>\n<meta name=\"robots\" content=\"index, follow, max-snippet:-1, max-image-preview:large, max-video-preview:-1\" \/>\n<link rel=\"canonical\" href=\"https:\/\/www.justiceinfo.net\/fr\/31270-rdc-neuf-morts-dans-des-violences-a-kinshasa-mardi-gouvernement.html\" \/>\n<meta property=\"og:locale\" content=\"fr_FR\" \/>\n<meta property=\"og:type\" content=\"article\" \/>\n<meta property=\"og:title\" content=\"RDC: neuf morts dans des violences \u00e0 Kinshasa mardi (gouvernement)\" \/>\n<meta property=\"og:description\" content=\"Neuf personnes ont \u00e9t\u00e9 tu\u00e9es dans des violences \u00e0 Kinshasa mardi, jour qui marque la fin du mandat du pr\u00e9sident Joseph Kabila, a d\u00e9clar\u00e9 \u00e0 l&#039;AFP le porte-parole du gouvernement de la R\u00e9publique d\u00e9mocratique du Congo. &quot;A Kinshasa, il y a eu neuf morts, pas un seul de plus&quot;, a dit le porte-parole du gouvernement, [&hellip;]\" \/>\n<meta property=\"og:url\" content=\"https:\/\/www.justiceinfo.net\/fr\/31270-rdc-neuf-morts-dans-des-violences-a-kinshasa-mardi-gouvernement.html\" \/>\n<meta property=\"og:site_name\" content=\"JusticeInfo.net\" \/>\n<meta property=\"article:publisher\" content=\"https:\/\/www.facebook.com\/JusticeInfo\/\" \/>\n<meta property=\"article:published_time\" content=\"2016-12-20T17:20:37+00:00\" \/>\n<meta property=\"og:image\" content=\"https:\/\/www.justiceinfo.net\/wp-content\/uploads\/JusticeInfoNet_logo_1200x630px.jpg\" \/>\n\t<meta property=\"og:image:width\" content=\"1200\" \/>\n\t<meta property=\"og:image:height\" content=\"630\" \/>\n\t<meta property=\"og:image:type\" content=\"image\/jpeg\" \/>\n<meta name=\"author\" content=\"AFP\" \/>\n<meta name=\"twitter:card\" content=\"summary_large_image\" \/>\n<meta name=\"twitter:creator\" content=\"@justiceinfonet\" \/>\n<meta name=\"twitter:site\" content=\"@justiceinfonet\" \/>\n<meta name=\"twitter:label1\" content=\"\u00c9crit par\" \/>\n\t<meta name=\"twitter:data1\" content=\"AFP\" \/>\n\t<meta name=\"twitter:label2\" content=\"Dur\u00e9e de lecture estim\u00e9e\" \/>\n\t<meta name=\"twitter:data2\" content=\"2 minutes\" \/>\n<script type=\"application\/ld+json\" class=\"yoast-schema-graph\">{\"@context\":\"https:\/\/schema.org\",\"@graph\":[{\"@type\":\"NewsArticle\",\"@id\":\"https:\/\/www.justiceinfo.net\/fr\/31270-rdc-neuf-morts-dans-des-violences-a-kinshasa-mardi-gouvernement.html#article\",\"isPartOf\":{\"@id\":\"https:\/\/www.justiceinfo.net\/fr\/31270-rdc-neuf-morts-dans-des-violences-a-kinshasa-mardi-gouvernement.html\"},\"author\":{\"name\":\"afp\",\"@id\":\"https:\/\/www.justiceinfo.net\/fr#\/schema\/person\/713d340ef5f218fc36ce9b4244364a7f\"},\"headline\":\"RDC: neuf morts dans des violences \u00e0 Kinshasa mardi (gouvernement)\",\"datePublished\":\"2016-12-20T17:20:37+00:00\",\"mainEntityOfPage\":{\"@id\":\"https:\/\/www.justiceinfo.net\/fr\/31270-rdc-neuf-morts-dans-des-violences-a-kinshasa-mardi-gouvernement.html\"},\"wordCount\":380,\"commentCount\":0,\"publisher\":{\"@id\":\"https:\/\/www.justiceinfo.net\/fr#organization\"},\"articleSection\":[\"Fil d'info AFP\"],\"inLanguage\":\"fr-FR\",\"potentialAction\":[{\"@type\":\"CommentAction\",\"name\":\"Comment\",\"target\":[\"https:\/\/www.justiceinfo.net\/fr\/31270-rdc-neuf-morts-dans-des-violences-a-kinshasa-mardi-gouvernement.html#respond\"]}]},{\"@type\":\"WebPage\",\"@id\":\"https:\/\/www.justiceinfo.net\/fr\/31270-rdc-neuf-morts-dans-des-violences-a-kinshasa-mardi-gouvernement.html\",\"url\":\"https:\/\/www.justiceinfo.net\/fr\/31270-rdc-neuf-morts-dans-des-violences-a-kinshasa-mardi-gouvernement.html\",\"name\":\"RDC: neuf morts dans des violences \u00e0 Kinshasa mardi (gouvernement) - JusticeInfo.net\",\"isPartOf\":{\"@id\":\"https:\/\/www.justiceinfo.net\/fr#website\"},\"datePublished\":\"2016-12-20T17:20:37+00:00\",\"breadcrumb\":{\"@id\":\"https:\/\/www.justiceinfo.net\/fr\/31270-rdc-neuf-morts-dans-des-violences-a-kinshasa-mardi-gouvernement.html#breadcrumb\"},\"inLanguage\":\"fr-FR\",\"potentialAction\":[{\"@type\":\"ReadAction\",\"target\":[\"https:\/\/www.justiceinfo.net\/fr\/31270-rdc-neuf-morts-dans-des-violences-a-kinshasa-mardi-gouvernement.html\"]}]},{\"@type\":\"BreadcrumbList\",\"@id\":\"https:\/\/www.justiceinfo.net\/fr\/31270-rdc-neuf-morts-dans-des-violences-a-kinshasa-mardi-gouvernement.html#breadcrumb\",\"itemListElement\":[{\"@type\":\"ListItem\",\"position\":1,\"name\":\"Home\",\"item\":\"https:\/\/www.justiceinfo.net\/fr\"},{\"@type\":\"ListItem\",\"position\":2,\"name\":\"RDC: neuf morts dans des violences \u00e0 Kinshasa mardi (gouvernement)\"}]},{\"@type\":\"WebSite\",\"@id\":\"https:\/\/www.justiceinfo.net\/fr#website\",\"url\":\"https:\/\/www.justiceinfo.net\/fr\",\"name\":\"JusticeInfo.net\",\"description\":\"La justice doit \u00eatre vue pour \u00eatre rendue\",\"publisher\":{\"@id\":\"https:\/\/www.justiceinfo.net\/fr#organization\"},\"potentialAction\":[{\"@type\":\"SearchAction\",\"target\":{\"@type\":\"EntryPoint\",\"urlTemplate\":\"https:\/\/www.justiceinfo.net\/fr?s={search_term_string}\"},\"query-input\":{\"@type\":\"PropertyValueSpecification\",\"valueRequired\":true,\"valueName\":\"search_term_string\"}}],\"inLanguage\":\"fr-FR\"},{\"@type\":\"Organization\",\"@id\":\"https:\/\/www.justiceinfo.net\/fr#organization\",\"name\":\"Justice Info\",\"url\":\"https:\/\/www.justiceinfo.net\/fr\",\"logo\":{\"@type\":\"ImageObject\",\"inLanguage\":\"fr-FR\",\"@id\":\"https:\/\/www.justiceinfo.net\/fr#\/schema\/logo\/image\/\",\"url\":\"https:\/\/www.justiceinfo.net\/wp-content\/uploads\/justiceinfo_logo-trans_1200x1200px.png\",\"contentUrl\":\"https:\/\/www.justiceinfo.net\/wp-content\/uploads\/justiceinfo_logo-trans_1200x1200px.png\",\"width\":1199,\"height\":1200,\"caption\":\"Justice Info\"},\"image\":{\"@id\":\"https:\/\/www.justiceinfo.net\/fr#\/schema\/logo\/image\/\"},\"sameAs\":[\"https:\/\/www.facebook.com\/JusticeInfo\/\",\"https:\/\/x.com\/justiceinfonet\",\"https:\/\/www.linkedin.com\/company\/justice-info\",\"https:\/\/www.youtube.com\/channel\/UCyCEsARodyuWtkWyhn-e7pA\"]},{\"@type\":\"Person\",\"name\":\"AFP\",\"url\":\"\/fr\/?s=AFP\"}]}<\/script>\n<!-- \/ Yoast SEO Premium plugin. -->","yoast_head_json":{"title":"RDC: neuf morts dans des violences \u00e0 Kinshasa mardi (gouvernement) - JusticeInfo.net","robots":{"index":"index","follow":"follow","max-snippet":"max-snippet:-1","max-image-preview":"max-image-preview:large","max-video-preview":"max-video-preview:-1"},"canonical":"https:\/\/www.justiceinfo.net\/fr\/31270-rdc-neuf-morts-dans-des-violences-a-kinshasa-mardi-gouvernement.html","og_locale":"fr_FR","og_type":"article","og_title":"RDC: neuf morts dans des violences \u00e0 Kinshasa mardi (gouvernement)","og_description":"Neuf personnes ont \u00e9t\u00e9 tu\u00e9es dans des violences \u00e0 Kinshasa mardi, jour qui marque la fin du mandat du pr\u00e9sident Joseph Kabila, a d\u00e9clar\u00e9 \u00e0 l'AFP le porte-parole du gouvernement de la R\u00e9publique d\u00e9mocratique du Congo. \"A Kinshasa, il y a eu neuf morts, pas un seul de plus\", a dit le porte-parole du gouvernement, [&hellip;]","og_url":"https:\/\/www.justiceinfo.net\/fr\/31270-rdc-neuf-morts-dans-des-violences-a-kinshasa-mardi-gouvernement.html","og_site_name":"JusticeInfo.net","article_publisher":"https:\/\/www.facebook.com\/JusticeInfo\/","article_published_time":"2016-12-20T17:20:37+00:00","og_image":[{"width":1200,"height":630,"url":"https:\/\/www.justiceinfo.net\/wp-content\/uploads\/JusticeInfoNet_logo_1200x630px.jpg","type":"image\/jpeg"}],"author":"AFP","twitter_card":"summary_large_image","twitter_creator":"@justiceinfonet","twitter_site":"@justiceinfonet","twitter_misc":{"\u00c9crit par":"AFP","Dur\u00e9e de lecture estim\u00e9e":"2 minutes"},"schema":{"@context":"https:\/\/schema.org","@graph":[{"@type":"NewsArticle","@id":"https:\/\/www.justiceinfo.net\/fr\/31270-rdc-neuf-morts-dans-des-violences-a-kinshasa-mardi-gouvernement.html#article","isPartOf":{"@id":"https:\/\/www.justiceinfo.net\/fr\/31270-rdc-neuf-morts-dans-des-violences-a-kinshasa-mardi-gouvernement.html"},"author":{"name":"afp","@id":"https:\/\/www.justiceinfo.net\/fr#\/schema\/person\/713d340ef5f218fc36ce9b4244364a7f"},"headline":"RDC: neuf morts dans des violences \u00e0 Kinshasa mardi (gouvernement)","datePublished":"2016-12-20T17:20:37+00:00","mainEntityOfPage":{"@id":"https:\/\/www.justiceinfo.net\/fr\/31270-rdc-neuf-morts-dans-des-violences-a-kinshasa-mardi-gouvernement.html"},"wordCount":380,"commentCount":0,"publisher":{"@id":"https:\/\/www.justiceinfo.net\/fr#organization"},"articleSection":["Fil d'info AFP"],"inLanguage":"fr-FR","potentialAction":[{"@type":"CommentAction","name":"Comment","target":["https:\/\/www.justiceinfo.net\/fr\/31270-rdc-neuf-morts-dans-des-violences-a-kinshasa-mardi-gouvernement.html#respond"]}]},{"@type":"WebPage","@id":"https:\/\/www.justiceinfo.net\/fr\/31270-rdc-neuf-morts-dans-des-violences-a-kinshasa-mardi-gouvernement.html","url":"https:\/\/www.justiceinfo.net\/fr\/31270-rdc-neuf-morts-dans-des-violences-a-kinshasa-mardi-gouvernement.html","name":"RDC: neuf morts dans des violences \u00e0 Kinshasa mardi (gouvernement) - JusticeInfo.net","isPartOf":{"@id":"https:\/\/www.justiceinfo.net\/fr#website"},"datePublished":"2016-12-20T17:20:37+00:00","breadcrumb":{"@id":"https:\/\/www.justiceinfo.net\/fr\/31270-rdc-neuf-morts-dans-des-violences-a-kinshasa-mardi-gouvernement.html#breadcrumb"},"inLanguage":"fr-FR","potentialAction":[{"@type":"ReadAction","target":["https:\/\/www.justiceinfo.net\/fr\/31270-rdc-neuf-morts-dans-des-violences-a-kinshasa-mardi-gouvernement.html"]}]},{"@type":"BreadcrumbList","@id":"https:\/\/www.justiceinfo.net\/fr\/31270-rdc-neuf-morts-dans-des-violences-a-kinshasa-mardi-gouvernement.html#breadcrumb","itemListElement":[{"@type":"ListItem","position":1,"name":"Home","item":"https:\/\/www.justiceinfo.net\/fr"},{"@type":"ListItem","position":2,"name":"RDC: neuf morts dans des violences \u00e0 Kinshasa mardi (gouvernement)"}]},{"@type":"WebSite","@id":"https:\/\/www.justiceinfo.net\/fr#website","url":"https:\/\/www.justiceinfo.net\/fr","name":"JusticeInfo.net","description":"La justice doit \u00eatre vue pour \u00eatre rendue","publisher":{"@id":"https:\/\/www.justiceinfo.net\/fr#organization"},"potentialAction":[{"@type":"SearchAction","target":{"@type":"EntryPoint","urlTemplate":"https:\/\/www.justiceinfo.net\/fr?s={search_term_string}"},"query-input":{"@type":"PropertyValueSpecification","valueRequired":true,"valueName":"search_term_string"}}],"inLanguage":"fr-FR"},{"@type":"Organization","@id":"https:\/\/www.justiceinfo.net\/fr#organization","name":"Justice Info","url":"https:\/\/www.justiceinfo.net\/fr","logo":{"@type":"ImageObject","inLanguage":"fr-FR","@id":"https:\/\/www.justiceinfo.net\/fr#\/schema\/logo\/image\/","url":"https:\/\/www.justiceinfo.net\/wp-content\/uploads\/justiceinfo_logo-trans_1200x1200px.png","contentUrl":"https:\/\/www.justiceinfo.net\/wp-content\/uploads\/justiceinfo_logo-trans_1200x1200px.png","width":1199,"height":1200,"caption":"Justice Info"},"image":{"@id":"https:\/\/www.justiceinfo.net\/fr#\/schema\/logo\/image\/"},"sameAs":["https:\/\/www.facebook.com\/JusticeInfo\/","https:\/\/x.com\/justiceinfonet","https:\/\/www.linkedin.com\/company\/justice-info","https:\/\/www.youtube.com\/channel\/UCyCEsARodyuWtkWyhn-e7pA"]},{"@type":"Person","name":"AFP","url":"\/fr\/?s=AFP"}]}},"_links":{"self":[{"href":"https:\/\/www.justiceinfo.net\/fr\/wp-json\/wp\/v2\/posts\/31270","targetHints":{"allow":["GET"]}}],"collection":[{"href":"https:\/\/www.justiceinfo.net\/fr\/wp-json\/wp\/v2\/posts"}],"about":[{"href":"https:\/\/www.justiceinfo.net\/fr\/wp-json\/wp\/v2\/types\/post"}],"author":[{"embeddable":true,"href":"https:\/\/www.justiceinfo.net\/fr\/wp-json\/wp\/v2\/users\/60"}],"replies":[{"embeddable":true,"href":"https:\/\/www.justiceinfo.net\/fr\/wp-json\/wp\/v2\/comments?post=31270"}],"version-history":[{"count":0,"href":"https:\/\/www.justiceinfo.net\/fr\/wp-json\/wp\/v2\/posts\/31270\/revisions"}],"wp:attachment":[{"href":"https:\/\/www.justiceinfo.net\/fr\/wp-json\/wp\/v2\/media?parent=31270"}],"wp:term":[{"taxonomy":"category","embeddable":true,"href":"https:\/\/www.justiceinfo.net\/fr\/wp-json\/wp\/v2\/categories?post=31270"},{"taxonomy":"post_tag","embeddable":true,"href":"https:\/\/www.justiceinfo.net\/fr\/wp-json\/wp\/v2\/tags?post=31270"},{"taxonomy":"ji_location","embeddable":true,"href":"https:\/\/www.justiceinfo.net\/fr\/wp-json\/wp\/v2\/ji_location?post=31270"}],"curies":[{"name":"wp","href":"https:\/\/api.w.org\/{rel}","templated":true}]}}