{"id":31288,"date":"2016-12-21T14:44:13","date_gmt":"2016-12-21T13:44:13","guid":{"rendered":"https:\/\/www.justiceinfo.net\/31288-crise-en-rd-congo-ultimatum-des-eveques-a-la-classe-politique-pour-un-accord-avant-noel.html"},"modified":"2016-12-21T14:44:13","modified_gmt":"2016-12-21T13:44:13","slug":"crise-en-rd-congo-ultimatum-des-eveques-a-la-classe-politique-pour-un-accord-avant-noel","status":"publish","type":"post","link":"https:\/\/www.justiceinfo.net\/fr\/31288-crise-en-rd-congo-ultimatum-des-eveques-a-la-classe-politique-pour-un-accord-avant-noel.html","title":{"rendered":"Crise en RD Congo : ultimatum des \u00e9v\u00eaques \u00e0 la classe politique pour un accord \"avant No\u00ebl\""},"content":{"rendered":"<div class=\"txt-textContent\">\n<div class=\"text fontsize_0 jq_Content jq_langdir\">\n<p>Les \u00e9v\u00eaques catholiques de la R\u00e9publique d\u00e9mocratique du Congo ont adress\u00e9 mercredi un ultimatum aux hommes politiques du pays, les pressant de s'entendre \"avant No\u00ebl\" sur une voie de sortie de la crise provoqu\u00e9e par le maintien au pouvoir du pr\u00e9sident Joseph Kabila.<\/p>\n<p>La Conf\u00e9rence \u00e9piscopale nationale du Congo (Cenco) \"n'est pas dispos\u00e9e \u00e0 des prolongements indus et \u00e0 des man\u0153uvres dilatoires\", a d\u00e9clar\u00e9 son pr\u00e9sident, Mgr Marcel Utembi, \u00e0 la reprise des n\u00e9gociations arbitr\u00e9es par l'\u00c9glise.<\/p>\n<p>\"Notre souhait est de cl\u00f4turer avant No\u00ebl. Si les acteurs politiques et de la soci\u00e9t\u00e9 civile n'arrivent pas \u00e0 un compromis \u00e0 cette \u00e9ch\u00e9ance, \u00e0 faire des concessions pour une gestion consensuelle de la p\u00e9riode transitoire, la Cenco en tirera toutes les cons\u00e9quences qui s'imposent\", a-t-il ajout\u00e9.<\/p>\n<p>La RDC a connu mardi, jour du terme du mandat du pr\u00e9sident Kabila, une journ\u00e9e de violences li\u00e9es \u00e0 la contestation de son maintien au pouvoir au-del\u00e0 du terme de son mandat.<\/p>\n<p>Selon un \"bilan provisoire\" donn\u00e9 \u00e0 la presse par le chef du Bureau conjoint des Nations unies pour les droits de l'Homme en RDC (BCNUDH), Jos\u00e9 Maria Aranaz, 19 personnes ont \u00e9t\u00e9 tu\u00e9es mardi \u00e0 Kinshasa, Lubumbashi (Sud-Est) et Matadi (Ouest), et 45 autres bless\u00e9es.<\/p>\n<p>Selon les autorit\u00e9s, il y a eu onze morts : neuf dans la capitale et deux \u00e0 Lubumbashi. Le porte-parole du gouvernement, Lambert Mende, a mis au d\u00e9fi quiconque de prouver que le bilan officiel des morts \u00e0 Kinshasa n'\u00e9tait pas conforme \u00e0 la r\u00e9alit\u00e9.<\/p>\n<p>L'\u00c9glise catholique a jou\u00e9 un r\u00f4le majeur dans l'ouverture d\u00e9mocratique de la d\u00e9cennie 1990 en RDC pendant les derni\u00e8res ann\u00e9es du r\u00e8gne du dictateur Mobutu Sese Seko, renvers\u00e9 en 1997 par Laurent-D\u00e9sir\u00e9 Kabila, p\u00e8re de l'actuel pr\u00e9sident congolais.<\/p>\n<p>Elle jouit en RDC d'une audience sur les questions politiques qui d\u00e9passe largement le cercle de ses fid\u00e8les, qui repr\u00e9sentent environ 40% de la population.<\/p>\n<\/div>\n<\/div>\n","protected":false},"excerpt":{"rendered":"<p>Les \u00e9v\u00eaques catholiques de la R\u00e9publique d\u00e9mocratique du Congo ont adress\u00e9 mercredi un ultimatum aux hommes politiques du pays, les pressant de s'entendre \"avant No\u00ebl\" sur une voie de sortie de la crise provoqu\u00e9e par le maintien au pouvoir du pr\u00e9sident Joseph Kabila. La Conf\u00e9rence \u00e9piscopale nationale du Congo (Cenco) \"n'est pas dispos\u00e9e \u00e0 des [&hellip;]<\/p>\n","protected":false},"author":60,"featured_media":0,"comment_status":"open","ping_status":"closed","sticky":false,"template":"","format":"standard","meta":{"_acf_changed":false,"footnotes":""},"categories":[2576],"tags":[],"ji_location":[2196],"class_list":["post-31288","post","type-post","status-publish","format-standard","hentry","category-fil-d-actualite","ji_location-republique-democratique-du-congo"],"acf":[],"yoast_head":"<!-- This site is optimized with the Yoast SEO Premium plugin v25.3.1 (Yoast SEO v25.3.1) - https:\/\/yoast.com\/wordpress\/plugins\/seo\/ -->\n<title>Crise en RD Congo : ultimatum des \u00e9v\u00eaques \u00e0 la classe politique pour un accord &quot;avant No\u00ebl&quot; - JusticeInfo.net<\/title>\n<meta name=\"robots\" content=\"index, follow, max-snippet:-1, max-image-preview:large, max-video-preview:-1\" \/>\n<link rel=\"canonical\" href=\"https:\/\/www.justiceinfo.net\/fr\/31288-crise-en-rd-congo-ultimatum-des-eveques-a-la-classe-politique-pour-un-accord-avant-noel.html\" \/>\n<meta property=\"og:locale\" content=\"fr_FR\" \/>\n<meta property=\"og:type\" content=\"article\" \/>\n<meta property=\"og:title\" content=\"Crise en RD Congo : ultimatum des \u00e9v\u00eaques \u00e0 la classe politique pour un accord &quot;avant No\u00ebl&quot;\" \/>\n<meta property=\"og:description\" content=\"Les \u00e9v\u00eaques catholiques de la R\u00e9publique d\u00e9mocratique du Congo ont adress\u00e9 mercredi un ultimatum aux hommes politiques du pays, les pressant de s&#039;entendre &quot;avant No\u00ebl&quot; sur une voie de sortie de la crise provoqu\u00e9e par le maintien au pouvoir du pr\u00e9sident Joseph Kabila. La Conf\u00e9rence \u00e9piscopale nationale du Congo (Cenco) &quot;n&#039;est pas dispos\u00e9e \u00e0 des [&hellip;]\" \/>\n<meta property=\"og:url\" content=\"https:\/\/www.justiceinfo.net\/fr\/31288-crise-en-rd-congo-ultimatum-des-eveques-a-la-classe-politique-pour-un-accord-avant-noel.html\" \/>\n<meta property=\"og:site_name\" content=\"JusticeInfo.net\" \/>\n<meta property=\"article:publisher\" content=\"https:\/\/www.facebook.com\/JusticeInfo\/\" \/>\n<meta property=\"article:published_time\" content=\"2016-12-21T13:44:13+00:00\" \/>\n<meta property=\"og:image\" content=\"https:\/\/www.justiceinfo.net\/wp-content\/uploads\/JusticeInfoNet_logo_1200x630px.jpg\" \/>\n\t<meta property=\"og:image:width\" content=\"1200\" \/>\n\t<meta property=\"og:image:height\" content=\"630\" \/>\n\t<meta property=\"og:image:type\" content=\"image\/jpeg\" \/>\n<meta name=\"author\" content=\"AFP\" \/>\n<meta name=\"twitter:card\" content=\"summary_large_image\" \/>\n<meta name=\"twitter:creator\" content=\"@justiceinfonet\" \/>\n<meta name=\"twitter:site\" content=\"@justiceinfonet\" \/>\n<meta name=\"twitter:label1\" content=\"\u00c9crit par\" \/>\n\t<meta name=\"twitter:data1\" content=\"AFP\" \/>\n\t<meta name=\"twitter:label2\" content=\"Dur\u00e9e de lecture estim\u00e9e\" \/>\n\t<meta name=\"twitter:data2\" content=\"2 minutes\" \/>\n<script type=\"application\/ld+json\" class=\"yoast-schema-graph\">{\"@context\":\"https:\/\/schema.org\",\"@graph\":[{\"@type\":\"NewsArticle\",\"@id\":\"https:\/\/www.justiceinfo.net\/fr\/31288-crise-en-rd-congo-ultimatum-des-eveques-a-la-classe-politique-pour-un-accord-avant-noel.html#article\",\"isPartOf\":{\"@id\":\"https:\/\/www.justiceinfo.net\/fr\/31288-crise-en-rd-congo-ultimatum-des-eveques-a-la-classe-politique-pour-un-accord-avant-noel.html\"},\"author\":{\"name\":\"afp\",\"@id\":\"https:\/\/www.justiceinfo.net\/fr#\/schema\/person\/713d340ef5f218fc36ce9b4244364a7f\"},\"headline\":\"Crise en RD Congo : ultimatum des \u00e9v\u00eaques \u00e0 la classe politique pour un accord \\\"avant No\u00ebl\\\"\",\"datePublished\":\"2016-12-21T13:44:13+00:00\",\"mainEntityOfPage\":{\"@id\":\"https:\/\/www.justiceinfo.net\/fr\/31288-crise-en-rd-congo-ultimatum-des-eveques-a-la-classe-politique-pour-un-accord-avant-noel.html\"},\"wordCount\":358,\"commentCount\":0,\"publisher\":{\"@id\":\"https:\/\/www.justiceinfo.net\/fr#organization\"},\"articleSection\":[\"Fil d'info AFP\"],\"inLanguage\":\"fr-FR\",\"potentialAction\":[{\"@type\":\"CommentAction\",\"name\":\"Comment\",\"target\":[\"https:\/\/www.justiceinfo.net\/fr\/31288-crise-en-rd-congo-ultimatum-des-eveques-a-la-classe-politique-pour-un-accord-avant-noel.html#respond\"]}]},{\"@type\":\"WebPage\",\"@id\":\"https:\/\/www.justiceinfo.net\/fr\/31288-crise-en-rd-congo-ultimatum-des-eveques-a-la-classe-politique-pour-un-accord-avant-noel.html\",\"url\":\"https:\/\/www.justiceinfo.net\/fr\/31288-crise-en-rd-congo-ultimatum-des-eveques-a-la-classe-politique-pour-un-accord-avant-noel.html\",\"name\":\"Crise en RD Congo : ultimatum des \u00e9v\u00eaques \u00e0 la classe politique pour un accord \\\"avant No\u00ebl\\\" - JusticeInfo.net\",\"isPartOf\":{\"@id\":\"https:\/\/www.justiceinfo.net\/fr#website\"},\"datePublished\":\"2016-12-21T13:44:13+00:00\",\"breadcrumb\":{\"@id\":\"https:\/\/www.justiceinfo.net\/fr\/31288-crise-en-rd-congo-ultimatum-des-eveques-a-la-classe-politique-pour-un-accord-avant-noel.html#breadcrumb\"},\"inLanguage\":\"fr-FR\",\"potentialAction\":[{\"@type\":\"ReadAction\",\"target\":[\"https:\/\/www.justiceinfo.net\/fr\/31288-crise-en-rd-congo-ultimatum-des-eveques-a-la-classe-politique-pour-un-accord-avant-noel.html\"]}]},{\"@type\":\"BreadcrumbList\",\"@id\":\"https:\/\/www.justiceinfo.net\/fr\/31288-crise-en-rd-congo-ultimatum-des-eveques-a-la-classe-politique-pour-un-accord-avant-noel.html#breadcrumb\",\"itemListElement\":[{\"@type\":\"ListItem\",\"position\":1,\"name\":\"Home\",\"item\":\"https:\/\/www.justiceinfo.net\/fr\"},{\"@type\":\"ListItem\",\"position\":2,\"name\":\"Crise en RD Congo : ultimatum des \u00e9v\u00eaques \u00e0 la classe politique pour un accord \\\"avant No\u00ebl\\\"\"}]},{\"@type\":\"WebSite\",\"@id\":\"https:\/\/www.justiceinfo.net\/fr#website\",\"url\":\"https:\/\/www.justiceinfo.net\/fr\",\"name\":\"JusticeInfo.net\",\"description\":\"La justice doit \u00eatre vue pour \u00eatre rendue\",\"publisher\":{\"@id\":\"https:\/\/www.justiceinfo.net\/fr#organization\"},\"potentialAction\":[{\"@type\":\"SearchAction\",\"target\":{\"@type\":\"EntryPoint\",\"urlTemplate\":\"https:\/\/www.justiceinfo.net\/fr?s={search_term_string}\"},\"query-input\":{\"@type\":\"PropertyValueSpecification\",\"valueRequired\":true,\"valueName\":\"search_term_string\"}}],\"inLanguage\":\"fr-FR\"},{\"@type\":\"Organization\",\"@id\":\"https:\/\/www.justiceinfo.net\/fr#organization\",\"name\":\"Justice Info\",\"url\":\"https:\/\/www.justiceinfo.net\/fr\",\"logo\":{\"@type\":\"ImageObject\",\"inLanguage\":\"fr-FR\",\"@id\":\"https:\/\/www.justiceinfo.net\/fr#\/schema\/logo\/image\/\",\"url\":\"https:\/\/www.justiceinfo.net\/wp-content\/uploads\/justiceinfo_logo-trans_1200x1200px.png\",\"contentUrl\":\"https:\/\/www.justiceinfo.net\/wp-content\/uploads\/justiceinfo_logo-trans_1200x1200px.png\",\"width\":1199,\"height\":1200,\"caption\":\"Justice Info\"},\"image\":{\"@id\":\"https:\/\/www.justiceinfo.net\/fr#\/schema\/logo\/image\/\"},\"sameAs\":[\"https:\/\/www.facebook.com\/JusticeInfo\/\",\"https:\/\/x.com\/justiceinfonet\",\"https:\/\/www.linkedin.com\/company\/justice-info\",\"https:\/\/www.youtube.com\/channel\/UCyCEsARodyuWtkWyhn-e7pA\"]},{\"@type\":\"Person\",\"name\":\"AFP\",\"url\":\"\/fr\/?s=AFP\"}]}<\/script>\n<!-- \/ Yoast SEO Premium plugin. -->","yoast_head_json":{"title":"Crise en RD Congo : ultimatum des \u00e9v\u00eaques \u00e0 la classe politique pour un accord \"avant No\u00ebl\" - JusticeInfo.net","robots":{"index":"index","follow":"follow","max-snippet":"max-snippet:-1","max-image-preview":"max-image-preview:large","max-video-preview":"max-video-preview:-1"},"canonical":"https:\/\/www.justiceinfo.net\/fr\/31288-crise-en-rd-congo-ultimatum-des-eveques-a-la-classe-politique-pour-un-accord-avant-noel.html","og_locale":"fr_FR","og_type":"article","og_title":"Crise en RD Congo : ultimatum des \u00e9v\u00eaques \u00e0 la classe politique pour un accord \"avant No\u00ebl\"","og_description":"Les \u00e9v\u00eaques catholiques de la R\u00e9publique d\u00e9mocratique du Congo ont adress\u00e9 mercredi un ultimatum aux hommes politiques du pays, les pressant de s'entendre \"avant No\u00ebl\" sur une voie de sortie de la crise provoqu\u00e9e par le maintien au pouvoir du pr\u00e9sident Joseph Kabila. La Conf\u00e9rence \u00e9piscopale nationale du Congo (Cenco) \"n'est pas dispos\u00e9e \u00e0 des [&hellip;]","og_url":"https:\/\/www.justiceinfo.net\/fr\/31288-crise-en-rd-congo-ultimatum-des-eveques-a-la-classe-politique-pour-un-accord-avant-noel.html","og_site_name":"JusticeInfo.net","article_publisher":"https:\/\/www.facebook.com\/JusticeInfo\/","article_published_time":"2016-12-21T13:44:13+00:00","og_image":[{"width":1200,"height":630,"url":"https:\/\/www.justiceinfo.net\/wp-content\/uploads\/JusticeInfoNet_logo_1200x630px.jpg","type":"image\/jpeg"}],"author":"AFP","twitter_card":"summary_large_image","twitter_creator":"@justiceinfonet","twitter_site":"@justiceinfonet","twitter_misc":{"\u00c9crit par":"AFP","Dur\u00e9e de lecture estim\u00e9e":"2 minutes"},"schema":{"@context":"https:\/\/schema.org","@graph":[{"@type":"NewsArticle","@id":"https:\/\/www.justiceinfo.net\/fr\/31288-crise-en-rd-congo-ultimatum-des-eveques-a-la-classe-politique-pour-un-accord-avant-noel.html#article","isPartOf":{"@id":"https:\/\/www.justiceinfo.net\/fr\/31288-crise-en-rd-congo-ultimatum-des-eveques-a-la-classe-politique-pour-un-accord-avant-noel.html"},"author":{"name":"afp","@id":"https:\/\/www.justiceinfo.net\/fr#\/schema\/person\/713d340ef5f218fc36ce9b4244364a7f"},"headline":"Crise en RD Congo : ultimatum des \u00e9v\u00eaques \u00e0 la classe politique pour un accord \"avant No\u00ebl\"","datePublished":"2016-12-21T13:44:13+00:00","mainEntityOfPage":{"@id":"https:\/\/www.justiceinfo.net\/fr\/31288-crise-en-rd-congo-ultimatum-des-eveques-a-la-classe-politique-pour-un-accord-avant-noel.html"},"wordCount":358,"commentCount":0,"publisher":{"@id":"https:\/\/www.justiceinfo.net\/fr#organization"},"articleSection":["Fil d'info AFP"],"inLanguage":"fr-FR","potentialAction":[{"@type":"CommentAction","name":"Comment","target":["https:\/\/www.justiceinfo.net\/fr\/31288-crise-en-rd-congo-ultimatum-des-eveques-a-la-classe-politique-pour-un-accord-avant-noel.html#respond"]}]},{"@type":"WebPage","@id":"https:\/\/www.justiceinfo.net\/fr\/31288-crise-en-rd-congo-ultimatum-des-eveques-a-la-classe-politique-pour-un-accord-avant-noel.html","url":"https:\/\/www.justiceinfo.net\/fr\/31288-crise-en-rd-congo-ultimatum-des-eveques-a-la-classe-politique-pour-un-accord-avant-noel.html","name":"Crise en RD Congo : ultimatum des \u00e9v\u00eaques \u00e0 la classe politique pour un accord \"avant No\u00ebl\" - JusticeInfo.net","isPartOf":{"@id":"https:\/\/www.justiceinfo.net\/fr#website"},"datePublished":"2016-12-21T13:44:13+00:00","breadcrumb":{"@id":"https:\/\/www.justiceinfo.net\/fr\/31288-crise-en-rd-congo-ultimatum-des-eveques-a-la-classe-politique-pour-un-accord-avant-noel.html#breadcrumb"},"inLanguage":"fr-FR","potentialAction":[{"@type":"ReadAction","target":["https:\/\/www.justiceinfo.net\/fr\/31288-crise-en-rd-congo-ultimatum-des-eveques-a-la-classe-politique-pour-un-accord-avant-noel.html"]}]},{"@type":"BreadcrumbList","@id":"https:\/\/www.justiceinfo.net\/fr\/31288-crise-en-rd-congo-ultimatum-des-eveques-a-la-classe-politique-pour-un-accord-avant-noel.html#breadcrumb","itemListElement":[{"@type":"ListItem","position":1,"name":"Home","item":"https:\/\/www.justiceinfo.net\/fr"},{"@type":"ListItem","position":2,"name":"Crise en RD Congo : ultimatum des \u00e9v\u00eaques \u00e0 la classe politique pour un accord \"avant No\u00ebl\""}]},{"@type":"WebSite","@id":"https:\/\/www.justiceinfo.net\/fr#website","url":"https:\/\/www.justiceinfo.net\/fr","name":"JusticeInfo.net","description":"La justice doit \u00eatre vue pour \u00eatre rendue","publisher":{"@id":"https:\/\/www.justiceinfo.net\/fr#organization"},"potentialAction":[{"@type":"SearchAction","target":{"@type":"EntryPoint","urlTemplate":"https:\/\/www.justiceinfo.net\/fr?s={search_term_string}"},"query-input":{"@type":"PropertyValueSpecification","valueRequired":true,"valueName":"search_term_string"}}],"inLanguage":"fr-FR"},{"@type":"Organization","@id":"https:\/\/www.justiceinfo.net\/fr#organization","name":"Justice Info","url":"https:\/\/www.justiceinfo.net\/fr","logo":{"@type":"ImageObject","inLanguage":"fr-FR","@id":"https:\/\/www.justiceinfo.net\/fr#\/schema\/logo\/image\/","url":"https:\/\/www.justiceinfo.net\/wp-content\/uploads\/justiceinfo_logo-trans_1200x1200px.png","contentUrl":"https:\/\/www.justiceinfo.net\/wp-content\/uploads\/justiceinfo_logo-trans_1200x1200px.png","width":1199,"height":1200,"caption":"Justice Info"},"image":{"@id":"https:\/\/www.justiceinfo.net\/fr#\/schema\/logo\/image\/"},"sameAs":["https:\/\/www.facebook.com\/JusticeInfo\/","https:\/\/x.com\/justiceinfonet","https:\/\/www.linkedin.com\/company\/justice-info","https:\/\/www.youtube.com\/channel\/UCyCEsARodyuWtkWyhn-e7pA"]},{"@type":"Person","name":"AFP","url":"\/fr\/?s=AFP"}]}},"_links":{"self":[{"href":"https:\/\/www.justiceinfo.net\/fr\/wp-json\/wp\/v2\/posts\/31288","targetHints":{"allow":["GET"]}}],"collection":[{"href":"https:\/\/www.justiceinfo.net\/fr\/wp-json\/wp\/v2\/posts"}],"about":[{"href":"https:\/\/www.justiceinfo.net\/fr\/wp-json\/wp\/v2\/types\/post"}],"author":[{"embeddable":true,"href":"https:\/\/www.justiceinfo.net\/fr\/wp-json\/wp\/v2\/users\/60"}],"replies":[{"embeddable":true,"href":"https:\/\/www.justiceinfo.net\/fr\/wp-json\/wp\/v2\/comments?post=31288"}],"version-history":[{"count":0,"href":"https:\/\/www.justiceinfo.net\/fr\/wp-json\/wp\/v2\/posts\/31288\/revisions"}],"wp:attachment":[{"href":"https:\/\/www.justiceinfo.net\/fr\/wp-json\/wp\/v2\/media?parent=31288"}],"wp:term":[{"taxonomy":"category","embeddable":true,"href":"https:\/\/www.justiceinfo.net\/fr\/wp-json\/wp\/v2\/categories?post=31288"},{"taxonomy":"post_tag","embeddable":true,"href":"https:\/\/www.justiceinfo.net\/fr\/wp-json\/wp\/v2\/tags?post=31288"},{"taxonomy":"ji_location","embeddable":true,"href":"https:\/\/www.justiceinfo.net\/fr\/wp-json\/wp\/v2\/ji_location?post=31288"}],"curies":[{"name":"wp","href":"https:\/\/api.w.org\/{rel}","templated":true}]}}