{"id":31310,"date":"2016-12-22T08:05:56","date_gmt":"2016-12-22T07:05:56","guid":{"rendered":"https:\/\/www.justiceinfo.net\/31310-violences-en-rd-congo-bouclage-et-arrestations-a-lubumbashi.html"},"modified":"2016-12-22T08:05:56","modified_gmt":"2016-12-22T07:05:56","slug":"violences-en-rd-congo-bouclage-et-arrestations-a-lubumbashi","status":"publish","type":"post","link":"https:\/\/www.justiceinfo.net\/fr\/31310-violences-en-rd-congo-bouclage-et-arrestations-a-lubumbashi.html","title":{"rendered":"Violences en RD Congo : bouclage et arrestations \u00e0 Lubumbashi"},"content":{"rendered":"<div class=\"txt-textContent\">\n<div class=\"text fontsize_0 jq_Content jq_langdir\">\n<p>L'arm\u00e9e congolaise a boucl\u00e9 jeudi matin un quartier de Lubumbashi, o\u00f9 elle proc\u00e9dait \u00e0 des arrestations massives d'individus de sexe masculin, ont indiqu\u00e9 \u00e0 l'AFP cinq habitants ou riverains.<\/p>\n<p>Le bouclage du quartier Matshipisha-Gbadolite, dans le sud de la deuxi\u00e8me ville de la R\u00e9publique d\u00e9mocratique du Congo, a commenc\u00e9 au lever du jour, vers 05H00 (03H00 GMT), selon ces sources.<\/p>\n<p>La veille, le gouverneur de la province du Haut-Katanga, Jean-Claude Kazembe avait d\u00fb fuir sous des jets de pierres apr\u00e8s avoir tent\u00e9 \u00e0 Matshipisha une \"marche de la paix\" destin\u00e9e \u00e0 montrer que les autorit\u00e9s ma\u00eetrisaient la zone au lendemain d'affrontements meurtriers entre les forces de l'ordre et des jeunes hostiles au pr\u00e9sident Joseph Kabila.<\/p>\n<p>\"L'arm\u00e9e vient de boucler le quartier et proc\u00e8de \u00e0 l'arrestation de tous les jeunes gar\u00e7ons\", adolescents et jeunes gens, a expliqu\u00e9 un habitant.\u00a0<\/p>\n<p>\"Tout au long de la route [goudronn\u00e9e qui d\u00e9limite le quartier], il y a des militaires\", a d\u00e9clar\u00e9 par t\u00e9l\u00e9phone un habitant du quartier voisin.<\/p>\n<p>On peut voir des soldats qui \"cherchent les jeunes maison par maison\", a-t-il ajout\u00e9.<\/p>\n<p>\"On arr\u00eate tout homme, avec ou sans pi\u00e8ce d'identit\u00e9. On les mets dans des camions pour une direction inconnue\", a dit une habitante affirmant que deux adolescents et un homme dans la force de l'\u00e2ge avaient \u00e9t\u00e9 arr\u00eat\u00e9s dans sa parcelle.<\/p>\n<p>\"J'ai vu passer trois camions remplis de jeunes gens\", a affirm\u00e9 un autre habitant.<\/p>\n<p>Capitale du Haut-Katanga, Lubumbashi est le fief de l'opposant en exil Mo\u00efse Katumbi.<\/p>\n<p>Mardi, au dernier jour du mandat de M. Kabila, Kinshasa, Lubumbashi et d'autres villes du Congo ont \u00e9t\u00e9 le th\u00e9\u00e2tre d'affrontements meurtriers.<\/p>\n<p>Ces heurts ont oppos\u00e9 les forces de l'ordre \u00e0 des jeunes entendant d\u00e9noncer le maintien au pouvoir du chef de l'\u00c9tat \u00e0 la suite du renvoi sine die de la pr\u00e9sidentielle.<\/p>\n<p>A Matshipisha - quartier r\u00e9put\u00e9 habit\u00e9 par des Kasa\u00efens - 8 personnes ont \u00e9t\u00e9 tu\u00e9es, et 47 bless\u00e9s, selon la police.<\/p>\n<p>M. Kazembe a fait porter la responsabilit\u00e9 des violences \u00e0 plusieurs dizaines de \"voyous venus de Mbuji-Mayi et Kananga\", les deux grandes villes de la r\u00e9gion du Kasa\u00ef (centre), dont est originaire l'opposant historique \u00c9tienne Tshisekedi.<\/p>\n<p>M. Tshisekedi, 84 ans, a appel\u00e9 \u00e0 \"r\u00e9sister pacifiquement\" contre le maintien au pouvoir de M. Kabila.<\/p>\n<p>Le d\u00e9but de la d\u00e9cennie 1990 a \u00e9t\u00e9 marqu\u00e9e au Katanga, \u00e0 l'instigation des autorit\u00e9s locales et nationales, par des massacres \u00e0 grande \u00e9chelle des Kasa\u00efens r\u00e9sidant dans la r\u00e9gion, accus\u00e9s de voler les emplois des autochtones.<\/p>\n<\/div>\n<\/div>\n","protected":false},"excerpt":{"rendered":"<p>L'arm\u00e9e congolaise a boucl\u00e9 jeudi matin un quartier de Lubumbashi, o\u00f9 elle proc\u00e9dait \u00e0 des arrestations massives d'individus de sexe masculin, ont indiqu\u00e9 \u00e0 l'AFP cinq habitants ou riverains. Le bouclage du quartier Matshipisha-Gbadolite, dans le sud de la deuxi\u00e8me ville de la R\u00e9publique d\u00e9mocratique du Congo, a commenc\u00e9 au lever du jour, vers 05H00 [&hellip;]<\/p>\n","protected":false},"author":60,"featured_media":0,"comment_status":"open","ping_status":"closed","sticky":false,"template":"","format":"standard","meta":{"_acf_changed":false,"footnotes":""},"categories":[2576],"tags":[],"ji_location":[2196],"class_list":["post-31310","post","type-post","status-publish","format-standard","hentry","category-fil-d-actualite","ji_location-republique-democratique-du-congo"],"acf":[],"yoast_head":"<!-- This site is optimized with the Yoast SEO Premium plugin v25.3.1 (Yoast SEO v25.3.1) - https:\/\/yoast.com\/wordpress\/plugins\/seo\/ -->\n<title>Violences en RD Congo : bouclage et arrestations \u00e0 Lubumbashi - JusticeInfo.net<\/title>\n<meta name=\"robots\" content=\"index, follow, max-snippet:-1, max-image-preview:large, max-video-preview:-1\" \/>\n<link rel=\"canonical\" href=\"https:\/\/www.justiceinfo.net\/fr\/31310-violences-en-rd-congo-bouclage-et-arrestations-a-lubumbashi.html\" \/>\n<meta property=\"og:locale\" content=\"fr_FR\" \/>\n<meta property=\"og:type\" content=\"article\" \/>\n<meta property=\"og:title\" content=\"Violences en RD Congo : bouclage et arrestations \u00e0 Lubumbashi\" \/>\n<meta property=\"og:description\" content=\"L&#039;arm\u00e9e congolaise a boucl\u00e9 jeudi matin un quartier de Lubumbashi, o\u00f9 elle proc\u00e9dait \u00e0 des arrestations massives d&#039;individus de sexe masculin, ont indiqu\u00e9 \u00e0 l&#039;AFP cinq habitants ou riverains. Le bouclage du quartier Matshipisha-Gbadolite, dans le sud de la deuxi\u00e8me ville de la R\u00e9publique d\u00e9mocratique du Congo, a commenc\u00e9 au lever du jour, vers 05H00 [&hellip;]\" \/>\n<meta property=\"og:url\" content=\"https:\/\/www.justiceinfo.net\/fr\/31310-violences-en-rd-congo-bouclage-et-arrestations-a-lubumbashi.html\" \/>\n<meta property=\"og:site_name\" content=\"JusticeInfo.net\" \/>\n<meta property=\"article:publisher\" content=\"https:\/\/www.facebook.com\/JusticeInfo\/\" \/>\n<meta property=\"article:published_time\" content=\"2016-12-22T07:05:56+00:00\" \/>\n<meta property=\"og:image\" content=\"https:\/\/www.justiceinfo.net\/wp-content\/uploads\/JusticeInfoNet_logo_1200x630px.jpg\" \/>\n\t<meta property=\"og:image:width\" content=\"1200\" \/>\n\t<meta property=\"og:image:height\" content=\"630\" \/>\n\t<meta property=\"og:image:type\" content=\"image\/jpeg\" \/>\n<meta name=\"author\" content=\"AFP\" \/>\n<meta name=\"twitter:card\" content=\"summary_large_image\" \/>\n<meta name=\"twitter:creator\" content=\"@justiceinfonet\" \/>\n<meta name=\"twitter:site\" content=\"@justiceinfonet\" \/>\n<meta name=\"twitter:label1\" content=\"\u00c9crit par\" \/>\n\t<meta name=\"twitter:data1\" content=\"AFP\" \/>\n\t<meta name=\"twitter:label2\" content=\"Dur\u00e9e de lecture estim\u00e9e\" \/>\n\t<meta name=\"twitter:data2\" content=\"2 minutes\" \/>\n<script type=\"application\/ld+json\" class=\"yoast-schema-graph\">{\"@context\":\"https:\/\/schema.org\",\"@graph\":[{\"@type\":\"NewsArticle\",\"@id\":\"https:\/\/www.justiceinfo.net\/fr\/31310-violences-en-rd-congo-bouclage-et-arrestations-a-lubumbashi.html#article\",\"isPartOf\":{\"@id\":\"https:\/\/www.justiceinfo.net\/fr\/31310-violences-en-rd-congo-bouclage-et-arrestations-a-lubumbashi.html\"},\"author\":{\"name\":\"afp\",\"@id\":\"https:\/\/www.justiceinfo.net\/fr#\/schema\/person\/713d340ef5f218fc36ce9b4244364a7f\"},\"headline\":\"Violences en RD Congo : bouclage et arrestations \u00e0 Lubumbashi\",\"datePublished\":\"2016-12-22T07:05:56+00:00\",\"mainEntityOfPage\":{\"@id\":\"https:\/\/www.justiceinfo.net\/fr\/31310-violences-en-rd-congo-bouclage-et-arrestations-a-lubumbashi.html\"},\"wordCount\":459,\"commentCount\":0,\"publisher\":{\"@id\":\"https:\/\/www.justiceinfo.net\/fr#organization\"},\"articleSection\":[\"Fil d'info AFP\"],\"inLanguage\":\"fr-FR\",\"potentialAction\":[{\"@type\":\"CommentAction\",\"name\":\"Comment\",\"target\":[\"https:\/\/www.justiceinfo.net\/fr\/31310-violences-en-rd-congo-bouclage-et-arrestations-a-lubumbashi.html#respond\"]}]},{\"@type\":\"WebPage\",\"@id\":\"https:\/\/www.justiceinfo.net\/fr\/31310-violences-en-rd-congo-bouclage-et-arrestations-a-lubumbashi.html\",\"url\":\"https:\/\/www.justiceinfo.net\/fr\/31310-violences-en-rd-congo-bouclage-et-arrestations-a-lubumbashi.html\",\"name\":\"Violences en RD Congo : bouclage et arrestations \u00e0 Lubumbashi - JusticeInfo.net\",\"isPartOf\":{\"@id\":\"https:\/\/www.justiceinfo.net\/fr#website\"},\"datePublished\":\"2016-12-22T07:05:56+00:00\",\"breadcrumb\":{\"@id\":\"https:\/\/www.justiceinfo.net\/fr\/31310-violences-en-rd-congo-bouclage-et-arrestations-a-lubumbashi.html#breadcrumb\"},\"inLanguage\":\"fr-FR\",\"potentialAction\":[{\"@type\":\"ReadAction\",\"target\":[\"https:\/\/www.justiceinfo.net\/fr\/31310-violences-en-rd-congo-bouclage-et-arrestations-a-lubumbashi.html\"]}]},{\"@type\":\"BreadcrumbList\",\"@id\":\"https:\/\/www.justiceinfo.net\/fr\/31310-violences-en-rd-congo-bouclage-et-arrestations-a-lubumbashi.html#breadcrumb\",\"itemListElement\":[{\"@type\":\"ListItem\",\"position\":1,\"name\":\"Home\",\"item\":\"https:\/\/www.justiceinfo.net\/fr\"},{\"@type\":\"ListItem\",\"position\":2,\"name\":\"Violences en RD Congo : bouclage et arrestations \u00e0 Lubumbashi\"}]},{\"@type\":\"WebSite\",\"@id\":\"https:\/\/www.justiceinfo.net\/fr#website\",\"url\":\"https:\/\/www.justiceinfo.net\/fr\",\"name\":\"JusticeInfo.net\",\"description\":\"La justice doit \u00eatre vue pour \u00eatre rendue\",\"publisher\":{\"@id\":\"https:\/\/www.justiceinfo.net\/fr#organization\"},\"potentialAction\":[{\"@type\":\"SearchAction\",\"target\":{\"@type\":\"EntryPoint\",\"urlTemplate\":\"https:\/\/www.justiceinfo.net\/fr?s={search_term_string}\"},\"query-input\":{\"@type\":\"PropertyValueSpecification\",\"valueRequired\":true,\"valueName\":\"search_term_string\"}}],\"inLanguage\":\"fr-FR\"},{\"@type\":\"Organization\",\"@id\":\"https:\/\/www.justiceinfo.net\/fr#organization\",\"name\":\"Justice Info\",\"url\":\"https:\/\/www.justiceinfo.net\/fr\",\"logo\":{\"@type\":\"ImageObject\",\"inLanguage\":\"fr-FR\",\"@id\":\"https:\/\/www.justiceinfo.net\/fr#\/schema\/logo\/image\/\",\"url\":\"https:\/\/www.justiceinfo.net\/wp-content\/uploads\/justiceinfo_logo-trans_1200x1200px.png\",\"contentUrl\":\"https:\/\/www.justiceinfo.net\/wp-content\/uploads\/justiceinfo_logo-trans_1200x1200px.png\",\"width\":1199,\"height\":1200,\"caption\":\"Justice Info\"},\"image\":{\"@id\":\"https:\/\/www.justiceinfo.net\/fr#\/schema\/logo\/image\/\"},\"sameAs\":[\"https:\/\/www.facebook.com\/JusticeInfo\/\",\"https:\/\/x.com\/justiceinfonet\",\"https:\/\/www.linkedin.com\/company\/justice-info\",\"https:\/\/www.youtube.com\/channel\/UCyCEsARodyuWtkWyhn-e7pA\"]},{\"@type\":\"Person\",\"name\":\"AFP\",\"url\":\"\/fr\/?s=AFP\"}]}<\/script>\n<!-- \/ Yoast SEO Premium plugin. -->","yoast_head_json":{"title":"Violences en RD Congo : bouclage et arrestations \u00e0 Lubumbashi - JusticeInfo.net","robots":{"index":"index","follow":"follow","max-snippet":"max-snippet:-1","max-image-preview":"max-image-preview:large","max-video-preview":"max-video-preview:-1"},"canonical":"https:\/\/www.justiceinfo.net\/fr\/31310-violences-en-rd-congo-bouclage-et-arrestations-a-lubumbashi.html","og_locale":"fr_FR","og_type":"article","og_title":"Violences en RD Congo : bouclage et arrestations \u00e0 Lubumbashi","og_description":"L'arm\u00e9e congolaise a boucl\u00e9 jeudi matin un quartier de Lubumbashi, o\u00f9 elle proc\u00e9dait \u00e0 des arrestations massives d'individus de sexe masculin, ont indiqu\u00e9 \u00e0 l'AFP cinq habitants ou riverains. Le bouclage du quartier Matshipisha-Gbadolite, dans le sud de la deuxi\u00e8me ville de la R\u00e9publique d\u00e9mocratique du Congo, a commenc\u00e9 au lever du jour, vers 05H00 [&hellip;]","og_url":"https:\/\/www.justiceinfo.net\/fr\/31310-violences-en-rd-congo-bouclage-et-arrestations-a-lubumbashi.html","og_site_name":"JusticeInfo.net","article_publisher":"https:\/\/www.facebook.com\/JusticeInfo\/","article_published_time":"2016-12-22T07:05:56+00:00","og_image":[{"width":1200,"height":630,"url":"https:\/\/www.justiceinfo.net\/wp-content\/uploads\/JusticeInfoNet_logo_1200x630px.jpg","type":"image\/jpeg"}],"author":"AFP","twitter_card":"summary_large_image","twitter_creator":"@justiceinfonet","twitter_site":"@justiceinfonet","twitter_misc":{"\u00c9crit par":"AFP","Dur\u00e9e de lecture estim\u00e9e":"2 minutes"},"schema":{"@context":"https:\/\/schema.org","@graph":[{"@type":"NewsArticle","@id":"https:\/\/www.justiceinfo.net\/fr\/31310-violences-en-rd-congo-bouclage-et-arrestations-a-lubumbashi.html#article","isPartOf":{"@id":"https:\/\/www.justiceinfo.net\/fr\/31310-violences-en-rd-congo-bouclage-et-arrestations-a-lubumbashi.html"},"author":{"name":"afp","@id":"https:\/\/www.justiceinfo.net\/fr#\/schema\/person\/713d340ef5f218fc36ce9b4244364a7f"},"headline":"Violences en RD Congo : bouclage et arrestations \u00e0 Lubumbashi","datePublished":"2016-12-22T07:05:56+00:00","mainEntityOfPage":{"@id":"https:\/\/www.justiceinfo.net\/fr\/31310-violences-en-rd-congo-bouclage-et-arrestations-a-lubumbashi.html"},"wordCount":459,"commentCount":0,"publisher":{"@id":"https:\/\/www.justiceinfo.net\/fr#organization"},"articleSection":["Fil d'info AFP"],"inLanguage":"fr-FR","potentialAction":[{"@type":"CommentAction","name":"Comment","target":["https:\/\/www.justiceinfo.net\/fr\/31310-violences-en-rd-congo-bouclage-et-arrestations-a-lubumbashi.html#respond"]}]},{"@type":"WebPage","@id":"https:\/\/www.justiceinfo.net\/fr\/31310-violences-en-rd-congo-bouclage-et-arrestations-a-lubumbashi.html","url":"https:\/\/www.justiceinfo.net\/fr\/31310-violences-en-rd-congo-bouclage-et-arrestations-a-lubumbashi.html","name":"Violences en RD Congo : bouclage et arrestations \u00e0 Lubumbashi - JusticeInfo.net","isPartOf":{"@id":"https:\/\/www.justiceinfo.net\/fr#website"},"datePublished":"2016-12-22T07:05:56+00:00","breadcrumb":{"@id":"https:\/\/www.justiceinfo.net\/fr\/31310-violences-en-rd-congo-bouclage-et-arrestations-a-lubumbashi.html#breadcrumb"},"inLanguage":"fr-FR","potentialAction":[{"@type":"ReadAction","target":["https:\/\/www.justiceinfo.net\/fr\/31310-violences-en-rd-congo-bouclage-et-arrestations-a-lubumbashi.html"]}]},{"@type":"BreadcrumbList","@id":"https:\/\/www.justiceinfo.net\/fr\/31310-violences-en-rd-congo-bouclage-et-arrestations-a-lubumbashi.html#breadcrumb","itemListElement":[{"@type":"ListItem","position":1,"name":"Home","item":"https:\/\/www.justiceinfo.net\/fr"},{"@type":"ListItem","position":2,"name":"Violences en RD Congo : bouclage et arrestations \u00e0 Lubumbashi"}]},{"@type":"WebSite","@id":"https:\/\/www.justiceinfo.net\/fr#website","url":"https:\/\/www.justiceinfo.net\/fr","name":"JusticeInfo.net","description":"La justice doit \u00eatre vue pour \u00eatre rendue","publisher":{"@id":"https:\/\/www.justiceinfo.net\/fr#organization"},"potentialAction":[{"@type":"SearchAction","target":{"@type":"EntryPoint","urlTemplate":"https:\/\/www.justiceinfo.net\/fr?s={search_term_string}"},"query-input":{"@type":"PropertyValueSpecification","valueRequired":true,"valueName":"search_term_string"}}],"inLanguage":"fr-FR"},{"@type":"Organization","@id":"https:\/\/www.justiceinfo.net\/fr#organization","name":"Justice Info","url":"https:\/\/www.justiceinfo.net\/fr","logo":{"@type":"ImageObject","inLanguage":"fr-FR","@id":"https:\/\/www.justiceinfo.net\/fr#\/schema\/logo\/image\/","url":"https:\/\/www.justiceinfo.net\/wp-content\/uploads\/justiceinfo_logo-trans_1200x1200px.png","contentUrl":"https:\/\/www.justiceinfo.net\/wp-content\/uploads\/justiceinfo_logo-trans_1200x1200px.png","width":1199,"height":1200,"caption":"Justice Info"},"image":{"@id":"https:\/\/www.justiceinfo.net\/fr#\/schema\/logo\/image\/"},"sameAs":["https:\/\/www.facebook.com\/JusticeInfo\/","https:\/\/x.com\/justiceinfonet","https:\/\/www.linkedin.com\/company\/justice-info","https:\/\/www.youtube.com\/channel\/UCyCEsARodyuWtkWyhn-e7pA"]},{"@type":"Person","name":"AFP","url":"\/fr\/?s=AFP"}]}},"_links":{"self":[{"href":"https:\/\/www.justiceinfo.net\/fr\/wp-json\/wp\/v2\/posts\/31310","targetHints":{"allow":["GET"]}}],"collection":[{"href":"https:\/\/www.justiceinfo.net\/fr\/wp-json\/wp\/v2\/posts"}],"about":[{"href":"https:\/\/www.justiceinfo.net\/fr\/wp-json\/wp\/v2\/types\/post"}],"author":[{"embeddable":true,"href":"https:\/\/www.justiceinfo.net\/fr\/wp-json\/wp\/v2\/users\/60"}],"replies":[{"embeddable":true,"href":"https:\/\/www.justiceinfo.net\/fr\/wp-json\/wp\/v2\/comments?post=31310"}],"version-history":[{"count":0,"href":"https:\/\/www.justiceinfo.net\/fr\/wp-json\/wp\/v2\/posts\/31310\/revisions"}],"wp:attachment":[{"href":"https:\/\/www.justiceinfo.net\/fr\/wp-json\/wp\/v2\/media?parent=31310"}],"wp:term":[{"taxonomy":"category","embeddable":true,"href":"https:\/\/www.justiceinfo.net\/fr\/wp-json\/wp\/v2\/categories?post=31310"},{"taxonomy":"post_tag","embeddable":true,"href":"https:\/\/www.justiceinfo.net\/fr\/wp-json\/wp\/v2\/tags?post=31310"},{"taxonomy":"ji_location","embeddable":true,"href":"https:\/\/www.justiceinfo.net\/fr\/wp-json\/wp\/v2\/ji_location?post=31310"}],"curies":[{"name":"wp","href":"https:\/\/api.w.org\/{rel}","templated":true}]}}