{"id":31313,"date":"2016-12-22T08:16:54","date_gmt":"2016-12-22T07:16:54","guid":{"rendered":"https:\/\/www.justiceinfo.net\/31313-affrontements-dans-le-nord-ouest-de-la-rd-congo-17-morts-gouverneur.html"},"modified":"2016-12-22T08:16:54","modified_gmt":"2016-12-22T07:16:54","slug":"affrontements-dans-le-nord-ouest-de-la-rd-congo-17-morts-gouverneur","status":"publish","type":"post","link":"https:\/\/www.justiceinfo.net\/fr\/31313-affrontements-dans-le-nord-ouest-de-la-rd-congo-17-morts-gouverneur.html","title":{"rendered":"Affrontements dans le nord-ouest de la RD Congo : 17 morts (gouverneur)"},"content":{"rendered":"<div id=\"PopupContainer\" class=\"popupContentContainer jq_maxHeightSync\" style=\"min-height: 760px;\">\n<div id=\"MediaContainer\" class=\"mediaContainer clearfix\">\n<div class=\"tooltipContent\">\n<div id=\"TextView\" class=\"textContainer\">\n<div class=\"text-story-template jq_TextStoryTemplate Text has-versions\">\n<div class=\"content-view jq_View jq_ContentView jq_langdir\">Quatorze miliciens et trois policiers ont \u00e9t\u00e9 tu\u00e9s mercredi dans des affrontements \u00e0 Lisala, dans le nord-ouest de la R\u00e9publique d\u00e9mocratique du Congo, a d\u00e9clar\u00e9 jeudi \u00e0 l'AFP le gouverneur de la province de la Mongala, Bienvenu Esimba.<\/p>\n<div class=\"txt-textContent\">\n<div class=\"text fontsize_0 jq_Content jq_langdir\">\n<p>\"Le bilan des affrontements est de 14 miliciens de la secte politico-religieuse et 3 policiers tu\u00e9s\", a d\u00e9clar\u00e9 \u00e0 l'AFP M. Esimba, joint par t\u00e9l\u00e9phone de Kinshasa.<\/p>\n<p>Ces affrontements ont \u00e9t\u00e9 provoqu\u00e9s par l'attaque d'adeptes d'une secte mill\u00e9nariste dont le gourou, Wami-Nene - tu\u00e9 mercredi - voyait dans la fin du mandat du pr\u00e9sident de la RDC, Joseph Kabila, le 20 d\u00e9cembre, le d\u00e9but de la fin des temps, ont indiqu\u00e9 M. Esimba et un pr\u00eatre catholique local.<\/p>\n<p>Selon M. Esimba, les miliciens de la secte, arm\u00e9s d'AK-47, ont br\u00fbl\u00e9 47 maisons et attaqu\u00e9 un march\u00e9 avant de prendre d'assaut les locaux de la Commission \u00e9lectorale nationale ind\u00e9pendante (C\u00e9ni), devenue selon eux \"inutile\".<\/p>\n<p>Les violences, qui ont commenc\u00e9 avant 09h00 (08h00 GMT) se sont achev\u00e9es \u00e0 la mi-journ\u00e9e, a pr\u00e9cis\u00e9 le gouverneur.<\/p>\n<p>\"Les policiers n'ont pu l'avoir [le gourou] parce qu'il semblait invuln\u00e9rable. Il a fallu l'intervention des militaires pour le neutraliser\", a d\u00e9clar\u00e9 l'\u00e9lu, ajoutant que les forces de s\u00e9curit\u00e9 avaient \"agi en situation de l\u00e9gitime d\u00e9fense\".<\/p>\n<p>La situation \u00e9tait revenue au calme jeudi matin, a-t-il ajout\u00e9.<\/p>\n<p>Situ\u00e9e sur le fleuve Congo, en pleine for\u00eat \u00e9quatoriale, \u00e0 environ 1.000 km au nord-est de Kinshasa, Lisala est la capitale de la province de la Mongala.<\/p>\n<\/div>\n<\/div>\n<\/div>\n<\/div>\n<\/div>\n<\/div>\n<\/div>\n<\/div>\n","protected":false},"excerpt":{"rendered":"<p>Quatorze miliciens et trois policiers ont \u00e9t\u00e9 tu\u00e9s mercredi dans des affrontements \u00e0 Lisala, dans le nord-ouest de la R\u00e9publique d\u00e9mocratique du Congo, a d\u00e9clar\u00e9 jeudi \u00e0 l'AFP le gouverneur de la province de la Mongala, Bienvenu Esimba. \"Le bilan des affrontements est de 14 miliciens de la secte politico-religieuse et 3 policiers tu\u00e9s\", a [&hellip;]<\/p>\n","protected":false},"author":60,"featured_media":0,"comment_status":"open","ping_status":"closed","sticky":false,"template":"","format":"standard","meta":{"_acf_changed":false,"footnotes":""},"categories":[2576],"tags":[],"ji_location":[2196],"class_list":["post-31313","post","type-post","status-publish","format-standard","hentry","category-fil-d-actualite","ji_location-republique-democratique-du-congo"],"acf":[],"yoast_head":"<!-- This site is optimized with the Yoast SEO Premium plugin v25.3.1 (Yoast SEO v25.3.1) - https:\/\/yoast.com\/wordpress\/plugins\/seo\/ -->\n<title>Affrontements dans le nord-ouest de la RD Congo : 17 morts (gouverneur) - JusticeInfo.net<\/title>\n<meta name=\"robots\" content=\"index, follow, max-snippet:-1, max-image-preview:large, max-video-preview:-1\" \/>\n<link rel=\"canonical\" href=\"https:\/\/www.justiceinfo.net\/fr\/31313-affrontements-dans-le-nord-ouest-de-la-rd-congo-17-morts-gouverneur.html\" \/>\n<meta property=\"og:locale\" content=\"fr_FR\" \/>\n<meta property=\"og:type\" content=\"article\" \/>\n<meta property=\"og:title\" content=\"Affrontements dans le nord-ouest de la RD Congo : 17 morts (gouverneur)\" \/>\n<meta property=\"og:description\" content=\"Quatorze miliciens et trois policiers ont \u00e9t\u00e9 tu\u00e9s mercredi dans des affrontements \u00e0 Lisala, dans le nord-ouest de la R\u00e9publique d\u00e9mocratique du Congo, a d\u00e9clar\u00e9 jeudi \u00e0 l&#039;AFP le gouverneur de la province de la Mongala, Bienvenu Esimba. &quot;Le bilan des affrontements est de 14 miliciens de la secte politico-religieuse et 3 policiers tu\u00e9s&quot;, a [&hellip;]\" \/>\n<meta property=\"og:url\" content=\"https:\/\/www.justiceinfo.net\/fr\/31313-affrontements-dans-le-nord-ouest-de-la-rd-congo-17-morts-gouverneur.html\" \/>\n<meta property=\"og:site_name\" content=\"JusticeInfo.net\" \/>\n<meta property=\"article:publisher\" content=\"https:\/\/www.facebook.com\/JusticeInfo\/\" \/>\n<meta property=\"article:published_time\" content=\"2016-12-22T07:16:54+00:00\" \/>\n<meta property=\"og:image\" content=\"https:\/\/www.justiceinfo.net\/wp-content\/uploads\/JusticeInfoNet_logo_1200x630px.jpg\" \/>\n\t<meta property=\"og:image:width\" content=\"1200\" \/>\n\t<meta property=\"og:image:height\" content=\"630\" \/>\n\t<meta property=\"og:image:type\" content=\"image\/jpeg\" \/>\n<meta name=\"author\" content=\"AFP\" \/>\n<meta name=\"twitter:card\" content=\"summary_large_image\" \/>\n<meta name=\"twitter:creator\" content=\"@justiceinfonet\" \/>\n<meta name=\"twitter:site\" content=\"@justiceinfonet\" \/>\n<meta name=\"twitter:label1\" content=\"\u00c9crit par\" \/>\n\t<meta name=\"twitter:data1\" content=\"AFP\" \/>\n\t<meta name=\"twitter:label2\" content=\"Dur\u00e9e de lecture estim\u00e9e\" \/>\n\t<meta name=\"twitter:data2\" content=\"1 minute\" \/>\n<script type=\"application\/ld+json\" class=\"yoast-schema-graph\">{\"@context\":\"https:\/\/schema.org\",\"@graph\":[{\"@type\":\"NewsArticle\",\"@id\":\"https:\/\/www.justiceinfo.net\/fr\/31313-affrontements-dans-le-nord-ouest-de-la-rd-congo-17-morts-gouverneur.html#article\",\"isPartOf\":{\"@id\":\"https:\/\/www.justiceinfo.net\/fr\/31313-affrontements-dans-le-nord-ouest-de-la-rd-congo-17-morts-gouverneur.html\"},\"author\":{\"name\":\"afp\",\"@id\":\"https:\/\/www.justiceinfo.net\/fr#\/schema\/person\/713d340ef5f218fc36ce9b4244364a7f\"},\"headline\":\"Affrontements dans le nord-ouest de la RD Congo : 17 morts (gouverneur)\",\"datePublished\":\"2016-12-22T07:16:54+00:00\",\"mainEntityOfPage\":{\"@id\":\"https:\/\/www.justiceinfo.net\/fr\/31313-affrontements-dans-le-nord-ouest-de-la-rd-congo-17-morts-gouverneur.html\"},\"wordCount\":283,\"commentCount\":0,\"publisher\":{\"@id\":\"https:\/\/www.justiceinfo.net\/fr#organization\"},\"articleSection\":[\"Fil d'info AFP\"],\"inLanguage\":\"fr-FR\",\"potentialAction\":[{\"@type\":\"CommentAction\",\"name\":\"Comment\",\"target\":[\"https:\/\/www.justiceinfo.net\/fr\/31313-affrontements-dans-le-nord-ouest-de-la-rd-congo-17-morts-gouverneur.html#respond\"]}]},{\"@type\":\"WebPage\",\"@id\":\"https:\/\/www.justiceinfo.net\/fr\/31313-affrontements-dans-le-nord-ouest-de-la-rd-congo-17-morts-gouverneur.html\",\"url\":\"https:\/\/www.justiceinfo.net\/fr\/31313-affrontements-dans-le-nord-ouest-de-la-rd-congo-17-morts-gouverneur.html\",\"name\":\"Affrontements dans le nord-ouest de la RD Congo : 17 morts (gouverneur) - JusticeInfo.net\",\"isPartOf\":{\"@id\":\"https:\/\/www.justiceinfo.net\/fr#website\"},\"datePublished\":\"2016-12-22T07:16:54+00:00\",\"breadcrumb\":{\"@id\":\"https:\/\/www.justiceinfo.net\/fr\/31313-affrontements-dans-le-nord-ouest-de-la-rd-congo-17-morts-gouverneur.html#breadcrumb\"},\"inLanguage\":\"fr-FR\",\"potentialAction\":[{\"@type\":\"ReadAction\",\"target\":[\"https:\/\/www.justiceinfo.net\/fr\/31313-affrontements-dans-le-nord-ouest-de-la-rd-congo-17-morts-gouverneur.html\"]}]},{\"@type\":\"BreadcrumbList\",\"@id\":\"https:\/\/www.justiceinfo.net\/fr\/31313-affrontements-dans-le-nord-ouest-de-la-rd-congo-17-morts-gouverneur.html#breadcrumb\",\"itemListElement\":[{\"@type\":\"ListItem\",\"position\":1,\"name\":\"Home\",\"item\":\"https:\/\/www.justiceinfo.net\/fr\"},{\"@type\":\"ListItem\",\"position\":2,\"name\":\"Affrontements dans le nord-ouest de la RD Congo : 17 morts (gouverneur)\"}]},{\"@type\":\"WebSite\",\"@id\":\"https:\/\/www.justiceinfo.net\/fr#website\",\"url\":\"https:\/\/www.justiceinfo.net\/fr\",\"name\":\"JusticeInfo.net\",\"description\":\"La justice doit \u00eatre vue pour \u00eatre rendue\",\"publisher\":{\"@id\":\"https:\/\/www.justiceinfo.net\/fr#organization\"},\"potentialAction\":[{\"@type\":\"SearchAction\",\"target\":{\"@type\":\"EntryPoint\",\"urlTemplate\":\"https:\/\/www.justiceinfo.net\/fr?s={search_term_string}\"},\"query-input\":{\"@type\":\"PropertyValueSpecification\",\"valueRequired\":true,\"valueName\":\"search_term_string\"}}],\"inLanguage\":\"fr-FR\"},{\"@type\":\"Organization\",\"@id\":\"https:\/\/www.justiceinfo.net\/fr#organization\",\"name\":\"Justice Info\",\"url\":\"https:\/\/www.justiceinfo.net\/fr\",\"logo\":{\"@type\":\"ImageObject\",\"inLanguage\":\"fr-FR\",\"@id\":\"https:\/\/www.justiceinfo.net\/fr#\/schema\/logo\/image\/\",\"url\":\"https:\/\/www.justiceinfo.net\/wp-content\/uploads\/justiceinfo_logo-trans_1200x1200px.png\",\"contentUrl\":\"https:\/\/www.justiceinfo.net\/wp-content\/uploads\/justiceinfo_logo-trans_1200x1200px.png\",\"width\":1199,\"height\":1200,\"caption\":\"Justice Info\"},\"image\":{\"@id\":\"https:\/\/www.justiceinfo.net\/fr#\/schema\/logo\/image\/\"},\"sameAs\":[\"https:\/\/www.facebook.com\/JusticeInfo\/\",\"https:\/\/x.com\/justiceinfonet\",\"https:\/\/www.linkedin.com\/company\/justice-info\",\"https:\/\/www.youtube.com\/channel\/UCyCEsARodyuWtkWyhn-e7pA\"]},{\"@type\":\"Person\",\"name\":\"AFP\",\"url\":\"\/fr\/?s=AFP\"}]}<\/script>\n<!-- \/ Yoast SEO Premium plugin. -->","yoast_head_json":{"title":"Affrontements dans le nord-ouest de la RD Congo : 17 morts (gouverneur) - JusticeInfo.net","robots":{"index":"index","follow":"follow","max-snippet":"max-snippet:-1","max-image-preview":"max-image-preview:large","max-video-preview":"max-video-preview:-1"},"canonical":"https:\/\/www.justiceinfo.net\/fr\/31313-affrontements-dans-le-nord-ouest-de-la-rd-congo-17-morts-gouverneur.html","og_locale":"fr_FR","og_type":"article","og_title":"Affrontements dans le nord-ouest de la RD Congo : 17 morts (gouverneur)","og_description":"Quatorze miliciens et trois policiers ont \u00e9t\u00e9 tu\u00e9s mercredi dans des affrontements \u00e0 Lisala, dans le nord-ouest de la R\u00e9publique d\u00e9mocratique du Congo, a d\u00e9clar\u00e9 jeudi \u00e0 l'AFP le gouverneur de la province de la Mongala, Bienvenu Esimba. \"Le bilan des affrontements est de 14 miliciens de la secte politico-religieuse et 3 policiers tu\u00e9s\", a [&hellip;]","og_url":"https:\/\/www.justiceinfo.net\/fr\/31313-affrontements-dans-le-nord-ouest-de-la-rd-congo-17-morts-gouverneur.html","og_site_name":"JusticeInfo.net","article_publisher":"https:\/\/www.facebook.com\/JusticeInfo\/","article_published_time":"2016-12-22T07:16:54+00:00","og_image":[{"width":1200,"height":630,"url":"https:\/\/www.justiceinfo.net\/wp-content\/uploads\/JusticeInfoNet_logo_1200x630px.jpg","type":"image\/jpeg"}],"author":"AFP","twitter_card":"summary_large_image","twitter_creator":"@justiceinfonet","twitter_site":"@justiceinfonet","twitter_misc":{"\u00c9crit par":"AFP","Dur\u00e9e de lecture estim\u00e9e":"1 minute"},"schema":{"@context":"https:\/\/schema.org","@graph":[{"@type":"NewsArticle","@id":"https:\/\/www.justiceinfo.net\/fr\/31313-affrontements-dans-le-nord-ouest-de-la-rd-congo-17-morts-gouverneur.html#article","isPartOf":{"@id":"https:\/\/www.justiceinfo.net\/fr\/31313-affrontements-dans-le-nord-ouest-de-la-rd-congo-17-morts-gouverneur.html"},"author":{"name":"afp","@id":"https:\/\/www.justiceinfo.net\/fr#\/schema\/person\/713d340ef5f218fc36ce9b4244364a7f"},"headline":"Affrontements dans le nord-ouest de la RD Congo : 17 morts (gouverneur)","datePublished":"2016-12-22T07:16:54+00:00","mainEntityOfPage":{"@id":"https:\/\/www.justiceinfo.net\/fr\/31313-affrontements-dans-le-nord-ouest-de-la-rd-congo-17-morts-gouverneur.html"},"wordCount":283,"commentCount":0,"publisher":{"@id":"https:\/\/www.justiceinfo.net\/fr#organization"},"articleSection":["Fil d'info AFP"],"inLanguage":"fr-FR","potentialAction":[{"@type":"CommentAction","name":"Comment","target":["https:\/\/www.justiceinfo.net\/fr\/31313-affrontements-dans-le-nord-ouest-de-la-rd-congo-17-morts-gouverneur.html#respond"]}]},{"@type":"WebPage","@id":"https:\/\/www.justiceinfo.net\/fr\/31313-affrontements-dans-le-nord-ouest-de-la-rd-congo-17-morts-gouverneur.html","url":"https:\/\/www.justiceinfo.net\/fr\/31313-affrontements-dans-le-nord-ouest-de-la-rd-congo-17-morts-gouverneur.html","name":"Affrontements dans le nord-ouest de la RD Congo : 17 morts (gouverneur) - JusticeInfo.net","isPartOf":{"@id":"https:\/\/www.justiceinfo.net\/fr#website"},"datePublished":"2016-12-22T07:16:54+00:00","breadcrumb":{"@id":"https:\/\/www.justiceinfo.net\/fr\/31313-affrontements-dans-le-nord-ouest-de-la-rd-congo-17-morts-gouverneur.html#breadcrumb"},"inLanguage":"fr-FR","potentialAction":[{"@type":"ReadAction","target":["https:\/\/www.justiceinfo.net\/fr\/31313-affrontements-dans-le-nord-ouest-de-la-rd-congo-17-morts-gouverneur.html"]}]},{"@type":"BreadcrumbList","@id":"https:\/\/www.justiceinfo.net\/fr\/31313-affrontements-dans-le-nord-ouest-de-la-rd-congo-17-morts-gouverneur.html#breadcrumb","itemListElement":[{"@type":"ListItem","position":1,"name":"Home","item":"https:\/\/www.justiceinfo.net\/fr"},{"@type":"ListItem","position":2,"name":"Affrontements dans le nord-ouest de la RD Congo : 17 morts (gouverneur)"}]},{"@type":"WebSite","@id":"https:\/\/www.justiceinfo.net\/fr#website","url":"https:\/\/www.justiceinfo.net\/fr","name":"JusticeInfo.net","description":"La justice doit \u00eatre vue pour \u00eatre rendue","publisher":{"@id":"https:\/\/www.justiceinfo.net\/fr#organization"},"potentialAction":[{"@type":"SearchAction","target":{"@type":"EntryPoint","urlTemplate":"https:\/\/www.justiceinfo.net\/fr?s={search_term_string}"},"query-input":{"@type":"PropertyValueSpecification","valueRequired":true,"valueName":"search_term_string"}}],"inLanguage":"fr-FR"},{"@type":"Organization","@id":"https:\/\/www.justiceinfo.net\/fr#organization","name":"Justice Info","url":"https:\/\/www.justiceinfo.net\/fr","logo":{"@type":"ImageObject","inLanguage":"fr-FR","@id":"https:\/\/www.justiceinfo.net\/fr#\/schema\/logo\/image\/","url":"https:\/\/www.justiceinfo.net\/wp-content\/uploads\/justiceinfo_logo-trans_1200x1200px.png","contentUrl":"https:\/\/www.justiceinfo.net\/wp-content\/uploads\/justiceinfo_logo-trans_1200x1200px.png","width":1199,"height":1200,"caption":"Justice Info"},"image":{"@id":"https:\/\/www.justiceinfo.net\/fr#\/schema\/logo\/image\/"},"sameAs":["https:\/\/www.facebook.com\/JusticeInfo\/","https:\/\/x.com\/justiceinfonet","https:\/\/www.linkedin.com\/company\/justice-info","https:\/\/www.youtube.com\/channel\/UCyCEsARodyuWtkWyhn-e7pA"]},{"@type":"Person","name":"AFP","url":"\/fr\/?s=AFP"}]}},"_links":{"self":[{"href":"https:\/\/www.justiceinfo.net\/fr\/wp-json\/wp\/v2\/posts\/31313","targetHints":{"allow":["GET"]}}],"collection":[{"href":"https:\/\/www.justiceinfo.net\/fr\/wp-json\/wp\/v2\/posts"}],"about":[{"href":"https:\/\/www.justiceinfo.net\/fr\/wp-json\/wp\/v2\/types\/post"}],"author":[{"embeddable":true,"href":"https:\/\/www.justiceinfo.net\/fr\/wp-json\/wp\/v2\/users\/60"}],"replies":[{"embeddable":true,"href":"https:\/\/www.justiceinfo.net\/fr\/wp-json\/wp\/v2\/comments?post=31313"}],"version-history":[{"count":0,"href":"https:\/\/www.justiceinfo.net\/fr\/wp-json\/wp\/v2\/posts\/31313\/revisions"}],"wp:attachment":[{"href":"https:\/\/www.justiceinfo.net\/fr\/wp-json\/wp\/v2\/media?parent=31313"}],"wp:term":[{"taxonomy":"category","embeddable":true,"href":"https:\/\/www.justiceinfo.net\/fr\/wp-json\/wp\/v2\/categories?post=31313"},{"taxonomy":"post_tag","embeddable":true,"href":"https:\/\/www.justiceinfo.net\/fr\/wp-json\/wp\/v2\/tags?post=31313"},{"taxonomy":"ji_location","embeddable":true,"href":"https:\/\/www.justiceinfo.net\/fr\/wp-json\/wp\/v2\/ji_location?post=31313"}],"curies":[{"name":"wp","href":"https:\/\/api.w.org\/{rel}","templated":true}]}}