{"id":31333,"date":"2016-12-22T18:23:39","date_gmt":"2016-12-22T17:23:39","guid":{"rendered":"https:\/\/www.justiceinfo.net\/31333-un-vote-sur-les-colonies-israeliennes-reporte-a-l-onu.html"},"modified":"2016-12-22T18:23:39","modified_gmt":"2016-12-22T17:23:39","slug":"un-vote-sur-les-colonies-israeliennes-reporte-a-l-onu","status":"publish","type":"post","link":"https:\/\/www.justiceinfo.net\/fr\/31333-un-vote-sur-les-colonies-israeliennes-reporte-a-l-onu.html","title":{"rendered":"Un vote sur les colonies isra\u00e9liennes report\u00e9 \u00e0 l'ONU"},"content":{"rendered":"<div class=\"txt-textContent\">\n<div class=\"text fontsize_0 jq_Content jq_langdir\">\n<p>Le Conseil de s\u00e9curit\u00e9 de l'ONU a report\u00e9 jeudi un vote sur la colonisation isra\u00e9lienne dans les Territoires palestiniens et \u00e0 J\u00e9rusalem-Est, une question tr\u00e8s sensible sur laquelle Donald Trump a rapidement essay\u00e9 de peser en r\u00e9clamant le veto des Etats-Unis.<\/p>\n<p>Le projet de r\u00e9solution, qui exhortait l'Etat h\u00e9breu \u00e0 \"cesser imm\u00e9diatement et compl\u00e8tement toute activit\u00e9 de colonisation\", avait \u00e9t\u00e9 propos\u00e9 mercredi soir par l'Egypte qui a finalement r\u00e9clam\u00e9 plus de temps pour mener des consultations.<\/p>\n<p>Aucune nouvelle date ou horaire n'a \u00e9t\u00e9 programm\u00e9 mais des diplomates ont indiqu\u00e9 que le vote initialement pr\u00e9vu jeudi apr\u00e8s-midi \u00e0 New York pourrait avoir lieu vendredi.<\/p>\n<p>La proposition \u00e9gyptienne avait imm\u00e9diatement conduit le Premier ministre isra\u00e9lien Benjamin Netanyahu \u00e0 r\u00e9clamer un veto de ses alli\u00e9s am\u00e9ricains.<\/p>\n<p>Un texte similaire s'\u00e9tait en effet heurt\u00e9 au veto des Etats-Unis en 2011. Mais depuis plusieurs mois l'\u00e9ventualit\u00e9 que l'administration Obama finisse par permettre l'adoption d'une telle r\u00e9solution fait l'objet de nombreuses sp\u00e9culations, alors que le pr\u00e9sident s'appr\u00eate \u00e0 c\u00e9der les r\u00eanes du pays au r\u00e9publicain Donald Trump le 20 janvier.<\/p>\n<p>Ce dernier, qui a promis de reconna\u00eetre J\u00e9rusalem comme \"la capitale indivisible de l'Etat d'Isra\u00ebl\", s'est tout de suite impliqu\u00e9 en appelant jeudi matin \u00e0 un veto am\u00e9ricain face au projet \u00e9gyptien, dans une prise de position rare pour un pr\u00e9sident \u00e9lu qui n'a pas encore pris ses fonctions.<\/p>\n<p>\"Comme les Etats-Unis le disent depuis longtemps, la paix entre les Isra\u00e9liens et les Palestiniens ne peut venir que de n\u00e9gociations directes entre les parties, et non \u00e0 travers des conditions impos\u00e9es par les Nations unies\", a-t-il d\u00e9clar\u00e9 dans un communiqu\u00e9 jeudi matin.<\/p>\n<p>Benjamin Nentayahu a utilis\u00e9 la m\u00eame formule en r\u00e9agissant jeudi avec une vid\u00e9o dans laquelle il dit esp\u00e9rer que \"les Etats-Unis continuent de se tenir aux principes (...) selon lesquels la paix ne vient pas avec des r\u00e9solutions de l'ONU mais seulement \u00e0 travers des n\u00e9gociations directes\".<\/p>\n<p>\u00a0<\/p>\n<h2>- Possible abstention am\u00e9ricaine -\u00a0<\/h2>\n<p>\u00a0<\/p>\n<p>La colonisation isra\u00e9lienne est consid\u00e9r\u00e9e comme un frein majeur au processus de paix isra\u00e9lo-palestinien, les constructions \u00e9tant effectu\u00e9es sur des terres qui pourraient appartenir \u00e0 un futur Etat Palestinien.<\/p>\n<p>Les Nations unies la consid\u00e8re comme ill\u00e9gale au regard du droit international et ont appel\u00e9 \u00e0 plusieurs reprises Isra\u00ebl \u00e0 y mettre fin. Malgr\u00e9 cela, des responsables onusiens ont constat\u00e9 une augmentation des constructions ces derniers mois et certains responsables isra\u00e9liens voient l'\u00e9lection de Donald Trump comme une opportunit\u00e9 d'\u00e9tendre la colonisation.<\/p>\n<p>L'ambassadeur que le milliardaire r\u00e9publicain entend nommer en Isra\u00ebl, David Friedman, a estim\u00e9 dans des d\u00e9clarations publiques que Washington ne devait pas exercer de pressions pour freiner la colonisation.<\/p>\n<p>Il a aussi repris la promesse de Donald Trump de d\u00e9placer l'ambassade am\u00e9ricaine de Tel-Aviv \u00e0 J\u00e9rusalem, touchant un point tr\u00e8s sensible dans la r\u00e9gion.<\/p>\n<p>Barack Obama pour sa part entretient des relations notoirement ex\u00e9crables avec Benjamin Netanyahu, ce qui n'a pas emp\u00each\u00e9 Isra\u00ebl de se voir octroyer r\u00e9cemment 38 milliards de dollars sur dix ans d'aide militaire de la part des Etats-Unis.<\/p>\n<p>Sur la question de la colonisation, que le texte \u00e9gyptien consid\u00e8re \"dangereuse pour la viabilit\u00e9 d'une solution \u00e0 deux Etats\" palestinien et isra\u00e9lien qui cohabiteraient dans la paix et la s\u00e9curit\u00e9, Barack Obama s'est montr\u00e9 critique \u00e0 l'\u00e9gard d'Isra\u00ebl.<\/p>\n<p>De ce fait, l'id\u00e9e que les Etats-Unis puissent ne pas faire usage de leur droit de veto au Conseil de s\u00e9curit\u00e9 a commenc\u00e9 \u00e0 circuler durant la fin de son mandat. Washington pourrait ainsi simplement s'abstenir lors d'un vote sur une r\u00e9solution onusienne condamnant la colonisation.<\/p>\n<p>\"Nous nous attendons \u00e0 ce que notre plus grand alli\u00e9 ne permette pas que cette r\u00e9solution partiale et anti-isra\u00e9lienne soit adopt\u00e9e par le Conseil de s\u00e9curit\u00e9\", avait \u00e9crit au sujet du texte \u00e9gyptien l'ambassadeur isra\u00e9lien aupr\u00e8s des Nations unies, Danny Danon.\u00a0<\/p>\n<p>Apr\u00e8s l'\u00e9chec des derniers efforts am\u00e9ricains pour relancer le processus de paix isra\u00e9lo-palestinien en avril 2014, une conf\u00e9rence a \u00e9t\u00e9 convoqu\u00e9e par la France le 15 janvier prochain pour r\u00e9it\u00e9rer le soutien de la communaut\u00e9 internationale \u00e0 la solution \u00e0 deux Etats.<\/p>\n<\/div>\n<\/div>\n","protected":false},"excerpt":{"rendered":"<p>Le Conseil de s\u00e9curit\u00e9 de l'ONU a report\u00e9 jeudi un vote sur la colonisation isra\u00e9lienne dans les Territoires palestiniens et \u00e0 J\u00e9rusalem-Est, une question tr\u00e8s sensible sur laquelle Donald Trump a rapidement essay\u00e9 de peser en r\u00e9clamant le veto des Etats-Unis. Le projet de r\u00e9solution, qui exhortait l'Etat h\u00e9breu \u00e0 \"cesser imm\u00e9diatement et compl\u00e8tement toute [&hellip;]<\/p>\n","protected":false},"author":60,"featured_media":0,"comment_status":"open","ping_status":"closed","sticky":false,"template":"","format":"standard","meta":{"_acf_changed":false,"footnotes":""},"categories":[2576],"tags":[],"ji_location":[2402],"class_list":["post-31333","post","type-post","status-publish","format-standard","hentry","category-fil-d-actualite","ji_location-palestine"],"acf":[],"yoast_head":"<!-- This site is optimized with the Yoast SEO Premium plugin v25.3.1 (Yoast SEO v25.3.1) - https:\/\/yoast.com\/wordpress\/plugins\/seo\/ -->\n<title>Un vote sur les colonies isra\u00e9liennes report\u00e9 \u00e0 l&#039;ONU - JusticeInfo.net<\/title>\n<meta name=\"robots\" content=\"index, follow, max-snippet:-1, max-image-preview:large, max-video-preview:-1\" \/>\n<link rel=\"canonical\" href=\"https:\/\/www.justiceinfo.net\/fr\/31333-un-vote-sur-les-colonies-israeliennes-reporte-a-l-onu.html\" \/>\n<meta property=\"og:locale\" content=\"fr_FR\" \/>\n<meta property=\"og:type\" content=\"article\" \/>\n<meta property=\"og:title\" content=\"Un vote sur les colonies isra\u00e9liennes report\u00e9 \u00e0 l&#039;ONU\" \/>\n<meta property=\"og:description\" content=\"Le Conseil de s\u00e9curit\u00e9 de l&#039;ONU a report\u00e9 jeudi un vote sur la colonisation isra\u00e9lienne dans les Territoires palestiniens et \u00e0 J\u00e9rusalem-Est, une question tr\u00e8s sensible sur laquelle Donald Trump a rapidement essay\u00e9 de peser en r\u00e9clamant le veto des Etats-Unis. Le projet de r\u00e9solution, qui exhortait l&#039;Etat h\u00e9breu \u00e0 &quot;cesser imm\u00e9diatement et compl\u00e8tement toute [&hellip;]\" \/>\n<meta property=\"og:url\" content=\"https:\/\/www.justiceinfo.net\/fr\/31333-un-vote-sur-les-colonies-israeliennes-reporte-a-l-onu.html\" \/>\n<meta property=\"og:site_name\" content=\"JusticeInfo.net\" \/>\n<meta property=\"article:publisher\" content=\"https:\/\/www.facebook.com\/JusticeInfo\/\" \/>\n<meta property=\"article:published_time\" content=\"2016-12-22T17:23:39+00:00\" \/>\n<meta property=\"og:image\" content=\"https:\/\/www.justiceinfo.net\/wp-content\/uploads\/JusticeInfoNet_logo_1200x630px.jpg\" \/>\n\t<meta property=\"og:image:width\" content=\"1200\" \/>\n\t<meta property=\"og:image:height\" content=\"630\" \/>\n\t<meta property=\"og:image:type\" content=\"image\/jpeg\" \/>\n<meta name=\"author\" content=\"AFP\" \/>\n<meta name=\"twitter:card\" content=\"summary_large_image\" \/>\n<meta name=\"twitter:creator\" content=\"@justiceinfonet\" \/>\n<meta name=\"twitter:site\" content=\"@justiceinfonet\" \/>\n<meta name=\"twitter:label1\" content=\"\u00c9crit par\" \/>\n\t<meta name=\"twitter:data1\" content=\"AFP\" \/>\n\t<meta name=\"twitter:label2\" content=\"Dur\u00e9e de lecture estim\u00e9e\" \/>\n\t<meta name=\"twitter:data2\" content=\"4 minutes\" \/>\n<script type=\"application\/ld+json\" class=\"yoast-schema-graph\">{\"@context\":\"https:\/\/schema.org\",\"@graph\":[{\"@type\":\"NewsArticle\",\"@id\":\"https:\/\/www.justiceinfo.net\/fr\/31333-un-vote-sur-les-colonies-israeliennes-reporte-a-l-onu.html#article\",\"isPartOf\":{\"@id\":\"https:\/\/www.justiceinfo.net\/fr\/31333-un-vote-sur-les-colonies-israeliennes-reporte-a-l-onu.html\"},\"author\":{\"name\":\"afp\",\"@id\":\"https:\/\/www.justiceinfo.net\/fr#\/schema\/person\/713d340ef5f218fc36ce9b4244364a7f\"},\"headline\":\"Un vote sur les colonies isra\u00e9liennes report\u00e9 \u00e0 l'ONU\",\"datePublished\":\"2016-12-22T17:23:39+00:00\",\"mainEntityOfPage\":{\"@id\":\"https:\/\/www.justiceinfo.net\/fr\/31333-un-vote-sur-les-colonies-israeliennes-reporte-a-l-onu.html\"},\"wordCount\":757,\"commentCount\":0,\"publisher\":{\"@id\":\"https:\/\/www.justiceinfo.net\/fr#organization\"},\"articleSection\":[\"Fil d'info AFP\"],\"inLanguage\":\"fr-FR\",\"potentialAction\":[{\"@type\":\"CommentAction\",\"name\":\"Comment\",\"target\":[\"https:\/\/www.justiceinfo.net\/fr\/31333-un-vote-sur-les-colonies-israeliennes-reporte-a-l-onu.html#respond\"]}]},{\"@type\":\"WebPage\",\"@id\":\"https:\/\/www.justiceinfo.net\/fr\/31333-un-vote-sur-les-colonies-israeliennes-reporte-a-l-onu.html\",\"url\":\"https:\/\/www.justiceinfo.net\/fr\/31333-un-vote-sur-les-colonies-israeliennes-reporte-a-l-onu.html\",\"name\":\"Un vote sur les colonies isra\u00e9liennes report\u00e9 \u00e0 l'ONU - JusticeInfo.net\",\"isPartOf\":{\"@id\":\"https:\/\/www.justiceinfo.net\/fr#website\"},\"datePublished\":\"2016-12-22T17:23:39+00:00\",\"breadcrumb\":{\"@id\":\"https:\/\/www.justiceinfo.net\/fr\/31333-un-vote-sur-les-colonies-israeliennes-reporte-a-l-onu.html#breadcrumb\"},\"inLanguage\":\"fr-FR\",\"potentialAction\":[{\"@type\":\"ReadAction\",\"target\":[\"https:\/\/www.justiceinfo.net\/fr\/31333-un-vote-sur-les-colonies-israeliennes-reporte-a-l-onu.html\"]}]},{\"@type\":\"BreadcrumbList\",\"@id\":\"https:\/\/www.justiceinfo.net\/fr\/31333-un-vote-sur-les-colonies-israeliennes-reporte-a-l-onu.html#breadcrumb\",\"itemListElement\":[{\"@type\":\"ListItem\",\"position\":1,\"name\":\"Home\",\"item\":\"https:\/\/www.justiceinfo.net\/fr\"},{\"@type\":\"ListItem\",\"position\":2,\"name\":\"Un vote sur les colonies isra\u00e9liennes report\u00e9 \u00e0 l'ONU\"}]},{\"@type\":\"WebSite\",\"@id\":\"https:\/\/www.justiceinfo.net\/fr#website\",\"url\":\"https:\/\/www.justiceinfo.net\/fr\",\"name\":\"JusticeInfo.net\",\"description\":\"La justice doit \u00eatre vue pour \u00eatre rendue\",\"publisher\":{\"@id\":\"https:\/\/www.justiceinfo.net\/fr#organization\"},\"potentialAction\":[{\"@type\":\"SearchAction\",\"target\":{\"@type\":\"EntryPoint\",\"urlTemplate\":\"https:\/\/www.justiceinfo.net\/fr?s={search_term_string}\"},\"query-input\":{\"@type\":\"PropertyValueSpecification\",\"valueRequired\":true,\"valueName\":\"search_term_string\"}}],\"inLanguage\":\"fr-FR\"},{\"@type\":\"Organization\",\"@id\":\"https:\/\/www.justiceinfo.net\/fr#organization\",\"name\":\"Justice Info\",\"url\":\"https:\/\/www.justiceinfo.net\/fr\",\"logo\":{\"@type\":\"ImageObject\",\"inLanguage\":\"fr-FR\",\"@id\":\"https:\/\/www.justiceinfo.net\/fr#\/schema\/logo\/image\/\",\"url\":\"https:\/\/www.justiceinfo.net\/wp-content\/uploads\/justiceinfo_logo-trans_1200x1200px.png\",\"contentUrl\":\"https:\/\/www.justiceinfo.net\/wp-content\/uploads\/justiceinfo_logo-trans_1200x1200px.png\",\"width\":1199,\"height\":1200,\"caption\":\"Justice Info\"},\"image\":{\"@id\":\"https:\/\/www.justiceinfo.net\/fr#\/schema\/logo\/image\/\"},\"sameAs\":[\"https:\/\/www.facebook.com\/JusticeInfo\/\",\"https:\/\/x.com\/justiceinfonet\",\"https:\/\/www.linkedin.com\/company\/justice-info\",\"https:\/\/www.youtube.com\/channel\/UCyCEsARodyuWtkWyhn-e7pA\"]},{\"@type\":\"Person\",\"name\":\"AFP\",\"url\":\"\/fr\/?s=AFP\"}]}<\/script>\n<!-- \/ Yoast SEO Premium plugin. -->","yoast_head_json":{"title":"Un vote sur les colonies isra\u00e9liennes report\u00e9 \u00e0 l'ONU - JusticeInfo.net","robots":{"index":"index","follow":"follow","max-snippet":"max-snippet:-1","max-image-preview":"max-image-preview:large","max-video-preview":"max-video-preview:-1"},"canonical":"https:\/\/www.justiceinfo.net\/fr\/31333-un-vote-sur-les-colonies-israeliennes-reporte-a-l-onu.html","og_locale":"fr_FR","og_type":"article","og_title":"Un vote sur les colonies isra\u00e9liennes report\u00e9 \u00e0 l'ONU","og_description":"Le Conseil de s\u00e9curit\u00e9 de l'ONU a report\u00e9 jeudi un vote sur la colonisation isra\u00e9lienne dans les Territoires palestiniens et \u00e0 J\u00e9rusalem-Est, une question tr\u00e8s sensible sur laquelle Donald Trump a rapidement essay\u00e9 de peser en r\u00e9clamant le veto des Etats-Unis. Le projet de r\u00e9solution, qui exhortait l'Etat h\u00e9breu \u00e0 \"cesser imm\u00e9diatement et compl\u00e8tement toute [&hellip;]","og_url":"https:\/\/www.justiceinfo.net\/fr\/31333-un-vote-sur-les-colonies-israeliennes-reporte-a-l-onu.html","og_site_name":"JusticeInfo.net","article_publisher":"https:\/\/www.facebook.com\/JusticeInfo\/","article_published_time":"2016-12-22T17:23:39+00:00","og_image":[{"width":1200,"height":630,"url":"https:\/\/www.justiceinfo.net\/wp-content\/uploads\/JusticeInfoNet_logo_1200x630px.jpg","type":"image\/jpeg"}],"author":"AFP","twitter_card":"summary_large_image","twitter_creator":"@justiceinfonet","twitter_site":"@justiceinfonet","twitter_misc":{"\u00c9crit par":"AFP","Dur\u00e9e de lecture estim\u00e9e":"4 minutes"},"schema":{"@context":"https:\/\/schema.org","@graph":[{"@type":"NewsArticle","@id":"https:\/\/www.justiceinfo.net\/fr\/31333-un-vote-sur-les-colonies-israeliennes-reporte-a-l-onu.html#article","isPartOf":{"@id":"https:\/\/www.justiceinfo.net\/fr\/31333-un-vote-sur-les-colonies-israeliennes-reporte-a-l-onu.html"},"author":{"name":"afp","@id":"https:\/\/www.justiceinfo.net\/fr#\/schema\/person\/713d340ef5f218fc36ce9b4244364a7f"},"headline":"Un vote sur les colonies isra\u00e9liennes report\u00e9 \u00e0 l'ONU","datePublished":"2016-12-22T17:23:39+00:00","mainEntityOfPage":{"@id":"https:\/\/www.justiceinfo.net\/fr\/31333-un-vote-sur-les-colonies-israeliennes-reporte-a-l-onu.html"},"wordCount":757,"commentCount":0,"publisher":{"@id":"https:\/\/www.justiceinfo.net\/fr#organization"},"articleSection":["Fil d'info AFP"],"inLanguage":"fr-FR","potentialAction":[{"@type":"CommentAction","name":"Comment","target":["https:\/\/www.justiceinfo.net\/fr\/31333-un-vote-sur-les-colonies-israeliennes-reporte-a-l-onu.html#respond"]}]},{"@type":"WebPage","@id":"https:\/\/www.justiceinfo.net\/fr\/31333-un-vote-sur-les-colonies-israeliennes-reporte-a-l-onu.html","url":"https:\/\/www.justiceinfo.net\/fr\/31333-un-vote-sur-les-colonies-israeliennes-reporte-a-l-onu.html","name":"Un vote sur les colonies isra\u00e9liennes report\u00e9 \u00e0 l'ONU - JusticeInfo.net","isPartOf":{"@id":"https:\/\/www.justiceinfo.net\/fr#website"},"datePublished":"2016-12-22T17:23:39+00:00","breadcrumb":{"@id":"https:\/\/www.justiceinfo.net\/fr\/31333-un-vote-sur-les-colonies-israeliennes-reporte-a-l-onu.html#breadcrumb"},"inLanguage":"fr-FR","potentialAction":[{"@type":"ReadAction","target":["https:\/\/www.justiceinfo.net\/fr\/31333-un-vote-sur-les-colonies-israeliennes-reporte-a-l-onu.html"]}]},{"@type":"BreadcrumbList","@id":"https:\/\/www.justiceinfo.net\/fr\/31333-un-vote-sur-les-colonies-israeliennes-reporte-a-l-onu.html#breadcrumb","itemListElement":[{"@type":"ListItem","position":1,"name":"Home","item":"https:\/\/www.justiceinfo.net\/fr"},{"@type":"ListItem","position":2,"name":"Un vote sur les colonies isra\u00e9liennes report\u00e9 \u00e0 l'ONU"}]},{"@type":"WebSite","@id":"https:\/\/www.justiceinfo.net\/fr#website","url":"https:\/\/www.justiceinfo.net\/fr","name":"JusticeInfo.net","description":"La justice doit \u00eatre vue pour \u00eatre rendue","publisher":{"@id":"https:\/\/www.justiceinfo.net\/fr#organization"},"potentialAction":[{"@type":"SearchAction","target":{"@type":"EntryPoint","urlTemplate":"https:\/\/www.justiceinfo.net\/fr?s={search_term_string}"},"query-input":{"@type":"PropertyValueSpecification","valueRequired":true,"valueName":"search_term_string"}}],"inLanguage":"fr-FR"},{"@type":"Organization","@id":"https:\/\/www.justiceinfo.net\/fr#organization","name":"Justice Info","url":"https:\/\/www.justiceinfo.net\/fr","logo":{"@type":"ImageObject","inLanguage":"fr-FR","@id":"https:\/\/www.justiceinfo.net\/fr#\/schema\/logo\/image\/","url":"https:\/\/www.justiceinfo.net\/wp-content\/uploads\/justiceinfo_logo-trans_1200x1200px.png","contentUrl":"https:\/\/www.justiceinfo.net\/wp-content\/uploads\/justiceinfo_logo-trans_1200x1200px.png","width":1199,"height":1200,"caption":"Justice Info"},"image":{"@id":"https:\/\/www.justiceinfo.net\/fr#\/schema\/logo\/image\/"},"sameAs":["https:\/\/www.facebook.com\/JusticeInfo\/","https:\/\/x.com\/justiceinfonet","https:\/\/www.linkedin.com\/company\/justice-info","https:\/\/www.youtube.com\/channel\/UCyCEsARodyuWtkWyhn-e7pA"]},{"@type":"Person","name":"AFP","url":"\/fr\/?s=AFP"}]}},"_links":{"self":[{"href":"https:\/\/www.justiceinfo.net\/fr\/wp-json\/wp\/v2\/posts\/31333","targetHints":{"allow":["GET"]}}],"collection":[{"href":"https:\/\/www.justiceinfo.net\/fr\/wp-json\/wp\/v2\/posts"}],"about":[{"href":"https:\/\/www.justiceinfo.net\/fr\/wp-json\/wp\/v2\/types\/post"}],"author":[{"embeddable":true,"href":"https:\/\/www.justiceinfo.net\/fr\/wp-json\/wp\/v2\/users\/60"}],"replies":[{"embeddable":true,"href":"https:\/\/www.justiceinfo.net\/fr\/wp-json\/wp\/v2\/comments?post=31333"}],"version-history":[{"count":0,"href":"https:\/\/www.justiceinfo.net\/fr\/wp-json\/wp\/v2\/posts\/31333\/revisions"}],"wp:attachment":[{"href":"https:\/\/www.justiceinfo.net\/fr\/wp-json\/wp\/v2\/media?parent=31333"}],"wp:term":[{"taxonomy":"category","embeddable":true,"href":"https:\/\/www.justiceinfo.net\/fr\/wp-json\/wp\/v2\/categories?post=31333"},{"taxonomy":"post_tag","embeddable":true,"href":"https:\/\/www.justiceinfo.net\/fr\/wp-json\/wp\/v2\/tags?post=31333"},{"taxonomy":"ji_location","embeddable":true,"href":"https:\/\/www.justiceinfo.net\/fr\/wp-json\/wp\/v2\/ji_location?post=31333"}],"curies":[{"name":"wp","href":"https:\/\/api.w.org\/{rel}","templated":true}]}}