{"id":31341,"date":"2016-12-23T06:25:17","date_gmt":"2016-12-23T05:25:17","guid":{"rendered":"https:\/\/www.justiceinfo.net\/31341-rdc-vers-une-sortie-de-crise-apres-quatre-jours-de-violences-meurtrieres.html"},"modified":"2016-12-23T06:25:17","modified_gmt":"2016-12-23T05:25:17","slug":"rdc-vers-une-sortie-de-crise-apres-quatre-jours-de-violences-meurtrieres","status":"publish","type":"post","link":"https:\/\/www.justiceinfo.net\/fr\/31341-rdc-vers-une-sortie-de-crise-apres-quatre-jours-de-violences-meurtrieres.html","title":{"rendered":"RDC : vers une sortie de crise apr\u00e8s quatre jours de violences meurtri\u00e8res"},"content":{"rendered":"<div class=\"text fontsize_0 jq_Content jq_langdir\">\n<p>La R\u00e9publique d\u00e9mocratique du Congo s'acheminait dans la nuit de jeudi \u00e0 vendredi vers un accord de sortie de crise, apr\u00e8s quatre jours de violences meurtri\u00e8res autour de la fin du mandat du pr\u00e9sident Joseph Kabila.<\/p>\n<p>\"C'est s\u00fbr, nous terminerons demain\" (vendredi), a d\u00e9clar\u00e9 dans la soir\u00e9e Mgr Fridolin Ambongo, vice-pr\u00e9sident de la Conf\u00e9rence \u00e9piscopale nationale du Congo (Cenco), qui assure la m\u00e9diation des n\u00e9gociations ouvertes le 8 d\u00e9cembre en vue d'instaurer une transition politique pacifique.<\/p>\n<p>\"Nous avons obtenu tout ce que nous voulions\", a confi\u00e9 une source dans l'opposition.<\/p>\n<p>\"Normalement, l'accord sera sign\u00e9 demain vendredi\", a ajout\u00e9 F\u00e9lix Tshisekedi, chef de la d\u00e9l\u00e9gation de l'opposition \u00e0 l'issue d'une s\u00e9ance pl\u00e9ni\u00e8re peu apr\u00e8s 22H00 (21H00 GMT).<\/p>\n<p>\"Le pr\u00e9sident a fait suffisamment de concessions, l'accord sera sign\u00e9 demain\", a \u00e9galement estim\u00e9 Lumanu Mulenda, n\u00e9gociateur de la majorit\u00e9.\u00a0<\/p>\n<p>Des \u00e9quipes de juristes de chaque camp devaient finaliser durant la nuit la r\u00e9daction de l'accord en vue de son adoption en s\u00e9ance pl\u00e9ni\u00e8re vendredi matin avant une c\u00e9r\u00e9monie de signature officielle dans l'apr\u00e8s-midi.<\/p>\n<p>L'AFP a consult\u00e9 le document de travail r\u00e9sumant les principaux points du projet d'accord ayant fait l'objet d'un consensus en commission.<\/p>\n<p>Ce texte pr\u00e9voit l'instauration d'une \"transition politique\" et la tenue \"fin 2017\" de la pr\u00e9sidentielle, qui aurait d\u00fb \u00eatre organis\u00e9e cette ann\u00e9e et que le pouvoir disait jusque-l\u00e0 ne pas pouvoir organiser avant avril 2018.<\/p>\n<p>L\u2019opposition obtient \u00e9galement la garantie que le pr\u00e9sident Kabila ne briguera pas un troisi\u00e8me mandat, conform\u00e9ment \u00e0 la Constitution.\u00a0<\/p>\n<p>Un \"Conseil national de transition\" doit \u00eatre cr\u00e9\u00e9 afin de veiller \u00e0 la bonne ex\u00e9cution de l'accord, particuli\u00e8rement sur les questions \u00e9lectorales.<\/p>\n<p>En contrepartie, l'opposition, rassembl\u00e9e autour de la figure historique d\u2019\u00c9tienne Tshisekedi, a accept\u00e9 le principe du maintien au pouvoir de M. Kabila jusqu'\u00e0 une passation de pouvoir avec un successeur \u00e9lu, alors qu'elle demandait jusque-l\u00e0 son retrait imm\u00e9diat de la vie publique.<\/p>\n<p>\u00c2g\u00e9 de 45 ans, M. Kabila est au pouvoir depuis 2001. Son second mandat s'est achev\u00e9 mardi dans un climat de violence, et la Constitution lui interdit de se repr\u00e9senter.<\/p>\n<h2>- Tensions dans les provinces -<\/h2>\n<p>Depuis lundi, entre 56 et 104 personnes, selon les sources, ont p\u00e9ri dans des violences politiques ou interethniques. Ces chiffres ne tiennent pas compte d'affrontements au bilan encore inconnu mardi dans la ville de Kananga (centre) entre forces de l'ordre et une milice oppos\u00e9e au gouvernement central.<\/p>\n<p>Mardi, jour d'expiration du mandat de M. Kabila, des affrontements entre forces de l'ordre et jeunes contestant sa l\u00e9gitimit\u00e9 ont fait 20 morts \u00e0 Kinshasa, Lubumbashi (deuxi\u00e8me ville du pays) et dans deux villes de l'Ouest, selon la police.<\/p>\n<p>L'ONG Human Rights Watch affirme avoir document\u00e9 le d\u00e9c\u00e8s de 34 personnes dans ces violences. L'ONU, elle,\u00a0avan\u00e7ait mardi un \"bilan provisoire\" de 19 morts \"confirm\u00e9s\".<\/p>\n<p>La situation s'\u00e9tait calm\u00e9e mercredi dans la capitale Kinshasa, qui a repris timidement vie jeudi, apr\u00e8s un d\u00e9but de semaine de paralysie totale. Les forces de l'ordre y restaient toujours d\u00e9ploy\u00e9es en nombre.<\/p>\n<p>Des tensions subsistaient dans plusieurs provinces.<\/p>\n<p>A Lubumbashi(sud-est), fief de l'opposant en exil Mo\u00efse Katumbi, l'arm\u00e9e a boucl\u00e9 jeudi \u00e0 l'aube un quartier th\u00e9\u00e2tre de violences au cours des deux jours pr\u00e9c\u00e9dents et proc\u00e9d\u00e9 \u00e0 des arrestations massives.<\/p>\n<p>L\u2019\u00c9glise a, elle, lanc\u00e9 \"un SOS\", apr\u00e8s une nouvelle attaque men\u00e9e mardi par des Pygm\u00e9es, en conflit avec l'ethnie Bantou, et qui a fait selon elle au moins 40 morts mardi dans la ville de Manono, \u00e0 480 km au nord de Lubumbashi. Les autorit\u00e9s, elles, parlent de six morts.<\/p>\n<p>Dans l'est du Congo, d\u00e9chir\u00e9 par les conflits arm\u00e9s depuis plus de vingt ans, treize civils de l'ethnie Nande ont \u00e9t\u00e9 tu\u00e9s jeudi dans l'attaque d'un village du Nord-Kivu par des miliciens hutu.<\/p>\n<p>\u00c9tat-continent de 70 millions d'habitants, la RDC n'a jamais connu de transition pacifique du pouvoir depuis son ind\u00e9pendance de la Belgique en 1960.<\/p>\n<p>Les cinq premi\u00e8res ann\u00e9es de son existence ont \u00e9t\u00e9 marqu\u00e9es par une lutte pour le pouvoir ayant entra\u00een\u00e9 une guerre civile dont est sorti seul vainqueur le g\u00e9n\u00e9ral Mobutu en 1965.<\/p>\n<p>Celui-ci sera d\u00e9pos\u00e9 en 1997 par Laurent-D\u00e9sir\u00e9 Kabila, p\u00e8re de l'actuel pr\u00e9sident, qui lui succ\u00e8dera \u00e0 son assassinat en 2001, en pleine deuxi\u00e8me guerre du Congo (1998-2003).<\/p>\n<p>Confirm\u00e9 en 2006 \u00e0 la t\u00eate du pays lors des premi\u00e8res \u00e9lections libres organis\u00e9e depuis l'ind\u00e9pendance, M. Kabila a \u00e9t\u00e9 r\u00e9\u00e9lu en 2011 lors d'un scrutin entach\u00e9 de fraudes massives, \u00e0 l'origine de la crise actuelle.<\/p>\n<\/div>\n","protected":false},"excerpt":{"rendered":"<p>La R\u00e9publique d\u00e9mocratique du Congo s'acheminait dans la nuit de jeudi \u00e0 vendredi vers un accord de sortie de crise, apr\u00e8s quatre jours de violences meurtri\u00e8res autour de la fin du mandat du pr\u00e9sident Joseph Kabila. \"C'est s\u00fbr, nous terminerons demain\" (vendredi), a d\u00e9clar\u00e9 dans la soir\u00e9e Mgr Fridolin Ambongo, vice-pr\u00e9sident de la Conf\u00e9rence \u00e9piscopale [&hellip;]<\/p>\n","protected":false},"author":60,"featured_media":0,"comment_status":"open","ping_status":"closed","sticky":false,"template":"","format":"standard","meta":{"_acf_changed":false,"footnotes":""},"categories":[2576],"tags":[],"ji_location":[2196],"class_list":["post-31341","post","type-post","status-publish","format-standard","hentry","category-fil-d-actualite","ji_location-republique-democratique-du-congo"],"acf":[],"yoast_head":"<!-- This site is optimized with the Yoast SEO Premium plugin v25.3.1 (Yoast SEO v25.3.1) - https:\/\/yoast.com\/wordpress\/plugins\/seo\/ -->\n<title>RDC : vers une sortie de crise apr\u00e8s quatre jours de violences meurtri\u00e8res - JusticeInfo.net<\/title>\n<meta name=\"robots\" content=\"index, follow, max-snippet:-1, max-image-preview:large, max-video-preview:-1\" \/>\n<link rel=\"canonical\" href=\"https:\/\/www.justiceinfo.net\/fr\/31341-rdc-vers-une-sortie-de-crise-apres-quatre-jours-de-violences-meurtrieres.html\" \/>\n<meta property=\"og:locale\" content=\"fr_FR\" \/>\n<meta property=\"og:type\" content=\"article\" \/>\n<meta property=\"og:title\" content=\"RDC : vers une sortie de crise apr\u00e8s quatre jours de violences meurtri\u00e8res\" \/>\n<meta property=\"og:description\" content=\"La R\u00e9publique d\u00e9mocratique du Congo s&#039;acheminait dans la nuit de jeudi \u00e0 vendredi vers un accord de sortie de crise, apr\u00e8s quatre jours de violences meurtri\u00e8res autour de la fin du mandat du pr\u00e9sident Joseph Kabila. &quot;C&#039;est s\u00fbr, nous terminerons demain&quot; (vendredi), a d\u00e9clar\u00e9 dans la soir\u00e9e Mgr Fridolin Ambongo, vice-pr\u00e9sident de la Conf\u00e9rence \u00e9piscopale [&hellip;]\" \/>\n<meta property=\"og:url\" content=\"https:\/\/www.justiceinfo.net\/fr\/31341-rdc-vers-une-sortie-de-crise-apres-quatre-jours-de-violences-meurtrieres.html\" \/>\n<meta property=\"og:site_name\" content=\"JusticeInfo.net\" \/>\n<meta property=\"article:publisher\" content=\"https:\/\/www.facebook.com\/JusticeInfo\/\" \/>\n<meta property=\"article:published_time\" content=\"2016-12-23T05:25:17+00:00\" \/>\n<meta property=\"og:image\" content=\"https:\/\/www.justiceinfo.net\/wp-content\/uploads\/JusticeInfoNet_logo_1200x630px.jpg\" \/>\n\t<meta property=\"og:image:width\" content=\"1200\" \/>\n\t<meta property=\"og:image:height\" content=\"630\" \/>\n\t<meta property=\"og:image:type\" content=\"image\/jpeg\" \/>\n<meta name=\"author\" content=\"AFP\" \/>\n<meta name=\"twitter:card\" content=\"summary_large_image\" \/>\n<meta name=\"twitter:creator\" content=\"@justiceinfonet\" \/>\n<meta name=\"twitter:site\" content=\"@justiceinfonet\" \/>\n<meta name=\"twitter:label1\" content=\"\u00c9crit par\" \/>\n\t<meta name=\"twitter:data1\" content=\"AFP\" \/>\n\t<meta name=\"twitter:label2\" content=\"Dur\u00e9e de lecture estim\u00e9e\" \/>\n\t<meta name=\"twitter:data2\" content=\"4 minutes\" \/>\n<script type=\"application\/ld+json\" class=\"yoast-schema-graph\">{\"@context\":\"https:\/\/schema.org\",\"@graph\":[{\"@type\":\"NewsArticle\",\"@id\":\"https:\/\/www.justiceinfo.net\/fr\/31341-rdc-vers-une-sortie-de-crise-apres-quatre-jours-de-violences-meurtrieres.html#article\",\"isPartOf\":{\"@id\":\"https:\/\/www.justiceinfo.net\/fr\/31341-rdc-vers-une-sortie-de-crise-apres-quatre-jours-de-violences-meurtrieres.html\"},\"author\":{\"name\":\"afp\",\"@id\":\"https:\/\/www.justiceinfo.net\/fr#\/schema\/person\/713d340ef5f218fc36ce9b4244364a7f\"},\"headline\":\"RDC : vers une sortie de crise apr\u00e8s quatre jours de violences meurtri\u00e8res\",\"datePublished\":\"2016-12-23T05:25:17+00:00\",\"mainEntityOfPage\":{\"@id\":\"https:\/\/www.justiceinfo.net\/fr\/31341-rdc-vers-une-sortie-de-crise-apres-quatre-jours-de-violences-meurtrieres.html\"},\"wordCount\":846,\"commentCount\":0,\"publisher\":{\"@id\":\"https:\/\/www.justiceinfo.net\/fr#organization\"},\"articleSection\":[\"Fil d'info AFP\"],\"inLanguage\":\"fr-FR\",\"potentialAction\":[{\"@type\":\"CommentAction\",\"name\":\"Comment\",\"target\":[\"https:\/\/www.justiceinfo.net\/fr\/31341-rdc-vers-une-sortie-de-crise-apres-quatre-jours-de-violences-meurtrieres.html#respond\"]}]},{\"@type\":\"WebPage\",\"@id\":\"https:\/\/www.justiceinfo.net\/fr\/31341-rdc-vers-une-sortie-de-crise-apres-quatre-jours-de-violences-meurtrieres.html\",\"url\":\"https:\/\/www.justiceinfo.net\/fr\/31341-rdc-vers-une-sortie-de-crise-apres-quatre-jours-de-violences-meurtrieres.html\",\"name\":\"RDC : vers une sortie de crise apr\u00e8s quatre jours de violences meurtri\u00e8res - JusticeInfo.net\",\"isPartOf\":{\"@id\":\"https:\/\/www.justiceinfo.net\/fr#website\"},\"datePublished\":\"2016-12-23T05:25:17+00:00\",\"breadcrumb\":{\"@id\":\"https:\/\/www.justiceinfo.net\/fr\/31341-rdc-vers-une-sortie-de-crise-apres-quatre-jours-de-violences-meurtrieres.html#breadcrumb\"},\"inLanguage\":\"fr-FR\",\"potentialAction\":[{\"@type\":\"ReadAction\",\"target\":[\"https:\/\/www.justiceinfo.net\/fr\/31341-rdc-vers-une-sortie-de-crise-apres-quatre-jours-de-violences-meurtrieres.html\"]}]},{\"@type\":\"BreadcrumbList\",\"@id\":\"https:\/\/www.justiceinfo.net\/fr\/31341-rdc-vers-une-sortie-de-crise-apres-quatre-jours-de-violences-meurtrieres.html#breadcrumb\",\"itemListElement\":[{\"@type\":\"ListItem\",\"position\":1,\"name\":\"Home\",\"item\":\"https:\/\/www.justiceinfo.net\/fr\"},{\"@type\":\"ListItem\",\"position\":2,\"name\":\"RDC : vers une sortie de crise apr\u00e8s quatre jours de violences meurtri\u00e8res\"}]},{\"@type\":\"WebSite\",\"@id\":\"https:\/\/www.justiceinfo.net\/fr#website\",\"url\":\"https:\/\/www.justiceinfo.net\/fr\",\"name\":\"JusticeInfo.net\",\"description\":\"La justice doit \u00eatre vue pour \u00eatre rendue\",\"publisher\":{\"@id\":\"https:\/\/www.justiceinfo.net\/fr#organization\"},\"potentialAction\":[{\"@type\":\"SearchAction\",\"target\":{\"@type\":\"EntryPoint\",\"urlTemplate\":\"https:\/\/www.justiceinfo.net\/fr?s={search_term_string}\"},\"query-input\":{\"@type\":\"PropertyValueSpecification\",\"valueRequired\":true,\"valueName\":\"search_term_string\"}}],\"inLanguage\":\"fr-FR\"},{\"@type\":\"Organization\",\"@id\":\"https:\/\/www.justiceinfo.net\/fr#organization\",\"name\":\"Justice Info\",\"url\":\"https:\/\/www.justiceinfo.net\/fr\",\"logo\":{\"@type\":\"ImageObject\",\"inLanguage\":\"fr-FR\",\"@id\":\"https:\/\/www.justiceinfo.net\/fr#\/schema\/logo\/image\/\",\"url\":\"https:\/\/www.justiceinfo.net\/wp-content\/uploads\/justiceinfo_logo-trans_1200x1200px.png\",\"contentUrl\":\"https:\/\/www.justiceinfo.net\/wp-content\/uploads\/justiceinfo_logo-trans_1200x1200px.png\",\"width\":1199,\"height\":1200,\"caption\":\"Justice Info\"},\"image\":{\"@id\":\"https:\/\/www.justiceinfo.net\/fr#\/schema\/logo\/image\/\"},\"sameAs\":[\"https:\/\/www.facebook.com\/JusticeInfo\/\",\"https:\/\/x.com\/justiceinfonet\",\"https:\/\/www.linkedin.com\/company\/justice-info\",\"https:\/\/www.youtube.com\/channel\/UCyCEsARodyuWtkWyhn-e7pA\"]},{\"@type\":\"Person\",\"name\":\"AFP\",\"url\":\"\/fr\/?s=AFP\"}]}<\/script>\n<!-- \/ Yoast SEO Premium plugin. -->","yoast_head_json":{"title":"RDC : vers une sortie de crise apr\u00e8s quatre jours de violences meurtri\u00e8res - JusticeInfo.net","robots":{"index":"index","follow":"follow","max-snippet":"max-snippet:-1","max-image-preview":"max-image-preview:large","max-video-preview":"max-video-preview:-1"},"canonical":"https:\/\/www.justiceinfo.net\/fr\/31341-rdc-vers-une-sortie-de-crise-apres-quatre-jours-de-violences-meurtrieres.html","og_locale":"fr_FR","og_type":"article","og_title":"RDC : vers une sortie de crise apr\u00e8s quatre jours de violences meurtri\u00e8res","og_description":"La R\u00e9publique d\u00e9mocratique du Congo s'acheminait dans la nuit de jeudi \u00e0 vendredi vers un accord de sortie de crise, apr\u00e8s quatre jours de violences meurtri\u00e8res autour de la fin du mandat du pr\u00e9sident Joseph Kabila. \"C'est s\u00fbr, nous terminerons demain\" (vendredi), a d\u00e9clar\u00e9 dans la soir\u00e9e Mgr Fridolin Ambongo, vice-pr\u00e9sident de la Conf\u00e9rence \u00e9piscopale [&hellip;]","og_url":"https:\/\/www.justiceinfo.net\/fr\/31341-rdc-vers-une-sortie-de-crise-apres-quatre-jours-de-violences-meurtrieres.html","og_site_name":"JusticeInfo.net","article_publisher":"https:\/\/www.facebook.com\/JusticeInfo\/","article_published_time":"2016-12-23T05:25:17+00:00","og_image":[{"width":1200,"height":630,"url":"https:\/\/www.justiceinfo.net\/wp-content\/uploads\/JusticeInfoNet_logo_1200x630px.jpg","type":"image\/jpeg"}],"author":"AFP","twitter_card":"summary_large_image","twitter_creator":"@justiceinfonet","twitter_site":"@justiceinfonet","twitter_misc":{"\u00c9crit par":"AFP","Dur\u00e9e de lecture estim\u00e9e":"4 minutes"},"schema":{"@context":"https:\/\/schema.org","@graph":[{"@type":"NewsArticle","@id":"https:\/\/www.justiceinfo.net\/fr\/31341-rdc-vers-une-sortie-de-crise-apres-quatre-jours-de-violences-meurtrieres.html#article","isPartOf":{"@id":"https:\/\/www.justiceinfo.net\/fr\/31341-rdc-vers-une-sortie-de-crise-apres-quatre-jours-de-violences-meurtrieres.html"},"author":{"name":"afp","@id":"https:\/\/www.justiceinfo.net\/fr#\/schema\/person\/713d340ef5f218fc36ce9b4244364a7f"},"headline":"RDC : vers une sortie de crise apr\u00e8s quatre jours de violences meurtri\u00e8res","datePublished":"2016-12-23T05:25:17+00:00","mainEntityOfPage":{"@id":"https:\/\/www.justiceinfo.net\/fr\/31341-rdc-vers-une-sortie-de-crise-apres-quatre-jours-de-violences-meurtrieres.html"},"wordCount":846,"commentCount":0,"publisher":{"@id":"https:\/\/www.justiceinfo.net\/fr#organization"},"articleSection":["Fil d'info AFP"],"inLanguage":"fr-FR","potentialAction":[{"@type":"CommentAction","name":"Comment","target":["https:\/\/www.justiceinfo.net\/fr\/31341-rdc-vers-une-sortie-de-crise-apres-quatre-jours-de-violences-meurtrieres.html#respond"]}]},{"@type":"WebPage","@id":"https:\/\/www.justiceinfo.net\/fr\/31341-rdc-vers-une-sortie-de-crise-apres-quatre-jours-de-violences-meurtrieres.html","url":"https:\/\/www.justiceinfo.net\/fr\/31341-rdc-vers-une-sortie-de-crise-apres-quatre-jours-de-violences-meurtrieres.html","name":"RDC : vers une sortie de crise apr\u00e8s quatre jours de violences meurtri\u00e8res - JusticeInfo.net","isPartOf":{"@id":"https:\/\/www.justiceinfo.net\/fr#website"},"datePublished":"2016-12-23T05:25:17+00:00","breadcrumb":{"@id":"https:\/\/www.justiceinfo.net\/fr\/31341-rdc-vers-une-sortie-de-crise-apres-quatre-jours-de-violences-meurtrieres.html#breadcrumb"},"inLanguage":"fr-FR","potentialAction":[{"@type":"ReadAction","target":["https:\/\/www.justiceinfo.net\/fr\/31341-rdc-vers-une-sortie-de-crise-apres-quatre-jours-de-violences-meurtrieres.html"]}]},{"@type":"BreadcrumbList","@id":"https:\/\/www.justiceinfo.net\/fr\/31341-rdc-vers-une-sortie-de-crise-apres-quatre-jours-de-violences-meurtrieres.html#breadcrumb","itemListElement":[{"@type":"ListItem","position":1,"name":"Home","item":"https:\/\/www.justiceinfo.net\/fr"},{"@type":"ListItem","position":2,"name":"RDC : vers une sortie de crise apr\u00e8s quatre jours de violences meurtri\u00e8res"}]},{"@type":"WebSite","@id":"https:\/\/www.justiceinfo.net\/fr#website","url":"https:\/\/www.justiceinfo.net\/fr","name":"JusticeInfo.net","description":"La justice doit \u00eatre vue pour \u00eatre rendue","publisher":{"@id":"https:\/\/www.justiceinfo.net\/fr#organization"},"potentialAction":[{"@type":"SearchAction","target":{"@type":"EntryPoint","urlTemplate":"https:\/\/www.justiceinfo.net\/fr?s={search_term_string}"},"query-input":{"@type":"PropertyValueSpecification","valueRequired":true,"valueName":"search_term_string"}}],"inLanguage":"fr-FR"},{"@type":"Organization","@id":"https:\/\/www.justiceinfo.net\/fr#organization","name":"Justice Info","url":"https:\/\/www.justiceinfo.net\/fr","logo":{"@type":"ImageObject","inLanguage":"fr-FR","@id":"https:\/\/www.justiceinfo.net\/fr#\/schema\/logo\/image\/","url":"https:\/\/www.justiceinfo.net\/wp-content\/uploads\/justiceinfo_logo-trans_1200x1200px.png","contentUrl":"https:\/\/www.justiceinfo.net\/wp-content\/uploads\/justiceinfo_logo-trans_1200x1200px.png","width":1199,"height":1200,"caption":"Justice Info"},"image":{"@id":"https:\/\/www.justiceinfo.net\/fr#\/schema\/logo\/image\/"},"sameAs":["https:\/\/www.facebook.com\/JusticeInfo\/","https:\/\/x.com\/justiceinfonet","https:\/\/www.linkedin.com\/company\/justice-info","https:\/\/www.youtube.com\/channel\/UCyCEsARodyuWtkWyhn-e7pA"]},{"@type":"Person","name":"AFP","url":"\/fr\/?s=AFP"}]}},"_links":{"self":[{"href":"https:\/\/www.justiceinfo.net\/fr\/wp-json\/wp\/v2\/posts\/31341","targetHints":{"allow":["GET"]}}],"collection":[{"href":"https:\/\/www.justiceinfo.net\/fr\/wp-json\/wp\/v2\/posts"}],"about":[{"href":"https:\/\/www.justiceinfo.net\/fr\/wp-json\/wp\/v2\/types\/post"}],"author":[{"embeddable":true,"href":"https:\/\/www.justiceinfo.net\/fr\/wp-json\/wp\/v2\/users\/60"}],"replies":[{"embeddable":true,"href":"https:\/\/www.justiceinfo.net\/fr\/wp-json\/wp\/v2\/comments?post=31341"}],"version-history":[{"count":0,"href":"https:\/\/www.justiceinfo.net\/fr\/wp-json\/wp\/v2\/posts\/31341\/revisions"}],"wp:attachment":[{"href":"https:\/\/www.justiceinfo.net\/fr\/wp-json\/wp\/v2\/media?parent=31341"}],"wp:term":[{"taxonomy":"category","embeddable":true,"href":"https:\/\/www.justiceinfo.net\/fr\/wp-json\/wp\/v2\/categories?post=31341"},{"taxonomy":"post_tag","embeddable":true,"href":"https:\/\/www.justiceinfo.net\/fr\/wp-json\/wp\/v2\/tags?post=31341"},{"taxonomy":"ji_location","embeddable":true,"href":"https:\/\/www.justiceinfo.net\/fr\/wp-json\/wp\/v2\/ji_location?post=31341"}],"curies":[{"name":"wp","href":"https:\/\/api.w.org\/{rel}","templated":true}]}}