{"id":31342,"date":"2016-12-23T06:27:50","date_gmt":"2016-12-23T05:27:50","guid":{"rendered":"https:\/\/www.justiceinfo.net\/31342-sortie-de-crise-en-vue-en-rdc-les-principaux-points-de-l-accord.html"},"modified":"2016-12-23T06:27:50","modified_gmt":"2016-12-23T05:27:50","slug":"sortie-de-crise-en-vue-en-rdc-les-principaux-points-de-l-accord","status":"publish","type":"post","link":"https:\/\/www.justiceinfo.net\/fr\/31342-sortie-de-crise-en-vue-en-rdc-les-principaux-points-de-l-accord.html","title":{"rendered":"Sortie de crise en vue en RDC : les principaux points de l'accord"},"content":{"rendered":"<div class=\"txt-textContent\">\n<div class=\"text fontsize_0 jq_Content jq_langdir\">\n<p>Pouvoir et opposition en R\u00e9publique d\u00e9mocratique du Congo se sont mis d'accord jeudi soir sur les grandes lignes d'un accord devant d\u00e9boucher sur un r\u00e9gime de transition politique destin\u00e9 \u00e0 sortir de la crise provoqu\u00e9e par le maintien au pouvoir du pr\u00e9sident Joseph Kabila.<\/p>\n<p>L'accord, dont une \u00e9quipe de juristes des deux d\u00e9l\u00e9gations devait r\u00e9gler les derniers d\u00e9tails dans la nuit sous l'\u00e9gide des \u00e9v\u00eaques catholiques de la Conf\u00e9rence \u00e9piscopale nationale du Congo (Cenco), doit \u00eatre adopt\u00e9 en s\u00e9ance pl\u00e9ni\u00e8re vendredi matin pour permettre une c\u00e9r\u00e9monie officielle de signature dans l'apr\u00e8s-midi.<\/p>\n<p>L'AFP a pu consulter le document de travail devant servir de base aux juristes. En voici les principaux points :<\/p>\n<p>\u00a0<\/p>\n<h2>Transition politique<\/h2>\n<p>L'accord doit permettre un r\u00e9gime de transition pendant lequel M. Kabila reste en fonctions jusqu'\u00e0 la passation de pouvoirs avec un successeur \u00e9lu.<\/p>\n<p>L'opposition a l\u00e2ch\u00e9 du lest sur ses exigences de voir M. Kabila, dont le mandat s'est achev\u00e9 mardi, quitter le pouvoir imm\u00e9diatement.<\/p>\n<p>En contrepartie, elle obtient la cr\u00e9ation d'un \"Conseil national de transition\" charg\u00e9 de veiller \u00e0 la bonne ex\u00e9cution de l'accord, particuli\u00e8rement sur les questions \u00e9lectorales.<\/p>\n<p>\u00a0<\/p>\n<h2>\u00c9lection pr\u00e9sidentielle<\/h2>\n<p>Le scrutin qui aurait d\u00fb avoir lieu en 2016 sera tenu \"fin 2017\". Cela r\u00e9pond \u00e0 l'une des exigences principales de l'opposition alors que le pouvoir r\u00e9p\u00e9tait qu'il n'\u00e9tait pas en mesure de pouvoir tenir cette \u00e9lection avant avril 2018.<\/p>\n<p>\u00a0<\/p>\n<h2>Respect de la Constitution<\/h2>\n<p>L'opposition, qui soup\u00e7onne M. Kabila de vouloir s'accrocher \u00e9ternellement au pouvoir, voulait obtenir la garantie que le pr\u00e9sident ne chercherait pas \u00e0 contourner d'une fa\u00e7on ou d'une autre l'interdiction constitutionnelle qui lui est faite de se repr\u00e9senter.<\/p>\n<p>\u00a0<\/p>\n<p>Ces garanties sont codifi\u00e9es par deux phrases :\u00a0<\/p>\n<p>\u00a0<\/p>\n<p>\"Conform\u00e9ment \u00e0 son adresse \u00e0 la Nation \u00e0 travers le Congr\u00e8s, le pr\u00e9sident de la R\u00e9publique qui a accompli deux mandats ne briguera pas un troisi\u00e8me\" mandat.<\/p>\n<p>Dans ce discours prononc\u00e9 en novembre, M. Kabila a assur\u00e9 que la Constitution ne serait pas viol\u00e9e.<\/p>\n<p>\"Les parties s'engagent \u00e0 ne pas recourir au r\u00e9f\u00e9rendum ou tout autre moyen de modification ou de changement de la Constitution pendant la p\u00e9riode de transition\"<\/p>\n<\/div>\n<\/div>\n","protected":false},"excerpt":{"rendered":"<p>Pouvoir et opposition en R\u00e9publique d\u00e9mocratique du Congo se sont mis d'accord jeudi soir sur les grandes lignes d'un accord devant d\u00e9boucher sur un r\u00e9gime de transition politique destin\u00e9 \u00e0 sortir de la crise provoqu\u00e9e par le maintien au pouvoir du pr\u00e9sident Joseph Kabila. L'accord, dont une \u00e9quipe de juristes des deux d\u00e9l\u00e9gations devait r\u00e9gler [&hellip;]<\/p>\n","protected":false},"author":60,"featured_media":0,"comment_status":"open","ping_status":"closed","sticky":false,"template":"","format":"standard","meta":{"_acf_changed":false,"footnotes":""},"categories":[2576],"tags":[],"ji_location":[2196],"class_list":["post-31342","post","type-post","status-publish","format-standard","hentry","category-fil-d-actualite","ji_location-republique-democratique-du-congo"],"acf":[],"yoast_head":"<!-- This site is optimized with the Yoast SEO Premium plugin v25.3.1 (Yoast SEO v25.3.1) - https:\/\/yoast.com\/wordpress\/plugins\/seo\/ -->\n<title>Sortie de crise en vue en RDC : les principaux points de l&#039;accord - JusticeInfo.net<\/title>\n<meta name=\"robots\" content=\"index, follow, max-snippet:-1, max-image-preview:large, max-video-preview:-1\" \/>\n<link rel=\"canonical\" href=\"https:\/\/www.justiceinfo.net\/fr\/31342-sortie-de-crise-en-vue-en-rdc-les-principaux-points-de-l-accord.html\" \/>\n<meta property=\"og:locale\" content=\"fr_FR\" \/>\n<meta property=\"og:type\" content=\"article\" \/>\n<meta property=\"og:title\" content=\"Sortie de crise en vue en RDC : les principaux points de l&#039;accord\" \/>\n<meta property=\"og:description\" content=\"Pouvoir et opposition en R\u00e9publique d\u00e9mocratique du Congo se sont mis d&#039;accord jeudi soir sur les grandes lignes d&#039;un accord devant d\u00e9boucher sur un r\u00e9gime de transition politique destin\u00e9 \u00e0 sortir de la crise provoqu\u00e9e par le maintien au pouvoir du pr\u00e9sident Joseph Kabila. L&#039;accord, dont une \u00e9quipe de juristes des deux d\u00e9l\u00e9gations devait r\u00e9gler [&hellip;]\" \/>\n<meta property=\"og:url\" content=\"https:\/\/www.justiceinfo.net\/fr\/31342-sortie-de-crise-en-vue-en-rdc-les-principaux-points-de-l-accord.html\" \/>\n<meta property=\"og:site_name\" content=\"JusticeInfo.net\" \/>\n<meta property=\"article:publisher\" content=\"https:\/\/www.facebook.com\/JusticeInfo\/\" \/>\n<meta property=\"article:published_time\" content=\"2016-12-23T05:27:50+00:00\" \/>\n<meta property=\"og:image\" content=\"https:\/\/www.justiceinfo.net\/wp-content\/uploads\/JusticeInfoNet_logo_1200x630px.jpg\" \/>\n\t<meta property=\"og:image:width\" content=\"1200\" \/>\n\t<meta property=\"og:image:height\" content=\"630\" \/>\n\t<meta property=\"og:image:type\" content=\"image\/jpeg\" \/>\n<meta name=\"author\" content=\"AFP\" \/>\n<meta name=\"twitter:card\" content=\"summary_large_image\" \/>\n<meta name=\"twitter:creator\" content=\"@justiceinfonet\" \/>\n<meta name=\"twitter:site\" content=\"@justiceinfonet\" \/>\n<meta name=\"twitter:label1\" content=\"\u00c9crit par\" \/>\n\t<meta name=\"twitter:data1\" content=\"AFP\" \/>\n\t<meta name=\"twitter:label2\" content=\"Dur\u00e9e de lecture estim\u00e9e\" \/>\n\t<meta name=\"twitter:data2\" content=\"2 minutes\" \/>\n<script type=\"application\/ld+json\" class=\"yoast-schema-graph\">{\"@context\":\"https:\/\/schema.org\",\"@graph\":[{\"@type\":\"NewsArticle\",\"@id\":\"https:\/\/www.justiceinfo.net\/fr\/31342-sortie-de-crise-en-vue-en-rdc-les-principaux-points-de-l-accord.html#article\",\"isPartOf\":{\"@id\":\"https:\/\/www.justiceinfo.net\/fr\/31342-sortie-de-crise-en-vue-en-rdc-les-principaux-points-de-l-accord.html\"},\"author\":{\"name\":\"afp\",\"@id\":\"https:\/\/www.justiceinfo.net\/fr#\/schema\/person\/713d340ef5f218fc36ce9b4244364a7f\"},\"headline\":\"Sortie de crise en vue en RDC : les principaux points de l'accord\",\"datePublished\":\"2016-12-23T05:27:50+00:00\",\"mainEntityOfPage\":{\"@id\":\"https:\/\/www.justiceinfo.net\/fr\/31342-sortie-de-crise-en-vue-en-rdc-les-principaux-points-de-l-accord.html\"},\"wordCount\":407,\"commentCount\":0,\"publisher\":{\"@id\":\"https:\/\/www.justiceinfo.net\/fr#organization\"},\"articleSection\":[\"Fil d'info AFP\"],\"inLanguage\":\"fr-FR\",\"potentialAction\":[{\"@type\":\"CommentAction\",\"name\":\"Comment\",\"target\":[\"https:\/\/www.justiceinfo.net\/fr\/31342-sortie-de-crise-en-vue-en-rdc-les-principaux-points-de-l-accord.html#respond\"]}]},{\"@type\":\"WebPage\",\"@id\":\"https:\/\/www.justiceinfo.net\/fr\/31342-sortie-de-crise-en-vue-en-rdc-les-principaux-points-de-l-accord.html\",\"url\":\"https:\/\/www.justiceinfo.net\/fr\/31342-sortie-de-crise-en-vue-en-rdc-les-principaux-points-de-l-accord.html\",\"name\":\"Sortie de crise en vue en RDC : les principaux points de l'accord - JusticeInfo.net\",\"isPartOf\":{\"@id\":\"https:\/\/www.justiceinfo.net\/fr#website\"},\"datePublished\":\"2016-12-23T05:27:50+00:00\",\"breadcrumb\":{\"@id\":\"https:\/\/www.justiceinfo.net\/fr\/31342-sortie-de-crise-en-vue-en-rdc-les-principaux-points-de-l-accord.html#breadcrumb\"},\"inLanguage\":\"fr-FR\",\"potentialAction\":[{\"@type\":\"ReadAction\",\"target\":[\"https:\/\/www.justiceinfo.net\/fr\/31342-sortie-de-crise-en-vue-en-rdc-les-principaux-points-de-l-accord.html\"]}]},{\"@type\":\"BreadcrumbList\",\"@id\":\"https:\/\/www.justiceinfo.net\/fr\/31342-sortie-de-crise-en-vue-en-rdc-les-principaux-points-de-l-accord.html#breadcrumb\",\"itemListElement\":[{\"@type\":\"ListItem\",\"position\":1,\"name\":\"Home\",\"item\":\"https:\/\/www.justiceinfo.net\/fr\"},{\"@type\":\"ListItem\",\"position\":2,\"name\":\"Sortie de crise en vue en RDC : les principaux points de l'accord\"}]},{\"@type\":\"WebSite\",\"@id\":\"https:\/\/www.justiceinfo.net\/fr#website\",\"url\":\"https:\/\/www.justiceinfo.net\/fr\",\"name\":\"JusticeInfo.net\",\"description\":\"La justice doit \u00eatre vue pour \u00eatre rendue\",\"publisher\":{\"@id\":\"https:\/\/www.justiceinfo.net\/fr#organization\"},\"potentialAction\":[{\"@type\":\"SearchAction\",\"target\":{\"@type\":\"EntryPoint\",\"urlTemplate\":\"https:\/\/www.justiceinfo.net\/fr?s={search_term_string}\"},\"query-input\":{\"@type\":\"PropertyValueSpecification\",\"valueRequired\":true,\"valueName\":\"search_term_string\"}}],\"inLanguage\":\"fr-FR\"},{\"@type\":\"Organization\",\"@id\":\"https:\/\/www.justiceinfo.net\/fr#organization\",\"name\":\"Justice Info\",\"url\":\"https:\/\/www.justiceinfo.net\/fr\",\"logo\":{\"@type\":\"ImageObject\",\"inLanguage\":\"fr-FR\",\"@id\":\"https:\/\/www.justiceinfo.net\/fr#\/schema\/logo\/image\/\",\"url\":\"https:\/\/www.justiceinfo.net\/wp-content\/uploads\/justiceinfo_logo-trans_1200x1200px.png\",\"contentUrl\":\"https:\/\/www.justiceinfo.net\/wp-content\/uploads\/justiceinfo_logo-trans_1200x1200px.png\",\"width\":1199,\"height\":1200,\"caption\":\"Justice Info\"},\"image\":{\"@id\":\"https:\/\/www.justiceinfo.net\/fr#\/schema\/logo\/image\/\"},\"sameAs\":[\"https:\/\/www.facebook.com\/JusticeInfo\/\",\"https:\/\/x.com\/justiceinfonet\",\"https:\/\/www.linkedin.com\/company\/justice-info\",\"https:\/\/www.youtube.com\/channel\/UCyCEsARodyuWtkWyhn-e7pA\"]},{\"@type\":\"Person\",\"name\":\"AFP\",\"url\":\"\/fr\/?s=AFP\"}]}<\/script>\n<!-- \/ Yoast SEO Premium plugin. -->","yoast_head_json":{"title":"Sortie de crise en vue en RDC : les principaux points de l'accord - JusticeInfo.net","robots":{"index":"index","follow":"follow","max-snippet":"max-snippet:-1","max-image-preview":"max-image-preview:large","max-video-preview":"max-video-preview:-1"},"canonical":"https:\/\/www.justiceinfo.net\/fr\/31342-sortie-de-crise-en-vue-en-rdc-les-principaux-points-de-l-accord.html","og_locale":"fr_FR","og_type":"article","og_title":"Sortie de crise en vue en RDC : les principaux points de l'accord","og_description":"Pouvoir et opposition en R\u00e9publique d\u00e9mocratique du Congo se sont mis d'accord jeudi soir sur les grandes lignes d'un accord devant d\u00e9boucher sur un r\u00e9gime de transition politique destin\u00e9 \u00e0 sortir de la crise provoqu\u00e9e par le maintien au pouvoir du pr\u00e9sident Joseph Kabila. L'accord, dont une \u00e9quipe de juristes des deux d\u00e9l\u00e9gations devait r\u00e9gler [&hellip;]","og_url":"https:\/\/www.justiceinfo.net\/fr\/31342-sortie-de-crise-en-vue-en-rdc-les-principaux-points-de-l-accord.html","og_site_name":"JusticeInfo.net","article_publisher":"https:\/\/www.facebook.com\/JusticeInfo\/","article_published_time":"2016-12-23T05:27:50+00:00","og_image":[{"width":1200,"height":630,"url":"https:\/\/www.justiceinfo.net\/wp-content\/uploads\/JusticeInfoNet_logo_1200x630px.jpg","type":"image\/jpeg"}],"author":"AFP","twitter_card":"summary_large_image","twitter_creator":"@justiceinfonet","twitter_site":"@justiceinfonet","twitter_misc":{"\u00c9crit par":"AFP","Dur\u00e9e de lecture estim\u00e9e":"2 minutes"},"schema":{"@context":"https:\/\/schema.org","@graph":[{"@type":"NewsArticle","@id":"https:\/\/www.justiceinfo.net\/fr\/31342-sortie-de-crise-en-vue-en-rdc-les-principaux-points-de-l-accord.html#article","isPartOf":{"@id":"https:\/\/www.justiceinfo.net\/fr\/31342-sortie-de-crise-en-vue-en-rdc-les-principaux-points-de-l-accord.html"},"author":{"name":"afp","@id":"https:\/\/www.justiceinfo.net\/fr#\/schema\/person\/713d340ef5f218fc36ce9b4244364a7f"},"headline":"Sortie de crise en vue en RDC : les principaux points de l'accord","datePublished":"2016-12-23T05:27:50+00:00","mainEntityOfPage":{"@id":"https:\/\/www.justiceinfo.net\/fr\/31342-sortie-de-crise-en-vue-en-rdc-les-principaux-points-de-l-accord.html"},"wordCount":407,"commentCount":0,"publisher":{"@id":"https:\/\/www.justiceinfo.net\/fr#organization"},"articleSection":["Fil d'info AFP"],"inLanguage":"fr-FR","potentialAction":[{"@type":"CommentAction","name":"Comment","target":["https:\/\/www.justiceinfo.net\/fr\/31342-sortie-de-crise-en-vue-en-rdc-les-principaux-points-de-l-accord.html#respond"]}]},{"@type":"WebPage","@id":"https:\/\/www.justiceinfo.net\/fr\/31342-sortie-de-crise-en-vue-en-rdc-les-principaux-points-de-l-accord.html","url":"https:\/\/www.justiceinfo.net\/fr\/31342-sortie-de-crise-en-vue-en-rdc-les-principaux-points-de-l-accord.html","name":"Sortie de crise en vue en RDC : les principaux points de l'accord - JusticeInfo.net","isPartOf":{"@id":"https:\/\/www.justiceinfo.net\/fr#website"},"datePublished":"2016-12-23T05:27:50+00:00","breadcrumb":{"@id":"https:\/\/www.justiceinfo.net\/fr\/31342-sortie-de-crise-en-vue-en-rdc-les-principaux-points-de-l-accord.html#breadcrumb"},"inLanguage":"fr-FR","potentialAction":[{"@type":"ReadAction","target":["https:\/\/www.justiceinfo.net\/fr\/31342-sortie-de-crise-en-vue-en-rdc-les-principaux-points-de-l-accord.html"]}]},{"@type":"BreadcrumbList","@id":"https:\/\/www.justiceinfo.net\/fr\/31342-sortie-de-crise-en-vue-en-rdc-les-principaux-points-de-l-accord.html#breadcrumb","itemListElement":[{"@type":"ListItem","position":1,"name":"Home","item":"https:\/\/www.justiceinfo.net\/fr"},{"@type":"ListItem","position":2,"name":"Sortie de crise en vue en RDC : les principaux points de l'accord"}]},{"@type":"WebSite","@id":"https:\/\/www.justiceinfo.net\/fr#website","url":"https:\/\/www.justiceinfo.net\/fr","name":"JusticeInfo.net","description":"La justice doit \u00eatre vue pour \u00eatre rendue","publisher":{"@id":"https:\/\/www.justiceinfo.net\/fr#organization"},"potentialAction":[{"@type":"SearchAction","target":{"@type":"EntryPoint","urlTemplate":"https:\/\/www.justiceinfo.net\/fr?s={search_term_string}"},"query-input":{"@type":"PropertyValueSpecification","valueRequired":true,"valueName":"search_term_string"}}],"inLanguage":"fr-FR"},{"@type":"Organization","@id":"https:\/\/www.justiceinfo.net\/fr#organization","name":"Justice Info","url":"https:\/\/www.justiceinfo.net\/fr","logo":{"@type":"ImageObject","inLanguage":"fr-FR","@id":"https:\/\/www.justiceinfo.net\/fr#\/schema\/logo\/image\/","url":"https:\/\/www.justiceinfo.net\/wp-content\/uploads\/justiceinfo_logo-trans_1200x1200px.png","contentUrl":"https:\/\/www.justiceinfo.net\/wp-content\/uploads\/justiceinfo_logo-trans_1200x1200px.png","width":1199,"height":1200,"caption":"Justice Info"},"image":{"@id":"https:\/\/www.justiceinfo.net\/fr#\/schema\/logo\/image\/"},"sameAs":["https:\/\/www.facebook.com\/JusticeInfo\/","https:\/\/x.com\/justiceinfonet","https:\/\/www.linkedin.com\/company\/justice-info","https:\/\/www.youtube.com\/channel\/UCyCEsARodyuWtkWyhn-e7pA"]},{"@type":"Person","name":"AFP","url":"\/fr\/?s=AFP"}]}},"_links":{"self":[{"href":"https:\/\/www.justiceinfo.net\/fr\/wp-json\/wp\/v2\/posts\/31342","targetHints":{"allow":["GET"]}}],"collection":[{"href":"https:\/\/www.justiceinfo.net\/fr\/wp-json\/wp\/v2\/posts"}],"about":[{"href":"https:\/\/www.justiceinfo.net\/fr\/wp-json\/wp\/v2\/types\/post"}],"author":[{"embeddable":true,"href":"https:\/\/www.justiceinfo.net\/fr\/wp-json\/wp\/v2\/users\/60"}],"replies":[{"embeddable":true,"href":"https:\/\/www.justiceinfo.net\/fr\/wp-json\/wp\/v2\/comments?post=31342"}],"version-history":[{"count":0,"href":"https:\/\/www.justiceinfo.net\/fr\/wp-json\/wp\/v2\/posts\/31342\/revisions"}],"wp:attachment":[{"href":"https:\/\/www.justiceinfo.net\/fr\/wp-json\/wp\/v2\/media?parent=31342"}],"wp:term":[{"taxonomy":"category","embeddable":true,"href":"https:\/\/www.justiceinfo.net\/fr\/wp-json\/wp\/v2\/categories?post=31342"},{"taxonomy":"post_tag","embeddable":true,"href":"https:\/\/www.justiceinfo.net\/fr\/wp-json\/wp\/v2\/tags?post=31342"},{"taxonomy":"ji_location","embeddable":true,"href":"https:\/\/www.justiceinfo.net\/fr\/wp-json\/wp\/v2\/ji_location?post=31342"}],"curies":[{"name":"wp","href":"https:\/\/api.w.org\/{rel}","templated":true}]}}