{"id":31347,"date":"2016-12-23T10:11:33","date_gmt":"2016-12-23T09:11:33","guid":{"rendered":"https:\/\/www.justiceinfo.net\/31347-accord-de-sortie-de-crise-en-rdc-l-espoir-fait-place-au-doute.html"},"modified":"2016-12-23T10:11:33","modified_gmt":"2016-12-23T09:11:33","slug":"accord-de-sortie-de-crise-en-rdc-l-espoir-fait-place-au-doute","status":"publish","type":"post","link":"https:\/\/www.justiceinfo.net\/fr\/31347-accord-de-sortie-de-crise-en-rdc-l-espoir-fait-place-au-doute.html","title":{"rendered":"Accord de sortie de crise en RDC : l'espoir fait place au doute"},"content":{"rendered":"<div class=\"txt-textContent\">\n<div class=\"text fontsize_0 jq_Content jq_langdir\">\n<p>La R\u00e9publique d\u00e9mocratique du Congo \u00e9tait dans l'attente vendredi de la signature d'un accord pour sortir de la crise politique provoqu\u00e9e par le maintien au pouvoir du pr\u00e9sident Joseph Kabila, annonc\u00e9 comme imminent la veille mais qui semblait se \"compliquer\" apr\u00e8s la nuit.<\/p>\n<p>L'espoir a laiss\u00e9 place au doute. \"\u00c7a se complique\", a laconiquement confi\u00e9 \u00e0 l'AFP vendredi matin une source au sein de la Conf\u00e9rence \u00e9piscopale nationale du Congo (Cenco), qui assure la m\u00e9diation de ces n\u00e9gociations pour une transition politique pacifique, ouvertes le 8 d\u00e9cembre.<\/p>\n<p>Apr\u00e8s des travaux en commission dans l'apr\u00e8s-midi et une s\u00e9ance pl\u00e9ni\u00e8re en soir\u00e9e, les n\u00e9gociateurs s'\u00e9taient pourtant quitt\u00e9s jeudi soir en affichant un certain optimisme, laissant leurs juristes finaliser la r\u00e9daction de l'accord.<\/p>\n<p>\"C'est s\u00fbr, nous terminerons demain\" (vendredi), avait assur\u00e9 Mgr Fridolin Ambongo, vice-pr\u00e9sident de la Cenco.<\/p>\n<p>\"Nous avons obtenu tout ce que nous voulions\", confiait de son c\u00f4t\u00e9 \u00e0 l'AFP une source dans l'opposition. \"Normalement, l'accord sera sign\u00e9 demain vendredi\", ajoutait F\u00e9lix Tshisekedi, chef de la d\u00e9l\u00e9gation de l'opposition \u00e0 l'issue d'une s\u00e9ance pl\u00e9ni\u00e8re vers 22h00 (21h00 GMT).<\/p>\n<p>\"Le pr\u00e9sident a fait suffisamment de concessions, l'accord sera sign\u00e9 demain\", avait \u00e9galement affirm\u00e9 Lumanu Mulenda, n\u00e9gociateur de la majorit\u00e9 pr\u00e9sidentielle.\u00a0<\/p>\n<p>L'AFP a pu consulter le document de travail r\u00e9sumant les principaux points du projet d'accord ayant fait l'objet d'un consensus lors de travaux en commission jeudi en fin d'apr\u00e8s-midi.<\/p>\n<p>Ce texte pr\u00e9pare l'instauration d'une \"transition politique\" et la tenue \"fin 2017\" de la pr\u00e9sidentielle, qui aurait d\u00fb \u00eatre organis\u00e9e cette ann\u00e9e et que le pouvoir disait ne pas pouvoir organiser avant avril 2018.<\/p>\n<p>Il inclut aussi une forme de garantie que le pr\u00e9sident Kabila ne briguera pas un troisi\u00e8me mandat, conform\u00e9ment \u00e0 la Constitution, et pr\u00e9voit la cr\u00e9ation d'un \"Conseil national de transition\" charg\u00e9 de veiller \u00e0 la bonne ex\u00e9cution de l'accord, particuli\u00e8rement sur les questions \u00e9lectorales.<\/p>\n<p>En contrepartie, l'opposition, rassembl\u00e9e autour de la figure historique d\u2019\u00c9tienne Tshisekedi, accepterait le principe du maintien au pouvoir de M. Kabila jusqu'\u00e0 une passation de pouvoir avec un successeur \u00e9lu, alors qu'elle demandait jusque-l\u00e0 son retrait imm\u00e9diat de la vie publique.<\/p>\n<p>\u00a0<\/p>\n<h2>- Ultimatum des \u00e9v\u00eaques -<\/h2>\n<p>\u00a0<\/p>\n<p>\u00c2g\u00e9 de 45 ans, M. Kabila est au pouvoir depuis 2001. La Constitution lui interdit de se repr\u00e9senter. Son second mandat s'est achev\u00e9 mardi dans un climat de violence.<\/p>\n<p>De lundi \u00e0 jeudi, entre 56 et 104 personnes, selon les sources, ont p\u00e9ri dans des violences politiques ou interethniques dans le pays. Ces chiffres ne tiennent pas compte d'affrontements au bilan encore inconnu mardi dans la ville de Kananga (centre) entre forces de l'ordre et une milice oppos\u00e9e au gouvernement central.<\/p>\n<p>Mercredi, \u00e0 la reprise des discussions apr\u00e8s un interm\u00e8de de trois jours, le pr\u00e9sident de la Cenco avait lanc\u00e9 un ultimatum aux participants, les sommant de trouver un accord \"avant No\u00ebl\".\u00a0<\/p>\n<p>\"Si les acteurs politiques et de la soci\u00e9t\u00e9 civile n'arrivent pas \u00e0 un compromis \u00e0 cette \u00e9ch\u00e9ance, \u00e0 faire des concessions pour une gestion consensuelle de la p\u00e9riode transitoire, la Cenco en tirera toutes les cons\u00e9quences qui s'imposent\", avait ajout\u00e9 Mgr Marcel Utembi.<\/p>\n<p>L'\u00c9glise catholique a jou\u00e9 un r\u00f4le majeur dans l'ouverture d\u00e9mocratique pendant les derni\u00e8res ann\u00e9es du r\u00e8gne du dictateur Mobutu Sese Seko, renvers\u00e9 en 1997 par Laurent-D\u00e9sir\u00e9 Kabila, p\u00e8re de l'actuel pr\u00e9sident.<\/p>\n<p>Elle jouit d'une audience sur les questions politiques qui d\u00e9passe largement le cercle de ses fid\u00e8les (environ 40% de la population).<\/p>\n<p>Les pourparlers \u00e0 l\u2019initiative des \u00e9v\u00eaques visent \u00e0 \u00e9viter le sc\u00e9nario du pire : une nouvelle descente aux enfers du pays, ravag\u00e9 entre 1996 et 2003 par deux guerres ayant fait au moins trois millions de morts.\u00a0<\/p>\n<p>\u00c9tat-continent de 70 millions d'habitants, la RDC n'a jamais connu de transition pacifique du pouvoir depuis son ind\u00e9pendance de la Belgique en 1960, et sa partie orientale reste d\u00e9chir\u00e9e par de multiples conflits arm\u00e9s depuis plus de vingt ans.<\/p>\n<p>Les cinq premi\u00e8res ann\u00e9es de son existence ont \u00e9t\u00e9 marqu\u00e9es par une lutte pour le pouvoir ayant entra\u00een\u00e9 une guerre civile dont est sorti seul vainqueur le g\u00e9n\u00e9ral Mobutu en 1965.<\/p>\n<p>Celui-ci sera d\u00e9pos\u00e9 en 1997 par Laurent-D\u00e9sir\u00e9 Kabila, p\u00e8re de l'actuel pr\u00e9sident, qui lui succ\u00e8dera \u00e0 son assassinat en 2001, en plein conflit.<\/p>\n<p>Confirm\u00e9 en 2006 \u00e0 la t\u00eate du pays lors des premi\u00e8res \u00e9lections libres organis\u00e9e depuis l'ind\u00e9pendance, M. Kabila a \u00e9t\u00e9 r\u00e9\u00e9lu en 2011 lors d'un scrutin entach\u00e9 de fraudes massives, \u00e0 l'origine de la crise actuelle.<\/p>\n<\/div>\n<\/div>\n","protected":false},"excerpt":{"rendered":"<p>La R\u00e9publique d\u00e9mocratique du Congo \u00e9tait dans l'attente vendredi de la signature d'un accord pour sortir de la crise politique provoqu\u00e9e par le maintien au pouvoir du pr\u00e9sident Joseph Kabila, annonc\u00e9 comme imminent la veille mais qui semblait se \"compliquer\" apr\u00e8s la nuit. L'espoir a laiss\u00e9 place au doute. \"\u00c7a se complique\", a laconiquement confi\u00e9 [&hellip;]<\/p>\n","protected":false},"author":60,"featured_media":0,"comment_status":"open","ping_status":"closed","sticky":false,"template":"","format":"standard","meta":{"_acf_changed":false,"footnotes":""},"categories":[2576],"tags":[],"ji_location":[2196],"class_list":["post-31347","post","type-post","status-publish","format-standard","hentry","category-fil-d-actualite","ji_location-republique-democratique-du-congo"],"acf":[],"yoast_head":"<!-- This site is optimized with the Yoast SEO Premium plugin v25.3.1 (Yoast SEO v25.3.1) - https:\/\/yoast.com\/wordpress\/plugins\/seo\/ -->\n<title>Accord de sortie de crise en RDC : l&#039;espoir fait place au doute - JusticeInfo.net<\/title>\n<meta name=\"robots\" content=\"index, follow, max-snippet:-1, max-image-preview:large, max-video-preview:-1\" \/>\n<link rel=\"canonical\" href=\"https:\/\/www.justiceinfo.net\/fr\/31347-accord-de-sortie-de-crise-en-rdc-l-espoir-fait-place-au-doute.html\" \/>\n<meta property=\"og:locale\" content=\"fr_FR\" \/>\n<meta property=\"og:type\" content=\"article\" \/>\n<meta property=\"og:title\" content=\"Accord de sortie de crise en RDC : l&#039;espoir fait place au doute\" \/>\n<meta property=\"og:description\" content=\"La R\u00e9publique d\u00e9mocratique du Congo \u00e9tait dans l&#039;attente vendredi de la signature d&#039;un accord pour sortir de la crise politique provoqu\u00e9e par le maintien au pouvoir du pr\u00e9sident Joseph Kabila, annonc\u00e9 comme imminent la veille mais qui semblait se &quot;compliquer&quot; apr\u00e8s la nuit. L&#039;espoir a laiss\u00e9 place au doute. &quot;\u00c7a se complique&quot;, a laconiquement confi\u00e9 [&hellip;]\" \/>\n<meta property=\"og:url\" content=\"https:\/\/www.justiceinfo.net\/fr\/31347-accord-de-sortie-de-crise-en-rdc-l-espoir-fait-place-au-doute.html\" \/>\n<meta property=\"og:site_name\" content=\"JusticeInfo.net\" \/>\n<meta property=\"article:publisher\" content=\"https:\/\/www.facebook.com\/JusticeInfo\/\" \/>\n<meta property=\"article:published_time\" content=\"2016-12-23T09:11:33+00:00\" \/>\n<meta property=\"og:image\" content=\"https:\/\/www.justiceinfo.net\/wp-content\/uploads\/JusticeInfoNet_logo_1200x630px.jpg\" \/>\n\t<meta property=\"og:image:width\" content=\"1200\" \/>\n\t<meta property=\"og:image:height\" content=\"630\" \/>\n\t<meta property=\"og:image:type\" content=\"image\/jpeg\" \/>\n<meta name=\"author\" content=\"AFP\" \/>\n<meta name=\"twitter:card\" content=\"summary_large_image\" \/>\n<meta name=\"twitter:creator\" content=\"@justiceinfonet\" \/>\n<meta name=\"twitter:site\" content=\"@justiceinfonet\" \/>\n<meta name=\"twitter:label1\" content=\"\u00c9crit par\" \/>\n\t<meta name=\"twitter:data1\" content=\"AFP\" \/>\n\t<meta name=\"twitter:label2\" content=\"Dur\u00e9e de lecture estim\u00e9e\" \/>\n\t<meta name=\"twitter:data2\" content=\"4 minutes\" \/>\n<script type=\"application\/ld+json\" class=\"yoast-schema-graph\">{\"@context\":\"https:\/\/schema.org\",\"@graph\":[{\"@type\":\"NewsArticle\",\"@id\":\"https:\/\/www.justiceinfo.net\/fr\/31347-accord-de-sortie-de-crise-en-rdc-l-espoir-fait-place-au-doute.html#article\",\"isPartOf\":{\"@id\":\"https:\/\/www.justiceinfo.net\/fr\/31347-accord-de-sortie-de-crise-en-rdc-l-espoir-fait-place-au-doute.html\"},\"author\":{\"name\":\"afp\",\"@id\":\"https:\/\/www.justiceinfo.net\/fr#\/schema\/person\/713d340ef5f218fc36ce9b4244364a7f\"},\"headline\":\"Accord de sortie de crise en RDC : l'espoir fait place au doute\",\"datePublished\":\"2016-12-23T09:11:33+00:00\",\"mainEntityOfPage\":{\"@id\":\"https:\/\/www.justiceinfo.net\/fr\/31347-accord-de-sortie-de-crise-en-rdc-l-espoir-fait-place-au-doute.html\"},\"wordCount\":835,\"commentCount\":0,\"publisher\":{\"@id\":\"https:\/\/www.justiceinfo.net\/fr#organization\"},\"articleSection\":[\"Fil d'info AFP\"],\"inLanguage\":\"fr-FR\",\"potentialAction\":[{\"@type\":\"CommentAction\",\"name\":\"Comment\",\"target\":[\"https:\/\/www.justiceinfo.net\/fr\/31347-accord-de-sortie-de-crise-en-rdc-l-espoir-fait-place-au-doute.html#respond\"]}]},{\"@type\":\"WebPage\",\"@id\":\"https:\/\/www.justiceinfo.net\/fr\/31347-accord-de-sortie-de-crise-en-rdc-l-espoir-fait-place-au-doute.html\",\"url\":\"https:\/\/www.justiceinfo.net\/fr\/31347-accord-de-sortie-de-crise-en-rdc-l-espoir-fait-place-au-doute.html\",\"name\":\"Accord de sortie de crise en RDC : l'espoir fait place au doute - JusticeInfo.net\",\"isPartOf\":{\"@id\":\"https:\/\/www.justiceinfo.net\/fr#website\"},\"datePublished\":\"2016-12-23T09:11:33+00:00\",\"breadcrumb\":{\"@id\":\"https:\/\/www.justiceinfo.net\/fr\/31347-accord-de-sortie-de-crise-en-rdc-l-espoir-fait-place-au-doute.html#breadcrumb\"},\"inLanguage\":\"fr-FR\",\"potentialAction\":[{\"@type\":\"ReadAction\",\"target\":[\"https:\/\/www.justiceinfo.net\/fr\/31347-accord-de-sortie-de-crise-en-rdc-l-espoir-fait-place-au-doute.html\"]}]},{\"@type\":\"BreadcrumbList\",\"@id\":\"https:\/\/www.justiceinfo.net\/fr\/31347-accord-de-sortie-de-crise-en-rdc-l-espoir-fait-place-au-doute.html#breadcrumb\",\"itemListElement\":[{\"@type\":\"ListItem\",\"position\":1,\"name\":\"Home\",\"item\":\"https:\/\/www.justiceinfo.net\/fr\"},{\"@type\":\"ListItem\",\"position\":2,\"name\":\"Accord de sortie de crise en RDC : l'espoir fait place au doute\"}]},{\"@type\":\"WebSite\",\"@id\":\"https:\/\/www.justiceinfo.net\/fr#website\",\"url\":\"https:\/\/www.justiceinfo.net\/fr\",\"name\":\"JusticeInfo.net\",\"description\":\"La justice doit \u00eatre vue pour \u00eatre rendue\",\"publisher\":{\"@id\":\"https:\/\/www.justiceinfo.net\/fr#organization\"},\"potentialAction\":[{\"@type\":\"SearchAction\",\"target\":{\"@type\":\"EntryPoint\",\"urlTemplate\":\"https:\/\/www.justiceinfo.net\/fr?s={search_term_string}\"},\"query-input\":{\"@type\":\"PropertyValueSpecification\",\"valueRequired\":true,\"valueName\":\"search_term_string\"}}],\"inLanguage\":\"fr-FR\"},{\"@type\":\"Organization\",\"@id\":\"https:\/\/www.justiceinfo.net\/fr#organization\",\"name\":\"Justice Info\",\"url\":\"https:\/\/www.justiceinfo.net\/fr\",\"logo\":{\"@type\":\"ImageObject\",\"inLanguage\":\"fr-FR\",\"@id\":\"https:\/\/www.justiceinfo.net\/fr#\/schema\/logo\/image\/\",\"url\":\"https:\/\/www.justiceinfo.net\/wp-content\/uploads\/justiceinfo_logo-trans_1200x1200px.png\",\"contentUrl\":\"https:\/\/www.justiceinfo.net\/wp-content\/uploads\/justiceinfo_logo-trans_1200x1200px.png\",\"width\":1199,\"height\":1200,\"caption\":\"Justice Info\"},\"image\":{\"@id\":\"https:\/\/www.justiceinfo.net\/fr#\/schema\/logo\/image\/\"},\"sameAs\":[\"https:\/\/www.facebook.com\/JusticeInfo\/\",\"https:\/\/x.com\/justiceinfonet\",\"https:\/\/www.linkedin.com\/company\/justice-info\",\"https:\/\/www.youtube.com\/channel\/UCyCEsARodyuWtkWyhn-e7pA\"]},{\"@type\":\"Person\",\"name\":\"AFP\",\"url\":\"\/fr\/?s=AFP\"}]}<\/script>\n<!-- \/ Yoast SEO Premium plugin. -->","yoast_head_json":{"title":"Accord de sortie de crise en RDC : l'espoir fait place au doute - JusticeInfo.net","robots":{"index":"index","follow":"follow","max-snippet":"max-snippet:-1","max-image-preview":"max-image-preview:large","max-video-preview":"max-video-preview:-1"},"canonical":"https:\/\/www.justiceinfo.net\/fr\/31347-accord-de-sortie-de-crise-en-rdc-l-espoir-fait-place-au-doute.html","og_locale":"fr_FR","og_type":"article","og_title":"Accord de sortie de crise en RDC : l'espoir fait place au doute","og_description":"La R\u00e9publique d\u00e9mocratique du Congo \u00e9tait dans l'attente vendredi de la signature d'un accord pour sortir de la crise politique provoqu\u00e9e par le maintien au pouvoir du pr\u00e9sident Joseph Kabila, annonc\u00e9 comme imminent la veille mais qui semblait se \"compliquer\" apr\u00e8s la nuit. L'espoir a laiss\u00e9 place au doute. \"\u00c7a se complique\", a laconiquement confi\u00e9 [&hellip;]","og_url":"https:\/\/www.justiceinfo.net\/fr\/31347-accord-de-sortie-de-crise-en-rdc-l-espoir-fait-place-au-doute.html","og_site_name":"JusticeInfo.net","article_publisher":"https:\/\/www.facebook.com\/JusticeInfo\/","article_published_time":"2016-12-23T09:11:33+00:00","og_image":[{"width":1200,"height":630,"url":"https:\/\/www.justiceinfo.net\/wp-content\/uploads\/JusticeInfoNet_logo_1200x630px.jpg","type":"image\/jpeg"}],"author":"AFP","twitter_card":"summary_large_image","twitter_creator":"@justiceinfonet","twitter_site":"@justiceinfonet","twitter_misc":{"\u00c9crit par":"AFP","Dur\u00e9e de lecture estim\u00e9e":"4 minutes"},"schema":{"@context":"https:\/\/schema.org","@graph":[{"@type":"NewsArticle","@id":"https:\/\/www.justiceinfo.net\/fr\/31347-accord-de-sortie-de-crise-en-rdc-l-espoir-fait-place-au-doute.html#article","isPartOf":{"@id":"https:\/\/www.justiceinfo.net\/fr\/31347-accord-de-sortie-de-crise-en-rdc-l-espoir-fait-place-au-doute.html"},"author":{"name":"afp","@id":"https:\/\/www.justiceinfo.net\/fr#\/schema\/person\/713d340ef5f218fc36ce9b4244364a7f"},"headline":"Accord de sortie de crise en RDC : l'espoir fait place au doute","datePublished":"2016-12-23T09:11:33+00:00","mainEntityOfPage":{"@id":"https:\/\/www.justiceinfo.net\/fr\/31347-accord-de-sortie-de-crise-en-rdc-l-espoir-fait-place-au-doute.html"},"wordCount":835,"commentCount":0,"publisher":{"@id":"https:\/\/www.justiceinfo.net\/fr#organization"},"articleSection":["Fil d'info AFP"],"inLanguage":"fr-FR","potentialAction":[{"@type":"CommentAction","name":"Comment","target":["https:\/\/www.justiceinfo.net\/fr\/31347-accord-de-sortie-de-crise-en-rdc-l-espoir-fait-place-au-doute.html#respond"]}]},{"@type":"WebPage","@id":"https:\/\/www.justiceinfo.net\/fr\/31347-accord-de-sortie-de-crise-en-rdc-l-espoir-fait-place-au-doute.html","url":"https:\/\/www.justiceinfo.net\/fr\/31347-accord-de-sortie-de-crise-en-rdc-l-espoir-fait-place-au-doute.html","name":"Accord de sortie de crise en RDC : l'espoir fait place au doute - JusticeInfo.net","isPartOf":{"@id":"https:\/\/www.justiceinfo.net\/fr#website"},"datePublished":"2016-12-23T09:11:33+00:00","breadcrumb":{"@id":"https:\/\/www.justiceinfo.net\/fr\/31347-accord-de-sortie-de-crise-en-rdc-l-espoir-fait-place-au-doute.html#breadcrumb"},"inLanguage":"fr-FR","potentialAction":[{"@type":"ReadAction","target":["https:\/\/www.justiceinfo.net\/fr\/31347-accord-de-sortie-de-crise-en-rdc-l-espoir-fait-place-au-doute.html"]}]},{"@type":"BreadcrumbList","@id":"https:\/\/www.justiceinfo.net\/fr\/31347-accord-de-sortie-de-crise-en-rdc-l-espoir-fait-place-au-doute.html#breadcrumb","itemListElement":[{"@type":"ListItem","position":1,"name":"Home","item":"https:\/\/www.justiceinfo.net\/fr"},{"@type":"ListItem","position":2,"name":"Accord de sortie de crise en RDC : l'espoir fait place au doute"}]},{"@type":"WebSite","@id":"https:\/\/www.justiceinfo.net\/fr#website","url":"https:\/\/www.justiceinfo.net\/fr","name":"JusticeInfo.net","description":"La justice doit \u00eatre vue pour \u00eatre rendue","publisher":{"@id":"https:\/\/www.justiceinfo.net\/fr#organization"},"potentialAction":[{"@type":"SearchAction","target":{"@type":"EntryPoint","urlTemplate":"https:\/\/www.justiceinfo.net\/fr?s={search_term_string}"},"query-input":{"@type":"PropertyValueSpecification","valueRequired":true,"valueName":"search_term_string"}}],"inLanguage":"fr-FR"},{"@type":"Organization","@id":"https:\/\/www.justiceinfo.net\/fr#organization","name":"Justice Info","url":"https:\/\/www.justiceinfo.net\/fr","logo":{"@type":"ImageObject","inLanguage":"fr-FR","@id":"https:\/\/www.justiceinfo.net\/fr#\/schema\/logo\/image\/","url":"https:\/\/www.justiceinfo.net\/wp-content\/uploads\/justiceinfo_logo-trans_1200x1200px.png","contentUrl":"https:\/\/www.justiceinfo.net\/wp-content\/uploads\/justiceinfo_logo-trans_1200x1200px.png","width":1199,"height":1200,"caption":"Justice Info"},"image":{"@id":"https:\/\/www.justiceinfo.net\/fr#\/schema\/logo\/image\/"},"sameAs":["https:\/\/www.facebook.com\/JusticeInfo\/","https:\/\/x.com\/justiceinfonet","https:\/\/www.linkedin.com\/company\/justice-info","https:\/\/www.youtube.com\/channel\/UCyCEsARodyuWtkWyhn-e7pA"]},{"@type":"Person","name":"AFP","url":"\/fr\/?s=AFP"}]}},"_links":{"self":[{"href":"https:\/\/www.justiceinfo.net\/fr\/wp-json\/wp\/v2\/posts\/31347","targetHints":{"allow":["GET"]}}],"collection":[{"href":"https:\/\/www.justiceinfo.net\/fr\/wp-json\/wp\/v2\/posts"}],"about":[{"href":"https:\/\/www.justiceinfo.net\/fr\/wp-json\/wp\/v2\/types\/post"}],"author":[{"embeddable":true,"href":"https:\/\/www.justiceinfo.net\/fr\/wp-json\/wp\/v2\/users\/60"}],"replies":[{"embeddable":true,"href":"https:\/\/www.justiceinfo.net\/fr\/wp-json\/wp\/v2\/comments?post=31347"}],"version-history":[{"count":0,"href":"https:\/\/www.justiceinfo.net\/fr\/wp-json\/wp\/v2\/posts\/31347\/revisions"}],"wp:attachment":[{"href":"https:\/\/www.justiceinfo.net\/fr\/wp-json\/wp\/v2\/media?parent=31347"}],"wp:term":[{"taxonomy":"category","embeddable":true,"href":"https:\/\/www.justiceinfo.net\/fr\/wp-json\/wp\/v2\/categories?post=31347"},{"taxonomy":"post_tag","embeddable":true,"href":"https:\/\/www.justiceinfo.net\/fr\/wp-json\/wp\/v2\/tags?post=31347"},{"taxonomy":"ji_location","embeddable":true,"href":"https:\/\/www.justiceinfo.net\/fr\/wp-json\/wp\/v2\/ji_location?post=31347"}],"curies":[{"name":"wp","href":"https:\/\/api.w.org\/{rel}","templated":true}]}}