{"id":31361,"date":"2016-12-23T18:44:53","date_gmt":"2016-12-23T17:44:53","guid":{"rendered":"https:\/\/www.justiceinfo.net\/31361-nouveau-vote-programme-a-l-onu-sur-les-colonies-israeliennes.html"},"modified":"2016-12-23T18:44:53","modified_gmt":"2016-12-23T17:44:53","slug":"nouveau-vote-programme-a-l-onu-sur-les-colonies-israeliennes","status":"publish","type":"post","link":"https:\/\/www.justiceinfo.net\/fr\/31361-nouveau-vote-programme-a-l-onu-sur-les-colonies-israeliennes.html","title":{"rendered":"Nouveau vote programm\u00e9 \u00e0 l'ONU sur les colonies isra\u00e9liennes"},"content":{"rendered":"<div class=\"txt-textContent\">\n<div class=\"text fontsize_0 jq_Content jq_langdir\">\n<p>Le Conseil de s\u00e9curit\u00e9 de l'ONU se prononcera vendredi sur un projet de r\u00e9solution r\u00e9clamant l'arr\u00eat de la colonisation isra\u00e9lienne, l'adoption du texte d\u00e9pendant de la position des Etats-Unis qui vont devoir d\u00e9cider d'utiliser ou non leur veto en pleine transition entre Barack Obama et Donald Trump.\u00a0<\/p>\n<p>Le vote initialement pr\u00e9vu jeudi \u00e0 New York, aura finalement lieu vendredi \u00e0 14H00 (19H00 GMT) \u00e0 la demande de la Nouvelle-Z\u00e9lande, la Malaisie, le S\u00e9n\u00e9gal et le Venezuela, selon des diplomates.<\/p>\n<p>Ces quatre pays se sont impliqu\u00e9s apr\u00e8s la volte-face du Caire qui avait propos\u00e9 mercredi soir la r\u00e9solution r\u00e9dig\u00e9e par les Palestiniens et pr\u00e9sent\u00e9e au nom du groupe arabe \u00e0 l'ONU.\u00a0L'Egypte avait ensuite demand\u00e9 jeudi le report du vote initial, apr\u00e8s une intervention du pr\u00e9sident am\u00e9ricain \u00e9lu Donald Trump aupr\u00e8s du pr\u00e9sident Abdel Fattah al-Sissi.<\/p>\n<p>Ce texte qui exhorte Isra\u00ebl \u00e0 \"cesser imm\u00e9diatement et compl\u00e8tement toute activit\u00e9 de colonisation en territoire palestinien occup\u00e9, dont J\u00e9rusalem-Est\", a d\u00e9clench\u00e9 une offensive diplomatique de la part de l'Etat h\u00e9breu qui s'est imm\u00e9diatement tourn\u00e9 vers son alli\u00e9 am\u00e9ricain.<\/p>\n<p>Un texte similaire s'\u00e9tait heurt\u00e9 au veto des Etats-Unis en 2011 mais cette fois-ci, la position de l'administration sortante de Barack Obama, qui entretient des relations notoirement ex\u00e9crables avec le Premier ministre isra\u00e9lien Benjamin Netanyahu, faisait l'objet de nombreuses sp\u00e9culations.<\/p>\n<p>Il est finalement apparu clair aux Isra\u00e9liens qu'\u00e0 quelques jours de c\u00e9der le pouvoir \u00e0 Donald Trump, dont l'une des promesses de campagne est de reconna\u00eetre J\u00e9rusalem comme \"capitale indivisible\" d'Isra\u00ebl, l'\u00e9quipe Obama n'avait pas l'intention de faire usage de son droit de veto.<\/p>\n<p>\"Quand ils ont eu connaissance du fait que (l'administration am\u00e9ricaine actuelle) ne mettrait pas son veto \u00e0 cette r\u00e9solution, des responsables isra\u00e9liens ont pris contact avec des membres de l'\u00e9quipe de transition de M. Trump pour demander l'aide du pr\u00e9sident \u00e9lu\", a affirm\u00e9 vendredi \u00e0 l'AFP un responsable isra\u00e9lien sous couvert d'anonymat.<\/p>\n<p>\u00a0<\/p>\n<h2>- Obama et Kerry 'derri\u00e8re' le projet -<\/h2>\n<p>\u00a0<\/p>\n<p>Donald Trump qui avait tr\u00e8s vite plaid\u00e9 pour un veto am\u00e9ricain dans une rare prise de position pour un pr\u00e9sident \u00e9lu, a alors appel\u00e9 le pr\u00e9sident Sissi, selon un communiqu\u00e9 de la pr\u00e9sidence \u00e9gyptienne.<\/p>\n<p>\"Les deux dirigeants se sont mis d'accord sur l'importance de donner \u00e0 la nouvelle administration am\u00e9ricaine (que dirigera M. Trump \u00e0 partir du 20 janvier) une chance de g\u00e9rer tous les aspects de la cause palestinienne pour arriver \u00e0 un accord complet\" sur le dossier, d'apr\u00e8s ce communiqu\u00e9.<\/p>\n<p>Le retournement du pr\u00e9sident \u00e9gyptien a surpris mais il fait suite \u00e0 de nombreuses preuves d'admiration pour M. Trump de la part de M. Sissi. Cet ancien officier de l'arm\u00e9e avait renvers\u00e9 son pr\u00e9d\u00e9cesseur islamiste en 2013, un acte condamn\u00e9 par l'actuel pr\u00e9sident Barack Obama.<\/p>\n<p>Un haut responsable isra\u00e9lien a aussi accus\u00e9 vendredi Barack Obama et son secr\u00e9taire d'Etat John Kerry d'\u00eatre \u00e0 l'origine du projet de r\u00e9solution \u00e9gyptien.<\/p>\n<p>\"L'administration am\u00e9ricaine a secr\u00e8tement concoct\u00e9 avec les Palestiniens une r\u00e9solution anti-isra\u00e9lienne radicale, derri\u00e8re le dos d'Isra\u00ebl, qui encouragerait le terrorisme et les boycotts (...)\", a-t-il d\u00e9clar\u00e9 \u00e0 l'AFP sous couvert d'anonymat.<\/p>\n<p>\"Le texte que nous avons ne se concentre pas exclusivement sur les colonies. Il condamne \u00e9galement la violence et le terrorisme. Il appelle aussi \u00e0 \u00e9viter toute incitation \u00e9manant du c\u00f4t\u00e9 palestinien, donc c'est un texte \u00e9quilibr\u00e9\", a cependant jug\u00e9 l'ambassadeur de la France aupr\u00e8s des Nations unies, Fran\u00e7ois Delattre.<\/p>\n<p>\"L'objectif principal que nous avons ici est de pr\u00e9server et de r\u00e9affirmer une solution \u00e0 deux Etats\" palestinien et isra\u00e9lien qui cohabiteraient dans la paix et la s\u00e9curit\u00e9, a expliqu\u00e9 M. Delattre.<\/p>\n<p>Le projet \u00e9gyptien consid\u00e8re \u00e0 ce sujet que la colonisation est \"dangereuse pour la viabilit\u00e9 d'une solution \u00e0 deux Etats\".<\/p>\n<p>La colonisation est vue comme un frein majeur au processus de paix, les constructions isra\u00e9liennes \u00e9tant effectu\u00e9es sur des terres qui pourraient appartenir \u00e0 un futur Etat palestinien.<\/p>\n<p>Les Nations unies la consid\u00e8rent comme ill\u00e9gale au regard du droit international et ont appel\u00e9 \u00e0 plusieurs reprises Isra\u00ebl \u00e0 y mettre fin. Malgr\u00e9 cela, des responsables onusiens ont constat\u00e9 une augmentation des constructions ces derniers mois et certains responsables isra\u00e9liens voient l'\u00e9lection de Donald Trump comme une opportunit\u00e9 d'\u00e9tendre la colonisation.<\/p>\n<\/div>\n<\/div>\n","protected":false},"excerpt":{"rendered":"<p>Le Conseil de s\u00e9curit\u00e9 de l'ONU se prononcera vendredi sur un projet de r\u00e9solution r\u00e9clamant l'arr\u00eat de la colonisation isra\u00e9lienne, l'adoption du texte d\u00e9pendant de la position des Etats-Unis qui vont devoir d\u00e9cider d'utiliser ou non leur veto en pleine transition entre Barack Obama et Donald Trump.\u00a0 Le vote initialement pr\u00e9vu jeudi \u00e0 New York, [&hellip;]<\/p>\n","protected":false},"author":60,"featured_media":0,"comment_status":"open","ping_status":"closed","sticky":false,"template":"","format":"standard","meta":{"_acf_changed":false,"footnotes":""},"categories":[2576],"tags":[],"ji_location":[2402],"class_list":["post-31361","post","type-post","status-publish","format-standard","hentry","category-fil-d-actualite","ji_location-palestine"],"acf":[],"yoast_head":"<!-- This site is optimized with the Yoast SEO Premium plugin v25.3.1 (Yoast SEO v25.3.1) - https:\/\/yoast.com\/wordpress\/plugins\/seo\/ -->\n<title>Nouveau vote programm\u00e9 \u00e0 l&#039;ONU sur les colonies isra\u00e9liennes - JusticeInfo.net<\/title>\n<meta name=\"robots\" content=\"index, follow, max-snippet:-1, max-image-preview:large, max-video-preview:-1\" \/>\n<link rel=\"canonical\" href=\"https:\/\/www.justiceinfo.net\/fr\/31361-nouveau-vote-programme-a-l-onu-sur-les-colonies-israeliennes.html\" \/>\n<meta property=\"og:locale\" content=\"fr_FR\" \/>\n<meta property=\"og:type\" content=\"article\" \/>\n<meta property=\"og:title\" content=\"Nouveau vote programm\u00e9 \u00e0 l&#039;ONU sur les colonies isra\u00e9liennes\" \/>\n<meta property=\"og:description\" content=\"Le Conseil de s\u00e9curit\u00e9 de l&#039;ONU se prononcera vendredi sur un projet de r\u00e9solution r\u00e9clamant l&#039;arr\u00eat de la colonisation isra\u00e9lienne, l&#039;adoption du texte d\u00e9pendant de la position des Etats-Unis qui vont devoir d\u00e9cider d&#039;utiliser ou non leur veto en pleine transition entre Barack Obama et Donald Trump.\u00a0 Le vote initialement pr\u00e9vu jeudi \u00e0 New York, [&hellip;]\" \/>\n<meta property=\"og:url\" content=\"https:\/\/www.justiceinfo.net\/fr\/31361-nouveau-vote-programme-a-l-onu-sur-les-colonies-israeliennes.html\" \/>\n<meta property=\"og:site_name\" content=\"JusticeInfo.net\" \/>\n<meta property=\"article:publisher\" content=\"https:\/\/www.facebook.com\/JusticeInfo\/\" \/>\n<meta property=\"article:published_time\" content=\"2016-12-23T17:44:53+00:00\" \/>\n<meta property=\"og:image\" content=\"https:\/\/www.justiceinfo.net\/wp-content\/uploads\/JusticeInfoNet_logo_1200x630px.jpg\" \/>\n\t<meta property=\"og:image:width\" content=\"1200\" \/>\n\t<meta property=\"og:image:height\" content=\"630\" \/>\n\t<meta property=\"og:image:type\" content=\"image\/jpeg\" \/>\n<meta name=\"author\" content=\"AFP\" \/>\n<meta name=\"twitter:card\" content=\"summary_large_image\" \/>\n<meta name=\"twitter:creator\" content=\"@justiceinfonet\" \/>\n<meta name=\"twitter:site\" content=\"@justiceinfonet\" \/>\n<meta name=\"twitter:label1\" content=\"\u00c9crit par\" \/>\n\t<meta name=\"twitter:data1\" content=\"AFP\" \/>\n\t<meta name=\"twitter:label2\" content=\"Dur\u00e9e de lecture estim\u00e9e\" \/>\n\t<meta name=\"twitter:data2\" content=\"4 minutes\" \/>\n<script type=\"application\/ld+json\" class=\"yoast-schema-graph\">{\"@context\":\"https:\/\/schema.org\",\"@graph\":[{\"@type\":\"NewsArticle\",\"@id\":\"https:\/\/www.justiceinfo.net\/fr\/31361-nouveau-vote-programme-a-l-onu-sur-les-colonies-israeliennes.html#article\",\"isPartOf\":{\"@id\":\"https:\/\/www.justiceinfo.net\/fr\/31361-nouveau-vote-programme-a-l-onu-sur-les-colonies-israeliennes.html\"},\"author\":{\"name\":\"afp\",\"@id\":\"https:\/\/www.justiceinfo.net\/fr#\/schema\/person\/713d340ef5f218fc36ce9b4244364a7f\"},\"headline\":\"Nouveau vote programm\u00e9 \u00e0 l'ONU sur les colonies isra\u00e9liennes\",\"datePublished\":\"2016-12-23T17:44:53+00:00\",\"mainEntityOfPage\":{\"@id\":\"https:\/\/www.justiceinfo.net\/fr\/31361-nouveau-vote-programme-a-l-onu-sur-les-colonies-israeliennes.html\"},\"wordCount\":789,\"commentCount\":0,\"publisher\":{\"@id\":\"https:\/\/www.justiceinfo.net\/fr#organization\"},\"articleSection\":[\"Fil d'info AFP\"],\"inLanguage\":\"fr-FR\",\"potentialAction\":[{\"@type\":\"CommentAction\",\"name\":\"Comment\",\"target\":[\"https:\/\/www.justiceinfo.net\/fr\/31361-nouveau-vote-programme-a-l-onu-sur-les-colonies-israeliennes.html#respond\"]}]},{\"@type\":\"WebPage\",\"@id\":\"https:\/\/www.justiceinfo.net\/fr\/31361-nouveau-vote-programme-a-l-onu-sur-les-colonies-israeliennes.html\",\"url\":\"https:\/\/www.justiceinfo.net\/fr\/31361-nouveau-vote-programme-a-l-onu-sur-les-colonies-israeliennes.html\",\"name\":\"Nouveau vote programm\u00e9 \u00e0 l'ONU sur les colonies isra\u00e9liennes - JusticeInfo.net\",\"isPartOf\":{\"@id\":\"https:\/\/www.justiceinfo.net\/fr#website\"},\"datePublished\":\"2016-12-23T17:44:53+00:00\",\"breadcrumb\":{\"@id\":\"https:\/\/www.justiceinfo.net\/fr\/31361-nouveau-vote-programme-a-l-onu-sur-les-colonies-israeliennes.html#breadcrumb\"},\"inLanguage\":\"fr-FR\",\"potentialAction\":[{\"@type\":\"ReadAction\",\"target\":[\"https:\/\/www.justiceinfo.net\/fr\/31361-nouveau-vote-programme-a-l-onu-sur-les-colonies-israeliennes.html\"]}]},{\"@type\":\"BreadcrumbList\",\"@id\":\"https:\/\/www.justiceinfo.net\/fr\/31361-nouveau-vote-programme-a-l-onu-sur-les-colonies-israeliennes.html#breadcrumb\",\"itemListElement\":[{\"@type\":\"ListItem\",\"position\":1,\"name\":\"Home\",\"item\":\"https:\/\/www.justiceinfo.net\/fr\"},{\"@type\":\"ListItem\",\"position\":2,\"name\":\"Nouveau vote programm\u00e9 \u00e0 l'ONU sur les colonies isra\u00e9liennes\"}]},{\"@type\":\"WebSite\",\"@id\":\"https:\/\/www.justiceinfo.net\/fr#website\",\"url\":\"https:\/\/www.justiceinfo.net\/fr\",\"name\":\"JusticeInfo.net\",\"description\":\"La justice doit \u00eatre vue pour \u00eatre rendue\",\"publisher\":{\"@id\":\"https:\/\/www.justiceinfo.net\/fr#organization\"},\"potentialAction\":[{\"@type\":\"SearchAction\",\"target\":{\"@type\":\"EntryPoint\",\"urlTemplate\":\"https:\/\/www.justiceinfo.net\/fr?s={search_term_string}\"},\"query-input\":{\"@type\":\"PropertyValueSpecification\",\"valueRequired\":true,\"valueName\":\"search_term_string\"}}],\"inLanguage\":\"fr-FR\"},{\"@type\":\"Organization\",\"@id\":\"https:\/\/www.justiceinfo.net\/fr#organization\",\"name\":\"Justice Info\",\"url\":\"https:\/\/www.justiceinfo.net\/fr\",\"logo\":{\"@type\":\"ImageObject\",\"inLanguage\":\"fr-FR\",\"@id\":\"https:\/\/www.justiceinfo.net\/fr#\/schema\/logo\/image\/\",\"url\":\"https:\/\/www.justiceinfo.net\/wp-content\/uploads\/justiceinfo_logo-trans_1200x1200px.png\",\"contentUrl\":\"https:\/\/www.justiceinfo.net\/wp-content\/uploads\/justiceinfo_logo-trans_1200x1200px.png\",\"width\":1199,\"height\":1200,\"caption\":\"Justice Info\"},\"image\":{\"@id\":\"https:\/\/www.justiceinfo.net\/fr#\/schema\/logo\/image\/\"},\"sameAs\":[\"https:\/\/www.facebook.com\/JusticeInfo\/\",\"https:\/\/x.com\/justiceinfonet\",\"https:\/\/www.linkedin.com\/company\/justice-info\",\"https:\/\/www.youtube.com\/channel\/UCyCEsARodyuWtkWyhn-e7pA\"]},{\"@type\":\"Person\",\"name\":\"AFP\",\"url\":\"\/fr\/?s=AFP\"}]}<\/script>\n<!-- \/ Yoast SEO Premium plugin. -->","yoast_head_json":{"title":"Nouveau vote programm\u00e9 \u00e0 l'ONU sur les colonies isra\u00e9liennes - JusticeInfo.net","robots":{"index":"index","follow":"follow","max-snippet":"max-snippet:-1","max-image-preview":"max-image-preview:large","max-video-preview":"max-video-preview:-1"},"canonical":"https:\/\/www.justiceinfo.net\/fr\/31361-nouveau-vote-programme-a-l-onu-sur-les-colonies-israeliennes.html","og_locale":"fr_FR","og_type":"article","og_title":"Nouveau vote programm\u00e9 \u00e0 l'ONU sur les colonies isra\u00e9liennes","og_description":"Le Conseil de s\u00e9curit\u00e9 de l'ONU se prononcera vendredi sur un projet de r\u00e9solution r\u00e9clamant l'arr\u00eat de la colonisation isra\u00e9lienne, l'adoption du texte d\u00e9pendant de la position des Etats-Unis qui vont devoir d\u00e9cider d'utiliser ou non leur veto en pleine transition entre Barack Obama et Donald Trump.\u00a0 Le vote initialement pr\u00e9vu jeudi \u00e0 New York, [&hellip;]","og_url":"https:\/\/www.justiceinfo.net\/fr\/31361-nouveau-vote-programme-a-l-onu-sur-les-colonies-israeliennes.html","og_site_name":"JusticeInfo.net","article_publisher":"https:\/\/www.facebook.com\/JusticeInfo\/","article_published_time":"2016-12-23T17:44:53+00:00","og_image":[{"width":1200,"height":630,"url":"https:\/\/www.justiceinfo.net\/wp-content\/uploads\/JusticeInfoNet_logo_1200x630px.jpg","type":"image\/jpeg"}],"author":"AFP","twitter_card":"summary_large_image","twitter_creator":"@justiceinfonet","twitter_site":"@justiceinfonet","twitter_misc":{"\u00c9crit par":"AFP","Dur\u00e9e de lecture estim\u00e9e":"4 minutes"},"schema":{"@context":"https:\/\/schema.org","@graph":[{"@type":"NewsArticle","@id":"https:\/\/www.justiceinfo.net\/fr\/31361-nouveau-vote-programme-a-l-onu-sur-les-colonies-israeliennes.html#article","isPartOf":{"@id":"https:\/\/www.justiceinfo.net\/fr\/31361-nouveau-vote-programme-a-l-onu-sur-les-colonies-israeliennes.html"},"author":{"name":"afp","@id":"https:\/\/www.justiceinfo.net\/fr#\/schema\/person\/713d340ef5f218fc36ce9b4244364a7f"},"headline":"Nouveau vote programm\u00e9 \u00e0 l'ONU sur les colonies isra\u00e9liennes","datePublished":"2016-12-23T17:44:53+00:00","mainEntityOfPage":{"@id":"https:\/\/www.justiceinfo.net\/fr\/31361-nouveau-vote-programme-a-l-onu-sur-les-colonies-israeliennes.html"},"wordCount":789,"commentCount":0,"publisher":{"@id":"https:\/\/www.justiceinfo.net\/fr#organization"},"articleSection":["Fil d'info AFP"],"inLanguage":"fr-FR","potentialAction":[{"@type":"CommentAction","name":"Comment","target":["https:\/\/www.justiceinfo.net\/fr\/31361-nouveau-vote-programme-a-l-onu-sur-les-colonies-israeliennes.html#respond"]}]},{"@type":"WebPage","@id":"https:\/\/www.justiceinfo.net\/fr\/31361-nouveau-vote-programme-a-l-onu-sur-les-colonies-israeliennes.html","url":"https:\/\/www.justiceinfo.net\/fr\/31361-nouveau-vote-programme-a-l-onu-sur-les-colonies-israeliennes.html","name":"Nouveau vote programm\u00e9 \u00e0 l'ONU sur les colonies isra\u00e9liennes - JusticeInfo.net","isPartOf":{"@id":"https:\/\/www.justiceinfo.net\/fr#website"},"datePublished":"2016-12-23T17:44:53+00:00","breadcrumb":{"@id":"https:\/\/www.justiceinfo.net\/fr\/31361-nouveau-vote-programme-a-l-onu-sur-les-colonies-israeliennes.html#breadcrumb"},"inLanguage":"fr-FR","potentialAction":[{"@type":"ReadAction","target":["https:\/\/www.justiceinfo.net\/fr\/31361-nouveau-vote-programme-a-l-onu-sur-les-colonies-israeliennes.html"]}]},{"@type":"BreadcrumbList","@id":"https:\/\/www.justiceinfo.net\/fr\/31361-nouveau-vote-programme-a-l-onu-sur-les-colonies-israeliennes.html#breadcrumb","itemListElement":[{"@type":"ListItem","position":1,"name":"Home","item":"https:\/\/www.justiceinfo.net\/fr"},{"@type":"ListItem","position":2,"name":"Nouveau vote programm\u00e9 \u00e0 l'ONU sur les colonies isra\u00e9liennes"}]},{"@type":"WebSite","@id":"https:\/\/www.justiceinfo.net\/fr#website","url":"https:\/\/www.justiceinfo.net\/fr","name":"JusticeInfo.net","description":"La justice doit \u00eatre vue pour \u00eatre rendue","publisher":{"@id":"https:\/\/www.justiceinfo.net\/fr#organization"},"potentialAction":[{"@type":"SearchAction","target":{"@type":"EntryPoint","urlTemplate":"https:\/\/www.justiceinfo.net\/fr?s={search_term_string}"},"query-input":{"@type":"PropertyValueSpecification","valueRequired":true,"valueName":"search_term_string"}}],"inLanguage":"fr-FR"},{"@type":"Organization","@id":"https:\/\/www.justiceinfo.net\/fr#organization","name":"Justice Info","url":"https:\/\/www.justiceinfo.net\/fr","logo":{"@type":"ImageObject","inLanguage":"fr-FR","@id":"https:\/\/www.justiceinfo.net\/fr#\/schema\/logo\/image\/","url":"https:\/\/www.justiceinfo.net\/wp-content\/uploads\/justiceinfo_logo-trans_1200x1200px.png","contentUrl":"https:\/\/www.justiceinfo.net\/wp-content\/uploads\/justiceinfo_logo-trans_1200x1200px.png","width":1199,"height":1200,"caption":"Justice Info"},"image":{"@id":"https:\/\/www.justiceinfo.net\/fr#\/schema\/logo\/image\/"},"sameAs":["https:\/\/www.facebook.com\/JusticeInfo\/","https:\/\/x.com\/justiceinfonet","https:\/\/www.linkedin.com\/company\/justice-info","https:\/\/www.youtube.com\/channel\/UCyCEsARodyuWtkWyhn-e7pA"]},{"@type":"Person","name":"AFP","url":"\/fr\/?s=AFP"}]}},"_links":{"self":[{"href":"https:\/\/www.justiceinfo.net\/fr\/wp-json\/wp\/v2\/posts\/31361","targetHints":{"allow":["GET"]}}],"collection":[{"href":"https:\/\/www.justiceinfo.net\/fr\/wp-json\/wp\/v2\/posts"}],"about":[{"href":"https:\/\/www.justiceinfo.net\/fr\/wp-json\/wp\/v2\/types\/post"}],"author":[{"embeddable":true,"href":"https:\/\/www.justiceinfo.net\/fr\/wp-json\/wp\/v2\/users\/60"}],"replies":[{"embeddable":true,"href":"https:\/\/www.justiceinfo.net\/fr\/wp-json\/wp\/v2\/comments?post=31361"}],"version-history":[{"count":0,"href":"https:\/\/www.justiceinfo.net\/fr\/wp-json\/wp\/v2\/posts\/31361\/revisions"}],"wp:attachment":[{"href":"https:\/\/www.justiceinfo.net\/fr\/wp-json\/wp\/v2\/media?parent=31361"}],"wp:term":[{"taxonomy":"category","embeddable":true,"href":"https:\/\/www.justiceinfo.net\/fr\/wp-json\/wp\/v2\/categories?post=31361"},{"taxonomy":"post_tag","embeddable":true,"href":"https:\/\/www.justiceinfo.net\/fr\/wp-json\/wp\/v2\/tags?post=31361"},{"taxonomy":"ji_location","embeddable":true,"href":"https:\/\/www.justiceinfo.net\/fr\/wp-json\/wp\/v2\/ji_location?post=31361"}],"curies":[{"name":"wp","href":"https:\/\/api.w.org\/{rel}","templated":true}]}}