{"id":31367,"date":"2016-12-24T06:44:34","date_gmt":"2016-12-24T05:44:34","guid":{"rendered":"https:\/\/www.justiceinfo.net\/31367-rdc-incertitude-autour-d-un-accord-de-sortie-de-crise-voulu-avant-noel.html"},"modified":"2016-12-24T06:44:34","modified_gmt":"2016-12-24T05:44:34","slug":"rdc-incertitude-autour-d-un-accord-de-sortie-de-crise-voulu-avant-noel","status":"publish","type":"post","link":"https:\/\/www.justiceinfo.net\/fr\/31367-rdc-incertitude-autour-d-un-accord-de-sortie-de-crise-voulu-avant-noel.html","title":{"rendered":"RDC : incertitude autour d'un accord de sortie de crise voulu \"avant No\u00ebl\""},"content":{"rendered":"<div class=\"txt-textContent\">\n<div class=\"text fontsize_0 jq_Content jq_langdir\">\n<p>La conclusion rapide d'un accord pour sortir la R\u00e9publique d\u00e9mocratique du Congo de la crise provoqu\u00e9e par le maintien au pouvoir du pr\u00e9sident Joseph Kabila semblait incertaine samedi matin apr\u00e8s une nuit de n\u00e9gociations infructueuses entre le pouvoir et l'opposition.<\/p>\n<p>Les d\u00e9l\u00e9gu\u00e9s des deux camps ont quitt\u00e9 la salle du Centre interdioc\u00e9sain de Kinshasa peu\u00a0avant 05H30 (04H30 GMT), apr\u00e8s une nuit de discussions sous l'\u00e9gide des \u00e9v\u00eaques assurant la m\u00e9diation de ces pourparlers entam\u00e9s \u00e0 l'initiative de l\u2019\u00c9glise catholique le 8 d\u00e9cembre.<\/p>\n<p>\"Les travaux sont pratiquement finis, il nous reste le toilettage puis la signature de l'accord\", a d\u00e9clar\u00e9 Mgr Marcel Utembi, pr\u00e9sident de la Conf\u00e9rence \u00e9piscopale nationale du Congo (Cenco) apr\u00e8s la lev\u00e9e de la s\u00e9ance. \"Nous avons travaill\u00e9 toute la nuit, le gros du travail est accompli\".<\/p>\n<p>Mais cet optimisme \u00e9tait loin d'\u00eatre partag\u00e9, et le flou r\u00e9gnait sur la suite du programme des n\u00e9gociations.<\/p>\n<p>\"Tout bloque encore sur (la question de) la gestion (des affaires publiques) pendant la p\u00e9riode de transition\", a d\u00e9clar\u00e9 Fran\u00e7ois Muamba, d\u00e9l\u00e9gu\u00e9 de l'opposition.<\/p>\n<p>\"Il n'y a pas d'accord jusque-l\u00e0\", a confirm\u00e9 Madeleine Kalala, repr\u00e9sentante de la soci\u00e9t\u00e9 civile dans la d\u00e9l\u00e9gation du pouvoir.<\/p>\n<p>Deux d\u00e9l\u00e9gu\u00e9s de l'opposition ont \u00e9voqu\u00e9 une reprise des n\u00e9gociations \u00e0 11H00 (10H00 GMT) samedi, mais rien n'avait encore \u00e9t\u00e9 arr\u00eat\u00e9 par la Cenco \u00e0 07h00 (06h00 GMT).<\/p>\n<p>Aucun des d\u00e9l\u00e9gu\u00e9s du camp de la Majorit\u00e9 pr\u00e9sidentielle, alliance politique soutenant M. Kabila, n'a souhait\u00e9 faire la moindre d\u00e9claration.<\/p>\n<p>Mercredi \u00e0 la reprise des n\u00e9gociations, Mgr Utembi avait adress\u00e9 un ultimatum aux n\u00e9gociateurs pour qu'ils trouvent un accord \"avant No\u00ebl\".<\/p>\n<p>Avant que les d\u00e9l\u00e9gu\u00e9s ne s'enferment pour une nuit de discussions, le programme des \u00e9v\u00eaques \u00e9tait de quitter la capitale samedi dans l'apr\u00e8s-midi pour regagner leur dioc\u00e8se afin d'y c\u00e9l\u00e9brer le soir la messe de la Nativit\u00e9.<\/p>\n<p>\u00a0<\/p>\n<h2>- 'M\u00e9diocrit\u00e9 grave' -<\/h2>\n<p>\u00a0<\/p>\n<p>Selon les grandes lignes de l'accord qui semblaient avoir \u00e9t\u00e9 convenues jeudi soir, le texte en gestation pr\u00e9voit l'instauration d'une p\u00e9riode de transition politique permettant au pr\u00e9sident sortant de rester au pouvoir jusqu'\u00e0 l'\u00e9lection d'un successeur, \u00e0 l'issue d'un scrutin qui devra \u00eatre tenu \"fin 2017\".<\/p>\n<p>\u00c2g\u00e9 de 45 ans, M. Kabila est au pouvoir depuis 2001. La Constitution lui interdit de se repr\u00e9senter. Apr\u00e8s le report sine die de la pr\u00e9sidentielle, son second mandat s'est achev\u00e9 mardi dans un climat de violences meurtri\u00e8res.<\/p>\n<p>\"Notre classe politique est d'une m\u00e9diocrit\u00e9 grave. Ils ont remis en cause tout ce que nous avions convenu la veille\", a d\u00e9clar\u00e9 pendant la nuit \u00e0 l'AFP un responsable \u00e0 la Cenco sous le couvert de l'anonymat.<\/p>\n<p>Les n\u00e9gociations visent \u00e0 \u00e9viter le risque d'une nouvelle descente aux enfers du Congo, ravag\u00e9 entre 1996 et 2003 par deux guerres ayant fait au moins trois millions de morts.\u00a0<\/p>\n<p>L'\u00c9glise catholique a jou\u00e9 un r\u00f4le majeur dans l'ouverture d\u00e9mocratique pendant les derni\u00e8res ann\u00e9es du r\u00e8gne du dictateur Mobutu Sese Seko, renvers\u00e9 en 1997 par Laurent-D\u00e9sir\u00e9 Kabila, p\u00e8re de l'actuel pr\u00e9sident.\u00a0<\/p>\n<p>Vendredi, la France a \"r\u00e9it\u00e9r\u00e9 son soutien aux efforts\" de la Cenco et \"encourag\u00e9 les parties \u00e0 faire les gestes n\u00e9cessaires dans l'int\u00e9r\u00eat sup\u00e9rieur\" du Congo.<\/p>\n<p>\u00c9tat-continent de plus de 70 millions d'habitants, la RDC n'a jamais connu de transition pacifique du pouvoir depuis son ind\u00e9pendance de la Belgique en 1960, et sa partie orientale reste d\u00e9chir\u00e9e par de multiples conflits arm\u00e9s depuis plus de vingt ans.<\/p>\n<p>Selon l'ONU, 40 civils au moins ont \u00e9t\u00e9 tu\u00e9s cette semaine dans la r\u00e9pression de manifestations hostiles \u00e0 M. Kabila \u00e0 Kinshasa et dans trois autres villes congolaises par des forces de l'ordre \"lourdement arm\u00e9es et tirant \u00e0 balles r\u00e9elles\".<\/p>\n<p>Le bilan de ces heurts, selon la police congolaise, est de 20 morts, victimes essentiellement de \"pillages\" ou de \"balles perdues\". \u00a0<\/p>\n<p>De lundi \u00e0 jeudi, entre 56 et 125 personnes, selon les sources, ont p\u00e9ri dans des violences politiques ou interethniques dans le pays. Ces chiffres ne tiennent pas compte d'affrontements, au bilan encore inconnu, mardi, dans la ville de Kananga (centre) entre forces de l'ordre et une milice oppos\u00e9e au gouvernement central.<\/p>\n<\/div>\n<\/div>\n","protected":false},"excerpt":{"rendered":"<p>La conclusion rapide d'un accord pour sortir la R\u00e9publique d\u00e9mocratique du Congo de la crise provoqu\u00e9e par le maintien au pouvoir du pr\u00e9sident Joseph Kabila semblait incertaine samedi matin apr\u00e8s une nuit de n\u00e9gociations infructueuses entre le pouvoir et l'opposition. Les d\u00e9l\u00e9gu\u00e9s des deux camps ont quitt\u00e9 la salle du Centre interdioc\u00e9sain de Kinshasa peu\u00a0avant [&hellip;]<\/p>\n","protected":false},"author":60,"featured_media":0,"comment_status":"open","ping_status":"closed","sticky":false,"template":"","format":"standard","meta":{"_acf_changed":false,"footnotes":""},"categories":[2576],"tags":[],"ji_location":[2196],"class_list":["post-31367","post","type-post","status-publish","format-standard","hentry","category-fil-d-actualite","ji_location-republique-democratique-du-congo"],"acf":[],"yoast_head":"<!-- This site is optimized with the Yoast SEO Premium plugin v25.3.1 (Yoast SEO v25.3.1) - https:\/\/yoast.com\/wordpress\/plugins\/seo\/ -->\n<title>RDC : incertitude autour d&#039;un accord de sortie de crise voulu &quot;avant No\u00ebl&quot; - JusticeInfo.net<\/title>\n<meta name=\"robots\" content=\"index, follow, max-snippet:-1, max-image-preview:large, max-video-preview:-1\" \/>\n<link rel=\"canonical\" href=\"https:\/\/www.justiceinfo.net\/fr\/31367-rdc-incertitude-autour-d-un-accord-de-sortie-de-crise-voulu-avant-noel.html\" \/>\n<meta property=\"og:locale\" content=\"fr_FR\" \/>\n<meta property=\"og:type\" content=\"article\" \/>\n<meta property=\"og:title\" content=\"RDC : incertitude autour d&#039;un accord de sortie de crise voulu &quot;avant No\u00ebl&quot;\" \/>\n<meta property=\"og:description\" content=\"La conclusion rapide d&#039;un accord pour sortir la R\u00e9publique d\u00e9mocratique du Congo de la crise provoqu\u00e9e par le maintien au pouvoir du pr\u00e9sident Joseph Kabila semblait incertaine samedi matin apr\u00e8s une nuit de n\u00e9gociations infructueuses entre le pouvoir et l&#039;opposition. Les d\u00e9l\u00e9gu\u00e9s des deux camps ont quitt\u00e9 la salle du Centre interdioc\u00e9sain de Kinshasa peu\u00a0avant [&hellip;]\" \/>\n<meta property=\"og:url\" content=\"https:\/\/www.justiceinfo.net\/fr\/31367-rdc-incertitude-autour-d-un-accord-de-sortie-de-crise-voulu-avant-noel.html\" \/>\n<meta property=\"og:site_name\" content=\"JusticeInfo.net\" \/>\n<meta property=\"article:publisher\" content=\"https:\/\/www.facebook.com\/JusticeInfo\/\" \/>\n<meta property=\"article:published_time\" content=\"2016-12-24T05:44:34+00:00\" \/>\n<meta property=\"og:image\" content=\"https:\/\/www.justiceinfo.net\/wp-content\/uploads\/JusticeInfoNet_logo_1200x630px.jpg\" \/>\n\t<meta property=\"og:image:width\" content=\"1200\" \/>\n\t<meta property=\"og:image:height\" content=\"630\" \/>\n\t<meta property=\"og:image:type\" content=\"image\/jpeg\" \/>\n<meta name=\"author\" content=\"AFP\" \/>\n<meta name=\"twitter:card\" content=\"summary_large_image\" \/>\n<meta name=\"twitter:creator\" content=\"@justiceinfonet\" \/>\n<meta name=\"twitter:site\" content=\"@justiceinfonet\" \/>\n<meta name=\"twitter:label1\" content=\"\u00c9crit par\" \/>\n\t<meta name=\"twitter:data1\" content=\"AFP\" \/>\n\t<meta name=\"twitter:label2\" content=\"Dur\u00e9e de lecture estim\u00e9e\" \/>\n\t<meta name=\"twitter:data2\" content=\"4 minutes\" \/>\n<script type=\"application\/ld+json\" class=\"yoast-schema-graph\">{\"@context\":\"https:\/\/schema.org\",\"@graph\":[{\"@type\":\"NewsArticle\",\"@id\":\"https:\/\/www.justiceinfo.net\/fr\/31367-rdc-incertitude-autour-d-un-accord-de-sortie-de-crise-voulu-avant-noel.html#article\",\"isPartOf\":{\"@id\":\"https:\/\/www.justiceinfo.net\/fr\/31367-rdc-incertitude-autour-d-un-accord-de-sortie-de-crise-voulu-avant-noel.html\"},\"author\":{\"name\":\"afp\",\"@id\":\"https:\/\/www.justiceinfo.net\/fr#\/schema\/person\/713d340ef5f218fc36ce9b4244364a7f\"},\"headline\":\"RDC : incertitude autour d'un accord de sortie de crise voulu \\\"avant No\u00ebl\\\"\",\"datePublished\":\"2016-12-24T05:44:34+00:00\",\"mainEntityOfPage\":{\"@id\":\"https:\/\/www.justiceinfo.net\/fr\/31367-rdc-incertitude-autour-d-un-accord-de-sortie-de-crise-voulu-avant-noel.html\"},\"wordCount\":779,\"commentCount\":0,\"publisher\":{\"@id\":\"https:\/\/www.justiceinfo.net\/fr#organization\"},\"articleSection\":[\"Fil d'info AFP\"],\"inLanguage\":\"fr-FR\",\"potentialAction\":[{\"@type\":\"CommentAction\",\"name\":\"Comment\",\"target\":[\"https:\/\/www.justiceinfo.net\/fr\/31367-rdc-incertitude-autour-d-un-accord-de-sortie-de-crise-voulu-avant-noel.html#respond\"]}]},{\"@type\":\"WebPage\",\"@id\":\"https:\/\/www.justiceinfo.net\/fr\/31367-rdc-incertitude-autour-d-un-accord-de-sortie-de-crise-voulu-avant-noel.html\",\"url\":\"https:\/\/www.justiceinfo.net\/fr\/31367-rdc-incertitude-autour-d-un-accord-de-sortie-de-crise-voulu-avant-noel.html\",\"name\":\"RDC : incertitude autour d'un accord de sortie de crise voulu \\\"avant No\u00ebl\\\" - JusticeInfo.net\",\"isPartOf\":{\"@id\":\"https:\/\/www.justiceinfo.net\/fr#website\"},\"datePublished\":\"2016-12-24T05:44:34+00:00\",\"breadcrumb\":{\"@id\":\"https:\/\/www.justiceinfo.net\/fr\/31367-rdc-incertitude-autour-d-un-accord-de-sortie-de-crise-voulu-avant-noel.html#breadcrumb\"},\"inLanguage\":\"fr-FR\",\"potentialAction\":[{\"@type\":\"ReadAction\",\"target\":[\"https:\/\/www.justiceinfo.net\/fr\/31367-rdc-incertitude-autour-d-un-accord-de-sortie-de-crise-voulu-avant-noel.html\"]}]},{\"@type\":\"BreadcrumbList\",\"@id\":\"https:\/\/www.justiceinfo.net\/fr\/31367-rdc-incertitude-autour-d-un-accord-de-sortie-de-crise-voulu-avant-noel.html#breadcrumb\",\"itemListElement\":[{\"@type\":\"ListItem\",\"position\":1,\"name\":\"Home\",\"item\":\"https:\/\/www.justiceinfo.net\/fr\"},{\"@type\":\"ListItem\",\"position\":2,\"name\":\"RDC : incertitude autour d'un accord de sortie de crise voulu \\\"avant No\u00ebl\\\"\"}]},{\"@type\":\"WebSite\",\"@id\":\"https:\/\/www.justiceinfo.net\/fr#website\",\"url\":\"https:\/\/www.justiceinfo.net\/fr\",\"name\":\"JusticeInfo.net\",\"description\":\"La justice doit \u00eatre vue pour \u00eatre rendue\",\"publisher\":{\"@id\":\"https:\/\/www.justiceinfo.net\/fr#organization\"},\"potentialAction\":[{\"@type\":\"SearchAction\",\"target\":{\"@type\":\"EntryPoint\",\"urlTemplate\":\"https:\/\/www.justiceinfo.net\/fr?s={search_term_string}\"},\"query-input\":{\"@type\":\"PropertyValueSpecification\",\"valueRequired\":true,\"valueName\":\"search_term_string\"}}],\"inLanguage\":\"fr-FR\"},{\"@type\":\"Organization\",\"@id\":\"https:\/\/www.justiceinfo.net\/fr#organization\",\"name\":\"Justice Info\",\"url\":\"https:\/\/www.justiceinfo.net\/fr\",\"logo\":{\"@type\":\"ImageObject\",\"inLanguage\":\"fr-FR\",\"@id\":\"https:\/\/www.justiceinfo.net\/fr#\/schema\/logo\/image\/\",\"url\":\"https:\/\/www.justiceinfo.net\/wp-content\/uploads\/justiceinfo_logo-trans_1200x1200px.png\",\"contentUrl\":\"https:\/\/www.justiceinfo.net\/wp-content\/uploads\/justiceinfo_logo-trans_1200x1200px.png\",\"width\":1199,\"height\":1200,\"caption\":\"Justice Info\"},\"image\":{\"@id\":\"https:\/\/www.justiceinfo.net\/fr#\/schema\/logo\/image\/\"},\"sameAs\":[\"https:\/\/www.facebook.com\/JusticeInfo\/\",\"https:\/\/x.com\/justiceinfonet\",\"https:\/\/www.linkedin.com\/company\/justice-info\",\"https:\/\/www.youtube.com\/channel\/UCyCEsARodyuWtkWyhn-e7pA\"]},{\"@type\":\"Person\",\"name\":\"AFP\",\"url\":\"\/fr\/?s=AFP\"}]}<\/script>\n<!-- \/ Yoast SEO Premium plugin. -->","yoast_head_json":{"title":"RDC : incertitude autour d'un accord de sortie de crise voulu \"avant No\u00ebl\" - JusticeInfo.net","robots":{"index":"index","follow":"follow","max-snippet":"max-snippet:-1","max-image-preview":"max-image-preview:large","max-video-preview":"max-video-preview:-1"},"canonical":"https:\/\/www.justiceinfo.net\/fr\/31367-rdc-incertitude-autour-d-un-accord-de-sortie-de-crise-voulu-avant-noel.html","og_locale":"fr_FR","og_type":"article","og_title":"RDC : incertitude autour d'un accord de sortie de crise voulu \"avant No\u00ebl\"","og_description":"La conclusion rapide d'un accord pour sortir la R\u00e9publique d\u00e9mocratique du Congo de la crise provoqu\u00e9e par le maintien au pouvoir du pr\u00e9sident Joseph Kabila semblait incertaine samedi matin apr\u00e8s une nuit de n\u00e9gociations infructueuses entre le pouvoir et l'opposition. Les d\u00e9l\u00e9gu\u00e9s des deux camps ont quitt\u00e9 la salle du Centre interdioc\u00e9sain de Kinshasa peu\u00a0avant [&hellip;]","og_url":"https:\/\/www.justiceinfo.net\/fr\/31367-rdc-incertitude-autour-d-un-accord-de-sortie-de-crise-voulu-avant-noel.html","og_site_name":"JusticeInfo.net","article_publisher":"https:\/\/www.facebook.com\/JusticeInfo\/","article_published_time":"2016-12-24T05:44:34+00:00","og_image":[{"width":1200,"height":630,"url":"https:\/\/www.justiceinfo.net\/wp-content\/uploads\/JusticeInfoNet_logo_1200x630px.jpg","type":"image\/jpeg"}],"author":"AFP","twitter_card":"summary_large_image","twitter_creator":"@justiceinfonet","twitter_site":"@justiceinfonet","twitter_misc":{"\u00c9crit par":"AFP","Dur\u00e9e de lecture estim\u00e9e":"4 minutes"},"schema":{"@context":"https:\/\/schema.org","@graph":[{"@type":"NewsArticle","@id":"https:\/\/www.justiceinfo.net\/fr\/31367-rdc-incertitude-autour-d-un-accord-de-sortie-de-crise-voulu-avant-noel.html#article","isPartOf":{"@id":"https:\/\/www.justiceinfo.net\/fr\/31367-rdc-incertitude-autour-d-un-accord-de-sortie-de-crise-voulu-avant-noel.html"},"author":{"name":"afp","@id":"https:\/\/www.justiceinfo.net\/fr#\/schema\/person\/713d340ef5f218fc36ce9b4244364a7f"},"headline":"RDC : incertitude autour d'un accord de sortie de crise voulu \"avant No\u00ebl\"","datePublished":"2016-12-24T05:44:34+00:00","mainEntityOfPage":{"@id":"https:\/\/www.justiceinfo.net\/fr\/31367-rdc-incertitude-autour-d-un-accord-de-sortie-de-crise-voulu-avant-noel.html"},"wordCount":779,"commentCount":0,"publisher":{"@id":"https:\/\/www.justiceinfo.net\/fr#organization"},"articleSection":["Fil d'info AFP"],"inLanguage":"fr-FR","potentialAction":[{"@type":"CommentAction","name":"Comment","target":["https:\/\/www.justiceinfo.net\/fr\/31367-rdc-incertitude-autour-d-un-accord-de-sortie-de-crise-voulu-avant-noel.html#respond"]}]},{"@type":"WebPage","@id":"https:\/\/www.justiceinfo.net\/fr\/31367-rdc-incertitude-autour-d-un-accord-de-sortie-de-crise-voulu-avant-noel.html","url":"https:\/\/www.justiceinfo.net\/fr\/31367-rdc-incertitude-autour-d-un-accord-de-sortie-de-crise-voulu-avant-noel.html","name":"RDC : incertitude autour d'un accord de sortie de crise voulu \"avant No\u00ebl\" - JusticeInfo.net","isPartOf":{"@id":"https:\/\/www.justiceinfo.net\/fr#website"},"datePublished":"2016-12-24T05:44:34+00:00","breadcrumb":{"@id":"https:\/\/www.justiceinfo.net\/fr\/31367-rdc-incertitude-autour-d-un-accord-de-sortie-de-crise-voulu-avant-noel.html#breadcrumb"},"inLanguage":"fr-FR","potentialAction":[{"@type":"ReadAction","target":["https:\/\/www.justiceinfo.net\/fr\/31367-rdc-incertitude-autour-d-un-accord-de-sortie-de-crise-voulu-avant-noel.html"]}]},{"@type":"BreadcrumbList","@id":"https:\/\/www.justiceinfo.net\/fr\/31367-rdc-incertitude-autour-d-un-accord-de-sortie-de-crise-voulu-avant-noel.html#breadcrumb","itemListElement":[{"@type":"ListItem","position":1,"name":"Home","item":"https:\/\/www.justiceinfo.net\/fr"},{"@type":"ListItem","position":2,"name":"RDC : incertitude autour d'un accord de sortie de crise voulu \"avant No\u00ebl\""}]},{"@type":"WebSite","@id":"https:\/\/www.justiceinfo.net\/fr#website","url":"https:\/\/www.justiceinfo.net\/fr","name":"JusticeInfo.net","description":"La justice doit \u00eatre vue pour \u00eatre rendue","publisher":{"@id":"https:\/\/www.justiceinfo.net\/fr#organization"},"potentialAction":[{"@type":"SearchAction","target":{"@type":"EntryPoint","urlTemplate":"https:\/\/www.justiceinfo.net\/fr?s={search_term_string}"},"query-input":{"@type":"PropertyValueSpecification","valueRequired":true,"valueName":"search_term_string"}}],"inLanguage":"fr-FR"},{"@type":"Organization","@id":"https:\/\/www.justiceinfo.net\/fr#organization","name":"Justice Info","url":"https:\/\/www.justiceinfo.net\/fr","logo":{"@type":"ImageObject","inLanguage":"fr-FR","@id":"https:\/\/www.justiceinfo.net\/fr#\/schema\/logo\/image\/","url":"https:\/\/www.justiceinfo.net\/wp-content\/uploads\/justiceinfo_logo-trans_1200x1200px.png","contentUrl":"https:\/\/www.justiceinfo.net\/wp-content\/uploads\/justiceinfo_logo-trans_1200x1200px.png","width":1199,"height":1200,"caption":"Justice Info"},"image":{"@id":"https:\/\/www.justiceinfo.net\/fr#\/schema\/logo\/image\/"},"sameAs":["https:\/\/www.facebook.com\/JusticeInfo\/","https:\/\/x.com\/justiceinfonet","https:\/\/www.linkedin.com\/company\/justice-info","https:\/\/www.youtube.com\/channel\/UCyCEsARodyuWtkWyhn-e7pA"]},{"@type":"Person","name":"AFP","url":"\/fr\/?s=AFP"}]}},"_links":{"self":[{"href":"https:\/\/www.justiceinfo.net\/fr\/wp-json\/wp\/v2\/posts\/31367","targetHints":{"allow":["GET"]}}],"collection":[{"href":"https:\/\/www.justiceinfo.net\/fr\/wp-json\/wp\/v2\/posts"}],"about":[{"href":"https:\/\/www.justiceinfo.net\/fr\/wp-json\/wp\/v2\/types\/post"}],"author":[{"embeddable":true,"href":"https:\/\/www.justiceinfo.net\/fr\/wp-json\/wp\/v2\/users\/60"}],"replies":[{"embeddable":true,"href":"https:\/\/www.justiceinfo.net\/fr\/wp-json\/wp\/v2\/comments?post=31367"}],"version-history":[{"count":0,"href":"https:\/\/www.justiceinfo.net\/fr\/wp-json\/wp\/v2\/posts\/31367\/revisions"}],"wp:attachment":[{"href":"https:\/\/www.justiceinfo.net\/fr\/wp-json\/wp\/v2\/media?parent=31367"}],"wp:term":[{"taxonomy":"category","embeddable":true,"href":"https:\/\/www.justiceinfo.net\/fr\/wp-json\/wp\/v2\/categories?post=31367"},{"taxonomy":"post_tag","embeddable":true,"href":"https:\/\/www.justiceinfo.net\/fr\/wp-json\/wp\/v2\/tags?post=31367"},{"taxonomy":"ji_location","embeddable":true,"href":"https:\/\/www.justiceinfo.net\/fr\/wp-json\/wp\/v2\/ji_location?post=31367"}],"curies":[{"name":"wp","href":"https:\/\/api.w.org\/{rel}","templated":true}]}}