{"id":31376,"date":"2016-12-24T16:14:10","date_gmt":"2016-12-24T15:14:10","guid":{"rendered":"https:\/\/www.justiceinfo.net\/31376-sortie-de-crise-rdc-negociations-suspendues-accord-espere-pour-le-30-decembre.html"},"modified":"2016-12-24T16:14:10","modified_gmt":"2016-12-24T15:14:10","slug":"sortie-de-crise-rdc-negociations-suspendues-accord-espere-pour-le-30-decembre","status":"publish","type":"post","link":"https:\/\/www.justiceinfo.net\/fr\/31376-sortie-de-crise-rdc-negociations-suspendues-accord-espere-pour-le-30-decembre.html","title":{"rendered":"Sortie de crise RDC : n\u00e9gociations suspendues, accord esp\u00e9r\u00e9 pour le 30 d\u00e9cembre"},"content":{"rendered":"<div class=\"txt-textContent\">\n<div class=\"text fontsize_0 jq_Content jq_langdir\">\n<p>Malgr\u00e9 48 heures d'intenses n\u00e9gociations, pouvoir et opposition se sont s\u00e9par\u00e9s samedi \u00e0 Kinshasa sans s'\u00eatre entendus sur un accord pour sortir la R\u00e9publique d\u00e9mocratique du Congo de la crise provoqu\u00e9e par le maintien au pouvoir du pr\u00e9sident Joseph Kabila.<\/p>\n<p>Des n\u00e9gociations informelles, qui se tiennent\u00a0depuis le 8 d\u00e9cembre sous l'\u00e9gide de la Conf\u00e9rence \u00e9piscopale nationale du Congo (Cenco), doivent se poursuivre apr\u00e8s la pause de No\u00ebl.<\/p>\n<p>\"Nous pensons que vendredi [30 d\u00e9cembre] sera le jour [...] solennel au cours duquel l'accord sera adopt\u00e9 et sign\u00e9\", a d\u00e9clar\u00e9 samedi le pr\u00e9sident de la Cenco, Mgr Marcel Utembi, qui avait enjoint mercredi la classe politique de s'entendre \"avant No\u00ebl\".<\/p>\n<p>Selon les grandes lignes de l'accord qui avaient \u00e9t\u00e9 convenues jeudi soir, le texte en gestation pr\u00e9voit l'instauration d'une p\u00e9riode de transition politique permettant \u00e0 M. Kabila de rester au pouvoir jusqu'\u00e0 l'\u00e9lection de son successeur \"fin 2017\".<\/p>\n<p>\u00c2g\u00e9 de 45 ans, M. Kabila est au pouvoir depuis 2001. La Constitution lui interdit de se repr\u00e9senter. Apr\u00e8s le report sine die de la pr\u00e9sidentielle, son second mandat s'est achev\u00e9 mardi dans un climat de violences politiques et interethniques ayant fait au minimum entre 56 et 125 morts \u00e0 l'\u00e9chelle du pays.<\/p>\n<p>Apr\u00e8s une nuit enti\u00e8re de discussions, \"nous sommes arriv\u00e9s au bout du tunnel\", a assur\u00e9 samedi Mgr Utembi, selon qui \"la divergence sur la gestion consensuelle de la p\u00e9riode transitoire a \u00e9t\u00e9 aplanie \u00e0 95%\".\u00a0<\/p>\n<p>\"La Cenco fera le travail qui reste \u00e0 travers les passerelles aupr\u00e8s des autorit\u00e9s [le pr\u00e9sident Kabila, NDLR] et des chefs [de d\u00e9l\u00e9gation] des deux camps\", a ajout\u00e9 le pr\u00e9lat, archev\u00eaque catholique de Kisangani, grande ville du nord-est du Congo.<\/p>\n<p>Les d\u00e9saccords qui subsistent sont n\u00e9anmoins essentiels. Selon Jean-Marc Kabund, secr\u00e9taire-g\u00e9n\u00e9ral de l'UDPS, parti de l'opposant historique \u00c9tienne Tshisekedi, ils ont trait au partage du pouvoir pendant la p\u00e9riode de transition, et en particulier au poste de Premier ministre et au contr\u00f4le des provinces.<\/p>\n<p>D'autres interrogations demeurent notamment sur la fa\u00e7on dont les deux camps utiliseront le d\u00e9lai donn\u00e9 par la m\u00e9diation pour s'entendre, alors que l'ONU, les Occidentaux et le Vatican multiplient les appels aux n\u00e9gociateurs pour qu'ils discutent \"de bonne foi\", dans l'\"int\u00e9r\u00eat sup\u00e9rieur\" du pays.<\/p>\n<p>\u00a0<\/p>\n<h2>- M\u00e9diocrit\u00e9 grave -<\/h2>\n<p>\u00a0<\/p>\n<p>Dans la nuit de samedi \u00e0 dimanche, un responsable \u00e0 la Cenco a confi\u00e9 \u00e0 l'AFP, d\u00e9pit\u00e9, alors que les n\u00e9gociations pi\u00e9tinaient : \"Notre classe politique est d'une m\u00e9diocrit\u00e9 grave. Ils ont remis en cause tout ce que nous avions convenu la veille.\"\u00a0<\/p>\n<p>S'il pr\u00e9voit effectivement la tenue d'une pr\u00e9sidentielle fin 2017, la question du financement de cette \u00e9lection devrait rester enti\u00e8re apr\u00e8s la signature de l'accord, alors que le pays, parmi les moins d\u00e9velopp\u00e9s de la plan\u00e8te, se d\u00e9bat depuis 18 mois dans une grave crise \u00e9conomique provoqu\u00e9e par la chute des prix des mati\u00e8res premi\u00e8res.<\/p>\n<p>\"Les recettes de notre budget n\u2019augmentent pas, et notre budget est en chute libre\", a d\u00e9clar\u00e9 jeudi le nouveau Premier ministre Samy Badibanga dans son discours de politique g\u00e9n\u00e9rale.<\/p>\n<p>Dans ces conditions, l'accord \u00e9ventuel apportera-t-il les garanties r\u00e9clam\u00e9es par la communaut\u00e9 internationale pour lui permettre de financer l'organisation d'\u00e9lections \"libres et transparentes\" qu'elle appelle de ses voeux ?<\/p>\n<p>Enfin, comment la population de ce pays immens\u00e9ment riche en mati\u00e8res premi\u00e8res mais dont pr\u00e8s de 90% des habitants survivent dans une pauvret\u00e9 absolue, accueillera-t-elle la prolongation des discussions ?<\/p>\n<p>\"On n'est pas pr\u00e8s de la signature d'un accord qui de toute fa\u00e7on [est n\u00e9goci\u00e9] au d\u00e9triment d'une population \u00e9rig\u00e9e en t\u00e9moin muet\" de ses hommes politiques, estime un analyste sous le couvert de l'anonymat.<\/p>\n<p>\u00c9tat-continent de plus de 70 millions d'habitants, la RDC n'a jamais connu de transition pacifique du pouvoir depuis son ind\u00e9pendance de la Belgique en 1960.<\/p>\n<p>Le pays a \u00e9t\u00e9 ravag\u00e9 entre 1996 et 2003 par deux guerres qui ont fait au moins trois millions de morts, et sa partie orientale reste d\u00e9chir\u00e9e par de multiples conflits arm\u00e9s depuis plus de vingt ans.<\/p>\n<\/div>\n<\/div>\n","protected":false},"excerpt":{"rendered":"<p>Malgr\u00e9 48 heures d'intenses n\u00e9gociations, pouvoir et opposition se sont s\u00e9par\u00e9s samedi \u00e0 Kinshasa sans s'\u00eatre entendus sur un accord pour sortir la R\u00e9publique d\u00e9mocratique du Congo de la crise provoqu\u00e9e par le maintien au pouvoir du pr\u00e9sident Joseph Kabila. Des n\u00e9gociations informelles, qui se tiennent\u00a0depuis le 8 d\u00e9cembre sous l'\u00e9gide de la Conf\u00e9rence \u00e9piscopale [&hellip;]<\/p>\n","protected":false},"author":60,"featured_media":0,"comment_status":"open","ping_status":"closed","sticky":false,"template":"","format":"standard","meta":{"_acf_changed":false,"footnotes":""},"categories":[2576],"tags":[],"ji_location":[2196],"class_list":["post-31376","post","type-post","status-publish","format-standard","hentry","category-fil-d-actualite","ji_location-republique-democratique-du-congo"],"acf":[],"yoast_head":"<!-- This site is optimized with the Yoast SEO Premium plugin v25.3.1 (Yoast SEO v25.3.1) - https:\/\/yoast.com\/wordpress\/plugins\/seo\/ -->\n<title>Sortie de crise RDC : n\u00e9gociations suspendues, accord esp\u00e9r\u00e9 pour le 30 d\u00e9cembre - JusticeInfo.net<\/title>\n<meta name=\"robots\" content=\"index, follow, max-snippet:-1, max-image-preview:large, max-video-preview:-1\" \/>\n<link rel=\"canonical\" href=\"https:\/\/www.justiceinfo.net\/fr\/31376-sortie-de-crise-rdc-negociations-suspendues-accord-espere-pour-le-30-decembre.html\" \/>\n<meta property=\"og:locale\" content=\"fr_FR\" \/>\n<meta property=\"og:type\" content=\"article\" \/>\n<meta property=\"og:title\" content=\"Sortie de crise RDC : n\u00e9gociations suspendues, accord esp\u00e9r\u00e9 pour le 30 d\u00e9cembre\" \/>\n<meta property=\"og:description\" content=\"Malgr\u00e9 48 heures d&#039;intenses n\u00e9gociations, pouvoir et opposition se sont s\u00e9par\u00e9s samedi \u00e0 Kinshasa sans s&#039;\u00eatre entendus sur un accord pour sortir la R\u00e9publique d\u00e9mocratique du Congo de la crise provoqu\u00e9e par le maintien au pouvoir du pr\u00e9sident Joseph Kabila. Des n\u00e9gociations informelles, qui se tiennent\u00a0depuis le 8 d\u00e9cembre sous l&#039;\u00e9gide de la Conf\u00e9rence \u00e9piscopale [&hellip;]\" \/>\n<meta property=\"og:url\" content=\"https:\/\/www.justiceinfo.net\/fr\/31376-sortie-de-crise-rdc-negociations-suspendues-accord-espere-pour-le-30-decembre.html\" \/>\n<meta property=\"og:site_name\" content=\"JusticeInfo.net\" \/>\n<meta property=\"article:publisher\" content=\"https:\/\/www.facebook.com\/JusticeInfo\/\" \/>\n<meta property=\"article:published_time\" content=\"2016-12-24T15:14:10+00:00\" \/>\n<meta property=\"og:image\" content=\"https:\/\/www.justiceinfo.net\/wp-content\/uploads\/JusticeInfoNet_logo_1200x630px.jpg\" \/>\n\t<meta property=\"og:image:width\" content=\"1200\" \/>\n\t<meta property=\"og:image:height\" content=\"630\" \/>\n\t<meta property=\"og:image:type\" content=\"image\/jpeg\" \/>\n<meta name=\"author\" content=\"AFP\" \/>\n<meta name=\"twitter:card\" content=\"summary_large_image\" \/>\n<meta name=\"twitter:creator\" content=\"@justiceinfonet\" \/>\n<meta name=\"twitter:site\" content=\"@justiceinfonet\" \/>\n<meta name=\"twitter:label1\" content=\"\u00c9crit par\" \/>\n\t<meta name=\"twitter:data1\" content=\"AFP\" \/>\n\t<meta name=\"twitter:label2\" content=\"Dur\u00e9e de lecture estim\u00e9e\" \/>\n\t<meta name=\"twitter:data2\" content=\"4 minutes\" \/>\n<script type=\"application\/ld+json\" class=\"yoast-schema-graph\">{\"@context\":\"https:\/\/schema.org\",\"@graph\":[{\"@type\":\"NewsArticle\",\"@id\":\"https:\/\/www.justiceinfo.net\/fr\/31376-sortie-de-crise-rdc-negociations-suspendues-accord-espere-pour-le-30-decembre.html#article\",\"isPartOf\":{\"@id\":\"https:\/\/www.justiceinfo.net\/fr\/31376-sortie-de-crise-rdc-negociations-suspendues-accord-espere-pour-le-30-decembre.html\"},\"author\":{\"name\":\"afp\",\"@id\":\"https:\/\/www.justiceinfo.net\/fr#\/schema\/person\/713d340ef5f218fc36ce9b4244364a7f\"},\"headline\":\"Sortie de crise RDC : n\u00e9gociations suspendues, accord esp\u00e9r\u00e9 pour le 30 d\u00e9cembre\",\"datePublished\":\"2016-12-24T15:14:10+00:00\",\"mainEntityOfPage\":{\"@id\":\"https:\/\/www.justiceinfo.net\/fr\/31376-sortie-de-crise-rdc-negociations-suspendues-accord-espere-pour-le-30-decembre.html\"},\"wordCount\":750,\"commentCount\":0,\"publisher\":{\"@id\":\"https:\/\/www.justiceinfo.net\/fr#organization\"},\"articleSection\":[\"Fil d'info AFP\"],\"inLanguage\":\"fr-FR\",\"potentialAction\":[{\"@type\":\"CommentAction\",\"name\":\"Comment\",\"target\":[\"https:\/\/www.justiceinfo.net\/fr\/31376-sortie-de-crise-rdc-negociations-suspendues-accord-espere-pour-le-30-decembre.html#respond\"]}]},{\"@type\":\"WebPage\",\"@id\":\"https:\/\/www.justiceinfo.net\/fr\/31376-sortie-de-crise-rdc-negociations-suspendues-accord-espere-pour-le-30-decembre.html\",\"url\":\"https:\/\/www.justiceinfo.net\/fr\/31376-sortie-de-crise-rdc-negociations-suspendues-accord-espere-pour-le-30-decembre.html\",\"name\":\"Sortie de crise RDC : n\u00e9gociations suspendues, accord esp\u00e9r\u00e9 pour le 30 d\u00e9cembre - JusticeInfo.net\",\"isPartOf\":{\"@id\":\"https:\/\/www.justiceinfo.net\/fr#website\"},\"datePublished\":\"2016-12-24T15:14:10+00:00\",\"breadcrumb\":{\"@id\":\"https:\/\/www.justiceinfo.net\/fr\/31376-sortie-de-crise-rdc-negociations-suspendues-accord-espere-pour-le-30-decembre.html#breadcrumb\"},\"inLanguage\":\"fr-FR\",\"potentialAction\":[{\"@type\":\"ReadAction\",\"target\":[\"https:\/\/www.justiceinfo.net\/fr\/31376-sortie-de-crise-rdc-negociations-suspendues-accord-espere-pour-le-30-decembre.html\"]}]},{\"@type\":\"BreadcrumbList\",\"@id\":\"https:\/\/www.justiceinfo.net\/fr\/31376-sortie-de-crise-rdc-negociations-suspendues-accord-espere-pour-le-30-decembre.html#breadcrumb\",\"itemListElement\":[{\"@type\":\"ListItem\",\"position\":1,\"name\":\"Home\",\"item\":\"https:\/\/www.justiceinfo.net\/fr\"},{\"@type\":\"ListItem\",\"position\":2,\"name\":\"Sortie de crise RDC : n\u00e9gociations suspendues, accord esp\u00e9r\u00e9 pour le 30 d\u00e9cembre\"}]},{\"@type\":\"WebSite\",\"@id\":\"https:\/\/www.justiceinfo.net\/fr#website\",\"url\":\"https:\/\/www.justiceinfo.net\/fr\",\"name\":\"JusticeInfo.net\",\"description\":\"La justice doit \u00eatre vue pour \u00eatre rendue\",\"publisher\":{\"@id\":\"https:\/\/www.justiceinfo.net\/fr#organization\"},\"potentialAction\":[{\"@type\":\"SearchAction\",\"target\":{\"@type\":\"EntryPoint\",\"urlTemplate\":\"https:\/\/www.justiceinfo.net\/fr?s={search_term_string}\"},\"query-input\":{\"@type\":\"PropertyValueSpecification\",\"valueRequired\":true,\"valueName\":\"search_term_string\"}}],\"inLanguage\":\"fr-FR\"},{\"@type\":\"Organization\",\"@id\":\"https:\/\/www.justiceinfo.net\/fr#organization\",\"name\":\"Justice Info\",\"url\":\"https:\/\/www.justiceinfo.net\/fr\",\"logo\":{\"@type\":\"ImageObject\",\"inLanguage\":\"fr-FR\",\"@id\":\"https:\/\/www.justiceinfo.net\/fr#\/schema\/logo\/image\/\",\"url\":\"https:\/\/www.justiceinfo.net\/wp-content\/uploads\/justiceinfo_logo-trans_1200x1200px.png\",\"contentUrl\":\"https:\/\/www.justiceinfo.net\/wp-content\/uploads\/justiceinfo_logo-trans_1200x1200px.png\",\"width\":1199,\"height\":1200,\"caption\":\"Justice Info\"},\"image\":{\"@id\":\"https:\/\/www.justiceinfo.net\/fr#\/schema\/logo\/image\/\"},\"sameAs\":[\"https:\/\/www.facebook.com\/JusticeInfo\/\",\"https:\/\/x.com\/justiceinfonet\",\"https:\/\/www.linkedin.com\/company\/justice-info\",\"https:\/\/www.youtube.com\/channel\/UCyCEsARodyuWtkWyhn-e7pA\"]},{\"@type\":\"Person\",\"name\":\"AFP\",\"url\":\"\/fr\/?s=AFP\"}]}<\/script>\n<!-- \/ Yoast SEO Premium plugin. -->","yoast_head_json":{"title":"Sortie de crise RDC : n\u00e9gociations suspendues, accord esp\u00e9r\u00e9 pour le 30 d\u00e9cembre - JusticeInfo.net","robots":{"index":"index","follow":"follow","max-snippet":"max-snippet:-1","max-image-preview":"max-image-preview:large","max-video-preview":"max-video-preview:-1"},"canonical":"https:\/\/www.justiceinfo.net\/fr\/31376-sortie-de-crise-rdc-negociations-suspendues-accord-espere-pour-le-30-decembre.html","og_locale":"fr_FR","og_type":"article","og_title":"Sortie de crise RDC : n\u00e9gociations suspendues, accord esp\u00e9r\u00e9 pour le 30 d\u00e9cembre","og_description":"Malgr\u00e9 48 heures d'intenses n\u00e9gociations, pouvoir et opposition se sont s\u00e9par\u00e9s samedi \u00e0 Kinshasa sans s'\u00eatre entendus sur un accord pour sortir la R\u00e9publique d\u00e9mocratique du Congo de la crise provoqu\u00e9e par le maintien au pouvoir du pr\u00e9sident Joseph Kabila. Des n\u00e9gociations informelles, qui se tiennent\u00a0depuis le 8 d\u00e9cembre sous l'\u00e9gide de la Conf\u00e9rence \u00e9piscopale [&hellip;]","og_url":"https:\/\/www.justiceinfo.net\/fr\/31376-sortie-de-crise-rdc-negociations-suspendues-accord-espere-pour-le-30-decembre.html","og_site_name":"JusticeInfo.net","article_publisher":"https:\/\/www.facebook.com\/JusticeInfo\/","article_published_time":"2016-12-24T15:14:10+00:00","og_image":[{"width":1200,"height":630,"url":"https:\/\/www.justiceinfo.net\/wp-content\/uploads\/JusticeInfoNet_logo_1200x630px.jpg","type":"image\/jpeg"}],"author":"AFP","twitter_card":"summary_large_image","twitter_creator":"@justiceinfonet","twitter_site":"@justiceinfonet","twitter_misc":{"\u00c9crit par":"AFP","Dur\u00e9e de lecture estim\u00e9e":"4 minutes"},"schema":{"@context":"https:\/\/schema.org","@graph":[{"@type":"NewsArticle","@id":"https:\/\/www.justiceinfo.net\/fr\/31376-sortie-de-crise-rdc-negociations-suspendues-accord-espere-pour-le-30-decembre.html#article","isPartOf":{"@id":"https:\/\/www.justiceinfo.net\/fr\/31376-sortie-de-crise-rdc-negociations-suspendues-accord-espere-pour-le-30-decembre.html"},"author":{"name":"afp","@id":"https:\/\/www.justiceinfo.net\/fr#\/schema\/person\/713d340ef5f218fc36ce9b4244364a7f"},"headline":"Sortie de crise RDC : n\u00e9gociations suspendues, accord esp\u00e9r\u00e9 pour le 30 d\u00e9cembre","datePublished":"2016-12-24T15:14:10+00:00","mainEntityOfPage":{"@id":"https:\/\/www.justiceinfo.net\/fr\/31376-sortie-de-crise-rdc-negociations-suspendues-accord-espere-pour-le-30-decembre.html"},"wordCount":750,"commentCount":0,"publisher":{"@id":"https:\/\/www.justiceinfo.net\/fr#organization"},"articleSection":["Fil d'info AFP"],"inLanguage":"fr-FR","potentialAction":[{"@type":"CommentAction","name":"Comment","target":["https:\/\/www.justiceinfo.net\/fr\/31376-sortie-de-crise-rdc-negociations-suspendues-accord-espere-pour-le-30-decembre.html#respond"]}]},{"@type":"WebPage","@id":"https:\/\/www.justiceinfo.net\/fr\/31376-sortie-de-crise-rdc-negociations-suspendues-accord-espere-pour-le-30-decembre.html","url":"https:\/\/www.justiceinfo.net\/fr\/31376-sortie-de-crise-rdc-negociations-suspendues-accord-espere-pour-le-30-decembre.html","name":"Sortie de crise RDC : n\u00e9gociations suspendues, accord esp\u00e9r\u00e9 pour le 30 d\u00e9cembre - JusticeInfo.net","isPartOf":{"@id":"https:\/\/www.justiceinfo.net\/fr#website"},"datePublished":"2016-12-24T15:14:10+00:00","breadcrumb":{"@id":"https:\/\/www.justiceinfo.net\/fr\/31376-sortie-de-crise-rdc-negociations-suspendues-accord-espere-pour-le-30-decembre.html#breadcrumb"},"inLanguage":"fr-FR","potentialAction":[{"@type":"ReadAction","target":["https:\/\/www.justiceinfo.net\/fr\/31376-sortie-de-crise-rdc-negociations-suspendues-accord-espere-pour-le-30-decembre.html"]}]},{"@type":"BreadcrumbList","@id":"https:\/\/www.justiceinfo.net\/fr\/31376-sortie-de-crise-rdc-negociations-suspendues-accord-espere-pour-le-30-decembre.html#breadcrumb","itemListElement":[{"@type":"ListItem","position":1,"name":"Home","item":"https:\/\/www.justiceinfo.net\/fr"},{"@type":"ListItem","position":2,"name":"Sortie de crise RDC : n\u00e9gociations suspendues, accord esp\u00e9r\u00e9 pour le 30 d\u00e9cembre"}]},{"@type":"WebSite","@id":"https:\/\/www.justiceinfo.net\/fr#website","url":"https:\/\/www.justiceinfo.net\/fr","name":"JusticeInfo.net","description":"La justice doit \u00eatre vue pour \u00eatre rendue","publisher":{"@id":"https:\/\/www.justiceinfo.net\/fr#organization"},"potentialAction":[{"@type":"SearchAction","target":{"@type":"EntryPoint","urlTemplate":"https:\/\/www.justiceinfo.net\/fr?s={search_term_string}"},"query-input":{"@type":"PropertyValueSpecification","valueRequired":true,"valueName":"search_term_string"}}],"inLanguage":"fr-FR"},{"@type":"Organization","@id":"https:\/\/www.justiceinfo.net\/fr#organization","name":"Justice Info","url":"https:\/\/www.justiceinfo.net\/fr","logo":{"@type":"ImageObject","inLanguage":"fr-FR","@id":"https:\/\/www.justiceinfo.net\/fr#\/schema\/logo\/image\/","url":"https:\/\/www.justiceinfo.net\/wp-content\/uploads\/justiceinfo_logo-trans_1200x1200px.png","contentUrl":"https:\/\/www.justiceinfo.net\/wp-content\/uploads\/justiceinfo_logo-trans_1200x1200px.png","width":1199,"height":1200,"caption":"Justice Info"},"image":{"@id":"https:\/\/www.justiceinfo.net\/fr#\/schema\/logo\/image\/"},"sameAs":["https:\/\/www.facebook.com\/JusticeInfo\/","https:\/\/x.com\/justiceinfonet","https:\/\/www.linkedin.com\/company\/justice-info","https:\/\/www.youtube.com\/channel\/UCyCEsARodyuWtkWyhn-e7pA"]},{"@type":"Person","name":"AFP","url":"\/fr\/?s=AFP"}]}},"_links":{"self":[{"href":"https:\/\/www.justiceinfo.net\/fr\/wp-json\/wp\/v2\/posts\/31376","targetHints":{"allow":["GET"]}}],"collection":[{"href":"https:\/\/www.justiceinfo.net\/fr\/wp-json\/wp\/v2\/posts"}],"about":[{"href":"https:\/\/www.justiceinfo.net\/fr\/wp-json\/wp\/v2\/types\/post"}],"author":[{"embeddable":true,"href":"https:\/\/www.justiceinfo.net\/fr\/wp-json\/wp\/v2\/users\/60"}],"replies":[{"embeddable":true,"href":"https:\/\/www.justiceinfo.net\/fr\/wp-json\/wp\/v2\/comments?post=31376"}],"version-history":[{"count":0,"href":"https:\/\/www.justiceinfo.net\/fr\/wp-json\/wp\/v2\/posts\/31376\/revisions"}],"wp:attachment":[{"href":"https:\/\/www.justiceinfo.net\/fr\/wp-json\/wp\/v2\/media?parent=31376"}],"wp:term":[{"taxonomy":"category","embeddable":true,"href":"https:\/\/www.justiceinfo.net\/fr\/wp-json\/wp\/v2\/categories?post=31376"},{"taxonomy":"post_tag","embeddable":true,"href":"https:\/\/www.justiceinfo.net\/fr\/wp-json\/wp\/v2\/tags?post=31376"},{"taxonomy":"ji_location","embeddable":true,"href":"https:\/\/www.justiceinfo.net\/fr\/wp-json\/wp\/v2\/ji_location?post=31376"}],"curies":[{"name":"wp","href":"https:\/\/api.w.org\/{rel}","templated":true}]}}