{"id":31380,"date":"2016-12-25T04:32:10","date_gmt":"2016-12-25T03:32:10","guid":{"rendered":"https:\/\/www.justiceinfo.net\/31380-onu-israel-la-resolution-va-rendre-beaucoup-plus-difficiles-les-negociations-de-paix-trump.html"},"modified":"2016-12-25T04:32:10","modified_gmt":"2016-12-25T03:32:10","slug":"onu-israel-la-resolution-va-rendre-beaucoup-plus-difficiles-les-negociations-de-paix-trump","status":"publish","type":"post","link":"https:\/\/www.justiceinfo.net\/fr\/31380-onu-israel-la-resolution-va-rendre-beaucoup-plus-difficiles-les-negociations-de-paix-trump.html","title":{"rendered":"ONU\/Isra\u00ebl: la r\u00e9solution va rendre \"beaucoup plus difficiles\" les n\u00e9gociations de paix (Trump)"},"content":{"rendered":"<div class=\"txt-textContent\">\n<div class=\"text fontsize_0 jq_Content jq_langdir\">\n<p>L'adoption vendredi par le Conseil de s\u00e9curit\u00e9 des Nations unies d'une r\u00e9solution r\u00e9clamant l'arr\u00eat de la colonisation par Isra\u00ebl des Territoires palestiniens va rendre \"beaucoup plus difficiles\" les n\u00e9gociations de paix, a estim\u00e9 samedi, dans un tweet, le pr\u00e9sident \u00e9lu Donald Trump.<\/p>\n<p>\"Dommage, mais nous y arriverons quand m\u00eame!\", a-t-il tweet\u00e9, apr\u00e8s le vote lors duquel les Etats-Unis se sont abstenus au lieu de mettre leur veto, ce qui constituait un renversement de leur position habituelle sur ce dossier.<\/p>\n<p>Avant m\u00eame l'examen de la r\u00e9solution, Donald Trump avait estim\u00e9 publiquement, \u00e9galement par le biais de son compte Twitter, que les Etats-Unis se devaient d'opposer leur v\u00e9to \u00e0 cette r\u00e9solution.<\/p>\n<p>Pour lui, l'adoption constitue \"une grande d\u00e9faite (...) pour Isra\u00ebl\", qui va rendre \"beaucoup plus difficiles\" les pourparlers pour parvenir \u00e0 une paix entre Isra\u00e9liens et Palestiniens.<\/p>\n<p>\"Les choses seront diff\u00e9rentes apr\u00e8s le 20 janvier\", date de son investiture \u00e0 la Maison Blanche, avait-il pr\u00e9venu vendredi au sujet des Nations unies, dans un tweet.<\/p>\n<p>Pour beaucoup d'experts, la d\u00e9cision de l'administration Obama de permettre l'adoption de cette r\u00e9solution tient, pour partie, aux mauvais relations du pr\u00e9sident en exercice avec le Premier ministre isra\u00e9lien Benjamin Netanyahu, mais constitue aussi une r\u00e9action aux positions de Donald Trump, favorable \u00e0 la colonisation.<\/p>\n<\/div>\n<\/div>\n","protected":false},"excerpt":{"rendered":"<p>L'adoption vendredi par le Conseil de s\u00e9curit\u00e9 des Nations unies d'une r\u00e9solution r\u00e9clamant l'arr\u00eat de la colonisation par Isra\u00ebl des Territoires palestiniens va rendre \"beaucoup plus difficiles\" les n\u00e9gociations de paix, a estim\u00e9 samedi, dans un tweet, le pr\u00e9sident \u00e9lu Donald Trump. \"Dommage, mais nous y arriverons quand m\u00eame!\", a-t-il tweet\u00e9, apr\u00e8s le vote lors [&hellip;]<\/p>\n","protected":false},"author":60,"featured_media":0,"comment_status":"open","ping_status":"closed","sticky":false,"template":"","format":"standard","meta":{"_acf_changed":false,"footnotes":""},"categories":[2576],"tags":[],"ji_location":[2402],"class_list":["post-31380","post","type-post","status-publish","format-standard","hentry","category-fil-d-actualite","ji_location-palestine"],"acf":[],"yoast_head":"<!-- This site is optimized with the Yoast SEO Premium plugin v25.3.1 (Yoast SEO v25.3.1) - https:\/\/yoast.com\/wordpress\/plugins\/seo\/ -->\n<title>ONU\/Isra\u00ebl: la r\u00e9solution va rendre &quot;beaucoup plus difficiles&quot; les n\u00e9gociations de paix (Trump) - JusticeInfo.net<\/title>\n<meta name=\"robots\" content=\"index, follow, max-snippet:-1, max-image-preview:large, max-video-preview:-1\" \/>\n<link rel=\"canonical\" href=\"https:\/\/www.justiceinfo.net\/fr\/31380-onu-israel-la-resolution-va-rendre-beaucoup-plus-difficiles-les-negociations-de-paix-trump.html\" \/>\n<meta property=\"og:locale\" content=\"fr_FR\" \/>\n<meta property=\"og:type\" content=\"article\" \/>\n<meta property=\"og:title\" content=\"ONU\/Isra\u00ebl: la r\u00e9solution va rendre &quot;beaucoup plus difficiles&quot; les n\u00e9gociations de paix (Trump)\" \/>\n<meta property=\"og:description\" content=\"L&#039;adoption vendredi par le Conseil de s\u00e9curit\u00e9 des Nations unies d&#039;une r\u00e9solution r\u00e9clamant l&#039;arr\u00eat de la colonisation par Isra\u00ebl des Territoires palestiniens va rendre &quot;beaucoup plus difficiles&quot; les n\u00e9gociations de paix, a estim\u00e9 samedi, dans un tweet, le pr\u00e9sident \u00e9lu Donald Trump. &quot;Dommage, mais nous y arriverons quand m\u00eame!&quot;, a-t-il tweet\u00e9, apr\u00e8s le vote lors [&hellip;]\" \/>\n<meta property=\"og:url\" content=\"https:\/\/www.justiceinfo.net\/fr\/31380-onu-israel-la-resolution-va-rendre-beaucoup-plus-difficiles-les-negociations-de-paix-trump.html\" \/>\n<meta property=\"og:site_name\" content=\"JusticeInfo.net\" \/>\n<meta property=\"article:publisher\" content=\"https:\/\/www.facebook.com\/JusticeInfo\/\" \/>\n<meta property=\"article:published_time\" content=\"2016-12-25T03:32:10+00:00\" \/>\n<meta property=\"og:image\" content=\"https:\/\/www.justiceinfo.net\/wp-content\/uploads\/JusticeInfoNet_logo_1200x630px.jpg\" \/>\n\t<meta property=\"og:image:width\" content=\"1200\" \/>\n\t<meta property=\"og:image:height\" content=\"630\" \/>\n\t<meta property=\"og:image:type\" content=\"image\/jpeg\" \/>\n<meta name=\"author\" content=\"AFP\" \/>\n<meta name=\"twitter:card\" content=\"summary_large_image\" \/>\n<meta name=\"twitter:creator\" content=\"@justiceinfonet\" \/>\n<meta name=\"twitter:site\" content=\"@justiceinfonet\" \/>\n<meta name=\"twitter:label1\" content=\"\u00c9crit par\" \/>\n\t<meta name=\"twitter:data1\" content=\"AFP\" \/>\n\t<meta name=\"twitter:label2\" content=\"Dur\u00e9e de lecture estim\u00e9e\" \/>\n\t<meta name=\"twitter:data2\" content=\"1 minute\" \/>\n<script type=\"application\/ld+json\" class=\"yoast-schema-graph\">{\"@context\":\"https:\/\/schema.org\",\"@graph\":[{\"@type\":\"NewsArticle\",\"@id\":\"https:\/\/www.justiceinfo.net\/fr\/31380-onu-israel-la-resolution-va-rendre-beaucoup-plus-difficiles-les-negociations-de-paix-trump.html#article\",\"isPartOf\":{\"@id\":\"https:\/\/www.justiceinfo.net\/fr\/31380-onu-israel-la-resolution-va-rendre-beaucoup-plus-difficiles-les-negociations-de-paix-trump.html\"},\"author\":{\"name\":\"afp\",\"@id\":\"https:\/\/www.justiceinfo.net\/fr#\/schema\/person\/713d340ef5f218fc36ce9b4244364a7f\"},\"headline\":\"ONU\/Isra\u00ebl: la r\u00e9solution va rendre \\\"beaucoup plus difficiles\\\" les n\u00e9gociations de paix (Trump)\",\"datePublished\":\"2016-12-25T03:32:10+00:00\",\"mainEntityOfPage\":{\"@id\":\"https:\/\/www.justiceinfo.net\/fr\/31380-onu-israel-la-resolution-va-rendre-beaucoup-plus-difficiles-les-negociations-de-paix-trump.html\"},\"wordCount\":252,\"commentCount\":0,\"publisher\":{\"@id\":\"https:\/\/www.justiceinfo.net\/fr#organization\"},\"articleSection\":[\"Fil d'info AFP\"],\"inLanguage\":\"fr-FR\",\"potentialAction\":[{\"@type\":\"CommentAction\",\"name\":\"Comment\",\"target\":[\"https:\/\/www.justiceinfo.net\/fr\/31380-onu-israel-la-resolution-va-rendre-beaucoup-plus-difficiles-les-negociations-de-paix-trump.html#respond\"]}]},{\"@type\":\"WebPage\",\"@id\":\"https:\/\/www.justiceinfo.net\/fr\/31380-onu-israel-la-resolution-va-rendre-beaucoup-plus-difficiles-les-negociations-de-paix-trump.html\",\"url\":\"https:\/\/www.justiceinfo.net\/fr\/31380-onu-israel-la-resolution-va-rendre-beaucoup-plus-difficiles-les-negociations-de-paix-trump.html\",\"name\":\"ONU\/Isra\u00ebl: la r\u00e9solution va rendre \\\"beaucoup plus difficiles\\\" les n\u00e9gociations de paix (Trump) - JusticeInfo.net\",\"isPartOf\":{\"@id\":\"https:\/\/www.justiceinfo.net\/fr#website\"},\"datePublished\":\"2016-12-25T03:32:10+00:00\",\"breadcrumb\":{\"@id\":\"https:\/\/www.justiceinfo.net\/fr\/31380-onu-israel-la-resolution-va-rendre-beaucoup-plus-difficiles-les-negociations-de-paix-trump.html#breadcrumb\"},\"inLanguage\":\"fr-FR\",\"potentialAction\":[{\"@type\":\"ReadAction\",\"target\":[\"https:\/\/www.justiceinfo.net\/fr\/31380-onu-israel-la-resolution-va-rendre-beaucoup-plus-difficiles-les-negociations-de-paix-trump.html\"]}]},{\"@type\":\"BreadcrumbList\",\"@id\":\"https:\/\/www.justiceinfo.net\/fr\/31380-onu-israel-la-resolution-va-rendre-beaucoup-plus-difficiles-les-negociations-de-paix-trump.html#breadcrumb\",\"itemListElement\":[{\"@type\":\"ListItem\",\"position\":1,\"name\":\"Home\",\"item\":\"https:\/\/www.justiceinfo.net\/fr\"},{\"@type\":\"ListItem\",\"position\":2,\"name\":\"ONU\/Isra\u00ebl: la r\u00e9solution va rendre \\\"beaucoup plus difficiles\\\" les n\u00e9gociations de paix (Trump)\"}]},{\"@type\":\"WebSite\",\"@id\":\"https:\/\/www.justiceinfo.net\/fr#website\",\"url\":\"https:\/\/www.justiceinfo.net\/fr\",\"name\":\"JusticeInfo.net\",\"description\":\"La justice doit \u00eatre vue pour \u00eatre rendue\",\"publisher\":{\"@id\":\"https:\/\/www.justiceinfo.net\/fr#organization\"},\"potentialAction\":[{\"@type\":\"SearchAction\",\"target\":{\"@type\":\"EntryPoint\",\"urlTemplate\":\"https:\/\/www.justiceinfo.net\/fr?s={search_term_string}\"},\"query-input\":{\"@type\":\"PropertyValueSpecification\",\"valueRequired\":true,\"valueName\":\"search_term_string\"}}],\"inLanguage\":\"fr-FR\"},{\"@type\":\"Organization\",\"@id\":\"https:\/\/www.justiceinfo.net\/fr#organization\",\"name\":\"Justice Info\",\"url\":\"https:\/\/www.justiceinfo.net\/fr\",\"logo\":{\"@type\":\"ImageObject\",\"inLanguage\":\"fr-FR\",\"@id\":\"https:\/\/www.justiceinfo.net\/fr#\/schema\/logo\/image\/\",\"url\":\"https:\/\/www.justiceinfo.net\/wp-content\/uploads\/justiceinfo_logo-trans_1200x1200px.png\",\"contentUrl\":\"https:\/\/www.justiceinfo.net\/wp-content\/uploads\/justiceinfo_logo-trans_1200x1200px.png\",\"width\":1199,\"height\":1200,\"caption\":\"Justice Info\"},\"image\":{\"@id\":\"https:\/\/www.justiceinfo.net\/fr#\/schema\/logo\/image\/\"},\"sameAs\":[\"https:\/\/www.facebook.com\/JusticeInfo\/\",\"https:\/\/x.com\/justiceinfonet\",\"https:\/\/www.linkedin.com\/company\/justice-info\",\"https:\/\/www.youtube.com\/channel\/UCyCEsARodyuWtkWyhn-e7pA\"]},{\"@type\":\"Person\",\"name\":\"AFP\",\"url\":\"\/fr\/?s=AFP\"}]}<\/script>\n<!-- \/ Yoast SEO Premium plugin. -->","yoast_head_json":{"title":"ONU\/Isra\u00ebl: la r\u00e9solution va rendre \"beaucoup plus difficiles\" les n\u00e9gociations de paix (Trump) - JusticeInfo.net","robots":{"index":"index","follow":"follow","max-snippet":"max-snippet:-1","max-image-preview":"max-image-preview:large","max-video-preview":"max-video-preview:-1"},"canonical":"https:\/\/www.justiceinfo.net\/fr\/31380-onu-israel-la-resolution-va-rendre-beaucoup-plus-difficiles-les-negociations-de-paix-trump.html","og_locale":"fr_FR","og_type":"article","og_title":"ONU\/Isra\u00ebl: la r\u00e9solution va rendre \"beaucoup plus difficiles\" les n\u00e9gociations de paix (Trump)","og_description":"L'adoption vendredi par le Conseil de s\u00e9curit\u00e9 des Nations unies d'une r\u00e9solution r\u00e9clamant l'arr\u00eat de la colonisation par Isra\u00ebl des Territoires palestiniens va rendre \"beaucoup plus difficiles\" les n\u00e9gociations de paix, a estim\u00e9 samedi, dans un tweet, le pr\u00e9sident \u00e9lu Donald Trump. \"Dommage, mais nous y arriverons quand m\u00eame!\", a-t-il tweet\u00e9, apr\u00e8s le vote lors [&hellip;]","og_url":"https:\/\/www.justiceinfo.net\/fr\/31380-onu-israel-la-resolution-va-rendre-beaucoup-plus-difficiles-les-negociations-de-paix-trump.html","og_site_name":"JusticeInfo.net","article_publisher":"https:\/\/www.facebook.com\/JusticeInfo\/","article_published_time":"2016-12-25T03:32:10+00:00","og_image":[{"width":1200,"height":630,"url":"https:\/\/www.justiceinfo.net\/wp-content\/uploads\/JusticeInfoNet_logo_1200x630px.jpg","type":"image\/jpeg"}],"author":"AFP","twitter_card":"summary_large_image","twitter_creator":"@justiceinfonet","twitter_site":"@justiceinfonet","twitter_misc":{"\u00c9crit par":"AFP","Dur\u00e9e de lecture estim\u00e9e":"1 minute"},"schema":{"@context":"https:\/\/schema.org","@graph":[{"@type":"NewsArticle","@id":"https:\/\/www.justiceinfo.net\/fr\/31380-onu-israel-la-resolution-va-rendre-beaucoup-plus-difficiles-les-negociations-de-paix-trump.html#article","isPartOf":{"@id":"https:\/\/www.justiceinfo.net\/fr\/31380-onu-israel-la-resolution-va-rendre-beaucoup-plus-difficiles-les-negociations-de-paix-trump.html"},"author":{"name":"afp","@id":"https:\/\/www.justiceinfo.net\/fr#\/schema\/person\/713d340ef5f218fc36ce9b4244364a7f"},"headline":"ONU\/Isra\u00ebl: la r\u00e9solution va rendre \"beaucoup plus difficiles\" les n\u00e9gociations de paix (Trump)","datePublished":"2016-12-25T03:32:10+00:00","mainEntityOfPage":{"@id":"https:\/\/www.justiceinfo.net\/fr\/31380-onu-israel-la-resolution-va-rendre-beaucoup-plus-difficiles-les-negociations-de-paix-trump.html"},"wordCount":252,"commentCount":0,"publisher":{"@id":"https:\/\/www.justiceinfo.net\/fr#organization"},"articleSection":["Fil d'info AFP"],"inLanguage":"fr-FR","potentialAction":[{"@type":"CommentAction","name":"Comment","target":["https:\/\/www.justiceinfo.net\/fr\/31380-onu-israel-la-resolution-va-rendre-beaucoup-plus-difficiles-les-negociations-de-paix-trump.html#respond"]}]},{"@type":"WebPage","@id":"https:\/\/www.justiceinfo.net\/fr\/31380-onu-israel-la-resolution-va-rendre-beaucoup-plus-difficiles-les-negociations-de-paix-trump.html","url":"https:\/\/www.justiceinfo.net\/fr\/31380-onu-israel-la-resolution-va-rendre-beaucoup-plus-difficiles-les-negociations-de-paix-trump.html","name":"ONU\/Isra\u00ebl: la r\u00e9solution va rendre \"beaucoup plus difficiles\" les n\u00e9gociations de paix (Trump) - JusticeInfo.net","isPartOf":{"@id":"https:\/\/www.justiceinfo.net\/fr#website"},"datePublished":"2016-12-25T03:32:10+00:00","breadcrumb":{"@id":"https:\/\/www.justiceinfo.net\/fr\/31380-onu-israel-la-resolution-va-rendre-beaucoup-plus-difficiles-les-negociations-de-paix-trump.html#breadcrumb"},"inLanguage":"fr-FR","potentialAction":[{"@type":"ReadAction","target":["https:\/\/www.justiceinfo.net\/fr\/31380-onu-israel-la-resolution-va-rendre-beaucoup-plus-difficiles-les-negociations-de-paix-trump.html"]}]},{"@type":"BreadcrumbList","@id":"https:\/\/www.justiceinfo.net\/fr\/31380-onu-israel-la-resolution-va-rendre-beaucoup-plus-difficiles-les-negociations-de-paix-trump.html#breadcrumb","itemListElement":[{"@type":"ListItem","position":1,"name":"Home","item":"https:\/\/www.justiceinfo.net\/fr"},{"@type":"ListItem","position":2,"name":"ONU\/Isra\u00ebl: la r\u00e9solution va rendre \"beaucoup plus difficiles\" les n\u00e9gociations de paix (Trump)"}]},{"@type":"WebSite","@id":"https:\/\/www.justiceinfo.net\/fr#website","url":"https:\/\/www.justiceinfo.net\/fr","name":"JusticeInfo.net","description":"La justice doit \u00eatre vue pour \u00eatre rendue","publisher":{"@id":"https:\/\/www.justiceinfo.net\/fr#organization"},"potentialAction":[{"@type":"SearchAction","target":{"@type":"EntryPoint","urlTemplate":"https:\/\/www.justiceinfo.net\/fr?s={search_term_string}"},"query-input":{"@type":"PropertyValueSpecification","valueRequired":true,"valueName":"search_term_string"}}],"inLanguage":"fr-FR"},{"@type":"Organization","@id":"https:\/\/www.justiceinfo.net\/fr#organization","name":"Justice Info","url":"https:\/\/www.justiceinfo.net\/fr","logo":{"@type":"ImageObject","inLanguage":"fr-FR","@id":"https:\/\/www.justiceinfo.net\/fr#\/schema\/logo\/image\/","url":"https:\/\/www.justiceinfo.net\/wp-content\/uploads\/justiceinfo_logo-trans_1200x1200px.png","contentUrl":"https:\/\/www.justiceinfo.net\/wp-content\/uploads\/justiceinfo_logo-trans_1200x1200px.png","width":1199,"height":1200,"caption":"Justice Info"},"image":{"@id":"https:\/\/www.justiceinfo.net\/fr#\/schema\/logo\/image\/"},"sameAs":["https:\/\/www.facebook.com\/JusticeInfo\/","https:\/\/x.com\/justiceinfonet","https:\/\/www.linkedin.com\/company\/justice-info","https:\/\/www.youtube.com\/channel\/UCyCEsARodyuWtkWyhn-e7pA"]},{"@type":"Person","name":"AFP","url":"\/fr\/?s=AFP"}]}},"_links":{"self":[{"href":"https:\/\/www.justiceinfo.net\/fr\/wp-json\/wp\/v2\/posts\/31380","targetHints":{"allow":["GET"]}}],"collection":[{"href":"https:\/\/www.justiceinfo.net\/fr\/wp-json\/wp\/v2\/posts"}],"about":[{"href":"https:\/\/www.justiceinfo.net\/fr\/wp-json\/wp\/v2\/types\/post"}],"author":[{"embeddable":true,"href":"https:\/\/www.justiceinfo.net\/fr\/wp-json\/wp\/v2\/users\/60"}],"replies":[{"embeddable":true,"href":"https:\/\/www.justiceinfo.net\/fr\/wp-json\/wp\/v2\/comments?post=31380"}],"version-history":[{"count":0,"href":"https:\/\/www.justiceinfo.net\/fr\/wp-json\/wp\/v2\/posts\/31380\/revisions"}],"wp:attachment":[{"href":"https:\/\/www.justiceinfo.net\/fr\/wp-json\/wp\/v2\/media?parent=31380"}],"wp:term":[{"taxonomy":"category","embeddable":true,"href":"https:\/\/www.justiceinfo.net\/fr\/wp-json\/wp\/v2\/categories?post=31380"},{"taxonomy":"post_tag","embeddable":true,"href":"https:\/\/www.justiceinfo.net\/fr\/wp-json\/wp\/v2\/tags?post=31380"},{"taxonomy":"ji_location","embeddable":true,"href":"https:\/\/www.justiceinfo.net\/fr\/wp-json\/wp\/v2\/ji_location?post=31380"}],"curies":[{"name":"wp","href":"https:\/\/api.w.org\/{rel}","templated":true}]}}