{"id":31393,"date":"2016-12-26T15:40:38","date_gmt":"2016-12-26T14:40:38","guid":{"rendered":"https:\/\/www.justiceinfo.net\/31393-le-kivu-au-coeur-des-tensions-dans-la-region-des-grands-lacs.html"},"modified":"2016-12-26T15:40:38","modified_gmt":"2016-12-26T14:40:38","slug":"le-kivu-au-coeur-des-tensions-dans-la-region-des-grands-lacs","status":"publish","type":"post","link":"https:\/\/www.justiceinfo.net\/fr\/31393-le-kivu-au-coeur-des-tensions-dans-la-region-des-grands-lacs.html","title":{"rendered":"Le Kivu, au c\u0153ur des tensions dans la r\u00e9gion des Grands Lacs"},"content":{"rendered":"<div class=\"text fontsize_0 jq_Content jq_langdir\">\n<p>La r\u00e9gion du Kivu, dans l'est de la R\u00e9publique d\u00e9mocratique du Congo, territoire convoit\u00e9 pour ses \u00e9normes ressources mini\u00e8res, constitue le principal foyer de conflits du pays et de tensions dans la r\u00e9gion des Grands Lacs africains.<\/p>\n<p>\u00a0<\/p>\n<h2>- Un potentiel extr\u00eamement riche -<\/h2>\n<p>Le Kivu, compos\u00e9 des provinces du Nord et du Sud, est riche en ressources naturelles, principalement mini\u00e8res comme l'or, le coltan ou la cassit\u00e9rite (minerai d'\u00e9tain) particuli\u00e8rement recherch\u00e9s dans l'industrie des t\u00e9l\u00e9coms, mais aussi agricoles ou foresti\u00e8res.<\/p>\n<p>Le Nord-Kivu est l'une des zones les plus dens\u00e9ment peupl\u00e9es de la RDC.<\/p>\n<p>\u00a0<\/p>\n<h2>- Au c\u0153ur des trag\u00e9dies -<\/h2>\n<p>Frontalier du Rwanda, du Burundi, de l'Ouganda et de la Tanzanie, le Kivu s'est trouv\u00e9 au c\u0153ur des trag\u00e9dies de la r\u00e9gion: rivalit\u00e9s communautaires et politiques, conflits fonciers meurtriers, exode massif de r\u00e9fugi\u00e9s hutu rwandais en 1994 (pr\u00e8s d'un million) apr\u00e8s le g\u00e9nocide des tutsi, pr\u00e9sence de miliciens hutu rwandais, de rebelles burundais et ougandais, de milices tribales.<\/p>\n<p>D'importantes communaut\u00e9s issues de vagues successives d'\u00e9migration de Tutsi et Hutu venus du Rwanda s'y sont install\u00e9es progressivement, depuis le XVIIIe si\u00e8cle. Au d\u00e9but des ann\u00e9es 1980, le r\u00e9gime de Mobutu Sese Seko a instrumentalis\u00e9 la question de la nationalit\u00e9 pour marginaliser ces populations.<\/p>\n<p>Les guerres de 1996-1997 et de 1998-2003, qui ont impliqu\u00e9 jusqu'\u00e0 sept pays africains sur le sol congolais, ont commenc\u00e9 dans le Kivu. Goma, chef-lieu du Nord-Kivu, est \u00e0 chaque fois devenue la capitale de la zone tomb\u00e9e sous contr\u00f4le de r\u00e9bellions soutenues par le Rwanda, dont celle de 1996 a abouti \u00e0 la chute de Mobutu en mai 1997.<\/p>\n<p>Au cours de ces deux guerres r\u00e9gionales, puis dans le cadre d'op\u00e9rations conjointes avec le r\u00e9gime de Kinshasa \u00e0 la fin des ann\u00e9es 2000, le Rwanda a envoy\u00e9 des troupes dans l'Est congolais. Kigali affirmait vouloir assurer la s\u00e9curit\u00e9 de sa propre population, en pourchassant des rebelles hutu rwandais consid\u00e9r\u00e9s comme des g\u00e9nocidaires et regroup\u00e9s au sein des Forces d\u00e9mocratiques de lib\u00e9ration du Rwanda (FDLR).<\/p>\n<p>\u00a0<\/p>\n<h2>- R\u00e9bellion du M23 -<\/h2>\n<p>En mai 2012, d\u00e9bute dans le Kivu la r\u00e9bellion du Mouvement du 23 Mars (M23), surtout compos\u00e9 d'ex-rebelles congolais tutsi du Congr\u00e8s national du peuple congolais (CNDP) int\u00e9gr\u00e9s \u00e0 l'arm\u00e9e apr\u00e8s un accord sign\u00e9 le 23 mars 2009 et dont ils revendiquent la pleine application. L'ONU accuse le Rwanda et l'Ouganda de soutenir les rebelles.<\/p>\n<p>Fin 2013, la r\u00e9bellion est vaincue militairement et le reste de ses combattants se r\u00e9fugient au Rwanda et en Ouganda.<\/p>\n<p>\u00a0<\/p>\n<h2>- Des massacres \u00e0 r\u00e9p\u00e9tition -<\/h2>\n<p>Depuis octobre 2014, Beni et ses environs, dans le nord de la province du Nord-Kivu, sont le th\u00e9\u00e2tre d'une s\u00e9rie de massacres de civils perp\u00e9tr\u00e9s essentiellement \u00e0 l'arme blanche et ayant fait des centaines de morts: 700 selon l'ONU, jusqu'\u00e0 1.300 selon des ONG.<\/p>\n<p>Les Forces d\u00e9mocratiques alli\u00e9es (ADF), une r\u00e9bellion ougandaise musulmane hostile au pr\u00e9sident ougandais Yoweri Museveni et install\u00e9e dans la r\u00e9gion depuis 1995, sont officiellement accus\u00e9es d'\u00eatre derri\u00e8re ces crimes.<\/p>\n<p>Des rapports de chercheurs ou d'experts ont imput\u00e9 la responsabilit\u00e9 des tueries \u00e0 des rebelles ADF, mais aussi \u00e0 des soldats de l'arm\u00e9e r\u00e9guli\u00e8re et des combattants d'autres milices locales, notamment en raison de diff\u00e9rends ethniques et de conflits fonciers.<\/p>\n<p>Au total, au moins 35 civils ont \u00e9t\u00e9 tu\u00e9s au Nord-Kivu pendant le weekend de No\u00ebl, dont au moins 22 morts dans le territoire de Beni, un massacre imput\u00e9 par les autorit\u00e9s aux rebelles ADF.\u00a0<\/p>\n<\/div>\n","protected":false},"excerpt":{"rendered":"<p>La r\u00e9gion du Kivu, dans l'est de la R\u00e9publique d\u00e9mocratique du Congo, territoire convoit\u00e9 pour ses \u00e9normes ressources mini\u00e8res, constitue le principal foyer de conflits du pays et de tensions dans la r\u00e9gion des Grands Lacs africains. \u00a0 - Un potentiel extr\u00eamement riche - Le Kivu, compos\u00e9 des provinces du Nord et du Sud, est [&hellip;]<\/p>\n","protected":false},"author":60,"featured_media":0,"comment_status":"open","ping_status":"closed","sticky":false,"template":"","format":"standard","meta":{"_acf_changed":false,"footnotes":""},"categories":[2576],"tags":[],"ji_location":[2196],"class_list":["post-31393","post","type-post","status-publish","format-standard","hentry","category-fil-d-actualite","ji_location-republique-democratique-du-congo"],"acf":[],"yoast_head":"<!-- This site is optimized with the Yoast SEO Premium plugin v25.3.1 (Yoast SEO v25.3.1) - https:\/\/yoast.com\/wordpress\/plugins\/seo\/ -->\n<title>Le Kivu, au c\u0153ur des tensions dans la r\u00e9gion des Grands Lacs - JusticeInfo.net<\/title>\n<meta name=\"robots\" content=\"index, follow, max-snippet:-1, max-image-preview:large, max-video-preview:-1\" \/>\n<link rel=\"canonical\" href=\"https:\/\/www.justiceinfo.net\/fr\/31393-le-kivu-au-coeur-des-tensions-dans-la-region-des-grands-lacs.html\" \/>\n<meta property=\"og:locale\" content=\"fr_FR\" \/>\n<meta property=\"og:type\" content=\"article\" \/>\n<meta property=\"og:title\" content=\"Le Kivu, au c\u0153ur des tensions dans la r\u00e9gion des Grands Lacs\" \/>\n<meta property=\"og:description\" content=\"La r\u00e9gion du Kivu, dans l&#039;est de la R\u00e9publique d\u00e9mocratique du Congo, territoire convoit\u00e9 pour ses \u00e9normes ressources mini\u00e8res, constitue le principal foyer de conflits du pays et de tensions dans la r\u00e9gion des Grands Lacs africains. \u00a0 - Un potentiel extr\u00eamement riche - Le Kivu, compos\u00e9 des provinces du Nord et du Sud, est [&hellip;]\" \/>\n<meta property=\"og:url\" content=\"https:\/\/www.justiceinfo.net\/fr\/31393-le-kivu-au-coeur-des-tensions-dans-la-region-des-grands-lacs.html\" \/>\n<meta property=\"og:site_name\" content=\"JusticeInfo.net\" \/>\n<meta property=\"article:publisher\" content=\"https:\/\/www.facebook.com\/JusticeInfo\/\" \/>\n<meta property=\"article:published_time\" content=\"2016-12-26T14:40:38+00:00\" \/>\n<meta property=\"og:image\" content=\"https:\/\/www.justiceinfo.net\/wp-content\/uploads\/JusticeInfoNet_logo_1200x630px.jpg\" \/>\n\t<meta property=\"og:image:width\" content=\"1200\" \/>\n\t<meta property=\"og:image:height\" content=\"630\" \/>\n\t<meta property=\"og:image:type\" content=\"image\/jpeg\" \/>\n<meta name=\"author\" content=\"AFP\" \/>\n<meta name=\"twitter:card\" content=\"summary_large_image\" \/>\n<meta name=\"twitter:creator\" content=\"@justiceinfonet\" \/>\n<meta name=\"twitter:site\" content=\"@justiceinfonet\" \/>\n<meta name=\"twitter:label1\" content=\"\u00c9crit par\" \/>\n\t<meta name=\"twitter:data1\" content=\"AFP\" \/>\n\t<meta name=\"twitter:label2\" content=\"Dur\u00e9e de lecture estim\u00e9e\" \/>\n\t<meta name=\"twitter:data2\" content=\"3 minutes\" \/>\n<script type=\"application\/ld+json\" class=\"yoast-schema-graph\">{\"@context\":\"https:\/\/schema.org\",\"@graph\":[{\"@type\":\"NewsArticle\",\"@id\":\"https:\/\/www.justiceinfo.net\/fr\/31393-le-kivu-au-coeur-des-tensions-dans-la-region-des-grands-lacs.html#article\",\"isPartOf\":{\"@id\":\"https:\/\/www.justiceinfo.net\/fr\/31393-le-kivu-au-coeur-des-tensions-dans-la-region-des-grands-lacs.html\"},\"author\":{\"name\":\"afp\",\"@id\":\"https:\/\/www.justiceinfo.net\/fr#\/schema\/person\/713d340ef5f218fc36ce9b4244364a7f\"},\"headline\":\"Le Kivu, au c\u0153ur des tensions dans la r\u00e9gion des Grands Lacs\",\"datePublished\":\"2016-12-26T14:40:38+00:00\",\"mainEntityOfPage\":{\"@id\":\"https:\/\/www.justiceinfo.net\/fr\/31393-le-kivu-au-coeur-des-tensions-dans-la-region-des-grands-lacs.html\"},\"wordCount\":652,\"commentCount\":0,\"publisher\":{\"@id\":\"https:\/\/www.justiceinfo.net\/fr#organization\"},\"articleSection\":[\"Fil d'info AFP\"],\"inLanguage\":\"fr-FR\",\"potentialAction\":[{\"@type\":\"CommentAction\",\"name\":\"Comment\",\"target\":[\"https:\/\/www.justiceinfo.net\/fr\/31393-le-kivu-au-coeur-des-tensions-dans-la-region-des-grands-lacs.html#respond\"]}]},{\"@type\":\"WebPage\",\"@id\":\"https:\/\/www.justiceinfo.net\/fr\/31393-le-kivu-au-coeur-des-tensions-dans-la-region-des-grands-lacs.html\",\"url\":\"https:\/\/www.justiceinfo.net\/fr\/31393-le-kivu-au-coeur-des-tensions-dans-la-region-des-grands-lacs.html\",\"name\":\"Le Kivu, au c\u0153ur des tensions dans la r\u00e9gion des Grands Lacs - JusticeInfo.net\",\"isPartOf\":{\"@id\":\"https:\/\/www.justiceinfo.net\/fr#website\"},\"datePublished\":\"2016-12-26T14:40:38+00:00\",\"breadcrumb\":{\"@id\":\"https:\/\/www.justiceinfo.net\/fr\/31393-le-kivu-au-coeur-des-tensions-dans-la-region-des-grands-lacs.html#breadcrumb\"},\"inLanguage\":\"fr-FR\",\"potentialAction\":[{\"@type\":\"ReadAction\",\"target\":[\"https:\/\/www.justiceinfo.net\/fr\/31393-le-kivu-au-coeur-des-tensions-dans-la-region-des-grands-lacs.html\"]}]},{\"@type\":\"BreadcrumbList\",\"@id\":\"https:\/\/www.justiceinfo.net\/fr\/31393-le-kivu-au-coeur-des-tensions-dans-la-region-des-grands-lacs.html#breadcrumb\",\"itemListElement\":[{\"@type\":\"ListItem\",\"position\":1,\"name\":\"Home\",\"item\":\"https:\/\/www.justiceinfo.net\/fr\"},{\"@type\":\"ListItem\",\"position\":2,\"name\":\"Le Kivu, au c\u0153ur des tensions dans la r\u00e9gion des Grands Lacs\"}]},{\"@type\":\"WebSite\",\"@id\":\"https:\/\/www.justiceinfo.net\/fr#website\",\"url\":\"https:\/\/www.justiceinfo.net\/fr\",\"name\":\"JusticeInfo.net\",\"description\":\"La justice doit \u00eatre vue pour \u00eatre rendue\",\"publisher\":{\"@id\":\"https:\/\/www.justiceinfo.net\/fr#organization\"},\"potentialAction\":[{\"@type\":\"SearchAction\",\"target\":{\"@type\":\"EntryPoint\",\"urlTemplate\":\"https:\/\/www.justiceinfo.net\/fr?s={search_term_string}\"},\"query-input\":{\"@type\":\"PropertyValueSpecification\",\"valueRequired\":true,\"valueName\":\"search_term_string\"}}],\"inLanguage\":\"fr-FR\"},{\"@type\":\"Organization\",\"@id\":\"https:\/\/www.justiceinfo.net\/fr#organization\",\"name\":\"Justice Info\",\"url\":\"https:\/\/www.justiceinfo.net\/fr\",\"logo\":{\"@type\":\"ImageObject\",\"inLanguage\":\"fr-FR\",\"@id\":\"https:\/\/www.justiceinfo.net\/fr#\/schema\/logo\/image\/\",\"url\":\"https:\/\/www.justiceinfo.net\/wp-content\/uploads\/justiceinfo_logo-trans_1200x1200px.png\",\"contentUrl\":\"https:\/\/www.justiceinfo.net\/wp-content\/uploads\/justiceinfo_logo-trans_1200x1200px.png\",\"width\":1199,\"height\":1200,\"caption\":\"Justice Info\"},\"image\":{\"@id\":\"https:\/\/www.justiceinfo.net\/fr#\/schema\/logo\/image\/\"},\"sameAs\":[\"https:\/\/www.facebook.com\/JusticeInfo\/\",\"https:\/\/x.com\/justiceinfonet\",\"https:\/\/www.linkedin.com\/company\/justice-info\",\"https:\/\/www.youtube.com\/channel\/UCyCEsARodyuWtkWyhn-e7pA\"]},{\"@type\":\"Person\",\"name\":\"AFP\",\"url\":\"\/fr\/?s=AFP\"}]}<\/script>\n<!-- \/ Yoast SEO Premium plugin. -->","yoast_head_json":{"title":"Le Kivu, au c\u0153ur des tensions dans la r\u00e9gion des Grands Lacs - JusticeInfo.net","robots":{"index":"index","follow":"follow","max-snippet":"max-snippet:-1","max-image-preview":"max-image-preview:large","max-video-preview":"max-video-preview:-1"},"canonical":"https:\/\/www.justiceinfo.net\/fr\/31393-le-kivu-au-coeur-des-tensions-dans-la-region-des-grands-lacs.html","og_locale":"fr_FR","og_type":"article","og_title":"Le Kivu, au c\u0153ur des tensions dans la r\u00e9gion des Grands Lacs","og_description":"La r\u00e9gion du Kivu, dans l'est de la R\u00e9publique d\u00e9mocratique du Congo, territoire convoit\u00e9 pour ses \u00e9normes ressources mini\u00e8res, constitue le principal foyer de conflits du pays et de tensions dans la r\u00e9gion des Grands Lacs africains. \u00a0 - Un potentiel extr\u00eamement riche - Le Kivu, compos\u00e9 des provinces du Nord et du Sud, est [&hellip;]","og_url":"https:\/\/www.justiceinfo.net\/fr\/31393-le-kivu-au-coeur-des-tensions-dans-la-region-des-grands-lacs.html","og_site_name":"JusticeInfo.net","article_publisher":"https:\/\/www.facebook.com\/JusticeInfo\/","article_published_time":"2016-12-26T14:40:38+00:00","og_image":[{"width":1200,"height":630,"url":"https:\/\/www.justiceinfo.net\/wp-content\/uploads\/JusticeInfoNet_logo_1200x630px.jpg","type":"image\/jpeg"}],"author":"AFP","twitter_card":"summary_large_image","twitter_creator":"@justiceinfonet","twitter_site":"@justiceinfonet","twitter_misc":{"\u00c9crit par":"AFP","Dur\u00e9e de lecture estim\u00e9e":"3 minutes"},"schema":{"@context":"https:\/\/schema.org","@graph":[{"@type":"NewsArticle","@id":"https:\/\/www.justiceinfo.net\/fr\/31393-le-kivu-au-coeur-des-tensions-dans-la-region-des-grands-lacs.html#article","isPartOf":{"@id":"https:\/\/www.justiceinfo.net\/fr\/31393-le-kivu-au-coeur-des-tensions-dans-la-region-des-grands-lacs.html"},"author":{"name":"afp","@id":"https:\/\/www.justiceinfo.net\/fr#\/schema\/person\/713d340ef5f218fc36ce9b4244364a7f"},"headline":"Le Kivu, au c\u0153ur des tensions dans la r\u00e9gion des Grands Lacs","datePublished":"2016-12-26T14:40:38+00:00","mainEntityOfPage":{"@id":"https:\/\/www.justiceinfo.net\/fr\/31393-le-kivu-au-coeur-des-tensions-dans-la-region-des-grands-lacs.html"},"wordCount":652,"commentCount":0,"publisher":{"@id":"https:\/\/www.justiceinfo.net\/fr#organization"},"articleSection":["Fil d'info AFP"],"inLanguage":"fr-FR","potentialAction":[{"@type":"CommentAction","name":"Comment","target":["https:\/\/www.justiceinfo.net\/fr\/31393-le-kivu-au-coeur-des-tensions-dans-la-region-des-grands-lacs.html#respond"]}]},{"@type":"WebPage","@id":"https:\/\/www.justiceinfo.net\/fr\/31393-le-kivu-au-coeur-des-tensions-dans-la-region-des-grands-lacs.html","url":"https:\/\/www.justiceinfo.net\/fr\/31393-le-kivu-au-coeur-des-tensions-dans-la-region-des-grands-lacs.html","name":"Le Kivu, au c\u0153ur des tensions dans la r\u00e9gion des Grands Lacs - JusticeInfo.net","isPartOf":{"@id":"https:\/\/www.justiceinfo.net\/fr#website"},"datePublished":"2016-12-26T14:40:38+00:00","breadcrumb":{"@id":"https:\/\/www.justiceinfo.net\/fr\/31393-le-kivu-au-coeur-des-tensions-dans-la-region-des-grands-lacs.html#breadcrumb"},"inLanguage":"fr-FR","potentialAction":[{"@type":"ReadAction","target":["https:\/\/www.justiceinfo.net\/fr\/31393-le-kivu-au-coeur-des-tensions-dans-la-region-des-grands-lacs.html"]}]},{"@type":"BreadcrumbList","@id":"https:\/\/www.justiceinfo.net\/fr\/31393-le-kivu-au-coeur-des-tensions-dans-la-region-des-grands-lacs.html#breadcrumb","itemListElement":[{"@type":"ListItem","position":1,"name":"Home","item":"https:\/\/www.justiceinfo.net\/fr"},{"@type":"ListItem","position":2,"name":"Le Kivu, au c\u0153ur des tensions dans la r\u00e9gion des Grands Lacs"}]},{"@type":"WebSite","@id":"https:\/\/www.justiceinfo.net\/fr#website","url":"https:\/\/www.justiceinfo.net\/fr","name":"JusticeInfo.net","description":"La justice doit \u00eatre vue pour \u00eatre rendue","publisher":{"@id":"https:\/\/www.justiceinfo.net\/fr#organization"},"potentialAction":[{"@type":"SearchAction","target":{"@type":"EntryPoint","urlTemplate":"https:\/\/www.justiceinfo.net\/fr?s={search_term_string}"},"query-input":{"@type":"PropertyValueSpecification","valueRequired":true,"valueName":"search_term_string"}}],"inLanguage":"fr-FR"},{"@type":"Organization","@id":"https:\/\/www.justiceinfo.net\/fr#organization","name":"Justice Info","url":"https:\/\/www.justiceinfo.net\/fr","logo":{"@type":"ImageObject","inLanguage":"fr-FR","@id":"https:\/\/www.justiceinfo.net\/fr#\/schema\/logo\/image\/","url":"https:\/\/www.justiceinfo.net\/wp-content\/uploads\/justiceinfo_logo-trans_1200x1200px.png","contentUrl":"https:\/\/www.justiceinfo.net\/wp-content\/uploads\/justiceinfo_logo-trans_1200x1200px.png","width":1199,"height":1200,"caption":"Justice Info"},"image":{"@id":"https:\/\/www.justiceinfo.net\/fr#\/schema\/logo\/image\/"},"sameAs":["https:\/\/www.facebook.com\/JusticeInfo\/","https:\/\/x.com\/justiceinfonet","https:\/\/www.linkedin.com\/company\/justice-info","https:\/\/www.youtube.com\/channel\/UCyCEsARodyuWtkWyhn-e7pA"]},{"@type":"Person","name":"AFP","url":"\/fr\/?s=AFP"}]}},"_links":{"self":[{"href":"https:\/\/www.justiceinfo.net\/fr\/wp-json\/wp\/v2\/posts\/31393","targetHints":{"allow":["GET"]}}],"collection":[{"href":"https:\/\/www.justiceinfo.net\/fr\/wp-json\/wp\/v2\/posts"}],"about":[{"href":"https:\/\/www.justiceinfo.net\/fr\/wp-json\/wp\/v2\/types\/post"}],"author":[{"embeddable":true,"href":"https:\/\/www.justiceinfo.net\/fr\/wp-json\/wp\/v2\/users\/60"}],"replies":[{"embeddable":true,"href":"https:\/\/www.justiceinfo.net\/fr\/wp-json\/wp\/v2\/comments?post=31393"}],"version-history":[{"count":0,"href":"https:\/\/www.justiceinfo.net\/fr\/wp-json\/wp\/v2\/posts\/31393\/revisions"}],"wp:attachment":[{"href":"https:\/\/www.justiceinfo.net\/fr\/wp-json\/wp\/v2\/media?parent=31393"}],"wp:term":[{"taxonomy":"category","embeddable":true,"href":"https:\/\/www.justiceinfo.net\/fr\/wp-json\/wp\/v2\/categories?post=31393"},{"taxonomy":"post_tag","embeddable":true,"href":"https:\/\/www.justiceinfo.net\/fr\/wp-json\/wp\/v2\/tags?post=31393"},{"taxonomy":"ji_location","embeddable":true,"href":"https:\/\/www.justiceinfo.net\/fr\/wp-json\/wp\/v2\/ji_location?post=31393"}],"curies":[{"name":"wp","href":"https:\/\/api.w.org\/{rel}","templated":true}]}}