{"id":31395,"date":"2016-12-26T15:46:24","date_gmt":"2016-12-26T14:46:24","guid":{"rendered":"https:\/\/www.justiceinfo.net\/31395-noel-sanglant-en-rdc-au-moins-35-civils-tues-dans-plusieurs-attaques-au-nord-kivu.html"},"modified":"2016-12-26T15:46:24","modified_gmt":"2016-12-26T14:46:24","slug":"noel-sanglant-en-rdc-au-moins-35-civils-tues-dans-plusieurs-attaques-au-nord-kivu","status":"publish","type":"post","link":"https:\/\/www.justiceinfo.net\/fr\/31395-noel-sanglant-en-rdc-au-moins-35-civils-tues-dans-plusieurs-attaques-au-nord-kivu.html","title":{"rendered":"No\u00ebl sanglant en RDC: au moins 35 civils tu\u00e9s dans plusieurs attaques au Nord-Kivu"},"content":{"rendered":"<div class=\"txt-textContent\">\n<div class=\"text fontsize_0 jq_Content jq_langdir\">\n<p>Villages attaqu\u00e9s, combats entre milices et arm\u00e9e : pas moins de 35 civils ont \u00e9t\u00e9 tu\u00e9s pendant un week-end de No\u00ebl sanglant au Nord-Kivu, dans l'Est de la R\u00e9publique d\u00e9mocratique du Congo, un pays tr\u00e8s majoritairement chr\u00e9tien.<\/p>\n<p>Le d\u00e9compte macabre de 22 morts recens\u00e9s dimanche soir s'est alourdi avec l'annonce lundi du d\u00e9c\u00e8s d'au moins 13 civils hutu tu\u00e9s dimanche par une milice d'ethnie nande sur le village de Nyanzale, dans le sud de cette province.\u00a0<\/p>\n<p>Le dimanche de No\u00ebl a \u00e9t\u00e9 marqu\u00e9 par un nouvel \u00e9pisode dramatique des rivalit\u00e9s entre Hutu et Nande qui endeuillent la zone recul\u00e9e aux confins des territoires de Lubero, Masisi et Rutshuru depuis plus d'un an.<\/p>\n<p>Trois jours apr\u00e8s la mort de 13 civils nande tu\u00e9s par un groupe d'autod\u00e9fense hutu (les ma\u00ef-ma\u00ef Nyatura) dans le village de Bwalanda, \u00e0 environ 80 km au nord de Goma, la capitale provinciale, une milice nande (les ma\u00ef-ma\u00ef Mazembe) a attaqu\u00e9 une localit\u00e9 proche, Nyanzale.<\/p>\n<p>Selon Alphonse Mahano, d\u00e9l\u00e9gu\u00e9 local du gouverneur provincial, 13 civils ont \u00e9t\u00e9 tu\u00e9s, ainsi que trois assaillants lors de l'intervention des militaires. L'arm\u00e9e fait \u00e9tat, elle,\u00a0de six miliciens tu\u00e9s.<\/p>\n<p>\"Les victimes (civiles) sont toutes hutu\", a d\u00e9taill\u00e9 M. Mahano.<\/p>\n<p>Les Hutu, rwandophones, sont largement tenus pour des \u00e9trangers par les communaut\u00e9s se consid\u00e9rant comme \"autochtones\", comme les Nande ou les Hunde.<\/p>\n<p>Cette querelle de \"nationalit\u00e9\" se superpose \u00e0 des conflits fonciers li\u00e9s \u00e0 une migration vers le nord de cultivateurs hutu contraints d'abandonner leurs champs du sud de la province pour des raisons \u00e9conomiques li\u00e9es au prix de la terre ou \u00e0 la pression exerc\u00e9e par de grands propri\u00e9taires fonciers. \u00a0<\/p>\n<h2>-Massacre \u00e0 l'arme blanche-<\/h2>\n<p>Dans le territoire de Beni, ensanglant\u00e9 depuis octobre 2014 par des tueries \u00e0 r\u00e9p\u00e9tition qui ont fait plus de 700 morts, 22 civils ont \u00e9t\u00e9 massacr\u00e9s \u00e0 Eringeti et dans ses environs, selon les autorit\u00e9s locales.<\/p>\n<p>Comme le font les autorit\u00e9s congolaises depuis le d\u00e9but de cette vague de violences aveugles, l'administrateur du territoire, Amisi Kalonda, a imput\u00e9 cette tuerie aux Forces d\u00e9mocratiques alli\u00e9es (ADF), r\u00e9bellion ougandaise musulmane install\u00e9e dans la r\u00e9gion depuis plus de vingt ans.<\/p>\n<p>Selon un pr\u00eatre du dioc\u00e8se catholique de Beni-Butembo, l'attaque aurait fait au moins \"27 morts\" parmi la population.\u00a0<\/p>\n<p>\"Le mode op\u00e9ratoire, c'est toujours le m\u00eame\", a d\u00e9taill\u00e9 \u00e0 l'AFP, M. Kalonda : les victimes ont \u00e9t\u00e9 tu\u00e9es \u00e0 l'arme blanche.<\/p>\n<p>Une autre attaque, \u00e9galement attribu\u00e9e aux ADF, a vis\u00e9 samedi en fin de journ\u00e9e la localit\u00e9 d'Oicha, situ\u00e9e \u00e0 une vingtaine de kilom\u00e8tres au sud d'Eringeti.<\/p>\n<p>Apr\u00e8s quatre heures de combats, l'assaut a \u00e9t\u00e9 repouss\u00e9 par l'arm\u00e9e, officiellement sans aucune victime.<\/p>\n<p>\"Pour la premi\u00e8re fois, ils (les ADF) n'ont pas tu\u00e9 de population civile sur leur passage\", a remarqu\u00e9 Teddy Kataliko, coordinateur de la Soci\u00e9t\u00e9 civile du territoire de Beni, coalition d'associations locales.<\/p>\n<p>Province constell\u00e9e de groupes arm\u00e9s, le Nord-Kivu est d\u00e9chir\u00e9 par les conflits depuis plus de vingt ans.<\/p>\n<p>La France a \"condamn\u00e9\" ces attaques et \"r\u00e9it\u00e9r\u00e9 son appel \u00e0 une action r\u00e9solue et coordonn\u00e9e de l'arm\u00e9e congolaise et de la Monusco\" (la Mission de l'ONU au Congo) pour \"prot\u00e9ger la population civile et ramener la s\u00e9curit\u00e9\".<\/p>\n<p>Plus de deux ans apr\u00e8s les premiers massacres, le gouvernement congolais et les Casques bleus de la Monusco s'av\u00e8rent toujours incapables de prot\u00e9ger la population locale et d'identifier les auteurs de ces crimes, r\u00e9guli\u00e8rement pr\u00e9sent\u00e9s comme de \"pr\u00e9sum\u00e9s ADF\", explication qui peine \u00e0 convaincre.<\/p>\n<p>Plusieurs chercheurs ou militants associatifs locaux d\u00e9peignent, eux, une violence aux rouages complexes dont seraient responsables, outre des rebelles ADF, des soldats de l'arm\u00e9e r\u00e9guli\u00e8re et des combattants d'autres milices locales, comprenant trafics mafieux, diff\u00e9rends ethniques et conflits fonciers.<\/p>\n<p>Le mandat du pr\u00e9sident Joseph Kabila s'est achev\u00e9 mardi dans un climat de violence. M. Kabila, \u00e0 qui la Constitution interdit de se repr\u00e9senter, compte se maintenir au pouvoir jusqu'\u00e0 ce que soit \u00e9lu quelqu'un pour lui succ\u00e9der.<\/p>\n<p>Ind\u00e9pendamment d'une attaque au bilan toujours inconnu dans le centre du pays, entre 98 et 175 personnes, selon les sources, ont \u00e9t\u00e9 tu\u00e9es dans des violences du 19 au 25 d\u00e9cembre.<\/p>\n<\/div>\n<\/div>\n","protected":false},"excerpt":{"rendered":"<p>Villages attaqu\u00e9s, combats entre milices et arm\u00e9e : pas moins de 35 civils ont \u00e9t\u00e9 tu\u00e9s pendant un week-end de No\u00ebl sanglant au Nord-Kivu, dans l'Est de la R\u00e9publique d\u00e9mocratique du Congo, un pays tr\u00e8s majoritairement chr\u00e9tien. Le d\u00e9compte macabre de 22 morts recens\u00e9s dimanche soir s'est alourdi avec l'annonce lundi du d\u00e9c\u00e8s d'au moins [&hellip;]<\/p>\n","protected":false},"author":60,"featured_media":0,"comment_status":"open","ping_status":"closed","sticky":false,"template":"","format":"standard","meta":{"_acf_changed":false,"footnotes":""},"categories":[2576],"tags":[],"ji_location":[2196],"class_list":["post-31395","post","type-post","status-publish","format-standard","hentry","category-fil-d-actualite","ji_location-republique-democratique-du-congo"],"acf":[],"yoast_head":"<!-- This site is optimized with the Yoast SEO Premium plugin v25.3.1 (Yoast SEO v25.3.1) - https:\/\/yoast.com\/wordpress\/plugins\/seo\/ -->\n<title>No\u00ebl sanglant en RDC: au moins 35 civils tu\u00e9s dans plusieurs attaques au Nord-Kivu - JusticeInfo.net<\/title>\n<meta name=\"robots\" content=\"index, follow, max-snippet:-1, max-image-preview:large, max-video-preview:-1\" \/>\n<link rel=\"canonical\" href=\"https:\/\/www.justiceinfo.net\/fr\/31395-noel-sanglant-en-rdc-au-moins-35-civils-tues-dans-plusieurs-attaques-au-nord-kivu.html\" \/>\n<meta property=\"og:locale\" content=\"fr_FR\" \/>\n<meta property=\"og:type\" content=\"article\" \/>\n<meta property=\"og:title\" content=\"No\u00ebl sanglant en RDC: au moins 35 civils tu\u00e9s dans plusieurs attaques au Nord-Kivu\" \/>\n<meta property=\"og:description\" content=\"Villages attaqu\u00e9s, combats entre milices et arm\u00e9e : pas moins de 35 civils ont \u00e9t\u00e9 tu\u00e9s pendant un week-end de No\u00ebl sanglant au Nord-Kivu, dans l&#039;Est de la R\u00e9publique d\u00e9mocratique du Congo, un pays tr\u00e8s majoritairement chr\u00e9tien. Le d\u00e9compte macabre de 22 morts recens\u00e9s dimanche soir s&#039;est alourdi avec l&#039;annonce lundi du d\u00e9c\u00e8s d&#039;au moins [&hellip;]\" \/>\n<meta property=\"og:url\" content=\"https:\/\/www.justiceinfo.net\/fr\/31395-noel-sanglant-en-rdc-au-moins-35-civils-tues-dans-plusieurs-attaques-au-nord-kivu.html\" \/>\n<meta property=\"og:site_name\" content=\"JusticeInfo.net\" \/>\n<meta property=\"article:publisher\" content=\"https:\/\/www.facebook.com\/JusticeInfo\/\" \/>\n<meta property=\"article:published_time\" content=\"2016-12-26T14:46:24+00:00\" \/>\n<meta property=\"og:image\" content=\"https:\/\/www.justiceinfo.net\/wp-content\/uploads\/JusticeInfoNet_logo_1200x630px.jpg\" \/>\n\t<meta property=\"og:image:width\" content=\"1200\" \/>\n\t<meta property=\"og:image:height\" content=\"630\" \/>\n\t<meta property=\"og:image:type\" content=\"image\/jpeg\" \/>\n<meta name=\"author\" content=\"AFP\" \/>\n<meta name=\"twitter:card\" content=\"summary_large_image\" \/>\n<meta name=\"twitter:creator\" content=\"@justiceinfonet\" \/>\n<meta name=\"twitter:site\" content=\"@justiceinfonet\" \/>\n<meta name=\"twitter:label1\" content=\"\u00c9crit par\" \/>\n\t<meta name=\"twitter:data1\" content=\"AFP\" \/>\n\t<meta name=\"twitter:label2\" content=\"Dur\u00e9e de lecture estim\u00e9e\" \/>\n\t<meta name=\"twitter:data2\" content=\"4 minutes\" \/>\n<script type=\"application\/ld+json\" class=\"yoast-schema-graph\">{\"@context\":\"https:\/\/schema.org\",\"@graph\":[{\"@type\":\"NewsArticle\",\"@id\":\"https:\/\/www.justiceinfo.net\/fr\/31395-noel-sanglant-en-rdc-au-moins-35-civils-tues-dans-plusieurs-attaques-au-nord-kivu.html#article\",\"isPartOf\":{\"@id\":\"https:\/\/www.justiceinfo.net\/fr\/31395-noel-sanglant-en-rdc-au-moins-35-civils-tues-dans-plusieurs-attaques-au-nord-kivu.html\"},\"author\":{\"name\":\"afp\",\"@id\":\"https:\/\/www.justiceinfo.net\/fr#\/schema\/person\/713d340ef5f218fc36ce9b4244364a7f\"},\"headline\":\"No\u00ebl sanglant en RDC: au moins 35 civils tu\u00e9s dans plusieurs attaques au Nord-Kivu\",\"datePublished\":\"2016-12-26T14:46:24+00:00\",\"mainEntityOfPage\":{\"@id\":\"https:\/\/www.justiceinfo.net\/fr\/31395-noel-sanglant-en-rdc-au-moins-35-civils-tues-dans-plusieurs-attaques-au-nord-kivu.html\"},\"wordCount\":775,\"commentCount\":0,\"publisher\":{\"@id\":\"https:\/\/www.justiceinfo.net\/fr#organization\"},\"articleSection\":[\"Fil d'info AFP\"],\"inLanguage\":\"fr-FR\",\"potentialAction\":[{\"@type\":\"CommentAction\",\"name\":\"Comment\",\"target\":[\"https:\/\/www.justiceinfo.net\/fr\/31395-noel-sanglant-en-rdc-au-moins-35-civils-tues-dans-plusieurs-attaques-au-nord-kivu.html#respond\"]}]},{\"@type\":\"WebPage\",\"@id\":\"https:\/\/www.justiceinfo.net\/fr\/31395-noel-sanglant-en-rdc-au-moins-35-civils-tues-dans-plusieurs-attaques-au-nord-kivu.html\",\"url\":\"https:\/\/www.justiceinfo.net\/fr\/31395-noel-sanglant-en-rdc-au-moins-35-civils-tues-dans-plusieurs-attaques-au-nord-kivu.html\",\"name\":\"No\u00ebl sanglant en RDC: au moins 35 civils tu\u00e9s dans plusieurs attaques au Nord-Kivu - JusticeInfo.net\",\"isPartOf\":{\"@id\":\"https:\/\/www.justiceinfo.net\/fr#website\"},\"datePublished\":\"2016-12-26T14:46:24+00:00\",\"breadcrumb\":{\"@id\":\"https:\/\/www.justiceinfo.net\/fr\/31395-noel-sanglant-en-rdc-au-moins-35-civils-tues-dans-plusieurs-attaques-au-nord-kivu.html#breadcrumb\"},\"inLanguage\":\"fr-FR\",\"potentialAction\":[{\"@type\":\"ReadAction\",\"target\":[\"https:\/\/www.justiceinfo.net\/fr\/31395-noel-sanglant-en-rdc-au-moins-35-civils-tues-dans-plusieurs-attaques-au-nord-kivu.html\"]}]},{\"@type\":\"BreadcrumbList\",\"@id\":\"https:\/\/www.justiceinfo.net\/fr\/31395-noel-sanglant-en-rdc-au-moins-35-civils-tues-dans-plusieurs-attaques-au-nord-kivu.html#breadcrumb\",\"itemListElement\":[{\"@type\":\"ListItem\",\"position\":1,\"name\":\"Home\",\"item\":\"https:\/\/www.justiceinfo.net\/fr\"},{\"@type\":\"ListItem\",\"position\":2,\"name\":\"No\u00ebl sanglant en RDC: au moins 35 civils tu\u00e9s dans plusieurs attaques au Nord-Kivu\"}]},{\"@type\":\"WebSite\",\"@id\":\"https:\/\/www.justiceinfo.net\/fr#website\",\"url\":\"https:\/\/www.justiceinfo.net\/fr\",\"name\":\"JusticeInfo.net\",\"description\":\"La justice doit \u00eatre vue pour \u00eatre rendue\",\"publisher\":{\"@id\":\"https:\/\/www.justiceinfo.net\/fr#organization\"},\"potentialAction\":[{\"@type\":\"SearchAction\",\"target\":{\"@type\":\"EntryPoint\",\"urlTemplate\":\"https:\/\/www.justiceinfo.net\/fr?s={search_term_string}\"},\"query-input\":{\"@type\":\"PropertyValueSpecification\",\"valueRequired\":true,\"valueName\":\"search_term_string\"}}],\"inLanguage\":\"fr-FR\"},{\"@type\":\"Organization\",\"@id\":\"https:\/\/www.justiceinfo.net\/fr#organization\",\"name\":\"Justice Info\",\"url\":\"https:\/\/www.justiceinfo.net\/fr\",\"logo\":{\"@type\":\"ImageObject\",\"inLanguage\":\"fr-FR\",\"@id\":\"https:\/\/www.justiceinfo.net\/fr#\/schema\/logo\/image\/\",\"url\":\"https:\/\/www.justiceinfo.net\/wp-content\/uploads\/justiceinfo_logo-trans_1200x1200px.png\",\"contentUrl\":\"https:\/\/www.justiceinfo.net\/wp-content\/uploads\/justiceinfo_logo-trans_1200x1200px.png\",\"width\":1199,\"height\":1200,\"caption\":\"Justice Info\"},\"image\":{\"@id\":\"https:\/\/www.justiceinfo.net\/fr#\/schema\/logo\/image\/\"},\"sameAs\":[\"https:\/\/www.facebook.com\/JusticeInfo\/\",\"https:\/\/x.com\/justiceinfonet\",\"https:\/\/www.linkedin.com\/company\/justice-info\",\"https:\/\/www.youtube.com\/channel\/UCyCEsARodyuWtkWyhn-e7pA\"]},{\"@type\":\"Person\",\"name\":\"AFP\",\"url\":\"\/fr\/?s=AFP\"}]}<\/script>\n<!-- \/ Yoast SEO Premium plugin. -->","yoast_head_json":{"title":"No\u00ebl sanglant en RDC: au moins 35 civils tu\u00e9s dans plusieurs attaques au Nord-Kivu - JusticeInfo.net","robots":{"index":"index","follow":"follow","max-snippet":"max-snippet:-1","max-image-preview":"max-image-preview:large","max-video-preview":"max-video-preview:-1"},"canonical":"https:\/\/www.justiceinfo.net\/fr\/31395-noel-sanglant-en-rdc-au-moins-35-civils-tues-dans-plusieurs-attaques-au-nord-kivu.html","og_locale":"fr_FR","og_type":"article","og_title":"No\u00ebl sanglant en RDC: au moins 35 civils tu\u00e9s dans plusieurs attaques au Nord-Kivu","og_description":"Villages attaqu\u00e9s, combats entre milices et arm\u00e9e : pas moins de 35 civils ont \u00e9t\u00e9 tu\u00e9s pendant un week-end de No\u00ebl sanglant au Nord-Kivu, dans l'Est de la R\u00e9publique d\u00e9mocratique du Congo, un pays tr\u00e8s majoritairement chr\u00e9tien. Le d\u00e9compte macabre de 22 morts recens\u00e9s dimanche soir s'est alourdi avec l'annonce lundi du d\u00e9c\u00e8s d'au moins [&hellip;]","og_url":"https:\/\/www.justiceinfo.net\/fr\/31395-noel-sanglant-en-rdc-au-moins-35-civils-tues-dans-plusieurs-attaques-au-nord-kivu.html","og_site_name":"JusticeInfo.net","article_publisher":"https:\/\/www.facebook.com\/JusticeInfo\/","article_published_time":"2016-12-26T14:46:24+00:00","og_image":[{"width":1200,"height":630,"url":"https:\/\/www.justiceinfo.net\/wp-content\/uploads\/JusticeInfoNet_logo_1200x630px.jpg","type":"image\/jpeg"}],"author":"AFP","twitter_card":"summary_large_image","twitter_creator":"@justiceinfonet","twitter_site":"@justiceinfonet","twitter_misc":{"\u00c9crit par":"AFP","Dur\u00e9e de lecture estim\u00e9e":"4 minutes"},"schema":{"@context":"https:\/\/schema.org","@graph":[{"@type":"NewsArticle","@id":"https:\/\/www.justiceinfo.net\/fr\/31395-noel-sanglant-en-rdc-au-moins-35-civils-tues-dans-plusieurs-attaques-au-nord-kivu.html#article","isPartOf":{"@id":"https:\/\/www.justiceinfo.net\/fr\/31395-noel-sanglant-en-rdc-au-moins-35-civils-tues-dans-plusieurs-attaques-au-nord-kivu.html"},"author":{"name":"afp","@id":"https:\/\/www.justiceinfo.net\/fr#\/schema\/person\/713d340ef5f218fc36ce9b4244364a7f"},"headline":"No\u00ebl sanglant en RDC: au moins 35 civils tu\u00e9s dans plusieurs attaques au Nord-Kivu","datePublished":"2016-12-26T14:46:24+00:00","mainEntityOfPage":{"@id":"https:\/\/www.justiceinfo.net\/fr\/31395-noel-sanglant-en-rdc-au-moins-35-civils-tues-dans-plusieurs-attaques-au-nord-kivu.html"},"wordCount":775,"commentCount":0,"publisher":{"@id":"https:\/\/www.justiceinfo.net\/fr#organization"},"articleSection":["Fil d'info AFP"],"inLanguage":"fr-FR","potentialAction":[{"@type":"CommentAction","name":"Comment","target":["https:\/\/www.justiceinfo.net\/fr\/31395-noel-sanglant-en-rdc-au-moins-35-civils-tues-dans-plusieurs-attaques-au-nord-kivu.html#respond"]}]},{"@type":"WebPage","@id":"https:\/\/www.justiceinfo.net\/fr\/31395-noel-sanglant-en-rdc-au-moins-35-civils-tues-dans-plusieurs-attaques-au-nord-kivu.html","url":"https:\/\/www.justiceinfo.net\/fr\/31395-noel-sanglant-en-rdc-au-moins-35-civils-tues-dans-plusieurs-attaques-au-nord-kivu.html","name":"No\u00ebl sanglant en RDC: au moins 35 civils tu\u00e9s dans plusieurs attaques au Nord-Kivu - JusticeInfo.net","isPartOf":{"@id":"https:\/\/www.justiceinfo.net\/fr#website"},"datePublished":"2016-12-26T14:46:24+00:00","breadcrumb":{"@id":"https:\/\/www.justiceinfo.net\/fr\/31395-noel-sanglant-en-rdc-au-moins-35-civils-tues-dans-plusieurs-attaques-au-nord-kivu.html#breadcrumb"},"inLanguage":"fr-FR","potentialAction":[{"@type":"ReadAction","target":["https:\/\/www.justiceinfo.net\/fr\/31395-noel-sanglant-en-rdc-au-moins-35-civils-tues-dans-plusieurs-attaques-au-nord-kivu.html"]}]},{"@type":"BreadcrumbList","@id":"https:\/\/www.justiceinfo.net\/fr\/31395-noel-sanglant-en-rdc-au-moins-35-civils-tues-dans-plusieurs-attaques-au-nord-kivu.html#breadcrumb","itemListElement":[{"@type":"ListItem","position":1,"name":"Home","item":"https:\/\/www.justiceinfo.net\/fr"},{"@type":"ListItem","position":2,"name":"No\u00ebl sanglant en RDC: au moins 35 civils tu\u00e9s dans plusieurs attaques au Nord-Kivu"}]},{"@type":"WebSite","@id":"https:\/\/www.justiceinfo.net\/fr#website","url":"https:\/\/www.justiceinfo.net\/fr","name":"JusticeInfo.net","description":"La justice doit \u00eatre vue pour \u00eatre rendue","publisher":{"@id":"https:\/\/www.justiceinfo.net\/fr#organization"},"potentialAction":[{"@type":"SearchAction","target":{"@type":"EntryPoint","urlTemplate":"https:\/\/www.justiceinfo.net\/fr?s={search_term_string}"},"query-input":{"@type":"PropertyValueSpecification","valueRequired":true,"valueName":"search_term_string"}}],"inLanguage":"fr-FR"},{"@type":"Organization","@id":"https:\/\/www.justiceinfo.net\/fr#organization","name":"Justice Info","url":"https:\/\/www.justiceinfo.net\/fr","logo":{"@type":"ImageObject","inLanguage":"fr-FR","@id":"https:\/\/www.justiceinfo.net\/fr#\/schema\/logo\/image\/","url":"https:\/\/www.justiceinfo.net\/wp-content\/uploads\/justiceinfo_logo-trans_1200x1200px.png","contentUrl":"https:\/\/www.justiceinfo.net\/wp-content\/uploads\/justiceinfo_logo-trans_1200x1200px.png","width":1199,"height":1200,"caption":"Justice Info"},"image":{"@id":"https:\/\/www.justiceinfo.net\/fr#\/schema\/logo\/image\/"},"sameAs":["https:\/\/www.facebook.com\/JusticeInfo\/","https:\/\/x.com\/justiceinfonet","https:\/\/www.linkedin.com\/company\/justice-info","https:\/\/www.youtube.com\/channel\/UCyCEsARodyuWtkWyhn-e7pA"]},{"@type":"Person","name":"AFP","url":"\/fr\/?s=AFP"}]}},"_links":{"self":[{"href":"https:\/\/www.justiceinfo.net\/fr\/wp-json\/wp\/v2\/posts\/31395","targetHints":{"allow":["GET"]}}],"collection":[{"href":"https:\/\/www.justiceinfo.net\/fr\/wp-json\/wp\/v2\/posts"}],"about":[{"href":"https:\/\/www.justiceinfo.net\/fr\/wp-json\/wp\/v2\/types\/post"}],"author":[{"embeddable":true,"href":"https:\/\/www.justiceinfo.net\/fr\/wp-json\/wp\/v2\/users\/60"}],"replies":[{"embeddable":true,"href":"https:\/\/www.justiceinfo.net\/fr\/wp-json\/wp\/v2\/comments?post=31395"}],"version-history":[{"count":0,"href":"https:\/\/www.justiceinfo.net\/fr\/wp-json\/wp\/v2\/posts\/31395\/revisions"}],"wp:attachment":[{"href":"https:\/\/www.justiceinfo.net\/fr\/wp-json\/wp\/v2\/media?parent=31395"}],"wp:term":[{"taxonomy":"category","embeddable":true,"href":"https:\/\/www.justiceinfo.net\/fr\/wp-json\/wp\/v2\/categories?post=31395"},{"taxonomy":"post_tag","embeddable":true,"href":"https:\/\/www.justiceinfo.net\/fr\/wp-json\/wp\/v2\/tags?post=31395"},{"taxonomy":"ji_location","embeddable":true,"href":"https:\/\/www.justiceinfo.net\/fr\/wp-json\/wp\/v2\/ji_location?post=31395"}],"curies":[{"name":"wp","href":"https:\/\/api.w.org\/{rel}","templated":true}]}}