{"id":31416,"date":"2016-12-27T18:27:55","date_gmt":"2016-12-27T17:27:55","guid":{"rendered":"https:\/\/www.justiceinfo.net\/31416-rdc-liberation-de-19-militants-du-mouvement-d-opposition-lucha.html"},"modified":"2016-12-27T18:27:55","modified_gmt":"2016-12-27T17:27:55","slug":"rdc-liberation-de-19-militants-du-mouvement-d-opposition-lucha","status":"publish","type":"post","link":"https:\/\/www.justiceinfo.net\/fr\/31416-rdc-liberation-de-19-militants-du-mouvement-d-opposition-lucha.html","title":{"rendered":"RDC: lib\u00e9ration de 19 militants du mouvement d'opposition Lucha"},"content":{"rendered":"<div class=\"txt-textContent\">\n<div class=\"text fontsize_0 jq_Content jq_langdir\">\n<p>Les autorit\u00e9s congolaises ont lib\u00e9r\u00e9 mardi 19 militants du mouvement pro-d\u00e9mocratie Lucha arr\u00eat\u00e9s lors de manifestations contre le maintien au pouvoir du pr\u00e9sident de la R\u00e9publique d\u00e9mocratique du Congo, Joseph Kabila, au del\u00e0 du terme de son mandat, a-t-on appris de sources concordantes.<\/p>\n<p>\"La Lucha confirme la lib\u00e9ration mardi de 18 camarades arr\u00eat\u00e9s le 21 d\u00e9cembre \u00e0 Goma, lors d'un sit-in devant le gouvernorat\" de la province du Nord-Kivu (est du pays), a d\u00e9clar\u00e9 \u00e0 l'AFP Ghislain Muhiwa, l'un des responsables de ce mouvement.<\/p>\n<p>\"Une autre militante de Lucha, Gloria Senga, enlev\u00e9e le 18 d\u00e9cembre \u00e0 Kinshasa est aussi lib\u00e9r\u00e9e\", a-t-il ajout\u00e9, tout en s'inqui\u00e9tant du sort de \"cinq camarades de Goma et deux camarades de Mbuji-Mayi (centre) qui sont toujours en d\u00e9tention\".<\/p>\n<p>Interrog\u00e9 par l'AFP, le responsable du Bureau conjoint de l'ONU aux droits de l'Homme (BCNDH), Jos\u00e9 Maria Aranaz, a confirm\u00e9 ces lib\u00e9rations, mais a dit rester \"pr\u00e9occup\u00e9 par le sort de 6 \u00e0 7 autres activistes pro-d\u00e9mocratie arr\u00eat\u00e9s de mani\u00e8re arbitraire depuis au moins une semaine\".<\/p>\n<p>Lucha (acronyme de Lutte pour le changement) est un mouvement de jeunesse se d\u00e9finissant comme \"citoyen, non-violent et non-partisan\" qui a lanc\u00e9 la campagne \"Bye-Bye Kabila\" contre le maintien au pouvoir du pr\u00e9sident Joseph Kabila \u00e0 la fin de son mandat le 20 d\u00e9cembre.<\/p>\n<p>La pr\u00e9sidentielle pr\u00e9vue cette ann\u00e9e a \u00e9t\u00e9 renvoy\u00e9e sine die et le chef de l'Etat entend rester au pouvoir jusqu'\u00e0 l'\u00e9lection d'un successeur.<\/p>\n<p>Le mandat de M. Kabila s'est termin\u00e9 le 20 d\u00e9cembre dans un climat de violences \u00e0 travers le pays.<\/p>\n<p>Selon les autorit\u00e9s congolaises, une vingtaine de personnes ont trouv\u00e9 la mort pendant les violences. L'ONU a, elle, fait \u00e9tat d'au moins de 40 morts, 107 bless\u00e9s et 460 arrestations dans les villes de Kinshasa, Lubumbashi, Boma et Matadi, \"principalement des personnes protestant contre le refus du pr\u00e9sident Joseph Kabila de quitter le pouvoir\".<\/p>\n<\/div>\n<\/div>\n","protected":false},"excerpt":{"rendered":"<p>Les autorit\u00e9s congolaises ont lib\u00e9r\u00e9 mardi 19 militants du mouvement pro-d\u00e9mocratie Lucha arr\u00eat\u00e9s lors de manifestations contre le maintien au pouvoir du pr\u00e9sident de la R\u00e9publique d\u00e9mocratique du Congo, Joseph Kabila, au del\u00e0 du terme de son mandat, a-t-on appris de sources concordantes. \"La Lucha confirme la lib\u00e9ration mardi de 18 camarades arr\u00eat\u00e9s le 21 [&hellip;]<\/p>\n","protected":false},"author":60,"featured_media":0,"comment_status":"open","ping_status":"closed","sticky":false,"template":"","format":"standard","meta":{"_acf_changed":false,"footnotes":""},"categories":[2576],"tags":[],"ji_location":[2196],"class_list":["post-31416","post","type-post","status-publish","format-standard","hentry","category-fil-d-actualite","ji_location-republique-democratique-du-congo"],"acf":[],"yoast_head":"<!-- This site is optimized with the Yoast SEO Premium plugin v25.3.1 (Yoast SEO v25.3.1) - https:\/\/yoast.com\/wordpress\/plugins\/seo\/ -->\n<title>RDC: lib\u00e9ration de 19 militants du mouvement d&#039;opposition Lucha - JusticeInfo.net<\/title>\n<meta name=\"robots\" content=\"index, follow, max-snippet:-1, max-image-preview:large, max-video-preview:-1\" \/>\n<link rel=\"canonical\" href=\"https:\/\/www.justiceinfo.net\/fr\/31416-rdc-liberation-de-19-militants-du-mouvement-d-opposition-lucha.html\" \/>\n<meta property=\"og:locale\" content=\"fr_FR\" \/>\n<meta property=\"og:type\" content=\"article\" \/>\n<meta property=\"og:title\" content=\"RDC: lib\u00e9ration de 19 militants du mouvement d&#039;opposition Lucha\" \/>\n<meta property=\"og:description\" content=\"Les autorit\u00e9s congolaises ont lib\u00e9r\u00e9 mardi 19 militants du mouvement pro-d\u00e9mocratie Lucha arr\u00eat\u00e9s lors de manifestations contre le maintien au pouvoir du pr\u00e9sident de la R\u00e9publique d\u00e9mocratique du Congo, Joseph Kabila, au del\u00e0 du terme de son mandat, a-t-on appris de sources concordantes. &quot;La Lucha confirme la lib\u00e9ration mardi de 18 camarades arr\u00eat\u00e9s le 21 [&hellip;]\" \/>\n<meta property=\"og:url\" content=\"https:\/\/www.justiceinfo.net\/fr\/31416-rdc-liberation-de-19-militants-du-mouvement-d-opposition-lucha.html\" \/>\n<meta property=\"og:site_name\" content=\"JusticeInfo.net\" \/>\n<meta property=\"article:publisher\" content=\"https:\/\/www.facebook.com\/JusticeInfo\/\" \/>\n<meta property=\"article:published_time\" content=\"2016-12-27T17:27:55+00:00\" \/>\n<meta property=\"og:image\" content=\"https:\/\/www.justiceinfo.net\/wp-content\/uploads\/JusticeInfoNet_logo_1200x630px.jpg\" \/>\n\t<meta property=\"og:image:width\" content=\"1200\" \/>\n\t<meta property=\"og:image:height\" content=\"630\" \/>\n\t<meta property=\"og:image:type\" content=\"image\/jpeg\" \/>\n<meta name=\"author\" content=\"AFP\" \/>\n<meta name=\"twitter:card\" content=\"summary_large_image\" \/>\n<meta name=\"twitter:creator\" content=\"@justiceinfonet\" \/>\n<meta name=\"twitter:site\" content=\"@justiceinfonet\" \/>\n<meta name=\"twitter:label1\" content=\"\u00c9crit par\" \/>\n\t<meta name=\"twitter:data1\" content=\"AFP\" \/>\n\t<meta name=\"twitter:label2\" content=\"Dur\u00e9e de lecture estim\u00e9e\" \/>\n\t<meta name=\"twitter:data2\" content=\"2 minutes\" \/>\n<script type=\"application\/ld+json\" class=\"yoast-schema-graph\">{\"@context\":\"https:\/\/schema.org\",\"@graph\":[{\"@type\":\"NewsArticle\",\"@id\":\"https:\/\/www.justiceinfo.net\/fr\/31416-rdc-liberation-de-19-militants-du-mouvement-d-opposition-lucha.html#article\",\"isPartOf\":{\"@id\":\"https:\/\/www.justiceinfo.net\/fr\/31416-rdc-liberation-de-19-militants-du-mouvement-d-opposition-lucha.html\"},\"author\":{\"name\":\"afp\",\"@id\":\"https:\/\/www.justiceinfo.net\/fr#\/schema\/person\/713d340ef5f218fc36ce9b4244364a7f\"},\"headline\":\"RDC: lib\u00e9ration de 19 militants du mouvement d'opposition Lucha\",\"datePublished\":\"2016-12-27T17:27:55+00:00\",\"mainEntityOfPage\":{\"@id\":\"https:\/\/www.justiceinfo.net\/fr\/31416-rdc-liberation-de-19-militants-du-mouvement-d-opposition-lucha.html\"},\"wordCount\":351,\"commentCount\":0,\"publisher\":{\"@id\":\"https:\/\/www.justiceinfo.net\/fr#organization\"},\"articleSection\":[\"Fil d'info AFP\"],\"inLanguage\":\"fr-FR\",\"potentialAction\":[{\"@type\":\"CommentAction\",\"name\":\"Comment\",\"target\":[\"https:\/\/www.justiceinfo.net\/fr\/31416-rdc-liberation-de-19-militants-du-mouvement-d-opposition-lucha.html#respond\"]}]},{\"@type\":\"WebPage\",\"@id\":\"https:\/\/www.justiceinfo.net\/fr\/31416-rdc-liberation-de-19-militants-du-mouvement-d-opposition-lucha.html\",\"url\":\"https:\/\/www.justiceinfo.net\/fr\/31416-rdc-liberation-de-19-militants-du-mouvement-d-opposition-lucha.html\",\"name\":\"RDC: lib\u00e9ration de 19 militants du mouvement d'opposition Lucha - JusticeInfo.net\",\"isPartOf\":{\"@id\":\"https:\/\/www.justiceinfo.net\/fr#website\"},\"datePublished\":\"2016-12-27T17:27:55+00:00\",\"breadcrumb\":{\"@id\":\"https:\/\/www.justiceinfo.net\/fr\/31416-rdc-liberation-de-19-militants-du-mouvement-d-opposition-lucha.html#breadcrumb\"},\"inLanguage\":\"fr-FR\",\"potentialAction\":[{\"@type\":\"ReadAction\",\"target\":[\"https:\/\/www.justiceinfo.net\/fr\/31416-rdc-liberation-de-19-militants-du-mouvement-d-opposition-lucha.html\"]}]},{\"@type\":\"BreadcrumbList\",\"@id\":\"https:\/\/www.justiceinfo.net\/fr\/31416-rdc-liberation-de-19-militants-du-mouvement-d-opposition-lucha.html#breadcrumb\",\"itemListElement\":[{\"@type\":\"ListItem\",\"position\":1,\"name\":\"Home\",\"item\":\"https:\/\/www.justiceinfo.net\/fr\"},{\"@type\":\"ListItem\",\"position\":2,\"name\":\"RDC: lib\u00e9ration de 19 militants du mouvement d'opposition Lucha\"}]},{\"@type\":\"WebSite\",\"@id\":\"https:\/\/www.justiceinfo.net\/fr#website\",\"url\":\"https:\/\/www.justiceinfo.net\/fr\",\"name\":\"JusticeInfo.net\",\"description\":\"La justice doit \u00eatre vue pour \u00eatre rendue\",\"publisher\":{\"@id\":\"https:\/\/www.justiceinfo.net\/fr#organization\"},\"potentialAction\":[{\"@type\":\"SearchAction\",\"target\":{\"@type\":\"EntryPoint\",\"urlTemplate\":\"https:\/\/www.justiceinfo.net\/fr?s={search_term_string}\"},\"query-input\":{\"@type\":\"PropertyValueSpecification\",\"valueRequired\":true,\"valueName\":\"search_term_string\"}}],\"inLanguage\":\"fr-FR\"},{\"@type\":\"Organization\",\"@id\":\"https:\/\/www.justiceinfo.net\/fr#organization\",\"name\":\"Justice Info\",\"url\":\"https:\/\/www.justiceinfo.net\/fr\",\"logo\":{\"@type\":\"ImageObject\",\"inLanguage\":\"fr-FR\",\"@id\":\"https:\/\/www.justiceinfo.net\/fr#\/schema\/logo\/image\/\",\"url\":\"https:\/\/www.justiceinfo.net\/wp-content\/uploads\/justiceinfo_logo-trans_1200x1200px.png\",\"contentUrl\":\"https:\/\/www.justiceinfo.net\/wp-content\/uploads\/justiceinfo_logo-trans_1200x1200px.png\",\"width\":1199,\"height\":1200,\"caption\":\"Justice Info\"},\"image\":{\"@id\":\"https:\/\/www.justiceinfo.net\/fr#\/schema\/logo\/image\/\"},\"sameAs\":[\"https:\/\/www.facebook.com\/JusticeInfo\/\",\"https:\/\/x.com\/justiceinfonet\",\"https:\/\/www.linkedin.com\/company\/justice-info\",\"https:\/\/www.youtube.com\/channel\/UCyCEsARodyuWtkWyhn-e7pA\"]},{\"@type\":\"Person\",\"name\":\"AFP\",\"url\":\"\/fr\/?s=AFP\"}]}<\/script>\n<!-- \/ Yoast SEO Premium plugin. -->","yoast_head_json":{"title":"RDC: lib\u00e9ration de 19 militants du mouvement d'opposition Lucha - JusticeInfo.net","robots":{"index":"index","follow":"follow","max-snippet":"max-snippet:-1","max-image-preview":"max-image-preview:large","max-video-preview":"max-video-preview:-1"},"canonical":"https:\/\/www.justiceinfo.net\/fr\/31416-rdc-liberation-de-19-militants-du-mouvement-d-opposition-lucha.html","og_locale":"fr_FR","og_type":"article","og_title":"RDC: lib\u00e9ration de 19 militants du mouvement d'opposition Lucha","og_description":"Les autorit\u00e9s congolaises ont lib\u00e9r\u00e9 mardi 19 militants du mouvement pro-d\u00e9mocratie Lucha arr\u00eat\u00e9s lors de manifestations contre le maintien au pouvoir du pr\u00e9sident de la R\u00e9publique d\u00e9mocratique du Congo, Joseph Kabila, au del\u00e0 du terme de son mandat, a-t-on appris de sources concordantes. \"La Lucha confirme la lib\u00e9ration mardi de 18 camarades arr\u00eat\u00e9s le 21 [&hellip;]","og_url":"https:\/\/www.justiceinfo.net\/fr\/31416-rdc-liberation-de-19-militants-du-mouvement-d-opposition-lucha.html","og_site_name":"JusticeInfo.net","article_publisher":"https:\/\/www.facebook.com\/JusticeInfo\/","article_published_time":"2016-12-27T17:27:55+00:00","og_image":[{"width":1200,"height":630,"url":"https:\/\/www.justiceinfo.net\/wp-content\/uploads\/JusticeInfoNet_logo_1200x630px.jpg","type":"image\/jpeg"}],"author":"AFP","twitter_card":"summary_large_image","twitter_creator":"@justiceinfonet","twitter_site":"@justiceinfonet","twitter_misc":{"\u00c9crit par":"AFP","Dur\u00e9e de lecture estim\u00e9e":"2 minutes"},"schema":{"@context":"https:\/\/schema.org","@graph":[{"@type":"NewsArticle","@id":"https:\/\/www.justiceinfo.net\/fr\/31416-rdc-liberation-de-19-militants-du-mouvement-d-opposition-lucha.html#article","isPartOf":{"@id":"https:\/\/www.justiceinfo.net\/fr\/31416-rdc-liberation-de-19-militants-du-mouvement-d-opposition-lucha.html"},"author":{"name":"afp","@id":"https:\/\/www.justiceinfo.net\/fr#\/schema\/person\/713d340ef5f218fc36ce9b4244364a7f"},"headline":"RDC: lib\u00e9ration de 19 militants du mouvement d'opposition Lucha","datePublished":"2016-12-27T17:27:55+00:00","mainEntityOfPage":{"@id":"https:\/\/www.justiceinfo.net\/fr\/31416-rdc-liberation-de-19-militants-du-mouvement-d-opposition-lucha.html"},"wordCount":351,"commentCount":0,"publisher":{"@id":"https:\/\/www.justiceinfo.net\/fr#organization"},"articleSection":["Fil d'info AFP"],"inLanguage":"fr-FR","potentialAction":[{"@type":"CommentAction","name":"Comment","target":["https:\/\/www.justiceinfo.net\/fr\/31416-rdc-liberation-de-19-militants-du-mouvement-d-opposition-lucha.html#respond"]}]},{"@type":"WebPage","@id":"https:\/\/www.justiceinfo.net\/fr\/31416-rdc-liberation-de-19-militants-du-mouvement-d-opposition-lucha.html","url":"https:\/\/www.justiceinfo.net\/fr\/31416-rdc-liberation-de-19-militants-du-mouvement-d-opposition-lucha.html","name":"RDC: lib\u00e9ration de 19 militants du mouvement d'opposition Lucha - JusticeInfo.net","isPartOf":{"@id":"https:\/\/www.justiceinfo.net\/fr#website"},"datePublished":"2016-12-27T17:27:55+00:00","breadcrumb":{"@id":"https:\/\/www.justiceinfo.net\/fr\/31416-rdc-liberation-de-19-militants-du-mouvement-d-opposition-lucha.html#breadcrumb"},"inLanguage":"fr-FR","potentialAction":[{"@type":"ReadAction","target":["https:\/\/www.justiceinfo.net\/fr\/31416-rdc-liberation-de-19-militants-du-mouvement-d-opposition-lucha.html"]}]},{"@type":"BreadcrumbList","@id":"https:\/\/www.justiceinfo.net\/fr\/31416-rdc-liberation-de-19-militants-du-mouvement-d-opposition-lucha.html#breadcrumb","itemListElement":[{"@type":"ListItem","position":1,"name":"Home","item":"https:\/\/www.justiceinfo.net\/fr"},{"@type":"ListItem","position":2,"name":"RDC: lib\u00e9ration de 19 militants du mouvement d'opposition Lucha"}]},{"@type":"WebSite","@id":"https:\/\/www.justiceinfo.net\/fr#website","url":"https:\/\/www.justiceinfo.net\/fr","name":"JusticeInfo.net","description":"La justice doit \u00eatre vue pour \u00eatre rendue","publisher":{"@id":"https:\/\/www.justiceinfo.net\/fr#organization"},"potentialAction":[{"@type":"SearchAction","target":{"@type":"EntryPoint","urlTemplate":"https:\/\/www.justiceinfo.net\/fr?s={search_term_string}"},"query-input":{"@type":"PropertyValueSpecification","valueRequired":true,"valueName":"search_term_string"}}],"inLanguage":"fr-FR"},{"@type":"Organization","@id":"https:\/\/www.justiceinfo.net\/fr#organization","name":"Justice Info","url":"https:\/\/www.justiceinfo.net\/fr","logo":{"@type":"ImageObject","inLanguage":"fr-FR","@id":"https:\/\/www.justiceinfo.net\/fr#\/schema\/logo\/image\/","url":"https:\/\/www.justiceinfo.net\/wp-content\/uploads\/justiceinfo_logo-trans_1200x1200px.png","contentUrl":"https:\/\/www.justiceinfo.net\/wp-content\/uploads\/justiceinfo_logo-trans_1200x1200px.png","width":1199,"height":1200,"caption":"Justice Info"},"image":{"@id":"https:\/\/www.justiceinfo.net\/fr#\/schema\/logo\/image\/"},"sameAs":["https:\/\/www.facebook.com\/JusticeInfo\/","https:\/\/x.com\/justiceinfonet","https:\/\/www.linkedin.com\/company\/justice-info","https:\/\/www.youtube.com\/channel\/UCyCEsARodyuWtkWyhn-e7pA"]},{"@type":"Person","name":"AFP","url":"\/fr\/?s=AFP"}]}},"_links":{"self":[{"href":"https:\/\/www.justiceinfo.net\/fr\/wp-json\/wp\/v2\/posts\/31416","targetHints":{"allow":["GET"]}}],"collection":[{"href":"https:\/\/www.justiceinfo.net\/fr\/wp-json\/wp\/v2\/posts"}],"about":[{"href":"https:\/\/www.justiceinfo.net\/fr\/wp-json\/wp\/v2\/types\/post"}],"author":[{"embeddable":true,"href":"https:\/\/www.justiceinfo.net\/fr\/wp-json\/wp\/v2\/users\/60"}],"replies":[{"embeddable":true,"href":"https:\/\/www.justiceinfo.net\/fr\/wp-json\/wp\/v2\/comments?post=31416"}],"version-history":[{"count":0,"href":"https:\/\/www.justiceinfo.net\/fr\/wp-json\/wp\/v2\/posts\/31416\/revisions"}],"wp:attachment":[{"href":"https:\/\/www.justiceinfo.net\/fr\/wp-json\/wp\/v2\/media?parent=31416"}],"wp:term":[{"taxonomy":"category","embeddable":true,"href":"https:\/\/www.justiceinfo.net\/fr\/wp-json\/wp\/v2\/categories?post=31416"},{"taxonomy":"post_tag","embeddable":true,"href":"https:\/\/www.justiceinfo.net\/fr\/wp-json\/wp\/v2\/tags?post=31416"},{"taxonomy":"ji_location","embeddable":true,"href":"https:\/\/www.justiceinfo.net\/fr\/wp-json\/wp\/v2\/ji_location?post=31416"}],"curies":[{"name":"wp","href":"https:\/\/api.w.org\/{rel}","templated":true}]}}