{"id":31422,"date":"2016-12-28T04:54:30","date_gmt":"2016-12-28T03:54:30","guid":{"rendered":"https:\/\/www.justiceinfo.net\/31422-colonies-israel-pourrait-annoncer-de-nouvelles-constructions-malgre-le-vote-a-l-onu.html"},"modified":"2016-12-28T04:54:30","modified_gmt":"2016-12-28T03:54:30","slug":"colonies-israel-pourrait-annoncer-de-nouvelles-constructions-malgre-le-vote-a-l-onu","status":"publish","type":"post","link":"https:\/\/www.justiceinfo.net\/fr\/31422-colonies-israel-pourrait-annoncer-de-nouvelles-constructions-malgre-le-vote-a-l-onu.html","title":{"rendered":"Colonies: Isra\u00ebl pourrait annoncer de nouvelles constructions, malgr\u00e9 le vote \u00e0 l'ONU"},"content":{"rendered":"<div class=\"txt-textContent\">\n<div class=\"text fontsize_0 jq_Content jq_langdir\">\n<p>Un comit\u00e9 de planification isra\u00e9lien doit discuter mercredi de la d\u00e9livrance d'un permis de construire pour 618 logements \u00e0 J\u00e9rusalem-Est, malgr\u00e9 la r\u00e9cente r\u00e9solution de l'ONU lui demandant de cesser la colonisation dans les Territoires palestiniens occup\u00e9s, selon une ONG anticolonisation.<\/p>\n<p>Les discussions porteront sur la d\u00e9livrance d'un permis pour la construction de logements dans les quartiers de Pisgat Zeev (140), Ramat Shlomo (262) et Ramot (216), \u00e0 J\u00e9rusalem-Est, partie palestinienne de la ville sainte occup\u00e9e et annex\u00e9e par Isra\u00ebl, a pr\u00e9cis\u00e9 l'ONG isra\u00e9lienne Ir Amim.<\/p>\n<p>Le maire adjoint de J\u00e9rusalem, Me\u00efr Turgeman, qui pr\u00e9side ce comit\u00e9, a indiqu\u00e9 \u00e0 l'AFP que le vote vendredi \u00e0 l'ONU d'une r\u00e9solution exhortant Isra\u00ebl \u00e0 \"cesser imm\u00e9diatement et compl\u00e8tement toute activit\u00e9 de colonisation en territoire palestinien occup\u00e9, dont J\u00e9rusalem-Est\" ne remettait nullement en question cette r\u00e9union, pr\u00e9vue de longue date.<\/p>\n<p>\"Nous discuterons de mani\u00e8re s\u00e9rieuse de tout ce qu'il y a sur la table\", a assur\u00e9 M. Turgeman.<\/p>\n<p>La r\u00e9solution de l'ONU, la premi\u00e8re \u00e0 condamner la colonisation isra\u00e9lienne depuis 1979 --m\u00eame si elle ne pr\u00e9voit pas de sanctions-- a \u00e9t\u00e9 approuv\u00e9e vendredi par 14 pays des 15 membres du Conseil de s\u00e9curit\u00e9.\u00a0\u00a0<\/p>\n<p>Les Etats-Unis se sont abstenus, permettant l'adoption du texte qui a provoqu\u00e9 la col\u00e8re de l'Etat h\u00e9breu. Le Premier ministre isra\u00e9lien Benjamin Netanyahu a vivement critiqu\u00e9 le pr\u00e9sident am\u00e9ricain Barack Obama, accus\u00e9 d'avoir fait un \"coup anti-isra\u00e9lien honteux\" aux Nations unies.<\/p>\n<p>Washington a de son c\u00f4t\u00e9 annonc\u00e9 que le secr\u00e9taire d'Etat John Kerry pr\u00e9senterait mercredi la vision qu'avait l'administration am\u00e9ricaine sortante du processus de paix isra\u00e9lo-palestinien.<\/p>\n<p>\"Nous ne l'avons pas laiss\u00e9 tomber et nous ne pensons pas que les Isra\u00e9liens et les Palestiniens doivent \u00e9galement (l'abandonner)\", a d\u00e9clar\u00e9 mardi soir le porte-parole de la diplomatie am\u00e9ricaine, Mark Toner.<\/p>\n<p>John Kerry pense que \"c'est de son devoir, dans ses derni\u00e8res semaines et derniers jours en tant que secr\u00e9taire d'Etat, de pr\u00e9senter ce qu'il pense \u00eatre le chemin vers une solution \u00e0 deux Etats\", selon M. Toner.<\/p>\n<p>John Kerry prononcera ce discours au d\u00e9partement d'Etat devant plusieurs invit\u00e9s parmi lesquels des diplomates pr\u00e9sents \u00e0 Washington.<\/p>\n<p>\u00a0<\/p>\n<h2>- Repr\u00e9sailles diplomatiques -\u00a0<\/h2>\n<p>\u00a0<\/p>\n<p>M. Netanyahu a indiqu\u00e9 qu'il ne se conformerait pas \u00e0 la r\u00e9solution, et a annonc\u00e9 mardi qu'il \"r\u00e9duisait\" ses relations avec des pays ayant vot\u00e9 pour.<\/p>\n<p>Isra\u00ebl a d\u00e9j\u00e0 rappel\u00e9 ses ambassadeurs en Nouvelle-Z\u00e9lande et au S\u00e9n\u00e9gal et annul\u00e9 son programme d'aide dans ce pays d'Afrique de l'ouest.<\/p>\n<p>Mardi, l'Etat h\u00e9breu a \u00e9galement inform\u00e9 l'Angola du gel de son programme d'aide.<\/p>\n<p>Des repr\u00e9sentants de 10 des 14 pays membres du Conseil de s\u00e9curit\u00e9 ayant vot\u00e9 pour le texte, ainsi que l'ambassadeur des Etats-Unis, ont \u00e9t\u00e9 convoqu\u00e9s dimanche au minist\u00e8re isra\u00e9lien des Affaires \u00e9trang\u00e8res. Au moins deux d\u00e9placements ont par ailleurs \u00e9t\u00e9 annul\u00e9s ou report\u00e9s, dont celui pr\u00e9vu cette semaine en Isra\u00ebl\u00a0du Premier ministre ukrainien.<\/p>\n<p>La colonisation isra\u00e9lienne, notamment \u00e0 J\u00e9rusalem, est consid\u00e9r\u00e9e par la communaut\u00e9 internationale comme ill\u00e9gale et comme le principal obstacle \u00e0 la paix, notamment parce que les colonies sont construites sur des terres qui pourraient appartenir \u00e0 l'Etat auxquels les Palestiniens aspirent, mena\u00e7ant ainsi la possibilit\u00e9 d'un r\u00e8glement du conflit sur la base d'une solution \u00e0 deux Etats.<\/p>\n<p>Quelque 430.000 colons isra\u00e9liens vivent actuellement en Cisjordanie occup\u00e9e et ils sont plus de 200.000 \u00e0 J\u00e9rusalem-Est, dont l'annexion n'a jamais \u00e9t\u00e9 reconnue par la communaut\u00e9 internationale.<\/p>\n<p>\u00a0<\/p>\n<h2>- 'Nouveau proc\u00e8s Dreyfus' -<\/h2>\n<p>\u00a0<\/p>\n<p>La conf\u00e9rence internationale sur le Moyen-Orient, qui doit \u00eatre organis\u00e9e par la France le 15 janvier en l'absence des Palestiniens et des Isra\u00e9liens, constitue un autre souci diplomatique pour Isra\u00ebl.<\/p>\n<p>Des responsables isra\u00e9liens craignent que cette conf\u00e9rence ne soit utilis\u00e9e pour prendre des mesures suppl\u00e9mentaires contre l'Etat h\u00e9breu, qui pourraient \u00eatre soumises au Conseil de s\u00e9curit\u00e9 de l'ONU avant la prise de fonctions du pr\u00e9sident am\u00e9ricain \u00e9lu Donald Trump le 20 janvier.<\/p>\n<p>Les Palestiniens soutiennent la tenue de la conf\u00e9rence tandis que les Isra\u00e9liens s'en inqui\u00e8tent. Le ministre de la D\u00e9fense Avigdor Lieberman l'a qualifi\u00e9e lundi de \"nouveau proc\u00e8s Dreyfus\" tout en appelant les Juifs de France \u00e0 s'installer en Isra\u00ebl.<\/p>\n<p>En France, l'affaire Dreyfus --du nom d'un capitaine de l'arm\u00e9e, juif, condamn\u00e9 au bagne pour espionnage en 1894 puis r\u00e9habilit\u00e9 en 1906-- avait profond\u00e9ment divis\u00e9 la soci\u00e9t\u00e9 de l'\u00e9poque et reste aujourd'hui un symbole d'antis\u00e9mitisme.<\/p>\n<p>\"La paix au Proche-Orient ne pourra se construire que dans un esprit de tol\u00e9rance, d\u2019ouverture et de dialogue. C\u2019est dans cette perspective que la France a propos\u00e9 son initiative pour la paix au Proche-Orient et entend poursuivre ses efforts en vue d\u2019organiser la conf\u00e9rence du 15 janvier\", a r\u00e9pondu mardi le Quai d'Orsay.<\/p>\n<\/div>\n<\/div>\n","protected":false},"excerpt":{"rendered":"<p>Un comit\u00e9 de planification isra\u00e9lien doit discuter mercredi de la d\u00e9livrance d'un permis de construire pour 618 logements \u00e0 J\u00e9rusalem-Est, malgr\u00e9 la r\u00e9cente r\u00e9solution de l'ONU lui demandant de cesser la colonisation dans les Territoires palestiniens occup\u00e9s, selon une ONG anticolonisation. Les discussions porteront sur la d\u00e9livrance d'un permis pour la construction de logements dans [&hellip;]<\/p>\n","protected":false},"author":60,"featured_media":0,"comment_status":"open","ping_status":"closed","sticky":false,"template":"","format":"standard","meta":{"_acf_changed":false,"footnotes":""},"categories":[2576],"tags":[],"ji_location":[2402],"class_list":["post-31422","post","type-post","status-publish","format-standard","hentry","category-fil-d-actualite","ji_location-palestine"],"acf":[],"yoast_head":"<!-- This site is optimized with the Yoast SEO Premium plugin v25.3.1 (Yoast SEO v25.3.1) - https:\/\/yoast.com\/wordpress\/plugins\/seo\/ -->\n<title>Colonies: Isra\u00ebl pourrait annoncer de nouvelles constructions, malgr\u00e9 le vote \u00e0 l&#039;ONU - JusticeInfo.net<\/title>\n<meta name=\"robots\" content=\"index, follow, max-snippet:-1, max-image-preview:large, max-video-preview:-1\" \/>\n<link rel=\"canonical\" href=\"https:\/\/www.justiceinfo.net\/fr\/31422-colonies-israel-pourrait-annoncer-de-nouvelles-constructions-malgre-le-vote-a-l-onu.html\" \/>\n<meta property=\"og:locale\" content=\"fr_FR\" \/>\n<meta property=\"og:type\" content=\"article\" \/>\n<meta property=\"og:title\" content=\"Colonies: Isra\u00ebl pourrait annoncer de nouvelles constructions, malgr\u00e9 le vote \u00e0 l&#039;ONU\" \/>\n<meta property=\"og:description\" content=\"Un comit\u00e9 de planification isra\u00e9lien doit discuter mercredi de la d\u00e9livrance d&#039;un permis de construire pour 618 logements \u00e0 J\u00e9rusalem-Est, malgr\u00e9 la r\u00e9cente r\u00e9solution de l&#039;ONU lui demandant de cesser la colonisation dans les Territoires palestiniens occup\u00e9s, selon une ONG anticolonisation. Les discussions porteront sur la d\u00e9livrance d&#039;un permis pour la construction de logements dans [&hellip;]\" \/>\n<meta property=\"og:url\" content=\"https:\/\/www.justiceinfo.net\/fr\/31422-colonies-israel-pourrait-annoncer-de-nouvelles-constructions-malgre-le-vote-a-l-onu.html\" \/>\n<meta property=\"og:site_name\" content=\"JusticeInfo.net\" \/>\n<meta property=\"article:publisher\" content=\"https:\/\/www.facebook.com\/JusticeInfo\/\" \/>\n<meta property=\"article:published_time\" content=\"2016-12-28T03:54:30+00:00\" \/>\n<meta property=\"og:image\" content=\"https:\/\/www.justiceinfo.net\/wp-content\/uploads\/JusticeInfoNet_logo_1200x630px.jpg\" \/>\n\t<meta property=\"og:image:width\" content=\"1200\" \/>\n\t<meta property=\"og:image:height\" content=\"630\" \/>\n\t<meta property=\"og:image:type\" content=\"image\/jpeg\" \/>\n<meta name=\"author\" content=\"AFP\" \/>\n<meta name=\"twitter:card\" content=\"summary_large_image\" \/>\n<meta name=\"twitter:creator\" content=\"@justiceinfonet\" \/>\n<meta name=\"twitter:site\" content=\"@justiceinfonet\" \/>\n<meta name=\"twitter:label1\" content=\"\u00c9crit par\" \/>\n\t<meta name=\"twitter:data1\" content=\"AFP\" \/>\n\t<meta name=\"twitter:label2\" content=\"Dur\u00e9e de lecture estim\u00e9e\" \/>\n\t<meta name=\"twitter:data2\" content=\"4 minutes\" \/>\n<script type=\"application\/ld+json\" class=\"yoast-schema-graph\">{\"@context\":\"https:\/\/schema.org\",\"@graph\":[{\"@type\":\"NewsArticle\",\"@id\":\"https:\/\/www.justiceinfo.net\/fr\/31422-colonies-israel-pourrait-annoncer-de-nouvelles-constructions-malgre-le-vote-a-l-onu.html#article\",\"isPartOf\":{\"@id\":\"https:\/\/www.justiceinfo.net\/fr\/31422-colonies-israel-pourrait-annoncer-de-nouvelles-constructions-malgre-le-vote-a-l-onu.html\"},\"author\":{\"name\":\"afp\",\"@id\":\"https:\/\/www.justiceinfo.net\/fr#\/schema\/person\/713d340ef5f218fc36ce9b4244364a7f\"},\"headline\":\"Colonies: Isra\u00ebl pourrait annoncer de nouvelles constructions, malgr\u00e9 le vote \u00e0 l'ONU\",\"datePublished\":\"2016-12-28T03:54:30+00:00\",\"mainEntityOfPage\":{\"@id\":\"https:\/\/www.justiceinfo.net\/fr\/31422-colonies-israel-pourrait-annoncer-de-nouvelles-constructions-malgre-le-vote-a-l-onu.html\"},\"wordCount\":894,\"commentCount\":0,\"publisher\":{\"@id\":\"https:\/\/www.justiceinfo.net\/fr#organization\"},\"articleSection\":[\"Fil d'info AFP\"],\"inLanguage\":\"fr-FR\",\"potentialAction\":[{\"@type\":\"CommentAction\",\"name\":\"Comment\",\"target\":[\"https:\/\/www.justiceinfo.net\/fr\/31422-colonies-israel-pourrait-annoncer-de-nouvelles-constructions-malgre-le-vote-a-l-onu.html#respond\"]}]},{\"@type\":\"WebPage\",\"@id\":\"https:\/\/www.justiceinfo.net\/fr\/31422-colonies-israel-pourrait-annoncer-de-nouvelles-constructions-malgre-le-vote-a-l-onu.html\",\"url\":\"https:\/\/www.justiceinfo.net\/fr\/31422-colonies-israel-pourrait-annoncer-de-nouvelles-constructions-malgre-le-vote-a-l-onu.html\",\"name\":\"Colonies: Isra\u00ebl pourrait annoncer de nouvelles constructions, malgr\u00e9 le vote \u00e0 l'ONU - JusticeInfo.net\",\"isPartOf\":{\"@id\":\"https:\/\/www.justiceinfo.net\/fr#website\"},\"datePublished\":\"2016-12-28T03:54:30+00:00\",\"breadcrumb\":{\"@id\":\"https:\/\/www.justiceinfo.net\/fr\/31422-colonies-israel-pourrait-annoncer-de-nouvelles-constructions-malgre-le-vote-a-l-onu.html#breadcrumb\"},\"inLanguage\":\"fr-FR\",\"potentialAction\":[{\"@type\":\"ReadAction\",\"target\":[\"https:\/\/www.justiceinfo.net\/fr\/31422-colonies-israel-pourrait-annoncer-de-nouvelles-constructions-malgre-le-vote-a-l-onu.html\"]}]},{\"@type\":\"BreadcrumbList\",\"@id\":\"https:\/\/www.justiceinfo.net\/fr\/31422-colonies-israel-pourrait-annoncer-de-nouvelles-constructions-malgre-le-vote-a-l-onu.html#breadcrumb\",\"itemListElement\":[{\"@type\":\"ListItem\",\"position\":1,\"name\":\"Home\",\"item\":\"https:\/\/www.justiceinfo.net\/fr\"},{\"@type\":\"ListItem\",\"position\":2,\"name\":\"Colonies: Isra\u00ebl pourrait annoncer de nouvelles constructions, malgr\u00e9 le vote \u00e0 l'ONU\"}]},{\"@type\":\"WebSite\",\"@id\":\"https:\/\/www.justiceinfo.net\/fr#website\",\"url\":\"https:\/\/www.justiceinfo.net\/fr\",\"name\":\"JusticeInfo.net\",\"description\":\"La justice doit \u00eatre vue pour \u00eatre rendue\",\"publisher\":{\"@id\":\"https:\/\/www.justiceinfo.net\/fr#organization\"},\"potentialAction\":[{\"@type\":\"SearchAction\",\"target\":{\"@type\":\"EntryPoint\",\"urlTemplate\":\"https:\/\/www.justiceinfo.net\/fr?s={search_term_string}\"},\"query-input\":{\"@type\":\"PropertyValueSpecification\",\"valueRequired\":true,\"valueName\":\"search_term_string\"}}],\"inLanguage\":\"fr-FR\"},{\"@type\":\"Organization\",\"@id\":\"https:\/\/www.justiceinfo.net\/fr#organization\",\"name\":\"Justice Info\",\"url\":\"https:\/\/www.justiceinfo.net\/fr\",\"logo\":{\"@type\":\"ImageObject\",\"inLanguage\":\"fr-FR\",\"@id\":\"https:\/\/www.justiceinfo.net\/fr#\/schema\/logo\/image\/\",\"url\":\"https:\/\/www.justiceinfo.net\/wp-content\/uploads\/justiceinfo_logo-trans_1200x1200px.png\",\"contentUrl\":\"https:\/\/www.justiceinfo.net\/wp-content\/uploads\/justiceinfo_logo-trans_1200x1200px.png\",\"width\":1199,\"height\":1200,\"caption\":\"Justice Info\"},\"image\":{\"@id\":\"https:\/\/www.justiceinfo.net\/fr#\/schema\/logo\/image\/\"},\"sameAs\":[\"https:\/\/www.facebook.com\/JusticeInfo\/\",\"https:\/\/x.com\/justiceinfonet\",\"https:\/\/www.linkedin.com\/company\/justice-info\",\"https:\/\/www.youtube.com\/channel\/UCyCEsARodyuWtkWyhn-e7pA\"]},{\"@type\":\"Person\",\"name\":\"AFP\",\"url\":\"\/fr\/?s=AFP\"}]}<\/script>\n<!-- \/ Yoast SEO Premium plugin. -->","yoast_head_json":{"title":"Colonies: Isra\u00ebl pourrait annoncer de nouvelles constructions, malgr\u00e9 le vote \u00e0 l'ONU - JusticeInfo.net","robots":{"index":"index","follow":"follow","max-snippet":"max-snippet:-1","max-image-preview":"max-image-preview:large","max-video-preview":"max-video-preview:-1"},"canonical":"https:\/\/www.justiceinfo.net\/fr\/31422-colonies-israel-pourrait-annoncer-de-nouvelles-constructions-malgre-le-vote-a-l-onu.html","og_locale":"fr_FR","og_type":"article","og_title":"Colonies: Isra\u00ebl pourrait annoncer de nouvelles constructions, malgr\u00e9 le vote \u00e0 l'ONU","og_description":"Un comit\u00e9 de planification isra\u00e9lien doit discuter mercredi de la d\u00e9livrance d'un permis de construire pour 618 logements \u00e0 J\u00e9rusalem-Est, malgr\u00e9 la r\u00e9cente r\u00e9solution de l'ONU lui demandant de cesser la colonisation dans les Territoires palestiniens occup\u00e9s, selon une ONG anticolonisation. Les discussions porteront sur la d\u00e9livrance d'un permis pour la construction de logements dans [&hellip;]","og_url":"https:\/\/www.justiceinfo.net\/fr\/31422-colonies-israel-pourrait-annoncer-de-nouvelles-constructions-malgre-le-vote-a-l-onu.html","og_site_name":"JusticeInfo.net","article_publisher":"https:\/\/www.facebook.com\/JusticeInfo\/","article_published_time":"2016-12-28T03:54:30+00:00","og_image":[{"width":1200,"height":630,"url":"https:\/\/www.justiceinfo.net\/wp-content\/uploads\/JusticeInfoNet_logo_1200x630px.jpg","type":"image\/jpeg"}],"author":"AFP","twitter_card":"summary_large_image","twitter_creator":"@justiceinfonet","twitter_site":"@justiceinfonet","twitter_misc":{"\u00c9crit par":"AFP","Dur\u00e9e de lecture estim\u00e9e":"4 minutes"},"schema":{"@context":"https:\/\/schema.org","@graph":[{"@type":"NewsArticle","@id":"https:\/\/www.justiceinfo.net\/fr\/31422-colonies-israel-pourrait-annoncer-de-nouvelles-constructions-malgre-le-vote-a-l-onu.html#article","isPartOf":{"@id":"https:\/\/www.justiceinfo.net\/fr\/31422-colonies-israel-pourrait-annoncer-de-nouvelles-constructions-malgre-le-vote-a-l-onu.html"},"author":{"name":"afp","@id":"https:\/\/www.justiceinfo.net\/fr#\/schema\/person\/713d340ef5f218fc36ce9b4244364a7f"},"headline":"Colonies: Isra\u00ebl pourrait annoncer de nouvelles constructions, malgr\u00e9 le vote \u00e0 l'ONU","datePublished":"2016-12-28T03:54:30+00:00","mainEntityOfPage":{"@id":"https:\/\/www.justiceinfo.net\/fr\/31422-colonies-israel-pourrait-annoncer-de-nouvelles-constructions-malgre-le-vote-a-l-onu.html"},"wordCount":894,"commentCount":0,"publisher":{"@id":"https:\/\/www.justiceinfo.net\/fr#organization"},"articleSection":["Fil d'info AFP"],"inLanguage":"fr-FR","potentialAction":[{"@type":"CommentAction","name":"Comment","target":["https:\/\/www.justiceinfo.net\/fr\/31422-colonies-israel-pourrait-annoncer-de-nouvelles-constructions-malgre-le-vote-a-l-onu.html#respond"]}]},{"@type":"WebPage","@id":"https:\/\/www.justiceinfo.net\/fr\/31422-colonies-israel-pourrait-annoncer-de-nouvelles-constructions-malgre-le-vote-a-l-onu.html","url":"https:\/\/www.justiceinfo.net\/fr\/31422-colonies-israel-pourrait-annoncer-de-nouvelles-constructions-malgre-le-vote-a-l-onu.html","name":"Colonies: Isra\u00ebl pourrait annoncer de nouvelles constructions, malgr\u00e9 le vote \u00e0 l'ONU - JusticeInfo.net","isPartOf":{"@id":"https:\/\/www.justiceinfo.net\/fr#website"},"datePublished":"2016-12-28T03:54:30+00:00","breadcrumb":{"@id":"https:\/\/www.justiceinfo.net\/fr\/31422-colonies-israel-pourrait-annoncer-de-nouvelles-constructions-malgre-le-vote-a-l-onu.html#breadcrumb"},"inLanguage":"fr-FR","potentialAction":[{"@type":"ReadAction","target":["https:\/\/www.justiceinfo.net\/fr\/31422-colonies-israel-pourrait-annoncer-de-nouvelles-constructions-malgre-le-vote-a-l-onu.html"]}]},{"@type":"BreadcrumbList","@id":"https:\/\/www.justiceinfo.net\/fr\/31422-colonies-israel-pourrait-annoncer-de-nouvelles-constructions-malgre-le-vote-a-l-onu.html#breadcrumb","itemListElement":[{"@type":"ListItem","position":1,"name":"Home","item":"https:\/\/www.justiceinfo.net\/fr"},{"@type":"ListItem","position":2,"name":"Colonies: Isra\u00ebl pourrait annoncer de nouvelles constructions, malgr\u00e9 le vote \u00e0 l'ONU"}]},{"@type":"WebSite","@id":"https:\/\/www.justiceinfo.net\/fr#website","url":"https:\/\/www.justiceinfo.net\/fr","name":"JusticeInfo.net","description":"La justice doit \u00eatre vue pour \u00eatre rendue","publisher":{"@id":"https:\/\/www.justiceinfo.net\/fr#organization"},"potentialAction":[{"@type":"SearchAction","target":{"@type":"EntryPoint","urlTemplate":"https:\/\/www.justiceinfo.net\/fr?s={search_term_string}"},"query-input":{"@type":"PropertyValueSpecification","valueRequired":true,"valueName":"search_term_string"}}],"inLanguage":"fr-FR"},{"@type":"Organization","@id":"https:\/\/www.justiceinfo.net\/fr#organization","name":"Justice Info","url":"https:\/\/www.justiceinfo.net\/fr","logo":{"@type":"ImageObject","inLanguage":"fr-FR","@id":"https:\/\/www.justiceinfo.net\/fr#\/schema\/logo\/image\/","url":"https:\/\/www.justiceinfo.net\/wp-content\/uploads\/justiceinfo_logo-trans_1200x1200px.png","contentUrl":"https:\/\/www.justiceinfo.net\/wp-content\/uploads\/justiceinfo_logo-trans_1200x1200px.png","width":1199,"height":1200,"caption":"Justice Info"},"image":{"@id":"https:\/\/www.justiceinfo.net\/fr#\/schema\/logo\/image\/"},"sameAs":["https:\/\/www.facebook.com\/JusticeInfo\/","https:\/\/x.com\/justiceinfonet","https:\/\/www.linkedin.com\/company\/justice-info","https:\/\/www.youtube.com\/channel\/UCyCEsARodyuWtkWyhn-e7pA"]},{"@type":"Person","name":"AFP","url":"\/fr\/?s=AFP"}]}},"_links":{"self":[{"href":"https:\/\/www.justiceinfo.net\/fr\/wp-json\/wp\/v2\/posts\/31422","targetHints":{"allow":["GET"]}}],"collection":[{"href":"https:\/\/www.justiceinfo.net\/fr\/wp-json\/wp\/v2\/posts"}],"about":[{"href":"https:\/\/www.justiceinfo.net\/fr\/wp-json\/wp\/v2\/types\/post"}],"author":[{"embeddable":true,"href":"https:\/\/www.justiceinfo.net\/fr\/wp-json\/wp\/v2\/users\/60"}],"replies":[{"embeddable":true,"href":"https:\/\/www.justiceinfo.net\/fr\/wp-json\/wp\/v2\/comments?post=31422"}],"version-history":[{"count":0,"href":"https:\/\/www.justiceinfo.net\/fr\/wp-json\/wp\/v2\/posts\/31422\/revisions"}],"wp:attachment":[{"href":"https:\/\/www.justiceinfo.net\/fr\/wp-json\/wp\/v2\/media?parent=31422"}],"wp:term":[{"taxonomy":"category","embeddable":true,"href":"https:\/\/www.justiceinfo.net\/fr\/wp-json\/wp\/v2\/categories?post=31422"},{"taxonomy":"post_tag","embeddable":true,"href":"https:\/\/www.justiceinfo.net\/fr\/wp-json\/wp\/v2\/tags?post=31422"},{"taxonomy":"ji_location","embeddable":true,"href":"https:\/\/www.justiceinfo.net\/fr\/wp-json\/wp\/v2\/ji_location?post=31422"}],"curies":[{"name":"wp","href":"https:\/\/api.w.org\/{rel}","templated":true}]}}