{"id":31466,"date":"2016-12-30T06:37:52","date_gmt":"2016-12-30T05:37:52","guid":{"rendered":"https:\/\/www.justiceinfo.net\/31466-le-senegal-prend-note-des-represailles-d-israel-apres-son-vote-a-l-onu.html"},"modified":"2016-12-30T06:37:52","modified_gmt":"2016-12-30T05:37:52","slug":"le-senegal-prend-note-des-represailles-d-israel-apres-son-vote-a-l-onu","status":"publish","type":"post","link":"https:\/\/www.justiceinfo.net\/fr\/31466-le-senegal-prend-note-des-represailles-d-israel-apres-son-vote-a-l-onu.html","title":{"rendered":"Le S\u00e9n\u00e9gal \"prend note\" des repr\u00e9sailles d'Isra\u00ebl apr\u00e8s son vote \u00e0 l'ONU"},"content":{"rendered":"<div class=\"txt-textContent\">\n<div class=\"text fontsize_0 jq_Content jq_langdir\">\n<p>Le S\u00e9n\u00e9gal a re\u00e7u cette semaine d'Isra\u00ebl \"la notification officielle\" des mesures d\u00e9cid\u00e9es apr\u00e8s son vote \u00e0 l'ONU d'une r\u00e9solution contre les colonies isra\u00e9liennes et en \"prend acte\", a annonc\u00e9 le gouvernement dans un communiqu\u00e9 re\u00e7u jeudi par l'AFP.<\/p>\n<p>Cette r\u00e9solution vot\u00e9e le 23 d\u00e9cembre par le Conseil de s\u00e9curit\u00e9 de l'ONU, exhorte Isra\u00ebl \u00e0 \"cesser imm\u00e9diatement et compl\u00e8tement toute activit\u00e9 de colonisation en territoire palestinien occup\u00e9, dont J\u00e9rusalem-Est\" et affirme que les colonies \"n'ont pas de valeur juridique\".<\/p>\n<p>L'adoption du texte a \u00e9t\u00e9 permise par l'abstention des Etats-Unis - qui n'ont pas mis leur veto - et le vote favorable de 14 autres membres. Le S\u00e9n\u00e9gal, qui a r\u00e9tabli ses relations diplomatiques avec Isra\u00ebl en 1995, est actuellement l'un des dix membres non permanents du Conseil de s\u00e9curit\u00e9.<\/p>\n<p>La r\u00e9solution, initialement propos\u00e9e par l'Egypte, devait \u00eatre vot\u00e9e le 22 d\u00e9cembre. Elle a finalement \u00e9t\u00e9 pr\u00e9sent\u00e9e au vote le lendemain \u00e0 l'initiative de la Nouvelle-Z\u00e9lande, du S\u00e9n\u00e9gal, de la Malaisie et du Venezuela, apr\u00e8s un revirement de l'Egypte.<\/p>\n<p>Quelques heures apr\u00e8s son adoption, le Premier ministre isra\u00e9lien, Benjamin Netanyahu, avait ordonn\u00e9 \"une s\u00e9rie de mesures diplomatiques\" contre la Nouvelle-Z\u00e9lande et le S\u00e9n\u00e9gal. Isra\u00ebl n'entretient pas de relations diplomatiques avec la Malaisie et le Venezuela.<\/p>\n<p>\"Suite au vote du S\u00e9n\u00e9gal en faveur de la r\u00e9solution\" de l'ONU, Dakar \"a\u00a0re\u00e7u,\u00a0le mardi 27 d\u00e9cembre\u00a02016,\u00a0la notification officielle des mesures\" prises par le gouvernement isra\u00e9lien le concernant, \u00e9crit le minist\u00e8re s\u00e9n\u00e9galais des Affaires \u00e9trang\u00e8res dans un communiqu\u00e9.<\/p>\n<p>Par ces mesures, indique-t-il, Isra\u00ebl \"rappelle en consultation son ambassadeur au S\u00e9n\u00e9gal\", il \"annule la visite pr\u00e9vue en Isra\u00ebl\u00a0du ministre (s\u00e9n\u00e9galais) des Affaires \u00e9trang\u00e8res\".<\/p>\n<p>En outre, poursuit-il, il \"annule\u00a0la pr\u00e9sentation des lettres de cr\u00e9ance de l'ambassadeur du S\u00e9n\u00e9gal en Isra\u00ebl\u00a0avec r\u00e9sidence au Caire\" et \"annule ses programmes de coop\u00e9ration avec le S\u00e9n\u00e9gal\".\u00a0<\/p>\n<p>Jusqu'\u00e0 jeudi soir, aucune estimation chiffr\u00e9e n'avait pu \u00eatre obtenue par l'AFP sur cette coop\u00e9ration, et aucune source \u00e0 l'ambassade isra\u00e9lienne \u00e0 Dakar ne souhaitait s'exprimer.<\/p>\n<p>Le gouvernement s\u00e9n\u00e9galais \"prend acte de ces mesures\" d'Isra\u00ebl, ajoute le minist\u00e8re des Affaires \u00e9trang\u00e8res.<\/p>\n<p>Il \"tient \u00e0 rappeler que le S\u00e9n\u00e9gal, \u00e9galement pr\u00e9sident en exercice du Comit\u00e9 pour l'exercice des droits inali\u00e9nables du Peuple palestinien (un organe de l'ONU, NDLR) depuis sa cr\u00e9ation en 1975,\u00a0a\u00a0constamment soutenu, conform\u00e9ment aux\u00a0r\u00e9solutions\u00a0pertinentes des Nations unies, la\u00a0recherche d'une solution juste et \u00e9quitable du conflit isra\u00e9lo-palestinien, qui consacre l'existence de deux Etats, \u00e0 l'int\u00e9rieur de fronti\u00e8res s\u00fbres et internationalement reconnues\".<\/p>\n<p>Dans un entretien publi\u00e9 mercredi par le journal priv\u00e9 s\u00e9n\u00e9galais Le Quotidien, le porte-parole du minist\u00e8re isra\u00e9lien des Affaires \u00e9trang\u00e8res, Emmanuel Nahshon,\u00a0a d\u00e9fendu la d\u00e9cision de son pays face \u00e0 \"un vote anti-Isra\u00ebl\".<\/p>\n<p>\"Il nous fallait trouver un moyen de signifier (...) de mani\u00e8re tr\u00e8s claire notre col\u00e8re et notre d\u00e9saccord\", a-t-il d\u00e9clar\u00e9.<\/p>\n<p>\"Les mesures prises sont temporaires et d\u00e9pendent de la situation telle qu'elle \u00e9voluera\", la d\u00e9cision d'Isra\u00ebl \"peut \u00eatre reconsid\u00e9r\u00e9e si (...) le S\u00e9n\u00e9gal reconsid\u00e8re aussi ses positions\", a-t-il dit.<\/p>\n<p>\"Pour l'instant, l'ambassade continue son travail sans l'ambassadeur\", Paul Hirschson, \"le travail continue et nous esp\u00e9rons que cette situation sera r\u00e9gl\u00e9e tr\u00e8s rapidement\", a poursuivi le porte-parole.<\/p>\n<p>Le vote du S\u00e9n\u00e9gal a cependant \u00e9t\u00e9 salu\u00e9 dans plusieurs milieux au plan national, y compris parmi les plus critiques envers le r\u00e9gime du pr\u00e9sident Macky Sall.<\/p>\n<p>L'\u00e9crivain s\u00e9n\u00e9galais Fadel Dia a m\u00eame qualifi\u00e9 de \"bonne nouvelle\" la d\u00e9cision d'Isra\u00ebl concernant le S\u00e9n\u00e9gal dans une tribune publi\u00e9e mardi.<\/p>\n<p>La \"tactique\" d'Isra\u00ebl \"a toujours \u00e9t\u00e9 de frapper les faibles et d'exiger la soumission de tous \u00e0 sa volont\u00e9. (...) Qu'avons-nous \u00e0 perdre en cas de retrait de son aide, bien trop conditionnelle et relativement modeste ? Tr\u00e8s peu, et en tout cas pas l'honneur\", a estim\u00e9 M. Dia.<\/p>\n<\/div>\n<\/div>\n","protected":false},"excerpt":{"rendered":"<p>Le S\u00e9n\u00e9gal a re\u00e7u cette semaine d'Isra\u00ebl \"la notification officielle\" des mesures d\u00e9cid\u00e9es apr\u00e8s son vote \u00e0 l'ONU d'une r\u00e9solution contre les colonies isra\u00e9liennes et en \"prend acte\", a annonc\u00e9 le gouvernement dans un communiqu\u00e9 re\u00e7u jeudi par l'AFP. Cette r\u00e9solution vot\u00e9e le 23 d\u00e9cembre par le Conseil de s\u00e9curit\u00e9 de l'ONU, exhorte Isra\u00ebl \u00e0 [&hellip;]<\/p>\n","protected":false},"author":60,"featured_media":0,"comment_status":"open","ping_status":"closed","sticky":false,"template":"","format":"standard","meta":{"_acf_changed":false,"footnotes":""},"categories":[2576],"tags":[],"ji_location":[2402],"class_list":["post-31466","post","type-post","status-publish","format-standard","hentry","category-fil-d-actualite","ji_location-palestine"],"acf":[],"yoast_head":"<!-- This site is optimized with the Yoast SEO Premium plugin v25.3.1 (Yoast SEO v25.3.1) - https:\/\/yoast.com\/wordpress\/plugins\/seo\/ -->\n<title>Le S\u00e9n\u00e9gal &quot;prend note&quot; des repr\u00e9sailles d&#039;Isra\u00ebl apr\u00e8s son vote \u00e0 l&#039;ONU - JusticeInfo.net<\/title>\n<meta name=\"robots\" content=\"index, follow, max-snippet:-1, max-image-preview:large, max-video-preview:-1\" \/>\n<link rel=\"canonical\" href=\"https:\/\/www.justiceinfo.net\/fr\/31466-le-senegal-prend-note-des-represailles-d-israel-apres-son-vote-a-l-onu.html\" \/>\n<meta property=\"og:locale\" content=\"fr_FR\" \/>\n<meta property=\"og:type\" content=\"article\" \/>\n<meta property=\"og:title\" content=\"Le S\u00e9n\u00e9gal &quot;prend note&quot; des repr\u00e9sailles d&#039;Isra\u00ebl apr\u00e8s son vote \u00e0 l&#039;ONU\" \/>\n<meta property=\"og:description\" content=\"Le S\u00e9n\u00e9gal a re\u00e7u cette semaine d&#039;Isra\u00ebl &quot;la notification officielle&quot; des mesures d\u00e9cid\u00e9es apr\u00e8s son vote \u00e0 l&#039;ONU d&#039;une r\u00e9solution contre les colonies isra\u00e9liennes et en &quot;prend acte&quot;, a annonc\u00e9 le gouvernement dans un communiqu\u00e9 re\u00e7u jeudi par l&#039;AFP. Cette r\u00e9solution vot\u00e9e le 23 d\u00e9cembre par le Conseil de s\u00e9curit\u00e9 de l&#039;ONU, exhorte Isra\u00ebl \u00e0 [&hellip;]\" \/>\n<meta property=\"og:url\" content=\"https:\/\/www.justiceinfo.net\/fr\/31466-le-senegal-prend-note-des-represailles-d-israel-apres-son-vote-a-l-onu.html\" \/>\n<meta property=\"og:site_name\" content=\"JusticeInfo.net\" \/>\n<meta property=\"article:publisher\" content=\"https:\/\/www.facebook.com\/JusticeInfo\/\" \/>\n<meta property=\"article:published_time\" content=\"2016-12-30T05:37:52+00:00\" \/>\n<meta property=\"og:image\" content=\"https:\/\/www.justiceinfo.net\/wp-content\/uploads\/JusticeInfoNet_logo_1200x630px.jpg\" \/>\n\t<meta property=\"og:image:width\" content=\"1200\" \/>\n\t<meta property=\"og:image:height\" content=\"630\" \/>\n\t<meta property=\"og:image:type\" content=\"image\/jpeg\" \/>\n<meta name=\"author\" content=\"AFP\" \/>\n<meta name=\"twitter:card\" content=\"summary_large_image\" \/>\n<meta name=\"twitter:creator\" content=\"@justiceinfonet\" \/>\n<meta name=\"twitter:site\" content=\"@justiceinfonet\" \/>\n<meta name=\"twitter:label1\" content=\"\u00c9crit par\" \/>\n\t<meta name=\"twitter:data1\" content=\"AFP\" \/>\n\t<meta name=\"twitter:label2\" content=\"Dur\u00e9e de lecture estim\u00e9e\" \/>\n\t<meta name=\"twitter:data2\" content=\"4 minutes\" \/>\n<script type=\"application\/ld+json\" class=\"yoast-schema-graph\">{\"@context\":\"https:\/\/schema.org\",\"@graph\":[{\"@type\":\"NewsArticle\",\"@id\":\"https:\/\/www.justiceinfo.net\/fr\/31466-le-senegal-prend-note-des-represailles-d-israel-apres-son-vote-a-l-onu.html#article\",\"isPartOf\":{\"@id\":\"https:\/\/www.justiceinfo.net\/fr\/31466-le-senegal-prend-note-des-represailles-d-israel-apres-son-vote-a-l-onu.html\"},\"author\":{\"name\":\"afp\",\"@id\":\"https:\/\/www.justiceinfo.net\/fr#\/schema\/person\/713d340ef5f218fc36ce9b4244364a7f\"},\"headline\":\"Le S\u00e9n\u00e9gal \\\"prend note\\\" des repr\u00e9sailles d'Isra\u00ebl apr\u00e8s son vote \u00e0 l'ONU\",\"datePublished\":\"2016-12-30T05:37:52+00:00\",\"mainEntityOfPage\":{\"@id\":\"https:\/\/www.justiceinfo.net\/fr\/31466-le-senegal-prend-note-des-represailles-d-israel-apres-son-vote-a-l-onu.html\"},\"wordCount\":773,\"commentCount\":0,\"publisher\":{\"@id\":\"https:\/\/www.justiceinfo.net\/fr#organization\"},\"articleSection\":[\"Fil d'info AFP\"],\"inLanguage\":\"fr-FR\",\"potentialAction\":[{\"@type\":\"CommentAction\",\"name\":\"Comment\",\"target\":[\"https:\/\/www.justiceinfo.net\/fr\/31466-le-senegal-prend-note-des-represailles-d-israel-apres-son-vote-a-l-onu.html#respond\"]}]},{\"@type\":\"WebPage\",\"@id\":\"https:\/\/www.justiceinfo.net\/fr\/31466-le-senegal-prend-note-des-represailles-d-israel-apres-son-vote-a-l-onu.html\",\"url\":\"https:\/\/www.justiceinfo.net\/fr\/31466-le-senegal-prend-note-des-represailles-d-israel-apres-son-vote-a-l-onu.html\",\"name\":\"Le S\u00e9n\u00e9gal \\\"prend note\\\" des repr\u00e9sailles d'Isra\u00ebl apr\u00e8s son vote \u00e0 l'ONU - JusticeInfo.net\",\"isPartOf\":{\"@id\":\"https:\/\/www.justiceinfo.net\/fr#website\"},\"datePublished\":\"2016-12-30T05:37:52+00:00\",\"breadcrumb\":{\"@id\":\"https:\/\/www.justiceinfo.net\/fr\/31466-le-senegal-prend-note-des-represailles-d-israel-apres-son-vote-a-l-onu.html#breadcrumb\"},\"inLanguage\":\"fr-FR\",\"potentialAction\":[{\"@type\":\"ReadAction\",\"target\":[\"https:\/\/www.justiceinfo.net\/fr\/31466-le-senegal-prend-note-des-represailles-d-israel-apres-son-vote-a-l-onu.html\"]}]},{\"@type\":\"BreadcrumbList\",\"@id\":\"https:\/\/www.justiceinfo.net\/fr\/31466-le-senegal-prend-note-des-represailles-d-israel-apres-son-vote-a-l-onu.html#breadcrumb\",\"itemListElement\":[{\"@type\":\"ListItem\",\"position\":1,\"name\":\"Home\",\"item\":\"https:\/\/www.justiceinfo.net\/fr\"},{\"@type\":\"ListItem\",\"position\":2,\"name\":\"Le S\u00e9n\u00e9gal \\\"prend note\\\" des repr\u00e9sailles d'Isra\u00ebl apr\u00e8s son vote \u00e0 l'ONU\"}]},{\"@type\":\"WebSite\",\"@id\":\"https:\/\/www.justiceinfo.net\/fr#website\",\"url\":\"https:\/\/www.justiceinfo.net\/fr\",\"name\":\"JusticeInfo.net\",\"description\":\"La justice doit \u00eatre vue pour \u00eatre rendue\",\"publisher\":{\"@id\":\"https:\/\/www.justiceinfo.net\/fr#organization\"},\"potentialAction\":[{\"@type\":\"SearchAction\",\"target\":{\"@type\":\"EntryPoint\",\"urlTemplate\":\"https:\/\/www.justiceinfo.net\/fr?s={search_term_string}\"},\"query-input\":{\"@type\":\"PropertyValueSpecification\",\"valueRequired\":true,\"valueName\":\"search_term_string\"}}],\"inLanguage\":\"fr-FR\"},{\"@type\":\"Organization\",\"@id\":\"https:\/\/www.justiceinfo.net\/fr#organization\",\"name\":\"Justice Info\",\"url\":\"https:\/\/www.justiceinfo.net\/fr\",\"logo\":{\"@type\":\"ImageObject\",\"inLanguage\":\"fr-FR\",\"@id\":\"https:\/\/www.justiceinfo.net\/fr#\/schema\/logo\/image\/\",\"url\":\"https:\/\/www.justiceinfo.net\/wp-content\/uploads\/justiceinfo_logo-trans_1200x1200px.png\",\"contentUrl\":\"https:\/\/www.justiceinfo.net\/wp-content\/uploads\/justiceinfo_logo-trans_1200x1200px.png\",\"width\":1199,\"height\":1200,\"caption\":\"Justice Info\"},\"image\":{\"@id\":\"https:\/\/www.justiceinfo.net\/fr#\/schema\/logo\/image\/\"},\"sameAs\":[\"https:\/\/www.facebook.com\/JusticeInfo\/\",\"https:\/\/x.com\/justiceinfonet\",\"https:\/\/www.linkedin.com\/company\/justice-info\",\"https:\/\/www.youtube.com\/channel\/UCyCEsARodyuWtkWyhn-e7pA\"]},{\"@type\":\"Person\",\"name\":\"AFP\",\"url\":\"\/fr\/?s=AFP\"}]}<\/script>\n<!-- \/ Yoast SEO Premium plugin. -->","yoast_head_json":{"title":"Le S\u00e9n\u00e9gal \"prend note\" des repr\u00e9sailles d'Isra\u00ebl apr\u00e8s son vote \u00e0 l'ONU - JusticeInfo.net","robots":{"index":"index","follow":"follow","max-snippet":"max-snippet:-1","max-image-preview":"max-image-preview:large","max-video-preview":"max-video-preview:-1"},"canonical":"https:\/\/www.justiceinfo.net\/fr\/31466-le-senegal-prend-note-des-represailles-d-israel-apres-son-vote-a-l-onu.html","og_locale":"fr_FR","og_type":"article","og_title":"Le S\u00e9n\u00e9gal \"prend note\" des repr\u00e9sailles d'Isra\u00ebl apr\u00e8s son vote \u00e0 l'ONU","og_description":"Le S\u00e9n\u00e9gal a re\u00e7u cette semaine d'Isra\u00ebl \"la notification officielle\" des mesures d\u00e9cid\u00e9es apr\u00e8s son vote \u00e0 l'ONU d'une r\u00e9solution contre les colonies isra\u00e9liennes et en \"prend acte\", a annonc\u00e9 le gouvernement dans un communiqu\u00e9 re\u00e7u jeudi par l'AFP. Cette r\u00e9solution vot\u00e9e le 23 d\u00e9cembre par le Conseil de s\u00e9curit\u00e9 de l'ONU, exhorte Isra\u00ebl \u00e0 [&hellip;]","og_url":"https:\/\/www.justiceinfo.net\/fr\/31466-le-senegal-prend-note-des-represailles-d-israel-apres-son-vote-a-l-onu.html","og_site_name":"JusticeInfo.net","article_publisher":"https:\/\/www.facebook.com\/JusticeInfo\/","article_published_time":"2016-12-30T05:37:52+00:00","og_image":[{"width":1200,"height":630,"url":"https:\/\/www.justiceinfo.net\/wp-content\/uploads\/JusticeInfoNet_logo_1200x630px.jpg","type":"image\/jpeg"}],"author":"AFP","twitter_card":"summary_large_image","twitter_creator":"@justiceinfonet","twitter_site":"@justiceinfonet","twitter_misc":{"\u00c9crit par":"AFP","Dur\u00e9e de lecture estim\u00e9e":"4 minutes"},"schema":{"@context":"https:\/\/schema.org","@graph":[{"@type":"NewsArticle","@id":"https:\/\/www.justiceinfo.net\/fr\/31466-le-senegal-prend-note-des-represailles-d-israel-apres-son-vote-a-l-onu.html#article","isPartOf":{"@id":"https:\/\/www.justiceinfo.net\/fr\/31466-le-senegal-prend-note-des-represailles-d-israel-apres-son-vote-a-l-onu.html"},"author":{"name":"afp","@id":"https:\/\/www.justiceinfo.net\/fr#\/schema\/person\/713d340ef5f218fc36ce9b4244364a7f"},"headline":"Le S\u00e9n\u00e9gal \"prend note\" des repr\u00e9sailles d'Isra\u00ebl apr\u00e8s son vote \u00e0 l'ONU","datePublished":"2016-12-30T05:37:52+00:00","mainEntityOfPage":{"@id":"https:\/\/www.justiceinfo.net\/fr\/31466-le-senegal-prend-note-des-represailles-d-israel-apres-son-vote-a-l-onu.html"},"wordCount":773,"commentCount":0,"publisher":{"@id":"https:\/\/www.justiceinfo.net\/fr#organization"},"articleSection":["Fil d'info AFP"],"inLanguage":"fr-FR","potentialAction":[{"@type":"CommentAction","name":"Comment","target":["https:\/\/www.justiceinfo.net\/fr\/31466-le-senegal-prend-note-des-represailles-d-israel-apres-son-vote-a-l-onu.html#respond"]}]},{"@type":"WebPage","@id":"https:\/\/www.justiceinfo.net\/fr\/31466-le-senegal-prend-note-des-represailles-d-israel-apres-son-vote-a-l-onu.html","url":"https:\/\/www.justiceinfo.net\/fr\/31466-le-senegal-prend-note-des-represailles-d-israel-apres-son-vote-a-l-onu.html","name":"Le S\u00e9n\u00e9gal \"prend note\" des repr\u00e9sailles d'Isra\u00ebl apr\u00e8s son vote \u00e0 l'ONU - JusticeInfo.net","isPartOf":{"@id":"https:\/\/www.justiceinfo.net\/fr#website"},"datePublished":"2016-12-30T05:37:52+00:00","breadcrumb":{"@id":"https:\/\/www.justiceinfo.net\/fr\/31466-le-senegal-prend-note-des-represailles-d-israel-apres-son-vote-a-l-onu.html#breadcrumb"},"inLanguage":"fr-FR","potentialAction":[{"@type":"ReadAction","target":["https:\/\/www.justiceinfo.net\/fr\/31466-le-senegal-prend-note-des-represailles-d-israel-apres-son-vote-a-l-onu.html"]}]},{"@type":"BreadcrumbList","@id":"https:\/\/www.justiceinfo.net\/fr\/31466-le-senegal-prend-note-des-represailles-d-israel-apres-son-vote-a-l-onu.html#breadcrumb","itemListElement":[{"@type":"ListItem","position":1,"name":"Home","item":"https:\/\/www.justiceinfo.net\/fr"},{"@type":"ListItem","position":2,"name":"Le S\u00e9n\u00e9gal \"prend note\" des repr\u00e9sailles d'Isra\u00ebl apr\u00e8s son vote \u00e0 l'ONU"}]},{"@type":"WebSite","@id":"https:\/\/www.justiceinfo.net\/fr#website","url":"https:\/\/www.justiceinfo.net\/fr","name":"JusticeInfo.net","description":"La justice doit \u00eatre vue pour \u00eatre rendue","publisher":{"@id":"https:\/\/www.justiceinfo.net\/fr#organization"},"potentialAction":[{"@type":"SearchAction","target":{"@type":"EntryPoint","urlTemplate":"https:\/\/www.justiceinfo.net\/fr?s={search_term_string}"},"query-input":{"@type":"PropertyValueSpecification","valueRequired":true,"valueName":"search_term_string"}}],"inLanguage":"fr-FR"},{"@type":"Organization","@id":"https:\/\/www.justiceinfo.net\/fr#organization","name":"Justice Info","url":"https:\/\/www.justiceinfo.net\/fr","logo":{"@type":"ImageObject","inLanguage":"fr-FR","@id":"https:\/\/www.justiceinfo.net\/fr#\/schema\/logo\/image\/","url":"https:\/\/www.justiceinfo.net\/wp-content\/uploads\/justiceinfo_logo-trans_1200x1200px.png","contentUrl":"https:\/\/www.justiceinfo.net\/wp-content\/uploads\/justiceinfo_logo-trans_1200x1200px.png","width":1199,"height":1200,"caption":"Justice Info"},"image":{"@id":"https:\/\/www.justiceinfo.net\/fr#\/schema\/logo\/image\/"},"sameAs":["https:\/\/www.facebook.com\/JusticeInfo\/","https:\/\/x.com\/justiceinfonet","https:\/\/www.linkedin.com\/company\/justice-info","https:\/\/www.youtube.com\/channel\/UCyCEsARodyuWtkWyhn-e7pA"]},{"@type":"Person","name":"AFP","url":"\/fr\/?s=AFP"}]}},"_links":{"self":[{"href":"https:\/\/www.justiceinfo.net\/fr\/wp-json\/wp\/v2\/posts\/31466","targetHints":{"allow":["GET"]}}],"collection":[{"href":"https:\/\/www.justiceinfo.net\/fr\/wp-json\/wp\/v2\/posts"}],"about":[{"href":"https:\/\/www.justiceinfo.net\/fr\/wp-json\/wp\/v2\/types\/post"}],"author":[{"embeddable":true,"href":"https:\/\/www.justiceinfo.net\/fr\/wp-json\/wp\/v2\/users\/60"}],"replies":[{"embeddable":true,"href":"https:\/\/www.justiceinfo.net\/fr\/wp-json\/wp\/v2\/comments?post=31466"}],"version-history":[{"count":0,"href":"https:\/\/www.justiceinfo.net\/fr\/wp-json\/wp\/v2\/posts\/31466\/revisions"}],"wp:attachment":[{"href":"https:\/\/www.justiceinfo.net\/fr\/wp-json\/wp\/v2\/media?parent=31466"}],"wp:term":[{"taxonomy":"category","embeddable":true,"href":"https:\/\/www.justiceinfo.net\/fr\/wp-json\/wp\/v2\/categories?post=31466"},{"taxonomy":"post_tag","embeddable":true,"href":"https:\/\/www.justiceinfo.net\/fr\/wp-json\/wp\/v2\/tags?post=31466"},{"taxonomy":"ji_location","embeddable":true,"href":"https:\/\/www.justiceinfo.net\/fr\/wp-json\/wp\/v2\/ji_location?post=31466"}],"curies":[{"name":"wp","href":"https:\/\/api.w.org\/{rel}","templated":true}]}}