{"id":31479,"date":"2016-12-30T16:09:30","date_gmt":"2016-12-30T15:09:30","guid":{"rendered":"https:\/\/www.justiceinfo.net\/31479-burundi-le-president-nkurunziza-annonce-qu-il-pourrait-se-representer-en-2020.html"},"modified":"2016-12-30T16:09:30","modified_gmt":"2016-12-30T15:09:30","slug":"burundi-le-president-nkurunziza-annonce-qu-il-pourrait-se-representer-en-2020","status":"publish","type":"post","link":"https:\/\/www.justiceinfo.net\/fr\/31479-burundi-le-president-nkurunziza-annonce-qu-il-pourrait-se-representer-en-2020.html","title":{"rendered":"Burundi: le pr\u00e9sident Nkurunziza annonce qu'il pourrait se repr\u00e9senter en 2020"},"content":{"rendered":"<div class=\"txt-textContent\">\n<div class=\"text fontsize_0 jq_Content jq_langdir\">\n<p>Le pr\u00e9sident burundais Pierre Nkurunziza a annonc\u00e9 vendredi qu'il pourrait \u00e0 nouveau se repr\u00e9senter en 2020, \"si le peuple le demande\", laissant craindre que la crise n\u00e9e de sa r\u00e9\u00e9lection en 2015 \u00e0 un troisi\u00e8me mandat controvers\u00e9 ne se prolonge durablement.<\/p>\n<p>\"Comme nous sommes dans un pays r\u00e9gi par la loi et si le peuple dit qu'elle autorise quelqu\u2019un \u00e0 se repr\u00e9senter (\u00e0 la magistrature supr\u00eame) sans violer la loi, si le peuple le demande, nous ne trahirons pas la confiance du pays, la confiance du peuple\", a d\u00e9clar\u00e9 M. Nkurunziza, lors d'une s\u00e9ance de questions publiques \u00e0 Rutana, dans le sud-est du Burundi.<\/p>\n<p>\"Le peuple peut d\u00e9cider chaque fois qu\u2019il le d\u00e9sire (de r\u00e9former) la Constitution\", a-t-il ajout\u00e9, sugg\u00e9rant ainsi qu'il \u00e9tait pr\u00eat \u00e0 r\u00e9viser l'actuelle Constitution, dont l'article 96 pr\u00e9voit que le chef de l\u2019\u00c9tat \"est \u00e9lu au suffrage universel direct pour un mandat de cinq ans renouvelable une fois\".<\/p>\n<p>Des divergences sur l'interpr\u00e9tation de cet article sont \u00e0 l'origine de la crise actuelle. M. Nkurunziza avait \u00e9t\u00e9 \u00e9lu une premi\u00e8re fois par le Parlement en 2005, dans le cadre d'un m\u00e9canisme de sortie de guerre civile (1993-2006) pr\u00e9vu par l'accord d'Arusha (2000), puis une deuxi\u00e8me fois au suffrage universel en 2010.<\/p>\n<p>Il consid\u00e8re donc que son premier mandat ne compte pas, ce qui l'a autoris\u00e9 \u00e0 se repr\u00e9senter fin avril 2015 \u00e0 un troisi\u00e8me mandat, avant d'\u00eatre r\u00e9\u00e9lu en juillet de la m\u00eame ann\u00e9e.<\/p>\n<p>L'opposition, la soci\u00e9t\u00e9 civile et une partie de son camp ont au contraire jug\u00e9 ce troisi\u00e8me mandat contraire \u00e0 la Constitution et \u00e0 l'Accord d'Arusha, pr\u00e9cipitant le pays dans une grave crise qui perdure.<\/p>\n<p>Depuis avril 2015, les violences ont fait plus de 500 morts et pouss\u00e9 plus de 300.000 personnes \u00e0 quitter le pays.<\/p>\n<p>M. Nkurunziza a reconnu avoir promis \u00e0 l'occasion de sa r\u00e9\u00e9lection de ne pas se repr\u00e9senter en 2020. Mais cette d\u00e9cision avait \u00e9t\u00e9 prise \"en fonction de la conjoncture du moment\", a-t-il argu\u00e9.<\/p>\n<p>Pour l\u00e9gitimer sa r\u00e9vision de la Constitution, il entend se baser sur un rapport r\u00e9cent du Conseil national du dialogue interne (CNDI), qui a affirm\u00e9 qu'une majorit\u00e9 des participants \u00e0 ce dialogue souhaitaient mettre un terme \u00e0 la limite de deux mandats pr\u00e9sidentiels.<\/p>\n<p>Apr\u00e8s la publication de ce rapport, le Conseil des ministres avait d\u00e9cid\u00e9 de cr\u00e9er une commission charg\u00e9e de pr\u00e9parer une r\u00e9vision de la Constitution, conform\u00e9ment aux conclusions du CNDI.<\/p>\n<p>Ce dialogue national exclut cependant une large partie de l'opposition int\u00e9rieure et en exil, avec laquelle le gouvernement burundais refuse de discuter, malgr\u00e9 les pressions de la Communaut\u00e9 internationale.<\/p>\n<p>La r\u00e9vision constitutionnelle envisag\u00e9e par M. Nkurunziza pourrait aussi mettre fin aux dispositions issues de l'accord d'Arusha, qui pr\u00e9voient des quotas ethniques entre Hutu (85% de la population) et Tutsi (14%) pour les corps de d\u00e9fense et de s\u00e9curit\u00e9 (arm\u00e9e, police et services secrets), les postes \u00e9lectifs et la haute fonction publique.<\/p>\n<p>L'opposition et la soci\u00e9t\u00e9 civile burundaise, en exil, craignent une r\u00e9vision \"en profondeur\" de la Constitution, qui la ferait sortir du cadre de l'accord d'Arusha, lequel constitue selon elle le socle d\u00e9mocratique du Burundi.<\/p>\n<p>Vendredi, le pr\u00e9sident Nkurunziza a, par ailleurs, menac\u00e9 de retirer en janvier les troupes burundaises d\u00e9ploy\u00e9es en Somalie dans le cadre de la force de l'Union africaine sur place (Amisom), si la dispute entourant le paiement de leur salaire n'\u00e9tait pas r\u00e9gl\u00e9e.<\/p>\n<p>\"Sachez que nous les Burundais, ne sommes pas all\u00e9s en Somalie pour gagner de l\u2019argent mais pour aider ce pays\", a-t-il d\u00e9clar\u00e9. \"Si cette question des salaires de nos soldats (engag\u00e9s dans l\u2019Amisom) n\u2019est pas r\u00e9gl\u00e9e, nous nous sommes pr\u00e9par\u00e9s pour un retrait de nos troupes de Somalie en janvier.\"<\/p>\n<p>Selon Bujumbura, le contingent burundais - 5.400 hommes sur les plus de 22.000 de l'Amisom - n'est plus pay\u00e9 depuis 11 mois. Les salaires de l'Amisom sont financ\u00e9s par l'Union europ\u00e9enne (UE).<\/p>\n<p>Mais l'UE entend payer ces soldats burundais directement, sans passer par Bujumbura, pour emp\u00eacher leur gouvernement d'utiliser cet argent \u00e0 d'autres fins et l'inciter \u00e0 discuter avec l'opposition en l'asphyxiant encore un peu plus \u00e9conomiquement.<\/p>\n<\/div>\n<\/div>\n","protected":false},"excerpt":{"rendered":"<p>Le pr\u00e9sident burundais Pierre Nkurunziza a annonc\u00e9 vendredi qu'il pourrait \u00e0 nouveau se repr\u00e9senter en 2020, \"si le peuple le demande\", laissant craindre que la crise n\u00e9e de sa r\u00e9\u00e9lection en 2015 \u00e0 un troisi\u00e8me mandat controvers\u00e9 ne se prolonge durablement. \"Comme nous sommes dans un pays r\u00e9gi par la loi et si le peuple [&hellip;]<\/p>\n","protected":false},"author":60,"featured_media":0,"comment_status":"open","ping_status":"closed","sticky":false,"template":"","format":"standard","meta":{"_acf_changed":false,"footnotes":""},"categories":[2576],"tags":[],"ji_location":[2152],"class_list":["post-31479","post","type-post","status-publish","format-standard","hentry","category-fil-d-actualite","ji_location-burundi"],"acf":[],"yoast_head":"<!-- This site is optimized with the Yoast SEO Premium plugin v25.3.1 (Yoast SEO v25.3.1) - https:\/\/yoast.com\/wordpress\/plugins\/seo\/ -->\n<title>Burundi: le pr\u00e9sident Nkurunziza annonce qu&#039;il pourrait se repr\u00e9senter en 2020 - JusticeInfo.net<\/title>\n<meta name=\"robots\" content=\"index, follow, max-snippet:-1, max-image-preview:large, max-video-preview:-1\" \/>\n<link rel=\"canonical\" href=\"https:\/\/www.justiceinfo.net\/fr\/31479-burundi-le-president-nkurunziza-annonce-qu-il-pourrait-se-representer-en-2020.html\" \/>\n<meta property=\"og:locale\" content=\"fr_FR\" \/>\n<meta property=\"og:type\" content=\"article\" \/>\n<meta property=\"og:title\" content=\"Burundi: le pr\u00e9sident Nkurunziza annonce qu&#039;il pourrait se repr\u00e9senter en 2020\" \/>\n<meta property=\"og:description\" content=\"Le pr\u00e9sident burundais Pierre Nkurunziza a annonc\u00e9 vendredi qu&#039;il pourrait \u00e0 nouveau se repr\u00e9senter en 2020, &quot;si le peuple le demande&quot;, laissant craindre que la crise n\u00e9e de sa r\u00e9\u00e9lection en 2015 \u00e0 un troisi\u00e8me mandat controvers\u00e9 ne se prolonge durablement. &quot;Comme nous sommes dans un pays r\u00e9gi par la loi et si le peuple [&hellip;]\" \/>\n<meta property=\"og:url\" content=\"https:\/\/www.justiceinfo.net\/fr\/31479-burundi-le-president-nkurunziza-annonce-qu-il-pourrait-se-representer-en-2020.html\" \/>\n<meta property=\"og:site_name\" content=\"JusticeInfo.net\" \/>\n<meta property=\"article:publisher\" content=\"https:\/\/www.facebook.com\/JusticeInfo\/\" \/>\n<meta property=\"article:published_time\" content=\"2016-12-30T15:09:30+00:00\" \/>\n<meta property=\"og:image\" content=\"https:\/\/www.justiceinfo.net\/wp-content\/uploads\/JusticeInfoNet_logo_1200x630px.jpg\" \/>\n\t<meta property=\"og:image:width\" content=\"1200\" \/>\n\t<meta property=\"og:image:height\" content=\"630\" \/>\n\t<meta property=\"og:image:type\" content=\"image\/jpeg\" \/>\n<meta name=\"author\" content=\"AFP\" \/>\n<meta name=\"twitter:card\" content=\"summary_large_image\" \/>\n<meta name=\"twitter:creator\" content=\"@justiceinfonet\" \/>\n<meta name=\"twitter:site\" content=\"@justiceinfonet\" \/>\n<meta name=\"twitter:label1\" content=\"\u00c9crit par\" \/>\n\t<meta name=\"twitter:data1\" content=\"AFP\" \/>\n\t<meta name=\"twitter:label2\" content=\"Dur\u00e9e de lecture estim\u00e9e\" \/>\n\t<meta name=\"twitter:data2\" content=\"4 minutes\" \/>\n<script type=\"application\/ld+json\" class=\"yoast-schema-graph\">{\"@context\":\"https:\/\/schema.org\",\"@graph\":[{\"@type\":\"NewsArticle\",\"@id\":\"https:\/\/www.justiceinfo.net\/fr\/31479-burundi-le-president-nkurunziza-annonce-qu-il-pourrait-se-representer-en-2020.html#article\",\"isPartOf\":{\"@id\":\"https:\/\/www.justiceinfo.net\/fr\/31479-burundi-le-president-nkurunziza-annonce-qu-il-pourrait-se-representer-en-2020.html\"},\"author\":{\"name\":\"afp\",\"@id\":\"https:\/\/www.justiceinfo.net\/fr#\/schema\/person\/713d340ef5f218fc36ce9b4244364a7f\"},\"headline\":\"Burundi: le pr\u00e9sident Nkurunziza annonce qu'il pourrait se repr\u00e9senter en 2020\",\"datePublished\":\"2016-12-30T15:09:30+00:00\",\"mainEntityOfPage\":{\"@id\":\"https:\/\/www.justiceinfo.net\/fr\/31479-burundi-le-president-nkurunziza-annonce-qu-il-pourrait-se-representer-en-2020.html\"},\"wordCount\":763,\"commentCount\":0,\"publisher\":{\"@id\":\"https:\/\/www.justiceinfo.net\/fr#organization\"},\"articleSection\":[\"Fil d'info AFP\"],\"inLanguage\":\"fr-FR\",\"potentialAction\":[{\"@type\":\"CommentAction\",\"name\":\"Comment\",\"target\":[\"https:\/\/www.justiceinfo.net\/fr\/31479-burundi-le-president-nkurunziza-annonce-qu-il-pourrait-se-representer-en-2020.html#respond\"]}]},{\"@type\":\"WebPage\",\"@id\":\"https:\/\/www.justiceinfo.net\/fr\/31479-burundi-le-president-nkurunziza-annonce-qu-il-pourrait-se-representer-en-2020.html\",\"url\":\"https:\/\/www.justiceinfo.net\/fr\/31479-burundi-le-president-nkurunziza-annonce-qu-il-pourrait-se-representer-en-2020.html\",\"name\":\"Burundi: le pr\u00e9sident Nkurunziza annonce qu'il pourrait se repr\u00e9senter en 2020 - JusticeInfo.net\",\"isPartOf\":{\"@id\":\"https:\/\/www.justiceinfo.net\/fr#website\"},\"datePublished\":\"2016-12-30T15:09:30+00:00\",\"breadcrumb\":{\"@id\":\"https:\/\/www.justiceinfo.net\/fr\/31479-burundi-le-president-nkurunziza-annonce-qu-il-pourrait-se-representer-en-2020.html#breadcrumb\"},\"inLanguage\":\"fr-FR\",\"potentialAction\":[{\"@type\":\"ReadAction\",\"target\":[\"https:\/\/www.justiceinfo.net\/fr\/31479-burundi-le-president-nkurunziza-annonce-qu-il-pourrait-se-representer-en-2020.html\"]}]},{\"@type\":\"BreadcrumbList\",\"@id\":\"https:\/\/www.justiceinfo.net\/fr\/31479-burundi-le-president-nkurunziza-annonce-qu-il-pourrait-se-representer-en-2020.html#breadcrumb\",\"itemListElement\":[{\"@type\":\"ListItem\",\"position\":1,\"name\":\"Home\",\"item\":\"https:\/\/www.justiceinfo.net\/fr\"},{\"@type\":\"ListItem\",\"position\":2,\"name\":\"Burundi: le pr\u00e9sident Nkurunziza annonce qu'il pourrait se repr\u00e9senter en 2020\"}]},{\"@type\":\"WebSite\",\"@id\":\"https:\/\/www.justiceinfo.net\/fr#website\",\"url\":\"https:\/\/www.justiceinfo.net\/fr\",\"name\":\"JusticeInfo.net\",\"description\":\"La justice doit \u00eatre vue pour \u00eatre rendue\",\"publisher\":{\"@id\":\"https:\/\/www.justiceinfo.net\/fr#organization\"},\"potentialAction\":[{\"@type\":\"SearchAction\",\"target\":{\"@type\":\"EntryPoint\",\"urlTemplate\":\"https:\/\/www.justiceinfo.net\/fr?s={search_term_string}\"},\"query-input\":{\"@type\":\"PropertyValueSpecification\",\"valueRequired\":true,\"valueName\":\"search_term_string\"}}],\"inLanguage\":\"fr-FR\"},{\"@type\":\"Organization\",\"@id\":\"https:\/\/www.justiceinfo.net\/fr#organization\",\"name\":\"Justice Info\",\"url\":\"https:\/\/www.justiceinfo.net\/fr\",\"logo\":{\"@type\":\"ImageObject\",\"inLanguage\":\"fr-FR\",\"@id\":\"https:\/\/www.justiceinfo.net\/fr#\/schema\/logo\/image\/\",\"url\":\"https:\/\/www.justiceinfo.net\/wp-content\/uploads\/justiceinfo_logo-trans_1200x1200px.png\",\"contentUrl\":\"https:\/\/www.justiceinfo.net\/wp-content\/uploads\/justiceinfo_logo-trans_1200x1200px.png\",\"width\":1199,\"height\":1200,\"caption\":\"Justice Info\"},\"image\":{\"@id\":\"https:\/\/www.justiceinfo.net\/fr#\/schema\/logo\/image\/\"},\"sameAs\":[\"https:\/\/www.facebook.com\/JusticeInfo\/\",\"https:\/\/x.com\/justiceinfonet\",\"https:\/\/www.linkedin.com\/company\/justice-info\",\"https:\/\/www.youtube.com\/channel\/UCyCEsARodyuWtkWyhn-e7pA\"]},{\"@type\":\"Person\",\"name\":\"AFP\",\"url\":\"\/fr\/?s=AFP\"}]}<\/script>\n<!-- \/ Yoast SEO Premium plugin. -->","yoast_head_json":{"title":"Burundi: le pr\u00e9sident Nkurunziza annonce qu'il pourrait se repr\u00e9senter en 2020 - JusticeInfo.net","robots":{"index":"index","follow":"follow","max-snippet":"max-snippet:-1","max-image-preview":"max-image-preview:large","max-video-preview":"max-video-preview:-1"},"canonical":"https:\/\/www.justiceinfo.net\/fr\/31479-burundi-le-president-nkurunziza-annonce-qu-il-pourrait-se-representer-en-2020.html","og_locale":"fr_FR","og_type":"article","og_title":"Burundi: le pr\u00e9sident Nkurunziza annonce qu'il pourrait se repr\u00e9senter en 2020","og_description":"Le pr\u00e9sident burundais Pierre Nkurunziza a annonc\u00e9 vendredi qu'il pourrait \u00e0 nouveau se repr\u00e9senter en 2020, \"si le peuple le demande\", laissant craindre que la crise n\u00e9e de sa r\u00e9\u00e9lection en 2015 \u00e0 un troisi\u00e8me mandat controvers\u00e9 ne se prolonge durablement. \"Comme nous sommes dans un pays r\u00e9gi par la loi et si le peuple [&hellip;]","og_url":"https:\/\/www.justiceinfo.net\/fr\/31479-burundi-le-president-nkurunziza-annonce-qu-il-pourrait-se-representer-en-2020.html","og_site_name":"JusticeInfo.net","article_publisher":"https:\/\/www.facebook.com\/JusticeInfo\/","article_published_time":"2016-12-30T15:09:30+00:00","og_image":[{"width":1200,"height":630,"url":"https:\/\/www.justiceinfo.net\/wp-content\/uploads\/JusticeInfoNet_logo_1200x630px.jpg","type":"image\/jpeg"}],"author":"AFP","twitter_card":"summary_large_image","twitter_creator":"@justiceinfonet","twitter_site":"@justiceinfonet","twitter_misc":{"\u00c9crit par":"AFP","Dur\u00e9e de lecture estim\u00e9e":"4 minutes"},"schema":{"@context":"https:\/\/schema.org","@graph":[{"@type":"NewsArticle","@id":"https:\/\/www.justiceinfo.net\/fr\/31479-burundi-le-president-nkurunziza-annonce-qu-il-pourrait-se-representer-en-2020.html#article","isPartOf":{"@id":"https:\/\/www.justiceinfo.net\/fr\/31479-burundi-le-president-nkurunziza-annonce-qu-il-pourrait-se-representer-en-2020.html"},"author":{"name":"afp","@id":"https:\/\/www.justiceinfo.net\/fr#\/schema\/person\/713d340ef5f218fc36ce9b4244364a7f"},"headline":"Burundi: le pr\u00e9sident Nkurunziza annonce qu'il pourrait se repr\u00e9senter en 2020","datePublished":"2016-12-30T15:09:30+00:00","mainEntityOfPage":{"@id":"https:\/\/www.justiceinfo.net\/fr\/31479-burundi-le-president-nkurunziza-annonce-qu-il-pourrait-se-representer-en-2020.html"},"wordCount":763,"commentCount":0,"publisher":{"@id":"https:\/\/www.justiceinfo.net\/fr#organization"},"articleSection":["Fil d'info AFP"],"inLanguage":"fr-FR","potentialAction":[{"@type":"CommentAction","name":"Comment","target":["https:\/\/www.justiceinfo.net\/fr\/31479-burundi-le-president-nkurunziza-annonce-qu-il-pourrait-se-representer-en-2020.html#respond"]}]},{"@type":"WebPage","@id":"https:\/\/www.justiceinfo.net\/fr\/31479-burundi-le-president-nkurunziza-annonce-qu-il-pourrait-se-representer-en-2020.html","url":"https:\/\/www.justiceinfo.net\/fr\/31479-burundi-le-president-nkurunziza-annonce-qu-il-pourrait-se-representer-en-2020.html","name":"Burundi: le pr\u00e9sident Nkurunziza annonce qu'il pourrait se repr\u00e9senter en 2020 - JusticeInfo.net","isPartOf":{"@id":"https:\/\/www.justiceinfo.net\/fr#website"},"datePublished":"2016-12-30T15:09:30+00:00","breadcrumb":{"@id":"https:\/\/www.justiceinfo.net\/fr\/31479-burundi-le-president-nkurunziza-annonce-qu-il-pourrait-se-representer-en-2020.html#breadcrumb"},"inLanguage":"fr-FR","potentialAction":[{"@type":"ReadAction","target":["https:\/\/www.justiceinfo.net\/fr\/31479-burundi-le-president-nkurunziza-annonce-qu-il-pourrait-se-representer-en-2020.html"]}]},{"@type":"BreadcrumbList","@id":"https:\/\/www.justiceinfo.net\/fr\/31479-burundi-le-president-nkurunziza-annonce-qu-il-pourrait-se-representer-en-2020.html#breadcrumb","itemListElement":[{"@type":"ListItem","position":1,"name":"Home","item":"https:\/\/www.justiceinfo.net\/fr"},{"@type":"ListItem","position":2,"name":"Burundi: le pr\u00e9sident Nkurunziza annonce qu'il pourrait se repr\u00e9senter en 2020"}]},{"@type":"WebSite","@id":"https:\/\/www.justiceinfo.net\/fr#website","url":"https:\/\/www.justiceinfo.net\/fr","name":"JusticeInfo.net","description":"La justice doit \u00eatre vue pour \u00eatre rendue","publisher":{"@id":"https:\/\/www.justiceinfo.net\/fr#organization"},"potentialAction":[{"@type":"SearchAction","target":{"@type":"EntryPoint","urlTemplate":"https:\/\/www.justiceinfo.net\/fr?s={search_term_string}"},"query-input":{"@type":"PropertyValueSpecification","valueRequired":true,"valueName":"search_term_string"}}],"inLanguage":"fr-FR"},{"@type":"Organization","@id":"https:\/\/www.justiceinfo.net\/fr#organization","name":"Justice Info","url":"https:\/\/www.justiceinfo.net\/fr","logo":{"@type":"ImageObject","inLanguage":"fr-FR","@id":"https:\/\/www.justiceinfo.net\/fr#\/schema\/logo\/image\/","url":"https:\/\/www.justiceinfo.net\/wp-content\/uploads\/justiceinfo_logo-trans_1200x1200px.png","contentUrl":"https:\/\/www.justiceinfo.net\/wp-content\/uploads\/justiceinfo_logo-trans_1200x1200px.png","width":1199,"height":1200,"caption":"Justice Info"},"image":{"@id":"https:\/\/www.justiceinfo.net\/fr#\/schema\/logo\/image\/"},"sameAs":["https:\/\/www.facebook.com\/JusticeInfo\/","https:\/\/x.com\/justiceinfonet","https:\/\/www.linkedin.com\/company\/justice-info","https:\/\/www.youtube.com\/channel\/UCyCEsARodyuWtkWyhn-e7pA"]},{"@type":"Person","name":"AFP","url":"\/fr\/?s=AFP"}]}},"_links":{"self":[{"href":"https:\/\/www.justiceinfo.net\/fr\/wp-json\/wp\/v2\/posts\/31479","targetHints":{"allow":["GET"]}}],"collection":[{"href":"https:\/\/www.justiceinfo.net\/fr\/wp-json\/wp\/v2\/posts"}],"about":[{"href":"https:\/\/www.justiceinfo.net\/fr\/wp-json\/wp\/v2\/types\/post"}],"author":[{"embeddable":true,"href":"https:\/\/www.justiceinfo.net\/fr\/wp-json\/wp\/v2\/users\/60"}],"replies":[{"embeddable":true,"href":"https:\/\/www.justiceinfo.net\/fr\/wp-json\/wp\/v2\/comments?post=31479"}],"version-history":[{"count":0,"href":"https:\/\/www.justiceinfo.net\/fr\/wp-json\/wp\/v2\/posts\/31479\/revisions"}],"wp:attachment":[{"href":"https:\/\/www.justiceinfo.net\/fr\/wp-json\/wp\/v2\/media?parent=31479"}],"wp:term":[{"taxonomy":"category","embeddable":true,"href":"https:\/\/www.justiceinfo.net\/fr\/wp-json\/wp\/v2\/categories?post=31479"},{"taxonomy":"post_tag","embeddable":true,"href":"https:\/\/www.justiceinfo.net\/fr\/wp-json\/wp\/v2\/tags?post=31479"},{"taxonomy":"ji_location","embeddable":true,"href":"https:\/\/www.justiceinfo.net\/fr\/wp-json\/wp\/v2\/ji_location?post=31479"}],"curies":[{"name":"wp","href":"https:\/\/api.w.org\/{rel}","templated":true}]}}