{"id":31480,"date":"2016-12-30T16:12:20","date_gmt":"2016-12-30T15:12:20","guid":{"rendered":"https:\/\/www.justiceinfo.net\/31480-crise-politique-en-rdc-reprise-des-negociations-sous-l-egide-de-l-eglise-catholique.html"},"modified":"2016-12-30T16:12:20","modified_gmt":"2016-12-30T15:12:20","slug":"crise-politique-en-rdc-reprise-des-negociations-sous-l-egide-de-l-eglise-catholique","status":"publish","type":"post","link":"https:\/\/www.justiceinfo.net\/fr\/31480-crise-politique-en-rdc-reprise-des-negociations-sous-l-egide-de-l-eglise-catholique.html","title":{"rendered":"Crise politique en RDC: reprise des n\u00e9gociations sous l'\u00e9gide de l'Eglise catholique"},"content":{"rendered":"<div class=\"txt-textContent\">\n<div class=\"text fontsize_0 jq_Content jq_langdir\">\n<p>Des d\u00e9l\u00e9gu\u00e9s du pouvoir et de l'opposition ont repris vendredi \u00e0 Kinshasa des n\u00e9gociations men\u00e9es sous l'\u00e9gide de l\u2019\u00c9glise catholique pour sortir la R\u00e9publique d\u00e9mocratique du Congo de la crise provoqu\u00e9e par le maintient au pouvoir du pr\u00e9sident Joseph Kabila, ont constat\u00e9 des journalistes de l'AFP.\u00a0<\/p>\n<p>Les \u00e9changes mettent face \u00e0 face les signataires de l'accord d'octobre pass\u00e9 entre la majorit\u00e9 et une frange minoritaire de l'opposition, autorisant M. Kabila de rester au pouvoir jusqu'\u00e0 l'\u00e9lection d'un successeur d'un c\u00f4t\u00e9, et les d\u00e9tracteurs de cette entente de l'autre.<\/p>\n<p>Les discussions ont repris vendredi apr\u00e8s-midi \u00e0 huis clos dans le cadre d'une commission constitu\u00e9e de huit d\u00e9l\u00e9gu\u00e9s de chaque camp.\u00a0<\/p>\n<p>\"La signature de l'accord est suspendue \u00e0 ce que fait [cette] commission de seize\" d\u00e9l\u00e9gu\u00e9s, a confi\u00e9 \u00e0 l'AFP Mgr Fridolin Ambongo, vice-pr\u00e9sident de la Conf\u00e9rence \u00e9piscopale nationale du Congo\u00a0(Cenco).<\/p>\n<p>Une dizaine de femmes r\u00e9clamant une issue des discussions ont p\u00e9n\u00e9tr\u00e9 au si\u00e8ge de la Cenco brandissant des affiches sur lesquelles on pouvait lire: \"pas d'accord, pas de sortie pour les dialoguistes\".\u00a0<\/p>\n<p>Jeudi, la Cenco avait exprim\u00e9 son intention de mettre un terme \u00e0 ces n\u00e9gociations vendredi. Commenc\u00e9es le 8 d\u00e9cembre \u00e0 l'initiative des \u00e9v\u00eaques, ces discussions ont \u00e9t\u00e9 suspendues la veille de No\u00ebl sans accord malgr\u00e9 une nuit enti\u00e8re de d\u00e9bat.<\/p>\n<p>\u00c2g\u00e9 de 45 ans, M. Kabila est au pouvoir depuis 2001. La Constitution lui interdit de se repr\u00e9senter. Apr\u00e8s le report sine die de la pr\u00e9sidentielle qui aurait d\u00fb avoir lieu cette ann\u00e9e, son second mandat s'est achev\u00e9 le 20 d\u00e9cembre dans un climat de violences meurtri\u00e8res.<\/p>\n<p>\u00c9tat-continent de plus de 70 millions d'habitants, la RDC n'a jamais connu de transition pacifique du pouvoir depuis son ind\u00e9pendance de la Belgique en 1960. Ce pays a \u00e9t\u00e9 ravag\u00e9 entre 1996 et 2003 par deux guerres qui ont fait au moins trois millions de morts et sa partie orientale reste d\u00e9chir\u00e9e par de multiples conflits arm\u00e9s depuis plus de vingt ans.<\/p>\n<\/div>\n<\/div>\n","protected":false},"excerpt":{"rendered":"<p>Des d\u00e9l\u00e9gu\u00e9s du pouvoir et de l'opposition ont repris vendredi \u00e0 Kinshasa des n\u00e9gociations men\u00e9es sous l'\u00e9gide de l\u2019\u00c9glise catholique pour sortir la R\u00e9publique d\u00e9mocratique du Congo de la crise provoqu\u00e9e par le maintient au pouvoir du pr\u00e9sident Joseph Kabila, ont constat\u00e9 des journalistes de l'AFP.\u00a0 Les \u00e9changes mettent face \u00e0 face les signataires de [&hellip;]<\/p>\n","protected":false},"author":60,"featured_media":0,"comment_status":"open","ping_status":"closed","sticky":false,"template":"","format":"standard","meta":{"_acf_changed":false,"footnotes":""},"categories":[2576],"tags":[],"ji_location":[2196],"class_list":["post-31480","post","type-post","status-publish","format-standard","hentry","category-fil-d-actualite","ji_location-republique-democratique-du-congo"],"acf":[],"yoast_head":"<!-- This site is optimized with the Yoast SEO Premium plugin v25.3.1 (Yoast SEO v25.3.1) - https:\/\/yoast.com\/wordpress\/plugins\/seo\/ -->\n<title>Crise politique en RDC: reprise des n\u00e9gociations sous l&#039;\u00e9gide de l&#039;Eglise catholique - JusticeInfo.net<\/title>\n<meta name=\"robots\" content=\"index, follow, max-snippet:-1, max-image-preview:large, max-video-preview:-1\" \/>\n<link rel=\"canonical\" href=\"https:\/\/www.justiceinfo.net\/fr\/31480-crise-politique-en-rdc-reprise-des-negociations-sous-l-egide-de-l-eglise-catholique.html\" \/>\n<meta property=\"og:locale\" content=\"fr_FR\" \/>\n<meta property=\"og:type\" content=\"article\" \/>\n<meta property=\"og:title\" content=\"Crise politique en RDC: reprise des n\u00e9gociations sous l&#039;\u00e9gide de l&#039;Eglise catholique\" \/>\n<meta property=\"og:description\" content=\"Des d\u00e9l\u00e9gu\u00e9s du pouvoir et de l&#039;opposition ont repris vendredi \u00e0 Kinshasa des n\u00e9gociations men\u00e9es sous l&#039;\u00e9gide de l\u2019\u00c9glise catholique pour sortir la R\u00e9publique d\u00e9mocratique du Congo de la crise provoqu\u00e9e par le maintient au pouvoir du pr\u00e9sident Joseph Kabila, ont constat\u00e9 des journalistes de l&#039;AFP.\u00a0 Les \u00e9changes mettent face \u00e0 face les signataires de [&hellip;]\" \/>\n<meta property=\"og:url\" content=\"https:\/\/www.justiceinfo.net\/fr\/31480-crise-politique-en-rdc-reprise-des-negociations-sous-l-egide-de-l-eglise-catholique.html\" \/>\n<meta property=\"og:site_name\" content=\"JusticeInfo.net\" \/>\n<meta property=\"article:publisher\" content=\"https:\/\/www.facebook.com\/JusticeInfo\/\" \/>\n<meta property=\"article:published_time\" content=\"2016-12-30T15:12:20+00:00\" \/>\n<meta property=\"og:image\" content=\"https:\/\/www.justiceinfo.net\/wp-content\/uploads\/JusticeInfoNet_logo_1200x630px.jpg\" \/>\n\t<meta property=\"og:image:width\" content=\"1200\" \/>\n\t<meta property=\"og:image:height\" content=\"630\" \/>\n\t<meta property=\"og:image:type\" content=\"image\/jpeg\" \/>\n<meta name=\"author\" content=\"AFP\" \/>\n<meta name=\"twitter:card\" content=\"summary_large_image\" \/>\n<meta name=\"twitter:creator\" content=\"@justiceinfonet\" \/>\n<meta name=\"twitter:site\" content=\"@justiceinfonet\" \/>\n<meta name=\"twitter:label1\" content=\"\u00c9crit par\" \/>\n\t<meta name=\"twitter:data1\" content=\"AFP\" \/>\n\t<meta name=\"twitter:label2\" content=\"Dur\u00e9e de lecture estim\u00e9e\" \/>\n\t<meta name=\"twitter:data2\" content=\"2 minutes\" \/>\n<script type=\"application\/ld+json\" class=\"yoast-schema-graph\">{\"@context\":\"https:\/\/schema.org\",\"@graph\":[{\"@type\":\"NewsArticle\",\"@id\":\"https:\/\/www.justiceinfo.net\/fr\/31480-crise-politique-en-rdc-reprise-des-negociations-sous-l-egide-de-l-eglise-catholique.html#article\",\"isPartOf\":{\"@id\":\"https:\/\/www.justiceinfo.net\/fr\/31480-crise-politique-en-rdc-reprise-des-negociations-sous-l-egide-de-l-eglise-catholique.html\"},\"author\":{\"name\":\"afp\",\"@id\":\"https:\/\/www.justiceinfo.net\/fr#\/schema\/person\/713d340ef5f218fc36ce9b4244364a7f\"},\"headline\":\"Crise politique en RDC: reprise des n\u00e9gociations sous l'\u00e9gide de l'Eglise catholique\",\"datePublished\":\"2016-12-30T15:12:20+00:00\",\"mainEntityOfPage\":{\"@id\":\"https:\/\/www.justiceinfo.net\/fr\/31480-crise-politique-en-rdc-reprise-des-negociations-sous-l-egide-de-l-eglise-catholique.html\"},\"wordCount\":382,\"commentCount\":0,\"publisher\":{\"@id\":\"https:\/\/www.justiceinfo.net\/fr#organization\"},\"articleSection\":[\"Fil d'info AFP\"],\"inLanguage\":\"fr-FR\",\"potentialAction\":[{\"@type\":\"CommentAction\",\"name\":\"Comment\",\"target\":[\"https:\/\/www.justiceinfo.net\/fr\/31480-crise-politique-en-rdc-reprise-des-negociations-sous-l-egide-de-l-eglise-catholique.html#respond\"]}]},{\"@type\":\"WebPage\",\"@id\":\"https:\/\/www.justiceinfo.net\/fr\/31480-crise-politique-en-rdc-reprise-des-negociations-sous-l-egide-de-l-eglise-catholique.html\",\"url\":\"https:\/\/www.justiceinfo.net\/fr\/31480-crise-politique-en-rdc-reprise-des-negociations-sous-l-egide-de-l-eglise-catholique.html\",\"name\":\"Crise politique en RDC: reprise des n\u00e9gociations sous l'\u00e9gide de l'Eglise catholique - JusticeInfo.net\",\"isPartOf\":{\"@id\":\"https:\/\/www.justiceinfo.net\/fr#website\"},\"datePublished\":\"2016-12-30T15:12:20+00:00\",\"breadcrumb\":{\"@id\":\"https:\/\/www.justiceinfo.net\/fr\/31480-crise-politique-en-rdc-reprise-des-negociations-sous-l-egide-de-l-eglise-catholique.html#breadcrumb\"},\"inLanguage\":\"fr-FR\",\"potentialAction\":[{\"@type\":\"ReadAction\",\"target\":[\"https:\/\/www.justiceinfo.net\/fr\/31480-crise-politique-en-rdc-reprise-des-negociations-sous-l-egide-de-l-eglise-catholique.html\"]}]},{\"@type\":\"BreadcrumbList\",\"@id\":\"https:\/\/www.justiceinfo.net\/fr\/31480-crise-politique-en-rdc-reprise-des-negociations-sous-l-egide-de-l-eglise-catholique.html#breadcrumb\",\"itemListElement\":[{\"@type\":\"ListItem\",\"position\":1,\"name\":\"Home\",\"item\":\"https:\/\/www.justiceinfo.net\/fr\"},{\"@type\":\"ListItem\",\"position\":2,\"name\":\"Crise politique en RDC: reprise des n\u00e9gociations sous l'\u00e9gide de l'Eglise catholique\"}]},{\"@type\":\"WebSite\",\"@id\":\"https:\/\/www.justiceinfo.net\/fr#website\",\"url\":\"https:\/\/www.justiceinfo.net\/fr\",\"name\":\"JusticeInfo.net\",\"description\":\"La justice doit \u00eatre vue pour \u00eatre rendue\",\"publisher\":{\"@id\":\"https:\/\/www.justiceinfo.net\/fr#organization\"},\"potentialAction\":[{\"@type\":\"SearchAction\",\"target\":{\"@type\":\"EntryPoint\",\"urlTemplate\":\"https:\/\/www.justiceinfo.net\/fr?s={search_term_string}\"},\"query-input\":{\"@type\":\"PropertyValueSpecification\",\"valueRequired\":true,\"valueName\":\"search_term_string\"}}],\"inLanguage\":\"fr-FR\"},{\"@type\":\"Organization\",\"@id\":\"https:\/\/www.justiceinfo.net\/fr#organization\",\"name\":\"Justice Info\",\"url\":\"https:\/\/www.justiceinfo.net\/fr\",\"logo\":{\"@type\":\"ImageObject\",\"inLanguage\":\"fr-FR\",\"@id\":\"https:\/\/www.justiceinfo.net\/fr#\/schema\/logo\/image\/\",\"url\":\"https:\/\/www.justiceinfo.net\/wp-content\/uploads\/justiceinfo_logo-trans_1200x1200px.png\",\"contentUrl\":\"https:\/\/www.justiceinfo.net\/wp-content\/uploads\/justiceinfo_logo-trans_1200x1200px.png\",\"width\":1199,\"height\":1200,\"caption\":\"Justice Info\"},\"image\":{\"@id\":\"https:\/\/www.justiceinfo.net\/fr#\/schema\/logo\/image\/\"},\"sameAs\":[\"https:\/\/www.facebook.com\/JusticeInfo\/\",\"https:\/\/x.com\/justiceinfonet\",\"https:\/\/www.linkedin.com\/company\/justice-info\",\"https:\/\/www.youtube.com\/channel\/UCyCEsARodyuWtkWyhn-e7pA\"]},{\"@type\":\"Person\",\"name\":\"AFP\",\"url\":\"\/fr\/?s=AFP\"}]}<\/script>\n<!-- \/ Yoast SEO Premium plugin. -->","yoast_head_json":{"title":"Crise politique en RDC: reprise des n\u00e9gociations sous l'\u00e9gide de l'Eglise catholique - JusticeInfo.net","robots":{"index":"index","follow":"follow","max-snippet":"max-snippet:-1","max-image-preview":"max-image-preview:large","max-video-preview":"max-video-preview:-1"},"canonical":"https:\/\/www.justiceinfo.net\/fr\/31480-crise-politique-en-rdc-reprise-des-negociations-sous-l-egide-de-l-eglise-catholique.html","og_locale":"fr_FR","og_type":"article","og_title":"Crise politique en RDC: reprise des n\u00e9gociations sous l'\u00e9gide de l'Eglise catholique","og_description":"Des d\u00e9l\u00e9gu\u00e9s du pouvoir et de l'opposition ont repris vendredi \u00e0 Kinshasa des n\u00e9gociations men\u00e9es sous l'\u00e9gide de l\u2019\u00c9glise catholique pour sortir la R\u00e9publique d\u00e9mocratique du Congo de la crise provoqu\u00e9e par le maintient au pouvoir du pr\u00e9sident Joseph Kabila, ont constat\u00e9 des journalistes de l'AFP.\u00a0 Les \u00e9changes mettent face \u00e0 face les signataires de [&hellip;]","og_url":"https:\/\/www.justiceinfo.net\/fr\/31480-crise-politique-en-rdc-reprise-des-negociations-sous-l-egide-de-l-eglise-catholique.html","og_site_name":"JusticeInfo.net","article_publisher":"https:\/\/www.facebook.com\/JusticeInfo\/","article_published_time":"2016-12-30T15:12:20+00:00","og_image":[{"width":1200,"height":630,"url":"https:\/\/www.justiceinfo.net\/wp-content\/uploads\/JusticeInfoNet_logo_1200x630px.jpg","type":"image\/jpeg"}],"author":"AFP","twitter_card":"summary_large_image","twitter_creator":"@justiceinfonet","twitter_site":"@justiceinfonet","twitter_misc":{"\u00c9crit par":"AFP","Dur\u00e9e de lecture estim\u00e9e":"2 minutes"},"schema":{"@context":"https:\/\/schema.org","@graph":[{"@type":"NewsArticle","@id":"https:\/\/www.justiceinfo.net\/fr\/31480-crise-politique-en-rdc-reprise-des-negociations-sous-l-egide-de-l-eglise-catholique.html#article","isPartOf":{"@id":"https:\/\/www.justiceinfo.net\/fr\/31480-crise-politique-en-rdc-reprise-des-negociations-sous-l-egide-de-l-eglise-catholique.html"},"author":{"name":"afp","@id":"https:\/\/www.justiceinfo.net\/fr#\/schema\/person\/713d340ef5f218fc36ce9b4244364a7f"},"headline":"Crise politique en RDC: reprise des n\u00e9gociations sous l'\u00e9gide de l'Eglise catholique","datePublished":"2016-12-30T15:12:20+00:00","mainEntityOfPage":{"@id":"https:\/\/www.justiceinfo.net\/fr\/31480-crise-politique-en-rdc-reprise-des-negociations-sous-l-egide-de-l-eglise-catholique.html"},"wordCount":382,"commentCount":0,"publisher":{"@id":"https:\/\/www.justiceinfo.net\/fr#organization"},"articleSection":["Fil d'info AFP"],"inLanguage":"fr-FR","potentialAction":[{"@type":"CommentAction","name":"Comment","target":["https:\/\/www.justiceinfo.net\/fr\/31480-crise-politique-en-rdc-reprise-des-negociations-sous-l-egide-de-l-eglise-catholique.html#respond"]}]},{"@type":"WebPage","@id":"https:\/\/www.justiceinfo.net\/fr\/31480-crise-politique-en-rdc-reprise-des-negociations-sous-l-egide-de-l-eglise-catholique.html","url":"https:\/\/www.justiceinfo.net\/fr\/31480-crise-politique-en-rdc-reprise-des-negociations-sous-l-egide-de-l-eglise-catholique.html","name":"Crise politique en RDC: reprise des n\u00e9gociations sous l'\u00e9gide de l'Eglise catholique - JusticeInfo.net","isPartOf":{"@id":"https:\/\/www.justiceinfo.net\/fr#website"},"datePublished":"2016-12-30T15:12:20+00:00","breadcrumb":{"@id":"https:\/\/www.justiceinfo.net\/fr\/31480-crise-politique-en-rdc-reprise-des-negociations-sous-l-egide-de-l-eglise-catholique.html#breadcrumb"},"inLanguage":"fr-FR","potentialAction":[{"@type":"ReadAction","target":["https:\/\/www.justiceinfo.net\/fr\/31480-crise-politique-en-rdc-reprise-des-negociations-sous-l-egide-de-l-eglise-catholique.html"]}]},{"@type":"BreadcrumbList","@id":"https:\/\/www.justiceinfo.net\/fr\/31480-crise-politique-en-rdc-reprise-des-negociations-sous-l-egide-de-l-eglise-catholique.html#breadcrumb","itemListElement":[{"@type":"ListItem","position":1,"name":"Home","item":"https:\/\/www.justiceinfo.net\/fr"},{"@type":"ListItem","position":2,"name":"Crise politique en RDC: reprise des n\u00e9gociations sous l'\u00e9gide de l'Eglise catholique"}]},{"@type":"WebSite","@id":"https:\/\/www.justiceinfo.net\/fr#website","url":"https:\/\/www.justiceinfo.net\/fr","name":"JusticeInfo.net","description":"La justice doit \u00eatre vue pour \u00eatre rendue","publisher":{"@id":"https:\/\/www.justiceinfo.net\/fr#organization"},"potentialAction":[{"@type":"SearchAction","target":{"@type":"EntryPoint","urlTemplate":"https:\/\/www.justiceinfo.net\/fr?s={search_term_string}"},"query-input":{"@type":"PropertyValueSpecification","valueRequired":true,"valueName":"search_term_string"}}],"inLanguage":"fr-FR"},{"@type":"Organization","@id":"https:\/\/www.justiceinfo.net\/fr#organization","name":"Justice Info","url":"https:\/\/www.justiceinfo.net\/fr","logo":{"@type":"ImageObject","inLanguage":"fr-FR","@id":"https:\/\/www.justiceinfo.net\/fr#\/schema\/logo\/image\/","url":"https:\/\/www.justiceinfo.net\/wp-content\/uploads\/justiceinfo_logo-trans_1200x1200px.png","contentUrl":"https:\/\/www.justiceinfo.net\/wp-content\/uploads\/justiceinfo_logo-trans_1200x1200px.png","width":1199,"height":1200,"caption":"Justice Info"},"image":{"@id":"https:\/\/www.justiceinfo.net\/fr#\/schema\/logo\/image\/"},"sameAs":["https:\/\/www.facebook.com\/JusticeInfo\/","https:\/\/x.com\/justiceinfonet","https:\/\/www.linkedin.com\/company\/justice-info","https:\/\/www.youtube.com\/channel\/UCyCEsARodyuWtkWyhn-e7pA"]},{"@type":"Person","name":"AFP","url":"\/fr\/?s=AFP"}]}},"_links":{"self":[{"href":"https:\/\/www.justiceinfo.net\/fr\/wp-json\/wp\/v2\/posts\/31480","targetHints":{"allow":["GET"]}}],"collection":[{"href":"https:\/\/www.justiceinfo.net\/fr\/wp-json\/wp\/v2\/posts"}],"about":[{"href":"https:\/\/www.justiceinfo.net\/fr\/wp-json\/wp\/v2\/types\/post"}],"author":[{"embeddable":true,"href":"https:\/\/www.justiceinfo.net\/fr\/wp-json\/wp\/v2\/users\/60"}],"replies":[{"embeddable":true,"href":"https:\/\/www.justiceinfo.net\/fr\/wp-json\/wp\/v2\/comments?post=31480"}],"version-history":[{"count":0,"href":"https:\/\/www.justiceinfo.net\/fr\/wp-json\/wp\/v2\/posts\/31480\/revisions"}],"wp:attachment":[{"href":"https:\/\/www.justiceinfo.net\/fr\/wp-json\/wp\/v2\/media?parent=31480"}],"wp:term":[{"taxonomy":"category","embeddable":true,"href":"https:\/\/www.justiceinfo.net\/fr\/wp-json\/wp\/v2\/categories?post=31480"},{"taxonomy":"post_tag","embeddable":true,"href":"https:\/\/www.justiceinfo.net\/fr\/wp-json\/wp\/v2\/tags?post=31480"},{"taxonomy":"ji_location","embeddable":true,"href":"https:\/\/www.justiceinfo.net\/fr\/wp-json\/wp\/v2\/ji_location?post=31480"}],"curies":[{"name":"wp","href":"https:\/\/api.w.org\/{rel}","templated":true}]}}