{"id":31490,"date":"2016-12-31T12:51:25","date_gmt":"2016-12-31T11:51:25","guid":{"rendered":"https:\/\/www.justiceinfo.net\/31490-rd-congo-ultimes-tractations-avant-la-possible-conclusion-d-un-accord-politique-crucial.html"},"modified":"2016-12-31T12:51:25","modified_gmt":"2016-12-31T11:51:25","slug":"rd-congo-ultimes-tractations-avant-la-possible-conclusion-d-un-accord-politique-crucial","status":"publish","type":"post","link":"https:\/\/www.justiceinfo.net\/fr\/31490-rd-congo-ultimes-tractations-avant-la-possible-conclusion-d-un-accord-politique-crucial.html","title":{"rendered":"RD Congo: ultimes tractations avant la possible conclusion d'un accord politique crucial"},"content":{"rendered":"<div class=\"txt-textContent\">\n<div class=\"text fontsize_0 jq_Content jq_langdir\">\n<p>La majorit\u00e9 et l'opposition \u00e9taient r\u00e9unies samedi au si\u00e8ge de l'\u00e9piscopat congolais \u00e0 Kinshasa pour finaliser un accord tr\u00e8s attendu de sortie de la crise politique provoqu\u00e9e en R\u00e9publique d\u00e9mocratique du Congo par le maintien au pouvoir du pr\u00e9sident Joseph Kabila.<\/p>\n<p>Ces n\u00e9gociations, d\u00e9but\u00e9es le 8 d\u00e9cembre et interrompues avant No\u00ebl faute d'entente, avaient repris vendredi dans la capitale congolaise Kinshasa, entre d\u00e9l\u00e9gu\u00e9s des deux camps et sous l'\u00e9gide de la Conf\u00e9rence \u00e9piscopale nationale du Congo\u00a0(Cenco). Cette ultime session, men\u00e9e en commission \u00e0 huis clos, a ouvert en d\u00e9but de matin\u00e9e et se poursuivait apr\u00e8s l'heure du d\u00e9jeuner.<\/p>\n<p>\"L'accord est pr\u00eat, mais ce matin toutes les composantes sont venues avec de nouvelles exigences portant sur des d\u00e9tails \u00e0 int\u00e9grer dans l'accord, ce qui retarde la c\u00e9r\u00e9monie de signature\", a expliqu\u00e9 samedi \u00e0 l'AFP un des plus hauts responsables de la Cenco.\u00a0<\/p>\n<p>\"Pour une virgule, ils discutent pendant une heure et \u00e7a peut durer jusqu'\u00e0 ce soir\", a-t-il ajout\u00e9.<\/p>\n<p>\"L'accouchement de l'accord se fera par c\u00e9sarienne\", a estim\u00e9 de son c\u00f4t\u00e9 un des d\u00e9l\u00e9gu\u00e9s de la majorit\u00e9 sous couvert d'anonymat.<\/p>\n<p>\"On sortira aujourd'hui avec un accord puisque nous voulons la paix dans le pays\", a rench\u00e9ri Joseph Olenghankoy, un des d\u00e9l\u00e9gu\u00e9s du Rassemblement de l'opposition.<\/p>\n<p>Samedi soir, Mgr Marcel Utembi, pr\u00e9sident de la Cenco, avait martel\u00e9 que les deux camps \u00e9taient \"pratiquement arriv\u00e9s \u00e0 conclure un accord\".\u00a0<\/p>\n<p>Cet accord, selon lui, pr\u00e9voit le maintien au pouvoir de M. Kabila jusqu'\u00e0 l'\u00e9lection d'un successeur \u00e9lu lors d'un scrutin devant \u00eatre organis\u00e9 \"fin 2017\" en m\u00eame temps que les l\u00e9gislatives nationales et provinciales.<\/p>\n<p>En contre-partie, l'accord pr\u00e9voit \u00e9galement la nomination d'un nouveau Premier ministre issu du Rassemblement, une coalition qui regroupe la majeure partie de l'opposition constitu\u00e9e autour de la figure d\u2019\u00c9tienne Tshisekedi, opposant historique en RDC.<\/p>\n<p>\u00a0<\/p>\n<h2>- 'Vivre un peu plus dignement' -<\/h2>\n<p>\u00a0<\/p>\n<p>Les discussions au si\u00e8ge de la Cenco r\u00e9unissent huit repr\u00e9sentants des signataires de l'accord d'octobre pass\u00e9 entre la majorit\u00e9 et une frange minoritaire de l'opposition autorisant M. Kabila \u00e0 rester au pouvoir jusqu'\u00e0 l'\u00e9lection d'un successeur d'un c\u00f4t\u00e9, et de l'autre huit d\u00e9l\u00e9gu\u00e9s du Rassemblement qui rejette cette entente.<\/p>\n<p>La crise politique qui mine la RDC est provoqu\u00e9e par le maintien \u00e0 la t\u00eate du pays du pr\u00e9sident Joseph Kabila dont le mandat a expir\u00e9 le 20 d\u00e9cembre dans un climat de violences politiques et interethniques ayant fait, selon les Nations unies, au moins 40 morts dans tout le pays.<\/p>\n<p>\u00c2g\u00e9 de 45 ans, M. Kabila est au pouvoir depuis 2001. La Constitution lui interdit de se repr\u00e9senter. La pr\u00e9sidentielle qui aurait d\u00fb avoir lieu cette ann\u00e9e a \u00e9t\u00e9 report\u00e9e sine die.<\/p>\n<p>Les 20 et 21 d\u00e9cembre, des heurts avaient oppos\u00e9 les forces de l'ordre \u00e0 des jeunes entendant d\u00e9noncer le maintien au pouvoir du pr\u00e9sident Kabila. Dans son hom\u00e9lie de la nuit de No\u00ebl \u00e0 la cath\u00e9drale Notre-Dame du Congo, le cardinal Laurent Monsengwo, archev\u00eaque de Kinshasa, \u00e9tait revenu sur ces \u00e9v\u00e8nements tragiques: \"Il est r\u00e9volu le temps o\u00f9 l'on cherchait \u00e0 conserver le pouvoir par les armes en tuant son peuple, ces jeunes qui ne r\u00e9clament que leurs droits de vivre un peu plus dignement\".<\/p>\n<p>\"Celui qui respecte la Constitution n\u2019a rien \u00e0 craindre de la justice. Celui dont les droits sont bafou\u00e9s se sent prot\u00e9g\u00e9 par la m\u00eame Constitution\", avait-il ajout\u00e9.<\/p>\n<p>\u00c9tat-continent de plus de 70 millions d'habitants, la RDC n'a jamais connu de transition pacifique du pouvoir depuis son ind\u00e9pendance de la Belgique en 1960. Ce pays a \u00e9t\u00e9 ravag\u00e9 entre 1996 et 2003 par deux guerres qui ont fait au moins trois millions de morts et sa partie orientale reste d\u00e9chir\u00e9e par de multiples conflits arm\u00e9s depuis plus de vingt ans.<\/p>\n<\/div>\n<\/div>\n","protected":false},"excerpt":{"rendered":"<p>La majorit\u00e9 et l'opposition \u00e9taient r\u00e9unies samedi au si\u00e8ge de l'\u00e9piscopat congolais \u00e0 Kinshasa pour finaliser un accord tr\u00e8s attendu de sortie de la crise politique provoqu\u00e9e en R\u00e9publique d\u00e9mocratique du Congo par le maintien au pouvoir du pr\u00e9sident Joseph Kabila. Ces n\u00e9gociations, d\u00e9but\u00e9es le 8 d\u00e9cembre et interrompues avant No\u00ebl faute d'entente, avaient repris [&hellip;]<\/p>\n","protected":false},"author":60,"featured_media":0,"comment_status":"open","ping_status":"closed","sticky":false,"template":"","format":"standard","meta":{"_acf_changed":false,"footnotes":""},"categories":[2576],"tags":[],"ji_location":[2196],"class_list":["post-31490","post","type-post","status-publish","format-standard","hentry","category-fil-d-actualite","ji_location-republique-democratique-du-congo"],"acf":[],"yoast_head":"<!-- This site is optimized with the Yoast SEO Premium plugin v25.3.1 (Yoast SEO v25.3.1) - https:\/\/yoast.com\/wordpress\/plugins\/seo\/ -->\n<title>RD Congo: ultimes tractations avant la possible conclusion d&#039;un accord politique crucial - JusticeInfo.net<\/title>\n<meta name=\"robots\" content=\"index, follow, max-snippet:-1, max-image-preview:large, max-video-preview:-1\" \/>\n<link rel=\"canonical\" href=\"https:\/\/www.justiceinfo.net\/fr\/31490-rd-congo-ultimes-tractations-avant-la-possible-conclusion-d-un-accord-politique-crucial.html\" \/>\n<meta property=\"og:locale\" content=\"fr_FR\" \/>\n<meta property=\"og:type\" content=\"article\" \/>\n<meta property=\"og:title\" content=\"RD Congo: ultimes tractations avant la possible conclusion d&#039;un accord politique crucial\" \/>\n<meta property=\"og:description\" content=\"La majorit\u00e9 et l&#039;opposition \u00e9taient r\u00e9unies samedi au si\u00e8ge de l&#039;\u00e9piscopat congolais \u00e0 Kinshasa pour finaliser un accord tr\u00e8s attendu de sortie de la crise politique provoqu\u00e9e en R\u00e9publique d\u00e9mocratique du Congo par le maintien au pouvoir du pr\u00e9sident Joseph Kabila. Ces n\u00e9gociations, d\u00e9but\u00e9es le 8 d\u00e9cembre et interrompues avant No\u00ebl faute d&#039;entente, avaient repris [&hellip;]\" \/>\n<meta property=\"og:url\" content=\"https:\/\/www.justiceinfo.net\/fr\/31490-rd-congo-ultimes-tractations-avant-la-possible-conclusion-d-un-accord-politique-crucial.html\" \/>\n<meta property=\"og:site_name\" content=\"JusticeInfo.net\" \/>\n<meta property=\"article:publisher\" content=\"https:\/\/www.facebook.com\/JusticeInfo\/\" \/>\n<meta property=\"article:published_time\" content=\"2016-12-31T11:51:25+00:00\" \/>\n<meta property=\"og:image\" content=\"https:\/\/www.justiceinfo.net\/wp-content\/uploads\/JusticeInfoNet_logo_1200x630px.jpg\" \/>\n\t<meta property=\"og:image:width\" content=\"1200\" \/>\n\t<meta property=\"og:image:height\" content=\"630\" \/>\n\t<meta property=\"og:image:type\" content=\"image\/jpeg\" \/>\n<meta name=\"author\" content=\"AFP\" \/>\n<meta name=\"twitter:card\" content=\"summary_large_image\" \/>\n<meta name=\"twitter:creator\" content=\"@justiceinfonet\" \/>\n<meta name=\"twitter:site\" content=\"@justiceinfonet\" \/>\n<meta name=\"twitter:label1\" content=\"\u00c9crit par\" \/>\n\t<meta name=\"twitter:data1\" content=\"AFP\" \/>\n\t<meta name=\"twitter:label2\" content=\"Dur\u00e9e de lecture estim\u00e9e\" \/>\n\t<meta name=\"twitter:data2\" content=\"3 minutes\" \/>\n<script type=\"application\/ld+json\" class=\"yoast-schema-graph\">{\"@context\":\"https:\/\/schema.org\",\"@graph\":[{\"@type\":\"NewsArticle\",\"@id\":\"https:\/\/www.justiceinfo.net\/fr\/31490-rd-congo-ultimes-tractations-avant-la-possible-conclusion-d-un-accord-politique-crucial.html#article\",\"isPartOf\":{\"@id\":\"https:\/\/www.justiceinfo.net\/fr\/31490-rd-congo-ultimes-tractations-avant-la-possible-conclusion-d-un-accord-politique-crucial.html\"},\"author\":{\"name\":\"afp\",\"@id\":\"https:\/\/www.justiceinfo.net\/fr#\/schema\/person\/713d340ef5f218fc36ce9b4244364a7f\"},\"headline\":\"RD Congo: ultimes tractations avant la possible conclusion d'un accord politique crucial\",\"datePublished\":\"2016-12-31T11:51:25+00:00\",\"mainEntityOfPage\":{\"@id\":\"https:\/\/www.justiceinfo.net\/fr\/31490-rd-congo-ultimes-tractations-avant-la-possible-conclusion-d-un-accord-politique-crucial.html\"},\"wordCount\":704,\"commentCount\":0,\"publisher\":{\"@id\":\"https:\/\/www.justiceinfo.net\/fr#organization\"},\"articleSection\":[\"Fil d'info AFP\"],\"inLanguage\":\"fr-FR\",\"potentialAction\":[{\"@type\":\"CommentAction\",\"name\":\"Comment\",\"target\":[\"https:\/\/www.justiceinfo.net\/fr\/31490-rd-congo-ultimes-tractations-avant-la-possible-conclusion-d-un-accord-politique-crucial.html#respond\"]}]},{\"@type\":\"WebPage\",\"@id\":\"https:\/\/www.justiceinfo.net\/fr\/31490-rd-congo-ultimes-tractations-avant-la-possible-conclusion-d-un-accord-politique-crucial.html\",\"url\":\"https:\/\/www.justiceinfo.net\/fr\/31490-rd-congo-ultimes-tractations-avant-la-possible-conclusion-d-un-accord-politique-crucial.html\",\"name\":\"RD Congo: ultimes tractations avant la possible conclusion d'un accord politique crucial - JusticeInfo.net\",\"isPartOf\":{\"@id\":\"https:\/\/www.justiceinfo.net\/fr#website\"},\"datePublished\":\"2016-12-31T11:51:25+00:00\",\"breadcrumb\":{\"@id\":\"https:\/\/www.justiceinfo.net\/fr\/31490-rd-congo-ultimes-tractations-avant-la-possible-conclusion-d-un-accord-politique-crucial.html#breadcrumb\"},\"inLanguage\":\"fr-FR\",\"potentialAction\":[{\"@type\":\"ReadAction\",\"target\":[\"https:\/\/www.justiceinfo.net\/fr\/31490-rd-congo-ultimes-tractations-avant-la-possible-conclusion-d-un-accord-politique-crucial.html\"]}]},{\"@type\":\"BreadcrumbList\",\"@id\":\"https:\/\/www.justiceinfo.net\/fr\/31490-rd-congo-ultimes-tractations-avant-la-possible-conclusion-d-un-accord-politique-crucial.html#breadcrumb\",\"itemListElement\":[{\"@type\":\"ListItem\",\"position\":1,\"name\":\"Home\",\"item\":\"https:\/\/www.justiceinfo.net\/fr\"},{\"@type\":\"ListItem\",\"position\":2,\"name\":\"RD Congo: ultimes tractations avant la possible conclusion d'un accord politique crucial\"}]},{\"@type\":\"WebSite\",\"@id\":\"https:\/\/www.justiceinfo.net\/fr#website\",\"url\":\"https:\/\/www.justiceinfo.net\/fr\",\"name\":\"JusticeInfo.net\",\"description\":\"La justice doit \u00eatre vue pour \u00eatre rendue\",\"publisher\":{\"@id\":\"https:\/\/www.justiceinfo.net\/fr#organization\"},\"potentialAction\":[{\"@type\":\"SearchAction\",\"target\":{\"@type\":\"EntryPoint\",\"urlTemplate\":\"https:\/\/www.justiceinfo.net\/fr?s={search_term_string}\"},\"query-input\":{\"@type\":\"PropertyValueSpecification\",\"valueRequired\":true,\"valueName\":\"search_term_string\"}}],\"inLanguage\":\"fr-FR\"},{\"@type\":\"Organization\",\"@id\":\"https:\/\/www.justiceinfo.net\/fr#organization\",\"name\":\"Justice Info\",\"url\":\"https:\/\/www.justiceinfo.net\/fr\",\"logo\":{\"@type\":\"ImageObject\",\"inLanguage\":\"fr-FR\",\"@id\":\"https:\/\/www.justiceinfo.net\/fr#\/schema\/logo\/image\/\",\"url\":\"https:\/\/www.justiceinfo.net\/wp-content\/uploads\/justiceinfo_logo-trans_1200x1200px.png\",\"contentUrl\":\"https:\/\/www.justiceinfo.net\/wp-content\/uploads\/justiceinfo_logo-trans_1200x1200px.png\",\"width\":1199,\"height\":1200,\"caption\":\"Justice Info\"},\"image\":{\"@id\":\"https:\/\/www.justiceinfo.net\/fr#\/schema\/logo\/image\/\"},\"sameAs\":[\"https:\/\/www.facebook.com\/JusticeInfo\/\",\"https:\/\/x.com\/justiceinfonet\",\"https:\/\/www.linkedin.com\/company\/justice-info\",\"https:\/\/www.youtube.com\/channel\/UCyCEsARodyuWtkWyhn-e7pA\"]},{\"@type\":\"Person\",\"name\":\"AFP\",\"url\":\"\/fr\/?s=AFP\"}]}<\/script>\n<!-- \/ Yoast SEO Premium plugin. -->","yoast_head_json":{"title":"RD Congo: ultimes tractations avant la possible conclusion d'un accord politique crucial - JusticeInfo.net","robots":{"index":"index","follow":"follow","max-snippet":"max-snippet:-1","max-image-preview":"max-image-preview:large","max-video-preview":"max-video-preview:-1"},"canonical":"https:\/\/www.justiceinfo.net\/fr\/31490-rd-congo-ultimes-tractations-avant-la-possible-conclusion-d-un-accord-politique-crucial.html","og_locale":"fr_FR","og_type":"article","og_title":"RD Congo: ultimes tractations avant la possible conclusion d'un accord politique crucial","og_description":"La majorit\u00e9 et l'opposition \u00e9taient r\u00e9unies samedi au si\u00e8ge de l'\u00e9piscopat congolais \u00e0 Kinshasa pour finaliser un accord tr\u00e8s attendu de sortie de la crise politique provoqu\u00e9e en R\u00e9publique d\u00e9mocratique du Congo par le maintien au pouvoir du pr\u00e9sident Joseph Kabila. Ces n\u00e9gociations, d\u00e9but\u00e9es le 8 d\u00e9cembre et interrompues avant No\u00ebl faute d'entente, avaient repris [&hellip;]","og_url":"https:\/\/www.justiceinfo.net\/fr\/31490-rd-congo-ultimes-tractations-avant-la-possible-conclusion-d-un-accord-politique-crucial.html","og_site_name":"JusticeInfo.net","article_publisher":"https:\/\/www.facebook.com\/JusticeInfo\/","article_published_time":"2016-12-31T11:51:25+00:00","og_image":[{"width":1200,"height":630,"url":"https:\/\/www.justiceinfo.net\/wp-content\/uploads\/JusticeInfoNet_logo_1200x630px.jpg","type":"image\/jpeg"}],"author":"AFP","twitter_card":"summary_large_image","twitter_creator":"@justiceinfonet","twitter_site":"@justiceinfonet","twitter_misc":{"\u00c9crit par":"AFP","Dur\u00e9e de lecture estim\u00e9e":"3 minutes"},"schema":{"@context":"https:\/\/schema.org","@graph":[{"@type":"NewsArticle","@id":"https:\/\/www.justiceinfo.net\/fr\/31490-rd-congo-ultimes-tractations-avant-la-possible-conclusion-d-un-accord-politique-crucial.html#article","isPartOf":{"@id":"https:\/\/www.justiceinfo.net\/fr\/31490-rd-congo-ultimes-tractations-avant-la-possible-conclusion-d-un-accord-politique-crucial.html"},"author":{"name":"afp","@id":"https:\/\/www.justiceinfo.net\/fr#\/schema\/person\/713d340ef5f218fc36ce9b4244364a7f"},"headline":"RD Congo: ultimes tractations avant la possible conclusion d'un accord politique crucial","datePublished":"2016-12-31T11:51:25+00:00","mainEntityOfPage":{"@id":"https:\/\/www.justiceinfo.net\/fr\/31490-rd-congo-ultimes-tractations-avant-la-possible-conclusion-d-un-accord-politique-crucial.html"},"wordCount":704,"commentCount":0,"publisher":{"@id":"https:\/\/www.justiceinfo.net\/fr#organization"},"articleSection":["Fil d'info AFP"],"inLanguage":"fr-FR","potentialAction":[{"@type":"CommentAction","name":"Comment","target":["https:\/\/www.justiceinfo.net\/fr\/31490-rd-congo-ultimes-tractations-avant-la-possible-conclusion-d-un-accord-politique-crucial.html#respond"]}]},{"@type":"WebPage","@id":"https:\/\/www.justiceinfo.net\/fr\/31490-rd-congo-ultimes-tractations-avant-la-possible-conclusion-d-un-accord-politique-crucial.html","url":"https:\/\/www.justiceinfo.net\/fr\/31490-rd-congo-ultimes-tractations-avant-la-possible-conclusion-d-un-accord-politique-crucial.html","name":"RD Congo: ultimes tractations avant la possible conclusion d'un accord politique crucial - JusticeInfo.net","isPartOf":{"@id":"https:\/\/www.justiceinfo.net\/fr#website"},"datePublished":"2016-12-31T11:51:25+00:00","breadcrumb":{"@id":"https:\/\/www.justiceinfo.net\/fr\/31490-rd-congo-ultimes-tractations-avant-la-possible-conclusion-d-un-accord-politique-crucial.html#breadcrumb"},"inLanguage":"fr-FR","potentialAction":[{"@type":"ReadAction","target":["https:\/\/www.justiceinfo.net\/fr\/31490-rd-congo-ultimes-tractations-avant-la-possible-conclusion-d-un-accord-politique-crucial.html"]}]},{"@type":"BreadcrumbList","@id":"https:\/\/www.justiceinfo.net\/fr\/31490-rd-congo-ultimes-tractations-avant-la-possible-conclusion-d-un-accord-politique-crucial.html#breadcrumb","itemListElement":[{"@type":"ListItem","position":1,"name":"Home","item":"https:\/\/www.justiceinfo.net\/fr"},{"@type":"ListItem","position":2,"name":"RD Congo: ultimes tractations avant la possible conclusion d'un accord politique crucial"}]},{"@type":"WebSite","@id":"https:\/\/www.justiceinfo.net\/fr#website","url":"https:\/\/www.justiceinfo.net\/fr","name":"JusticeInfo.net","description":"La justice doit \u00eatre vue pour \u00eatre rendue","publisher":{"@id":"https:\/\/www.justiceinfo.net\/fr#organization"},"potentialAction":[{"@type":"SearchAction","target":{"@type":"EntryPoint","urlTemplate":"https:\/\/www.justiceinfo.net\/fr?s={search_term_string}"},"query-input":{"@type":"PropertyValueSpecification","valueRequired":true,"valueName":"search_term_string"}}],"inLanguage":"fr-FR"},{"@type":"Organization","@id":"https:\/\/www.justiceinfo.net\/fr#organization","name":"Justice Info","url":"https:\/\/www.justiceinfo.net\/fr","logo":{"@type":"ImageObject","inLanguage":"fr-FR","@id":"https:\/\/www.justiceinfo.net\/fr#\/schema\/logo\/image\/","url":"https:\/\/www.justiceinfo.net\/wp-content\/uploads\/justiceinfo_logo-trans_1200x1200px.png","contentUrl":"https:\/\/www.justiceinfo.net\/wp-content\/uploads\/justiceinfo_logo-trans_1200x1200px.png","width":1199,"height":1200,"caption":"Justice Info"},"image":{"@id":"https:\/\/www.justiceinfo.net\/fr#\/schema\/logo\/image\/"},"sameAs":["https:\/\/www.facebook.com\/JusticeInfo\/","https:\/\/x.com\/justiceinfonet","https:\/\/www.linkedin.com\/company\/justice-info","https:\/\/www.youtube.com\/channel\/UCyCEsARodyuWtkWyhn-e7pA"]},{"@type":"Person","name":"AFP","url":"\/fr\/?s=AFP"}]}},"_links":{"self":[{"href":"https:\/\/www.justiceinfo.net\/fr\/wp-json\/wp\/v2\/posts\/31490","targetHints":{"allow":["GET"]}}],"collection":[{"href":"https:\/\/www.justiceinfo.net\/fr\/wp-json\/wp\/v2\/posts"}],"about":[{"href":"https:\/\/www.justiceinfo.net\/fr\/wp-json\/wp\/v2\/types\/post"}],"author":[{"embeddable":true,"href":"https:\/\/www.justiceinfo.net\/fr\/wp-json\/wp\/v2\/users\/60"}],"replies":[{"embeddable":true,"href":"https:\/\/www.justiceinfo.net\/fr\/wp-json\/wp\/v2\/comments?post=31490"}],"version-history":[{"count":0,"href":"https:\/\/www.justiceinfo.net\/fr\/wp-json\/wp\/v2\/posts\/31490\/revisions"}],"wp:attachment":[{"href":"https:\/\/www.justiceinfo.net\/fr\/wp-json\/wp\/v2\/media?parent=31490"}],"wp:term":[{"taxonomy":"category","embeddable":true,"href":"https:\/\/www.justiceinfo.net\/fr\/wp-json\/wp\/v2\/categories?post=31490"},{"taxonomy":"post_tag","embeddable":true,"href":"https:\/\/www.justiceinfo.net\/fr\/wp-json\/wp\/v2\/tags?post=31490"},{"taxonomy":"ji_location","embeddable":true,"href":"https:\/\/www.justiceinfo.net\/fr\/wp-json\/wp\/v2\/ji_location?post=31490"}],"curies":[{"name":"wp","href":"https:\/\/api.w.org\/{rel}","templated":true}]}}