{"id":31504,"date":"2017-01-01T08:20:10","date_gmt":"2017-01-01T07:20:10","guid":{"rendered":"https:\/\/www.justiceinfo.net\/31504-rdc-pouvoir-et-opposition-signent-l-accord-politique-de-sortie-de-crise.html"},"modified":"2017-01-01T08:20:10","modified_gmt":"2017-01-01T07:20:10","slug":"rdc-pouvoir-et-opposition-signent-l-accord-politique-de-sortie-de-crise","status":"publish","type":"post","link":"https:\/\/www.justiceinfo.net\/fr\/31504-rdc-pouvoir-et-opposition-signent-l-accord-politique-de-sortie-de-crise.html","title":{"rendered":"RDC: pouvoir et opposition signent l'accord politique de sortie de crise"},"content":{"rendered":"<div class=\"txt-textContent\">\n<div class=\"text fontsize_0 jq_Content jq_langdir\">\n<div class=\"content-excerpt\">\n<p>Pouvoir et opposition en R\u00e9publique d\u00e9mocratique du Congo vont cog\u00e9rer le pays durant la transition entre la fin du mandat du pr\u00e9sident Joseph Kabila, le 20 d\u00e9cembre, et l'\u00e9lection de son successeur, en vertu d'un accord laborieusement conclu apr\u00e8s plus de 13 heures de tractations.<\/p>\n<\/div>\n<p>L'accord sign\u00e9 suite \u00e0 la m\u00e9diation de l'\u00e9piscopat congolais autorise M. Kabila \u00e0 demeurer \u00e0 la t\u00eate du pays jusqu'\u00e0 la \"fin 2017\", en contrepartie de la cr\u00e9ation d'un Conseil national de transition (CNT) pr\u00e9sid\u00e9 par l'opposant historique \u00c9tienne Tshisekedi et la nomination d'un Premier ministre issu de sa coalition \"le Rassemblement\".<\/p>\n<p>Les \u00e9v\u00eaques se sont d\u00e9clar\u00e9s \"heureux\" d'avoir r\u00e9ussi \u00e0 \"aboutir \u00e0 un compromis politique inclusif\", selon le pr\u00e9sident de la Conf\u00e9rence \u00e9piscopale nationale du Congo (Cenco) Mgr Marcel Utembi, qui a estim\u00e9 que cet accord avait l'avantage \"d'\u00e9viter au pays le chaos\".<\/p>\n<p>Le chef de la Mission de l'ONU au Congo (Monusco) a salu\u00e9 \"l'inclusivit\u00e9 souhait\u00e9e (qui) a permis d'avoir ce consensus plus large\". \"Mais le travail doit continuer, il faut sauvegarder la stabilit\u00e9 politique en mettant en \u0153uvre chaque point de cette nouvelle feuille de route politique\", a d\u00e9clar\u00e9 Maman Sidikou.<\/p>\n<h3>Pr\u00e9sidentielle 'fin 2017'<\/h3>\n<p>Pr\u00e9vue \u00e0 20h30 (19h30 GMT), la signature de l'accord par 22 des 32 d\u00e9l\u00e9gu\u00e9s a commenc\u00e9 \u00e0 23h00 (22h00 GMT). Les d\u00e9l\u00e9gu\u00e9s discutaient encore de l'\u00e9ventualit\u00e9 d'organiser ou non un r\u00e9f\u00e9rendum pendant cette p\u00e9riode de transition fix\u00e9e \u00e0 une ann\u00e9e.<\/p>\n<p>Le pr\u00e9sident Joseph Kabila -dont le maintien au pouvoir au del\u00e0 de la fin de son mandat le 20 d\u00e9cembre est \u00e0 l'origine de cette crise- et le vieil opposant Tshisekedi n'ont pas effectu\u00e9 le d\u00e9placement au si\u00e8ge de la Cenco.<\/p>\n<p>Ce compromis du 31 d\u00e9cembre est pr\u00e9cis sur l'avenir politique du pr\u00e9sident Kabila qui reste donc au pouvoir pendant la p\u00e9riode pr\u00e9-\u00e9lectorale et \u00e9lectorale. Les parties ont clairement act\u00e9 qu'apr\u00e8s son second et dernier mandat, il ne briguera pas un troisi\u00e8me mandat.<\/p>\n<p>Les signataires ont \u00e9galement convenu qu'\"aucune tentative de r\u00e9vision de la Constitution ne sera entreprise\" pendant la transition, alors que dans la journ\u00e9e le Rassemblement de l'opposition accusait la majorit\u00e9 de vouloir faire sauter, via un r\u00e9f\u00e9rendum, le verrou constitutionnel qui interdit \u00e0 M. Kabila de postuler \u00e0 la pr\u00e9sidentielle de \"fin 2017\".<\/p>\n<p>En vue d'une d\u00e9crispation de l'espace politique, les \u00e9v\u00eaques catholiques ont promis de suivre et de trouver rapidement une solution aux cas des prisonniers politiques, particuli\u00e8rement celui de l'opposant Mo\u00efse Katumbi, condamn\u00e9 \u00e0 trois ans de prison dans une affaire de spoliation d'immeuble et sous la menace d'un proc\u00e8s pour recrutement de mercenaires, mais officiellement en soins m\u00e9dicaux \u00e0 l'\u00e9tranger.<\/p>\n<h3>Kabila au pouvoir depuis 2001<\/h3>\n<p>La crise politique qui mine la RDC, Etat continent de plus de 70 millions d'habitants, est provoqu\u00e9e par le maintien \u00e0 la t\u00eate du pays de M. Kabila. Son mandat avait officiellement expir\u00e9 le 20 d\u00e9cembre, dans un climat de violences politiques et interethniques ayant fait, selon l'ONU, au moins 40 morts dans tout le pays.<\/p>\n<p>Les 20 et 21 d\u00e9cembre, des heurts avaient oppos\u00e9 les forces de l'ordre \u00e0 des jeunes entendant d\u00e9noncer ce maintien au pouvoir.<\/p>\n<p>Ag\u00e9 de 45 ans, M. Kabila est au pouvoir depuis 2001. La Constitution lui interdit de se repr\u00e9senter. La pr\u00e9sidentielle, qui aurait d\u00fb avoir lieu cette ann\u00e9e, avait \u00e9t\u00e9 report\u00e9e sine die.<\/p>\n<p>Confirm\u00e9 en 2006 \u00e0 la t\u00eate du pays par les premi\u00e8res \u00e9lections libres organis\u00e9es depuis l'ind\u00e9pendance, M. Kabila avait \u00e9t\u00e9 r\u00e9\u00e9lu en 2011 lors d'un scrutin entach\u00e9 de fraudes massives, \u00e0 l'origine de la crise actuelle.<\/p>\n<p>Les n\u00e9gociations entre majorit\u00e9 et opposition, sous l'\u00e9gide de l'Eglise catholique, avaient d\u00e9but\u00e9 le 8 d\u00e9cembre et avaient \u00e9t\u00e9 interrompues avant No\u00ebl, faute d'entente. Elles avaient repris depuis vendredi \u00e0 Kinshasa.<\/p>\n<p>La RDC n'a jamais connu de transition pacifique du pouvoir depuis son ind\u00e9pendance de la Belgique en 1960. Ce pays a \u00e9t\u00e9 ravag\u00e9 entre 1996 et 2003 par deux guerres qui ont fait au moins trois millions de morts et sa partie orientale reste d\u00e9chir\u00e9e par de multiples conflits arm\u00e9s depuis plus de vingt ans.<\/p>\n<\/div>\n<\/div>\n","protected":false},"excerpt":{"rendered":"<p>Pouvoir et opposition en R\u00e9publique d\u00e9mocratique du Congo vont cog\u00e9rer le pays durant la transition entre la fin du mandat du pr\u00e9sident Joseph Kabila, le 20 d\u00e9cembre, et l'\u00e9lection de son successeur, en vertu d'un accord laborieusement conclu apr\u00e8s plus de 13 heures de tractations. L'accord sign\u00e9 suite \u00e0 la m\u00e9diation de l'\u00e9piscopat congolais autorise [&hellip;]<\/p>\n","protected":false},"author":60,"featured_media":68052,"comment_status":"open","ping_status":"closed","sticky":false,"template":"","format":"standard","meta":{"_acf_changed":false,"footnotes":""},"categories":[549],"tags":[],"ji_location":[2196],"class_list":["post-31504","post","type-post","status-publish","format-standard","has-post-thumbnail","hentry","category-reconciliation","ji_location-republique-democratique-du-congo"],"acf":[],"yoast_head":"<!-- This site is optimized with the Yoast SEO Premium plugin v25.3.1 (Yoast SEO v25.3.1) - https:\/\/yoast.com\/wordpress\/plugins\/seo\/ -->\n<title>RDC: pouvoir et opposition signent l&#039;accord politique de sortie de crise - JusticeInfo.net<\/title>\n<meta name=\"robots\" content=\"index, follow, max-snippet:-1, max-image-preview:large, max-video-preview:-1\" \/>\n<link rel=\"canonical\" href=\"https:\/\/www.justiceinfo.net\/fr\/31504-rdc-pouvoir-et-opposition-signent-l-accord-politique-de-sortie-de-crise.html\" \/>\n<meta property=\"og:locale\" content=\"fr_FR\" \/>\n<meta property=\"og:type\" content=\"article\" \/>\n<meta property=\"og:title\" content=\"RDC: pouvoir et opposition signent l&#039;accord politique de sortie de crise\" \/>\n<meta property=\"og:description\" content=\"Pouvoir et opposition en R\u00e9publique d\u00e9mocratique du Congo vont cog\u00e9rer le pays durant la transition entre la fin du mandat du pr\u00e9sident Joseph Kabila, le 20 d\u00e9cembre, et l&#039;\u00e9lection de son successeur, en vertu d&#039;un accord laborieusement conclu apr\u00e8s plus de 13 heures de tractations. L&#039;accord sign\u00e9 suite \u00e0 la m\u00e9diation de l&#039;\u00e9piscopat congolais autorise [&hellip;]\" \/>\n<meta property=\"og:url\" content=\"https:\/\/www.justiceinfo.net\/fr\/31504-rdc-pouvoir-et-opposition-signent-l-accord-politique-de-sortie-de-crise.html\" \/>\n<meta property=\"og:site_name\" content=\"JusticeInfo.net\" \/>\n<meta property=\"article:publisher\" content=\"https:\/\/www.facebook.com\/JusticeInfo\/\" \/>\n<meta property=\"article:published_time\" content=\"2017-01-01T07:20:10+00:00\" \/>\n<meta property=\"og:image\" content=\"https:\/\/www.justiceinfo.net\/wp-content\/uploads\/6a79be8dc98a6117d1caa285c278d2b1.jpg\" \/>\n\t<meta property=\"og:image:width\" content=\"1000\" \/>\n\t<meta property=\"og:image:height\" content=\"667\" \/>\n\t<meta property=\"og:image:type\" content=\"image\/jpeg\" \/>\n<meta name=\"author\" content=\"Bienvenu-Marie BAKUMANYA, AFP\" \/>\n<meta name=\"twitter:card\" content=\"summary_large_image\" \/>\n<meta name=\"twitter:creator\" content=\"@justiceinfonet\" \/>\n<meta name=\"twitter:site\" content=\"@justiceinfonet\" \/>\n<meta name=\"twitter:label1\" content=\"\u00c9crit par\" \/>\n\t<meta name=\"twitter:data1\" content=\"Bienvenu-Marie BAKUMANYA, AFP\" \/>\n\t<meta name=\"twitter:label2\" content=\"Dur\u00e9e de lecture estim\u00e9e\" \/>\n\t<meta name=\"twitter:data2\" content=\"4 minutes\" \/>\n<script type=\"application\/ld+json\" class=\"yoast-schema-graph\">{\"@context\":\"https:\/\/schema.org\",\"@graph\":[{\"@type\":\"NewsArticle\",\"@id\":\"https:\/\/www.justiceinfo.net\/fr\/31504-rdc-pouvoir-et-opposition-signent-l-accord-politique-de-sortie-de-crise.html#article\",\"isPartOf\":{\"@id\":\"https:\/\/www.justiceinfo.net\/fr\/31504-rdc-pouvoir-et-opposition-signent-l-accord-politique-de-sortie-de-crise.html\"},\"author\":{\"name\":\"afp\",\"@id\":\"https:\/\/www.justiceinfo.net\/fr#\/schema\/person\/713d340ef5f218fc36ce9b4244364a7f\"},\"headline\":\"RDC: pouvoir et opposition signent l'accord politique de sortie de crise\",\"datePublished\":\"2017-01-01T07:20:10+00:00\",\"mainEntityOfPage\":{\"@id\":\"https:\/\/www.justiceinfo.net\/fr\/31504-rdc-pouvoir-et-opposition-signent-l-accord-politique-de-sortie-de-crise.html\"},\"wordCount\":750,\"commentCount\":0,\"publisher\":{\"@id\":\"https:\/\/www.justiceinfo.net\/fr#organization\"},\"image\":{\"@id\":\"https:\/\/www.justiceinfo.net\/fr\/31504-rdc-pouvoir-et-opposition-signent-l-accord-politique-de-sortie-de-crise.html#primaryimage\"},\"thumbnailUrl\":\"https:\/\/www.justiceinfo.net\/wp-content\/uploads\/6a79be8dc98a6117d1caa285c278d2b1.jpg\",\"articleSection\":[\"R\u00e9conciliation\"],\"inLanguage\":\"fr-FR\",\"potentialAction\":[{\"@type\":\"CommentAction\",\"name\":\"Comment\",\"target\":[\"https:\/\/www.justiceinfo.net\/fr\/31504-rdc-pouvoir-et-opposition-signent-l-accord-politique-de-sortie-de-crise.html#respond\"]}]},{\"@type\":\"WebPage\",\"@id\":\"https:\/\/www.justiceinfo.net\/fr\/31504-rdc-pouvoir-et-opposition-signent-l-accord-politique-de-sortie-de-crise.html\",\"url\":\"https:\/\/www.justiceinfo.net\/fr\/31504-rdc-pouvoir-et-opposition-signent-l-accord-politique-de-sortie-de-crise.html\",\"name\":\"RDC: pouvoir et opposition signent l'accord politique de sortie de crise - JusticeInfo.net\",\"isPartOf\":{\"@id\":\"https:\/\/www.justiceinfo.net\/fr#website\"},\"primaryImageOfPage\":{\"@id\":\"https:\/\/www.justiceinfo.net\/fr\/31504-rdc-pouvoir-et-opposition-signent-l-accord-politique-de-sortie-de-crise.html#primaryimage\"},\"image\":{\"@id\":\"https:\/\/www.justiceinfo.net\/fr\/31504-rdc-pouvoir-et-opposition-signent-l-accord-politique-de-sortie-de-crise.html#primaryimage\"},\"thumbnailUrl\":\"https:\/\/www.justiceinfo.net\/wp-content\/uploads\/6a79be8dc98a6117d1caa285c278d2b1.jpg\",\"datePublished\":\"2017-01-01T07:20:10+00:00\",\"breadcrumb\":{\"@id\":\"https:\/\/www.justiceinfo.net\/fr\/31504-rdc-pouvoir-et-opposition-signent-l-accord-politique-de-sortie-de-crise.html#breadcrumb\"},\"inLanguage\":\"fr-FR\",\"potentialAction\":[{\"@type\":\"ReadAction\",\"target\":[\"https:\/\/www.justiceinfo.net\/fr\/31504-rdc-pouvoir-et-opposition-signent-l-accord-politique-de-sortie-de-crise.html\"]}]},{\"@type\":\"ImageObject\",\"inLanguage\":\"fr-FR\",\"@id\":\"https:\/\/www.justiceinfo.net\/fr\/31504-rdc-pouvoir-et-opposition-signent-l-accord-politique-de-sortie-de-crise.html#primaryimage\",\"url\":\"https:\/\/www.justiceinfo.net\/wp-content\/uploads\/6a79be8dc98a6117d1caa285c278d2b1.jpg\",\"contentUrl\":\"https:\/\/www.justiceinfo.net\/wp-content\/uploads\/6a79be8dc98a6117d1caa285c278d2b1.jpg\",\"width\":1000,\"height\":667},{\"@type\":\"BreadcrumbList\",\"@id\":\"https:\/\/www.justiceinfo.net\/fr\/31504-rdc-pouvoir-et-opposition-signent-l-accord-politique-de-sortie-de-crise.html#breadcrumb\",\"itemListElement\":[{\"@type\":\"ListItem\",\"position\":1,\"name\":\"Home\",\"item\":\"https:\/\/www.justiceinfo.net\/fr\"},{\"@type\":\"ListItem\",\"position\":2,\"name\":\"RDC: pouvoir et opposition signent l'accord politique de sortie de crise\"}]},{\"@type\":\"WebSite\",\"@id\":\"https:\/\/www.justiceinfo.net\/fr#website\",\"url\":\"https:\/\/www.justiceinfo.net\/fr\",\"name\":\"JusticeInfo.net\",\"description\":\"La justice doit \u00eatre vue pour \u00eatre rendue\",\"publisher\":{\"@id\":\"https:\/\/www.justiceinfo.net\/fr#organization\"},\"potentialAction\":[{\"@type\":\"SearchAction\",\"target\":{\"@type\":\"EntryPoint\",\"urlTemplate\":\"https:\/\/www.justiceinfo.net\/fr?s={search_term_string}\"},\"query-input\":{\"@type\":\"PropertyValueSpecification\",\"valueRequired\":true,\"valueName\":\"search_term_string\"}}],\"inLanguage\":\"fr-FR\"},{\"@type\":\"Organization\",\"@id\":\"https:\/\/www.justiceinfo.net\/fr#organization\",\"name\":\"Justice Info\",\"url\":\"https:\/\/www.justiceinfo.net\/fr\",\"logo\":{\"@type\":\"ImageObject\",\"inLanguage\":\"fr-FR\",\"@id\":\"https:\/\/www.justiceinfo.net\/fr#\/schema\/logo\/image\/\",\"url\":\"https:\/\/www.justiceinfo.net\/wp-content\/uploads\/justiceinfo_logo-trans_1200x1200px.png\",\"contentUrl\":\"https:\/\/www.justiceinfo.net\/wp-content\/uploads\/justiceinfo_logo-trans_1200x1200px.png\",\"width\":1199,\"height\":1200,\"caption\":\"Justice Info\"},\"image\":{\"@id\":\"https:\/\/www.justiceinfo.net\/fr#\/schema\/logo\/image\/\"},\"sameAs\":[\"https:\/\/www.facebook.com\/JusticeInfo\/\",\"https:\/\/x.com\/justiceinfonet\",\"https:\/\/www.linkedin.com\/company\/justice-info\",\"https:\/\/www.youtube.com\/channel\/UCyCEsARodyuWtkWyhn-e7pA\"]},{\"@type\":\"Person\",\"name\":\"Bienvenu-Marie BAKUMANYA, AFP\",\"url\":\"\/fr\/?s=Bienvenu-Marie BAKUMANYA, AFP\"}]}<\/script>\n<!-- \/ Yoast SEO Premium plugin. -->","yoast_head_json":{"title":"RDC: pouvoir et opposition signent l'accord politique de sortie de crise - JusticeInfo.net","robots":{"index":"index","follow":"follow","max-snippet":"max-snippet:-1","max-image-preview":"max-image-preview:large","max-video-preview":"max-video-preview:-1"},"canonical":"https:\/\/www.justiceinfo.net\/fr\/31504-rdc-pouvoir-et-opposition-signent-l-accord-politique-de-sortie-de-crise.html","og_locale":"fr_FR","og_type":"article","og_title":"RDC: pouvoir et opposition signent l'accord politique de sortie de crise","og_description":"Pouvoir et opposition en R\u00e9publique d\u00e9mocratique du Congo vont cog\u00e9rer le pays durant la transition entre la fin du mandat du pr\u00e9sident Joseph Kabila, le 20 d\u00e9cembre, et l'\u00e9lection de son successeur, en vertu d'un accord laborieusement conclu apr\u00e8s plus de 13 heures de tractations. L'accord sign\u00e9 suite \u00e0 la m\u00e9diation de l'\u00e9piscopat congolais autorise [&hellip;]","og_url":"https:\/\/www.justiceinfo.net\/fr\/31504-rdc-pouvoir-et-opposition-signent-l-accord-politique-de-sortie-de-crise.html","og_site_name":"JusticeInfo.net","article_publisher":"https:\/\/www.facebook.com\/JusticeInfo\/","article_published_time":"2017-01-01T07:20:10+00:00","og_image":[{"width":1000,"height":667,"url":"https:\/\/www.justiceinfo.net\/wp-content\/uploads\/6a79be8dc98a6117d1caa285c278d2b1.jpg","type":"image\/jpeg"}],"author":"Bienvenu-Marie BAKUMANYA, AFP","twitter_card":"summary_large_image","twitter_creator":"@justiceinfonet","twitter_site":"@justiceinfonet","twitter_misc":{"\u00c9crit par":"Bienvenu-Marie BAKUMANYA, AFP","Dur\u00e9e de lecture estim\u00e9e":"4 minutes"},"schema":{"@context":"https:\/\/schema.org","@graph":[{"@type":"NewsArticle","@id":"https:\/\/www.justiceinfo.net\/fr\/31504-rdc-pouvoir-et-opposition-signent-l-accord-politique-de-sortie-de-crise.html#article","isPartOf":{"@id":"https:\/\/www.justiceinfo.net\/fr\/31504-rdc-pouvoir-et-opposition-signent-l-accord-politique-de-sortie-de-crise.html"},"author":{"name":"afp","@id":"https:\/\/www.justiceinfo.net\/fr#\/schema\/person\/713d340ef5f218fc36ce9b4244364a7f"},"headline":"RDC: pouvoir et opposition signent l'accord politique de sortie de crise","datePublished":"2017-01-01T07:20:10+00:00","mainEntityOfPage":{"@id":"https:\/\/www.justiceinfo.net\/fr\/31504-rdc-pouvoir-et-opposition-signent-l-accord-politique-de-sortie-de-crise.html"},"wordCount":750,"commentCount":0,"publisher":{"@id":"https:\/\/www.justiceinfo.net\/fr#organization"},"image":{"@id":"https:\/\/www.justiceinfo.net\/fr\/31504-rdc-pouvoir-et-opposition-signent-l-accord-politique-de-sortie-de-crise.html#primaryimage"},"thumbnailUrl":"https:\/\/www.justiceinfo.net\/wp-content\/uploads\/6a79be8dc98a6117d1caa285c278d2b1.jpg","articleSection":["R\u00e9conciliation"],"inLanguage":"fr-FR","potentialAction":[{"@type":"CommentAction","name":"Comment","target":["https:\/\/www.justiceinfo.net\/fr\/31504-rdc-pouvoir-et-opposition-signent-l-accord-politique-de-sortie-de-crise.html#respond"]}]},{"@type":"WebPage","@id":"https:\/\/www.justiceinfo.net\/fr\/31504-rdc-pouvoir-et-opposition-signent-l-accord-politique-de-sortie-de-crise.html","url":"https:\/\/www.justiceinfo.net\/fr\/31504-rdc-pouvoir-et-opposition-signent-l-accord-politique-de-sortie-de-crise.html","name":"RDC: pouvoir et opposition signent l'accord politique de sortie de crise - JusticeInfo.net","isPartOf":{"@id":"https:\/\/www.justiceinfo.net\/fr#website"},"primaryImageOfPage":{"@id":"https:\/\/www.justiceinfo.net\/fr\/31504-rdc-pouvoir-et-opposition-signent-l-accord-politique-de-sortie-de-crise.html#primaryimage"},"image":{"@id":"https:\/\/www.justiceinfo.net\/fr\/31504-rdc-pouvoir-et-opposition-signent-l-accord-politique-de-sortie-de-crise.html#primaryimage"},"thumbnailUrl":"https:\/\/www.justiceinfo.net\/wp-content\/uploads\/6a79be8dc98a6117d1caa285c278d2b1.jpg","datePublished":"2017-01-01T07:20:10+00:00","breadcrumb":{"@id":"https:\/\/www.justiceinfo.net\/fr\/31504-rdc-pouvoir-et-opposition-signent-l-accord-politique-de-sortie-de-crise.html#breadcrumb"},"inLanguage":"fr-FR","potentialAction":[{"@type":"ReadAction","target":["https:\/\/www.justiceinfo.net\/fr\/31504-rdc-pouvoir-et-opposition-signent-l-accord-politique-de-sortie-de-crise.html"]}]},{"@type":"ImageObject","inLanguage":"fr-FR","@id":"https:\/\/www.justiceinfo.net\/fr\/31504-rdc-pouvoir-et-opposition-signent-l-accord-politique-de-sortie-de-crise.html#primaryimage","url":"https:\/\/www.justiceinfo.net\/wp-content\/uploads\/6a79be8dc98a6117d1caa285c278d2b1.jpg","contentUrl":"https:\/\/www.justiceinfo.net\/wp-content\/uploads\/6a79be8dc98a6117d1caa285c278d2b1.jpg","width":1000,"height":667},{"@type":"BreadcrumbList","@id":"https:\/\/www.justiceinfo.net\/fr\/31504-rdc-pouvoir-et-opposition-signent-l-accord-politique-de-sortie-de-crise.html#breadcrumb","itemListElement":[{"@type":"ListItem","position":1,"name":"Home","item":"https:\/\/www.justiceinfo.net\/fr"},{"@type":"ListItem","position":2,"name":"RDC: pouvoir et opposition signent l'accord politique de sortie de crise"}]},{"@type":"WebSite","@id":"https:\/\/www.justiceinfo.net\/fr#website","url":"https:\/\/www.justiceinfo.net\/fr","name":"JusticeInfo.net","description":"La justice doit \u00eatre vue pour \u00eatre rendue","publisher":{"@id":"https:\/\/www.justiceinfo.net\/fr#organization"},"potentialAction":[{"@type":"SearchAction","target":{"@type":"EntryPoint","urlTemplate":"https:\/\/www.justiceinfo.net\/fr?s={search_term_string}"},"query-input":{"@type":"PropertyValueSpecification","valueRequired":true,"valueName":"search_term_string"}}],"inLanguage":"fr-FR"},{"@type":"Organization","@id":"https:\/\/www.justiceinfo.net\/fr#organization","name":"Justice Info","url":"https:\/\/www.justiceinfo.net\/fr","logo":{"@type":"ImageObject","inLanguage":"fr-FR","@id":"https:\/\/www.justiceinfo.net\/fr#\/schema\/logo\/image\/","url":"https:\/\/www.justiceinfo.net\/wp-content\/uploads\/justiceinfo_logo-trans_1200x1200px.png","contentUrl":"https:\/\/www.justiceinfo.net\/wp-content\/uploads\/justiceinfo_logo-trans_1200x1200px.png","width":1199,"height":1200,"caption":"Justice Info"},"image":{"@id":"https:\/\/www.justiceinfo.net\/fr#\/schema\/logo\/image\/"},"sameAs":["https:\/\/www.facebook.com\/JusticeInfo\/","https:\/\/x.com\/justiceinfonet","https:\/\/www.linkedin.com\/company\/justice-info","https:\/\/www.youtube.com\/channel\/UCyCEsARodyuWtkWyhn-e7pA"]},{"@type":"Person","name":"Bienvenu-Marie BAKUMANYA, AFP","url":"\/fr\/?s=Bienvenu-Marie BAKUMANYA, AFP"}]}},"_links":{"self":[{"href":"https:\/\/www.justiceinfo.net\/fr\/wp-json\/wp\/v2\/posts\/31504","targetHints":{"allow":["GET"]}}],"collection":[{"href":"https:\/\/www.justiceinfo.net\/fr\/wp-json\/wp\/v2\/posts"}],"about":[{"href":"https:\/\/www.justiceinfo.net\/fr\/wp-json\/wp\/v2\/types\/post"}],"author":[{"embeddable":true,"href":"https:\/\/www.justiceinfo.net\/fr\/wp-json\/wp\/v2\/users\/60"}],"replies":[{"embeddable":true,"href":"https:\/\/www.justiceinfo.net\/fr\/wp-json\/wp\/v2\/comments?post=31504"}],"version-history":[{"count":0,"href":"https:\/\/www.justiceinfo.net\/fr\/wp-json\/wp\/v2\/posts\/31504\/revisions"}],"wp:featuredmedia":[{"embeddable":true,"href":"https:\/\/www.justiceinfo.net\/fr\/wp-json\/wp\/v2\/media\/68052"}],"wp:attachment":[{"href":"https:\/\/www.justiceinfo.net\/fr\/wp-json\/wp\/v2\/media?parent=31504"}],"wp:term":[{"taxonomy":"category","embeddable":true,"href":"https:\/\/www.justiceinfo.net\/fr\/wp-json\/wp\/v2\/categories?post=31504"},{"taxonomy":"post_tag","embeddable":true,"href":"https:\/\/www.justiceinfo.net\/fr\/wp-json\/wp\/v2\/tags?post=31504"},{"taxonomy":"ji_location","embeddable":true,"href":"https:\/\/www.justiceinfo.net\/fr\/wp-json\/wp\/v2\/ji_location?post=31504"}],"curies":[{"name":"wp","href":"https:\/\/api.w.org\/{rel}","templated":true}]}}