{"id":31512,"date":"2017-01-01T18:05:08","date_gmt":"2017-01-01T17:05:08","guid":{"rendered":"https:\/\/www.justiceinfo.net\/31512-israel-affirme-qu-il-ne-rendra-pas-les-depouilles-de-membres-du-hamas.html"},"modified":"2017-01-01T18:05:08","modified_gmt":"2017-01-01T17:05:08","slug":"israel-affirme-qu-il-ne-rendra-pas-les-depouilles-de-membres-du-hamas","status":"publish","type":"post","link":"https:\/\/www.justiceinfo.net\/fr\/31512-israel-affirme-qu-il-ne-rendra-pas-les-depouilles-de-membres-du-hamas.html","title":{"rendered":"Isra\u00ebl affirme qu'il ne rendra pas les d\u00e9pouilles de membres du Hamas"},"content":{"rendered":"<div class=\"txt-textContent\">\n<div class=\"text fontsize_0 jq_Content jq_langdir\">\n<p>Isra\u00ebl a d\u00e9cid\u00e9 dimanche de ne pas rendre \u00e0 leur famille les corps de membres du Hamas palestinien tu\u00e9s lors d'attaques anti-isra\u00e9liennes, mais de les enterrer, a annonc\u00e9 le gouvernement.<\/p>\n<p>La d\u00e9cision, prise par le cabinet de s\u00e9curit\u00e9, survient au lendemain de la diffusion par la branche arm\u00e9e du mouvement palestinien qui contr\u00f4le la bande de Gaza d'une vid\u00e9o de propagande se moquant d'un soldat isra\u00e9lien qu'elle dit d\u00e9tenir et dont Isra\u00ebl affirme qu'il a \u00e9t\u00e9 tu\u00e9 au cours de la guerre de Gaza en 2014.<\/p>\n<p>Selon un communiqu\u00e9 publi\u00e9 sur le compte Twitter du Premier ministre Benjamin Netanyahu, le cabinet de s\u00e9curit\u00e9 a discut\u00e9 de la question des d\u00e9pouilles des membres du Hamas \"et d\u00e9cid\u00e9 qu'elles ne seront pas rendues mais enterr\u00e9es\".<\/p>\n<p>La r\u00e9union a \u00e9galement port\u00e9 sur les moyens de r\u00e9cup\u00e9rer les d\u00e9pouilles de soldats tu\u00e9s dans la guerre de Gaza en 2014 et d'obtenir la lib\u00e9ration de deux civils isra\u00e9liens port\u00e9s disparus dans la bande de Gaza et qui seraient d\u00e9tenus par le Hamas, ajoute le communiqu\u00e9.<\/p>\n<p>Les ministres ont adopt\u00e9 un \"plan d'action\", affirme le texte sans donner de d\u00e9tails.<\/p>\n<p>Isra\u00ebl a proc\u00e9d\u00e9 par le pass\u00e9 \u00e0 l'enterrement dans des lieux \u00e9loign\u00e9s non d\u00e9voil\u00e9s de d\u00e9pouilles d'activistes palestiniens tu\u00e9s.<\/p>\n<p>Les Brigades Ezzedine al-Qassam ont publi\u00e9 samedi un montage vid\u00e9o de propagande et affirm\u00e9 avoir diffus\u00e9 ces images \"\u00e0 l'occasion du 23e anniversaire du soldat sioniste prisonnier Oron Shaul et de la fin de l'ann\u00e9e 2016\".<\/p>\n<p>Depuis le conflit meurtrier de juillet-ao\u00fbt 2014, le Hamas entretient l'ambigu\u00eft\u00e9 sur le sort du sergent isra\u00e9lien Shaul, dont Isra\u00ebl n'a pas r\u00e9cup\u00e9r\u00e9 la d\u00e9pouille, tout comme sur celui du sous-lieutenant Hadar Goldin.<\/p>\n<p>Mort ou vivant, un soldat isra\u00e9lien est une monnaie d'\u00e9change pr\u00e9cieuse. Isra\u00ebl a proc\u00e9d\u00e9 par le pass\u00e9 avec des organisations ennemies (dont le Hamas) \u00e0 des \u00e9changes de prisonniers ou de corps pour ramener des Isra\u00e9liens au pays.<\/p>\n<p>Un n\u00e9gociateur isra\u00e9lien avait indiqu\u00e9 en septembre que le Hamas avait refus\u00e9 d'\u00e9changer les corps de deux soldats isra\u00e9liens contre une vingtaine de corps de Palestiniens et autant de prisonniers.<\/p>\n<p>Isra\u00ebl et le Hamas se sont livr\u00e9s trois guerres entre 2008 et 2014 et observent depuis un cessez-le-feu pr\u00e9caire.<\/p>\n<p>Dans un pays r\u00e9guli\u00e8rement en guerre o\u00f9 l'arm\u00e9e est une institution centrale, le sort des soldats qui ne sont pas rentr\u00e9s du combat peut prendre des allures de cause nationale.<\/p>\n<\/div>\n<\/div>\n","protected":false},"excerpt":{"rendered":"<p>Isra\u00ebl a d\u00e9cid\u00e9 dimanche de ne pas rendre \u00e0 leur famille les corps de membres du Hamas palestinien tu\u00e9s lors d'attaques anti-isra\u00e9liennes, mais de les enterrer, a annonc\u00e9 le gouvernement. La d\u00e9cision, prise par le cabinet de s\u00e9curit\u00e9, survient au lendemain de la diffusion par la branche arm\u00e9e du mouvement palestinien qui contr\u00f4le la bande [&hellip;]<\/p>\n","protected":false},"author":60,"featured_media":0,"comment_status":"open","ping_status":"closed","sticky":false,"template":"","format":"standard","meta":{"_acf_changed":false,"footnotes":""},"categories":[2576],"tags":[],"ji_location":[2402],"class_list":["post-31512","post","type-post","status-publish","format-standard","hentry","category-fil-d-actualite","ji_location-palestine"],"acf":[],"yoast_head":"<!-- This site is optimized with the Yoast SEO Premium plugin v25.3.1 (Yoast SEO v25.3.1) - https:\/\/yoast.com\/wordpress\/plugins\/seo\/ -->\n<title>Isra\u00ebl affirme qu&#039;il ne rendra pas les d\u00e9pouilles de membres du Hamas - JusticeInfo.net<\/title>\n<meta name=\"robots\" content=\"index, follow, max-snippet:-1, max-image-preview:large, max-video-preview:-1\" \/>\n<link rel=\"canonical\" href=\"https:\/\/www.justiceinfo.net\/fr\/31512-israel-affirme-qu-il-ne-rendra-pas-les-depouilles-de-membres-du-hamas.html\" \/>\n<meta property=\"og:locale\" content=\"fr_FR\" \/>\n<meta property=\"og:type\" content=\"article\" \/>\n<meta property=\"og:title\" content=\"Isra\u00ebl affirme qu&#039;il ne rendra pas les d\u00e9pouilles de membres du Hamas\" \/>\n<meta property=\"og:description\" content=\"Isra\u00ebl a d\u00e9cid\u00e9 dimanche de ne pas rendre \u00e0 leur famille les corps de membres du Hamas palestinien tu\u00e9s lors d&#039;attaques anti-isra\u00e9liennes, mais de les enterrer, a annonc\u00e9 le gouvernement. La d\u00e9cision, prise par le cabinet de s\u00e9curit\u00e9, survient au lendemain de la diffusion par la branche arm\u00e9e du mouvement palestinien qui contr\u00f4le la bande [&hellip;]\" \/>\n<meta property=\"og:url\" content=\"https:\/\/www.justiceinfo.net\/fr\/31512-israel-affirme-qu-il-ne-rendra-pas-les-depouilles-de-membres-du-hamas.html\" \/>\n<meta property=\"og:site_name\" content=\"JusticeInfo.net\" \/>\n<meta property=\"article:publisher\" content=\"https:\/\/www.facebook.com\/JusticeInfo\/\" \/>\n<meta property=\"article:published_time\" content=\"2017-01-01T17:05:08+00:00\" \/>\n<meta property=\"og:image\" content=\"https:\/\/www.justiceinfo.net\/wp-content\/uploads\/JusticeInfoNet_logo_1200x630px.jpg\" \/>\n\t<meta property=\"og:image:width\" content=\"1200\" \/>\n\t<meta property=\"og:image:height\" content=\"630\" \/>\n\t<meta property=\"og:image:type\" content=\"image\/jpeg\" \/>\n<meta name=\"author\" content=\"AFP\" \/>\n<meta name=\"twitter:card\" content=\"summary_large_image\" \/>\n<meta name=\"twitter:creator\" content=\"@justiceinfonet\" \/>\n<meta name=\"twitter:site\" content=\"@justiceinfonet\" \/>\n<meta name=\"twitter:label1\" content=\"\u00c9crit par\" \/>\n\t<meta name=\"twitter:data1\" content=\"AFP\" \/>\n\t<meta name=\"twitter:label2\" content=\"Dur\u00e9e de lecture estim\u00e9e\" \/>\n\t<meta name=\"twitter:data2\" content=\"2 minutes\" \/>\n<script type=\"application\/ld+json\" class=\"yoast-schema-graph\">{\"@context\":\"https:\/\/schema.org\",\"@graph\":[{\"@type\":\"NewsArticle\",\"@id\":\"https:\/\/www.justiceinfo.net\/fr\/31512-israel-affirme-qu-il-ne-rendra-pas-les-depouilles-de-membres-du-hamas.html#article\",\"isPartOf\":{\"@id\":\"https:\/\/www.justiceinfo.net\/fr\/31512-israel-affirme-qu-il-ne-rendra-pas-les-depouilles-de-membres-du-hamas.html\"},\"author\":{\"name\":\"afp\",\"@id\":\"https:\/\/www.justiceinfo.net\/fr#\/schema\/person\/713d340ef5f218fc36ce9b4244364a7f\"},\"headline\":\"Isra\u00ebl affirme qu'il ne rendra pas les d\u00e9pouilles de membres du Hamas\",\"datePublished\":\"2017-01-01T17:05:08+00:00\",\"mainEntityOfPage\":{\"@id\":\"https:\/\/www.justiceinfo.net\/fr\/31512-israel-affirme-qu-il-ne-rendra-pas-les-depouilles-de-membres-du-hamas.html\"},\"wordCount\":468,\"commentCount\":0,\"publisher\":{\"@id\":\"https:\/\/www.justiceinfo.net\/fr#organization\"},\"articleSection\":[\"Fil d'info AFP\"],\"inLanguage\":\"fr-FR\",\"potentialAction\":[{\"@type\":\"CommentAction\",\"name\":\"Comment\",\"target\":[\"https:\/\/www.justiceinfo.net\/fr\/31512-israel-affirme-qu-il-ne-rendra-pas-les-depouilles-de-membres-du-hamas.html#respond\"]}]},{\"@type\":\"WebPage\",\"@id\":\"https:\/\/www.justiceinfo.net\/fr\/31512-israel-affirme-qu-il-ne-rendra-pas-les-depouilles-de-membres-du-hamas.html\",\"url\":\"https:\/\/www.justiceinfo.net\/fr\/31512-israel-affirme-qu-il-ne-rendra-pas-les-depouilles-de-membres-du-hamas.html\",\"name\":\"Isra\u00ebl affirme qu'il ne rendra pas les d\u00e9pouilles de membres du Hamas - JusticeInfo.net\",\"isPartOf\":{\"@id\":\"https:\/\/www.justiceinfo.net\/fr#website\"},\"datePublished\":\"2017-01-01T17:05:08+00:00\",\"breadcrumb\":{\"@id\":\"https:\/\/www.justiceinfo.net\/fr\/31512-israel-affirme-qu-il-ne-rendra-pas-les-depouilles-de-membres-du-hamas.html#breadcrumb\"},\"inLanguage\":\"fr-FR\",\"potentialAction\":[{\"@type\":\"ReadAction\",\"target\":[\"https:\/\/www.justiceinfo.net\/fr\/31512-israel-affirme-qu-il-ne-rendra-pas-les-depouilles-de-membres-du-hamas.html\"]}]},{\"@type\":\"BreadcrumbList\",\"@id\":\"https:\/\/www.justiceinfo.net\/fr\/31512-israel-affirme-qu-il-ne-rendra-pas-les-depouilles-de-membres-du-hamas.html#breadcrumb\",\"itemListElement\":[{\"@type\":\"ListItem\",\"position\":1,\"name\":\"Home\",\"item\":\"https:\/\/www.justiceinfo.net\/fr\"},{\"@type\":\"ListItem\",\"position\":2,\"name\":\"Isra\u00ebl affirme qu'il ne rendra pas les d\u00e9pouilles de membres du Hamas\"}]},{\"@type\":\"WebSite\",\"@id\":\"https:\/\/www.justiceinfo.net\/fr#website\",\"url\":\"https:\/\/www.justiceinfo.net\/fr\",\"name\":\"JusticeInfo.net\",\"description\":\"La justice doit \u00eatre vue pour \u00eatre rendue\",\"publisher\":{\"@id\":\"https:\/\/www.justiceinfo.net\/fr#organization\"},\"potentialAction\":[{\"@type\":\"SearchAction\",\"target\":{\"@type\":\"EntryPoint\",\"urlTemplate\":\"https:\/\/www.justiceinfo.net\/fr?s={search_term_string}\"},\"query-input\":{\"@type\":\"PropertyValueSpecification\",\"valueRequired\":true,\"valueName\":\"search_term_string\"}}],\"inLanguage\":\"fr-FR\"},{\"@type\":\"Organization\",\"@id\":\"https:\/\/www.justiceinfo.net\/fr#organization\",\"name\":\"Justice Info\",\"url\":\"https:\/\/www.justiceinfo.net\/fr\",\"logo\":{\"@type\":\"ImageObject\",\"inLanguage\":\"fr-FR\",\"@id\":\"https:\/\/www.justiceinfo.net\/fr#\/schema\/logo\/image\/\",\"url\":\"https:\/\/www.justiceinfo.net\/wp-content\/uploads\/justiceinfo_logo-trans_1200x1200px.png\",\"contentUrl\":\"https:\/\/www.justiceinfo.net\/wp-content\/uploads\/justiceinfo_logo-trans_1200x1200px.png\",\"width\":1199,\"height\":1200,\"caption\":\"Justice Info\"},\"image\":{\"@id\":\"https:\/\/www.justiceinfo.net\/fr#\/schema\/logo\/image\/\"},\"sameAs\":[\"https:\/\/www.facebook.com\/JusticeInfo\/\",\"https:\/\/x.com\/justiceinfonet\",\"https:\/\/www.linkedin.com\/company\/justice-info\",\"https:\/\/www.youtube.com\/channel\/UCyCEsARodyuWtkWyhn-e7pA\"]},{\"@type\":\"Person\",\"name\":\"AFP\",\"url\":\"\/fr\/?s=AFP\"}]}<\/script>\n<!-- \/ Yoast SEO Premium plugin. -->","yoast_head_json":{"title":"Isra\u00ebl affirme qu'il ne rendra pas les d\u00e9pouilles de membres du Hamas - JusticeInfo.net","robots":{"index":"index","follow":"follow","max-snippet":"max-snippet:-1","max-image-preview":"max-image-preview:large","max-video-preview":"max-video-preview:-1"},"canonical":"https:\/\/www.justiceinfo.net\/fr\/31512-israel-affirme-qu-il-ne-rendra-pas-les-depouilles-de-membres-du-hamas.html","og_locale":"fr_FR","og_type":"article","og_title":"Isra\u00ebl affirme qu'il ne rendra pas les d\u00e9pouilles de membres du Hamas","og_description":"Isra\u00ebl a d\u00e9cid\u00e9 dimanche de ne pas rendre \u00e0 leur famille les corps de membres du Hamas palestinien tu\u00e9s lors d'attaques anti-isra\u00e9liennes, mais de les enterrer, a annonc\u00e9 le gouvernement. La d\u00e9cision, prise par le cabinet de s\u00e9curit\u00e9, survient au lendemain de la diffusion par la branche arm\u00e9e du mouvement palestinien qui contr\u00f4le la bande [&hellip;]","og_url":"https:\/\/www.justiceinfo.net\/fr\/31512-israel-affirme-qu-il-ne-rendra-pas-les-depouilles-de-membres-du-hamas.html","og_site_name":"JusticeInfo.net","article_publisher":"https:\/\/www.facebook.com\/JusticeInfo\/","article_published_time":"2017-01-01T17:05:08+00:00","og_image":[{"width":1200,"height":630,"url":"https:\/\/www.justiceinfo.net\/wp-content\/uploads\/JusticeInfoNet_logo_1200x630px.jpg","type":"image\/jpeg"}],"author":"AFP","twitter_card":"summary_large_image","twitter_creator":"@justiceinfonet","twitter_site":"@justiceinfonet","twitter_misc":{"\u00c9crit par":"AFP","Dur\u00e9e de lecture estim\u00e9e":"2 minutes"},"schema":{"@context":"https:\/\/schema.org","@graph":[{"@type":"NewsArticle","@id":"https:\/\/www.justiceinfo.net\/fr\/31512-israel-affirme-qu-il-ne-rendra-pas-les-depouilles-de-membres-du-hamas.html#article","isPartOf":{"@id":"https:\/\/www.justiceinfo.net\/fr\/31512-israel-affirme-qu-il-ne-rendra-pas-les-depouilles-de-membres-du-hamas.html"},"author":{"name":"afp","@id":"https:\/\/www.justiceinfo.net\/fr#\/schema\/person\/713d340ef5f218fc36ce9b4244364a7f"},"headline":"Isra\u00ebl affirme qu'il ne rendra pas les d\u00e9pouilles de membres du Hamas","datePublished":"2017-01-01T17:05:08+00:00","mainEntityOfPage":{"@id":"https:\/\/www.justiceinfo.net\/fr\/31512-israel-affirme-qu-il-ne-rendra-pas-les-depouilles-de-membres-du-hamas.html"},"wordCount":468,"commentCount":0,"publisher":{"@id":"https:\/\/www.justiceinfo.net\/fr#organization"},"articleSection":["Fil d'info AFP"],"inLanguage":"fr-FR","potentialAction":[{"@type":"CommentAction","name":"Comment","target":["https:\/\/www.justiceinfo.net\/fr\/31512-israel-affirme-qu-il-ne-rendra-pas-les-depouilles-de-membres-du-hamas.html#respond"]}]},{"@type":"WebPage","@id":"https:\/\/www.justiceinfo.net\/fr\/31512-israel-affirme-qu-il-ne-rendra-pas-les-depouilles-de-membres-du-hamas.html","url":"https:\/\/www.justiceinfo.net\/fr\/31512-israel-affirme-qu-il-ne-rendra-pas-les-depouilles-de-membres-du-hamas.html","name":"Isra\u00ebl affirme qu'il ne rendra pas les d\u00e9pouilles de membres du Hamas - JusticeInfo.net","isPartOf":{"@id":"https:\/\/www.justiceinfo.net\/fr#website"},"datePublished":"2017-01-01T17:05:08+00:00","breadcrumb":{"@id":"https:\/\/www.justiceinfo.net\/fr\/31512-israel-affirme-qu-il-ne-rendra-pas-les-depouilles-de-membres-du-hamas.html#breadcrumb"},"inLanguage":"fr-FR","potentialAction":[{"@type":"ReadAction","target":["https:\/\/www.justiceinfo.net\/fr\/31512-israel-affirme-qu-il-ne-rendra-pas-les-depouilles-de-membres-du-hamas.html"]}]},{"@type":"BreadcrumbList","@id":"https:\/\/www.justiceinfo.net\/fr\/31512-israel-affirme-qu-il-ne-rendra-pas-les-depouilles-de-membres-du-hamas.html#breadcrumb","itemListElement":[{"@type":"ListItem","position":1,"name":"Home","item":"https:\/\/www.justiceinfo.net\/fr"},{"@type":"ListItem","position":2,"name":"Isra\u00ebl affirme qu'il ne rendra pas les d\u00e9pouilles de membres du Hamas"}]},{"@type":"WebSite","@id":"https:\/\/www.justiceinfo.net\/fr#website","url":"https:\/\/www.justiceinfo.net\/fr","name":"JusticeInfo.net","description":"La justice doit \u00eatre vue pour \u00eatre rendue","publisher":{"@id":"https:\/\/www.justiceinfo.net\/fr#organization"},"potentialAction":[{"@type":"SearchAction","target":{"@type":"EntryPoint","urlTemplate":"https:\/\/www.justiceinfo.net\/fr?s={search_term_string}"},"query-input":{"@type":"PropertyValueSpecification","valueRequired":true,"valueName":"search_term_string"}}],"inLanguage":"fr-FR"},{"@type":"Organization","@id":"https:\/\/www.justiceinfo.net\/fr#organization","name":"Justice Info","url":"https:\/\/www.justiceinfo.net\/fr","logo":{"@type":"ImageObject","inLanguage":"fr-FR","@id":"https:\/\/www.justiceinfo.net\/fr#\/schema\/logo\/image\/","url":"https:\/\/www.justiceinfo.net\/wp-content\/uploads\/justiceinfo_logo-trans_1200x1200px.png","contentUrl":"https:\/\/www.justiceinfo.net\/wp-content\/uploads\/justiceinfo_logo-trans_1200x1200px.png","width":1199,"height":1200,"caption":"Justice Info"},"image":{"@id":"https:\/\/www.justiceinfo.net\/fr#\/schema\/logo\/image\/"},"sameAs":["https:\/\/www.facebook.com\/JusticeInfo\/","https:\/\/x.com\/justiceinfonet","https:\/\/www.linkedin.com\/company\/justice-info","https:\/\/www.youtube.com\/channel\/UCyCEsARodyuWtkWyhn-e7pA"]},{"@type":"Person","name":"AFP","url":"\/fr\/?s=AFP"}]}},"_links":{"self":[{"href":"https:\/\/www.justiceinfo.net\/fr\/wp-json\/wp\/v2\/posts\/31512","targetHints":{"allow":["GET"]}}],"collection":[{"href":"https:\/\/www.justiceinfo.net\/fr\/wp-json\/wp\/v2\/posts"}],"about":[{"href":"https:\/\/www.justiceinfo.net\/fr\/wp-json\/wp\/v2\/types\/post"}],"author":[{"embeddable":true,"href":"https:\/\/www.justiceinfo.net\/fr\/wp-json\/wp\/v2\/users\/60"}],"replies":[{"embeddable":true,"href":"https:\/\/www.justiceinfo.net\/fr\/wp-json\/wp\/v2\/comments?post=31512"}],"version-history":[{"count":0,"href":"https:\/\/www.justiceinfo.net\/fr\/wp-json\/wp\/v2\/posts\/31512\/revisions"}],"wp:attachment":[{"href":"https:\/\/www.justiceinfo.net\/fr\/wp-json\/wp\/v2\/media?parent=31512"}],"wp:term":[{"taxonomy":"category","embeddable":true,"href":"https:\/\/www.justiceinfo.net\/fr\/wp-json\/wp\/v2\/categories?post=31512"},{"taxonomy":"post_tag","embeddable":true,"href":"https:\/\/www.justiceinfo.net\/fr\/wp-json\/wp\/v2\/tags?post=31512"},{"taxonomy":"ji_location","embeddable":true,"href":"https:\/\/www.justiceinfo.net\/fr\/wp-json\/wp\/v2\/ji_location?post=31512"}],"curies":[{"name":"wp","href":"https:\/\/api.w.org\/{rel}","templated":true}]}}