{"id":31646,"date":"2017-01-11T00:00:00","date_gmt":"2017-01-10T23:00:00","guid":{"rendered":"https:\/\/www.justiceinfo.net\/31646-rwanda-la-commune-rouge-sinistre-lieu-dadministration-de-la-mort-en-1994.html"},"modified":"2023-06-23T20:52:04","modified_gmt":"2023-06-23T18:52:04","slug":"rwanda-la-commune-rouge-sinistre-lieu-dadministration-de-la-mort-en-1994","status":"publish","type":"post","link":"https:\/\/www.justiceinfo.net\/fr\/31646-rwanda-la-commune-rouge-sinistre-lieu-dadministration-de-la-mort-en-1994.html","title":{"rendered":"Rwanda : \u00ab la Commune rouge \u00bb, sinistre lieu d\u2019administration de la mort en 1994"},"content":{"rendered":"<div class=\"content-excerpt\">\n<p><strong><em>Au moment du g\u00e9nocide des Tutsis en 1994, la pr\u00e9fecture de Gisenyi, dans le Nord-Ouest du Rwanda, \u00e9tait, comme toutes les entit\u00e9s territoriales de cet \u00e9chelon, subdivis\u00e9e en communes. Mais sur la carte administrative de l\u2019\u00e9poque, la \u00ab\u00a0Commune rouge\u00a0\u00bb n\u2019appara\u00eet nulle part. Loin de renvoyer \u00e0 une quelconque entit\u00e9 administrative, ce terme d\u00e9signe un cimeti\u00e8re o\u00f9 les Tutsis \u00e9taient souvent emmen\u00e9s et mis \u00e0 mort en 1994 avant d\u2019\u00eatre jet\u00e9s dans une fosse commune lorsqu\u2019ils n\u2019\u00e9taient pas simplement enterr\u00e9s vifs.<\/em><\/strong><\/p>\n<\/div>\n<p>Vu de loin, l\u2019endroit ressemble aujourd\u2019hui \u00e0 un vaste terrain vague. Environ trois hectares. De plus pr\u00e8s, en d\u00e9pit de la hauteur de l\u2019herbe mal entretenue, on distingue des st\u00e8les \u00e9rig\u00e9es sur certaines tombes. Selon les \u00e9pitaphes, les morts identifi\u00e9s y ont \u00e9t\u00e9 enterr\u00e9s avant le g\u00e9nocide des Tutsis en 1994. C\u2019est le cimeti\u00e8re de Ruliba, au pied du mont Rubavu, dans l\u2019ancienne commune urbaine du m\u00eame nom. Ici, les habitants de la petite ville de Gisenyi, frontali\u00e8re de Goma, dans l\u2019ex-Za\u00efre, venaient inhumer leurs morts avant 1994. \u00ab\u00a0C\u2019\u00e9tait la destination finale de tout habitant de Gisenyi, lorsque son parcours ici-bas prenait fin\u00a0\u00bb, explique Innocent Kabanda, dans ce langage imag\u00e9 cher aux Rwandais.<\/p>\n<h3><strong>Leurrer les Tutsis<\/strong><\/h3>\n<p>Mais l\u2019histoire du cimeti\u00e8re va brusquement changer quelques heures apr\u00e8s l\u2019attentat contre l\u2019avion du pr\u00e9sident Juv\u00e9nal Habyarimana, dans la soir\u00e9e du 6 avril 1994. Pour leurrer les Tutsis rafl\u00e9s dans la ville, l\u2019imagination des tueurs cr\u00e9e ce n\u00e9ologisme de la mort. Au petit matin du 7 avril 1994, se souvient encore Kabanda, qui \u00e9tait alors \u00e2g\u00e9 de 13 ans, un groupe de miliciens viennent appr\u00e9hender son p\u00e8re en lui expliquant qu\u2019ils l\u2019emm\u00e8nent \u00e0 \u00ab\u00a0la Commune\u00a0\u00bb. En entendant le mot \u00ab\u00a0commune\u00a0\u00bb, le p\u00e8re de Kabanda pense que ces jeunes miliciens vont le conduire devant le bourgmestre (maire) de l\u2019endroit, un ami \u00e0 lui. \u00ab\u00a0Le Bourgmestre est un ami, il va s\u00fbrement me lib\u00e9rer\u00a0\u00bb, dit-il, en essayant de rassurer les membres de sa famille. Muni de sa carte d\u2019identit\u00e9, il prend ainsi la route, encadr\u00e9 par les miliciens. \u00ab\u00a0Nous ne le reverrons jamais\u00a0\u00bb, soupire Innocent, son fils, rescap\u00e9.<\/p>\n<p>Selon les aveux de tueurs repentis, parmi lesquels Ga\u00ebtan Ndererimana, les victimes \u00e9taient mises \u00e0 mort \u00e0 leur arriv\u00e9e \u00e0 \u00ab\u00a0la Commune\u00a0\u00bb ou tout simplement jet\u00e9es vivantes dans une \u00e9norme fosse. Quand ce fut le tour du vieux Thomas Ngayawira alias Rugotomeza d\u2019y \u00eatre conduit, raconte l\u2019ancien milicien, il y avait au bord de la fosse, des cadavres d\u2019hommes et de femmes du voisinage. Et Rugotomeza de s\u2019exclamer \u00e0 la vue du sang encore frais qui coulait des corps de ces personnes qu\u2019il connaissait\u00a0bien: \u00ab\u00a0Pourquoi m\u2019avez-vous menti\u00a0? Ici, ce n\u2019est pas la Commune, c\u2019est plut\u00f4t la Commune Rouge!\u00bb. D\u00e9sormais, le cimeti\u00e8re de Ruliba sera appel\u00e9 \u00ab\u00a0la Commune rouge\u00a0\u00bb.<\/p>\n<p>Parmi ceux qui furent emmen\u00e9s \u00e0 \u00ab\u00a0la Commune Rouge\u00a0\u00bb durant les premiers jours du g\u00e9nocide, se trouve Mgr Wencelas Kalibushi, alors \u00e9v\u00eaque du dioc\u00e8se catholique de Nyundo. Il fut enlev\u00e9 et conduit au cimeti\u00e8re le 8 avril 1994. Sauv\u00e9 in extremis suite \u00e0 un ordre de la hi\u00e9rarchie militaire de Gisenyi, ce pr\u00e9lat originaire du sud du Rwanda et qui figure parmi les rarissimes survivants de \u00ab\u00a0la Commune rouge\u00a0\u00bb, est mort dans sa retraite en d\u00e9cembre 1997.<\/p>\n<h3><strong>Silencieux anonymat<\/strong><\/h3>\n<p>Ce sera un tout autre sort pour S\u0153ur Felicita Niyitegeka, de la congr\u00e9gation des Auxiliaires de l\u2019Apostolat, \u00e0 Gisenyi, dans le m\u00eame dioc\u00e8se de Mgr Kalibushi. Dans son couvent, cette religieuse hutue accueille, chaque jour, en cachette, des Tutsis pourchass\u00e9s. Apr\u00e8s la tomb\u00e9e de la nuit, par des sentiers qui lui sont familiers, elle les conduit \u00e0 Goma, de l\u2019autre c\u00f4t\u00e9 de la fronti\u00e8re entre le Rwanda et le Za\u00efre de l\u2019\u00e9poque. Inform\u00e9s de cette \u00ab trahison \u00bb, des miliciens menacent de la tuer avec les r\u00e9fugi\u00e9s cach\u00e9s sous son toit. Alert\u00e9, son fr\u00e8re Alphonse Nzungize, lieutenant- colonel des Forces arm\u00e9es rwandaises (FAR), envoie des militaires pour l\u2019\u00e9vacuer. La r\u00e9ponse de la brave religieuse est contenue dans une missive en langue rwandaise devenue l\u00e9gendaire. \u00ab Cher fr\u00e8re, merci de vouloir m'aider. Mais au lieu de sauver ma vie en abandonnant les personnes dont j'ai la charge, 43 personnes, je choisis de mourir avec elles\u00a0\u00bb. <br \/> Le 21 avril 1994, des miliciens bien arm\u00e9s arrivent et somment S\u0153ur Felicita et ses prot\u00e9g\u00e9s de monter dans un v\u00e9hicule. Direction ? La \u00ab\u00a0Commune rouge\u00a0\u00bb o\u00f9 l'un des tueurs interpelle la consacr\u00e9e: \u00ab Toi, tu n'as pas peur de mourir? Tu vas voir que c'est s\u00e9rieux! Tu seras tu\u00e9e la derni\u00e8re \u00bb. Mais elle persiste et refuse d\u2019abandonner ceux qu\u2019elle avait prot\u00e9g\u00e9s jusque - l\u00e0. \u00a0<br \/> Son fr\u00e8re, le lieutenant-colonel Nzungize, arrivera sur les lieux juste pour constater qu\u2019elle vient de recevoir le coup de gr\u00e2ce. Au cimeti\u00e8re des H\u00e9ros nationaux \u00e0 Kigali, o\u00f9 se trouve sa tombe symbolique, il n\u2019y a que sa photo, car son corps, jamais retrouv\u00e9, repose avec ceux de ses prot\u00e9g\u00e9s, dans le silencieux anonymat de la \u00ab\u00a0Commune rouge\u00a0\u00bb.<\/p>\n<p>\u00a0<\/p>\n","protected":false},"excerpt":{"rendered":"<p>Au moment du g\u00e9nocide des Tutsis en 1994, la pr\u00e9fecture de Gisenyi, dans le Nord-Ouest du Rwanda, \u00e9tait, comme toutes les entit\u00e9s territoriales de cet \u00e9chelon, subdivis\u00e9e en communes. Mais sur la carte administrative de l\u2019\u00e9poque, la \u00ab\u00a0Commune rouge\u00a0\u00bb n\u2019appara\u00eet nulle part. Loin de renvoyer \u00e0 une quelconque entit\u00e9 administrative, ce terme d\u00e9signe un cimeti\u00e8re [&hellip;]<\/p>\n","protected":false},"author":96,"featured_media":66451,"comment_status":"open","ping_status":"closed","sticky":false,"template":"","format":"standard","meta":{"_acf_changed":false,"footnotes":""},"categories":[556],"tags":[],"ji_location":[2430],"class_list":["post-31646","post","type-post","status-publish","format-standard","has-post-thumbnail","hentry","category-divers","ji_location-rwanda"],"acf":[],"yoast_head":"<!-- This site is optimized with the Yoast SEO Premium plugin v25.3.1 (Yoast SEO v25.3.1) - https:\/\/yoast.com\/wordpress\/plugins\/seo\/ -->\n<title>Rwanda : \u00ab la Commune rouge \u00bb, sinistre lieu d\u2019administration de la mort en 1994 - JusticeInfo.net<\/title>\n<meta name=\"robots\" content=\"index, follow, max-snippet:-1, max-image-preview:large, max-video-preview:-1\" \/>\n<link rel=\"canonical\" href=\"https:\/\/www.justiceinfo.net\/fr\/31646-rwanda-la-commune-rouge-sinistre-lieu-dadministration-de-la-mort-en-1994.html\" \/>\n<meta property=\"og:locale\" content=\"fr_FR\" \/>\n<meta property=\"og:type\" content=\"article\" \/>\n<meta property=\"og:title\" content=\"Rwanda : \u00ab la Commune rouge \u00bb, sinistre lieu d\u2019administration de la mort en 1994\" \/>\n<meta property=\"og:description\" content=\"Au moment du g\u00e9nocide des Tutsis en 1994, la pr\u00e9fecture de Gisenyi, dans le Nord-Ouest du Rwanda, \u00e9tait, comme toutes les entit\u00e9s territoriales de cet \u00e9chelon, subdivis\u00e9e en communes. Mais sur la carte administrative de l\u2019\u00e9poque, la \u00ab\u00a0Commune rouge\u00a0\u00bb n\u2019appara\u00eet nulle part. Loin de renvoyer \u00e0 une quelconque entit\u00e9 administrative, ce terme d\u00e9signe un cimeti\u00e8re [&hellip;]\" \/>\n<meta property=\"og:url\" content=\"https:\/\/www.justiceinfo.net\/fr\/31646-rwanda-la-commune-rouge-sinistre-lieu-dadministration-de-la-mort-en-1994.html\" \/>\n<meta property=\"og:site_name\" content=\"JusticeInfo.net\" \/>\n<meta property=\"article:publisher\" content=\"https:\/\/www.facebook.com\/JusticeInfo\/\" \/>\n<meta property=\"article:published_time\" content=\"2017-01-10T23:00:00+00:00\" \/>\n<meta property=\"article:modified_time\" content=\"2023-06-23T18:52:04+00:00\" \/>\n<meta property=\"og:image\" content=\"https:\/\/www.justiceinfo.net\/wp-content\/uploads\/b81c79a93077ae383ca27b62638064fe-scaled.jpg\" \/>\n\t<meta property=\"og:image:width\" content=\"2560\" \/>\n\t<meta property=\"og:image:height\" content=\"1920\" \/>\n\t<meta property=\"og:image:type\" content=\"image\/jpeg\" \/>\n<meta name=\"author\" content=\"Emmanuel Sehene Ruvugiro, \u00e0 Gisenyi (nord-ouest du Rwanda)\" \/>\n<meta name=\"twitter:card\" content=\"summary_large_image\" \/>\n<meta name=\"twitter:creator\" content=\"@justiceinfonet\" \/>\n<meta name=\"twitter:site\" content=\"@justiceinfonet\" \/>\n<meta name=\"twitter:label1\" content=\"\u00c9crit par\" \/>\n\t<meta name=\"twitter:data1\" content=\"Emmanuel Sehene Ruvugiro, \u00e0 Gisenyi (nord-ouest du Rwanda)\" \/>\n\t<meta name=\"twitter:label2\" content=\"Dur\u00e9e de lecture estim\u00e9e\" \/>\n\t<meta name=\"twitter:data2\" content=\"4 minutes\" \/>\n<script type=\"application\/ld+json\" class=\"yoast-schema-graph\">{\"@context\":\"https:\/\/schema.org\",\"@graph\":[{\"@type\":\"NewsArticle\",\"@id\":\"https:\/\/www.justiceinfo.net\/fr\/31646-rwanda-la-commune-rouge-sinistre-lieu-dadministration-de-la-mort-en-1994.html#article\",\"isPartOf\":{\"@id\":\"https:\/\/www.justiceinfo.net\/fr\/31646-rwanda-la-commune-rouge-sinistre-lieu-dadministration-de-la-mort-en-1994.html\"},\"author\":{\"name\":\"Emmanuel Sehene Ruvugiro\",\"@id\":\"https:\/\/www.justiceinfo.net\/fr#\/schema\/person\/50845ccbd0bb3101563378236ebe5e32\"},\"headline\":\"Rwanda : \u00ab la Commune rouge \u00bb, sinistre lieu d\u2019administration de la mort en 1994\",\"datePublished\":\"2017-01-10T23:00:00+00:00\",\"dateModified\":\"2023-06-23T18:52:04+00:00\",\"mainEntityOfPage\":{\"@id\":\"https:\/\/www.justiceinfo.net\/fr\/31646-rwanda-la-commune-rouge-sinistre-lieu-dadministration-de-la-mort-en-1994.html\"},\"wordCount\":911,\"commentCount\":0,\"publisher\":{\"@id\":\"https:\/\/www.justiceinfo.net\/fr#organization\"},\"image\":{\"@id\":\"https:\/\/www.justiceinfo.net\/fr\/31646-rwanda-la-commune-rouge-sinistre-lieu-dadministration-de-la-mort-en-1994.html#primaryimage\"},\"thumbnailUrl\":\"https:\/\/www.justiceinfo.net\/wp-content\/uploads\/b81c79a93077ae383ca27b62638064fe-scaled.jpg\",\"articleSection\":[\"Divers\"],\"inLanguage\":\"fr-FR\",\"potentialAction\":[{\"@type\":\"CommentAction\",\"name\":\"Comment\",\"target\":[\"https:\/\/www.justiceinfo.net\/fr\/31646-rwanda-la-commune-rouge-sinistre-lieu-dadministration-de-la-mort-en-1994.html#respond\"]}]},{\"@type\":\"WebPage\",\"@id\":\"https:\/\/www.justiceinfo.net\/fr\/31646-rwanda-la-commune-rouge-sinistre-lieu-dadministration-de-la-mort-en-1994.html\",\"url\":\"https:\/\/www.justiceinfo.net\/fr\/31646-rwanda-la-commune-rouge-sinistre-lieu-dadministration-de-la-mort-en-1994.html\",\"name\":\"Rwanda : \u00ab la Commune rouge \u00bb, sinistre lieu d\u2019administration de la mort en 1994 - JusticeInfo.net\",\"isPartOf\":{\"@id\":\"https:\/\/www.justiceinfo.net\/fr#website\"},\"primaryImageOfPage\":{\"@id\":\"https:\/\/www.justiceinfo.net\/fr\/31646-rwanda-la-commune-rouge-sinistre-lieu-dadministration-de-la-mort-en-1994.html#primaryimage\"},\"image\":{\"@id\":\"https:\/\/www.justiceinfo.net\/fr\/31646-rwanda-la-commune-rouge-sinistre-lieu-dadministration-de-la-mort-en-1994.html#primaryimage\"},\"thumbnailUrl\":\"https:\/\/www.justiceinfo.net\/wp-content\/uploads\/b81c79a93077ae383ca27b62638064fe-scaled.jpg\",\"datePublished\":\"2017-01-10T23:00:00+00:00\",\"dateModified\":\"2023-06-23T18:52:04+00:00\",\"breadcrumb\":{\"@id\":\"https:\/\/www.justiceinfo.net\/fr\/31646-rwanda-la-commune-rouge-sinistre-lieu-dadministration-de-la-mort-en-1994.html#breadcrumb\"},\"inLanguage\":\"fr-FR\",\"potentialAction\":[{\"@type\":\"ReadAction\",\"target\":[\"https:\/\/www.justiceinfo.net\/fr\/31646-rwanda-la-commune-rouge-sinistre-lieu-dadministration-de-la-mort-en-1994.html\"]}]},{\"@type\":\"ImageObject\",\"inLanguage\":\"fr-FR\",\"@id\":\"https:\/\/www.justiceinfo.net\/fr\/31646-rwanda-la-commune-rouge-sinistre-lieu-dadministration-de-la-mort-en-1994.html#primaryimage\",\"url\":\"https:\/\/www.justiceinfo.net\/wp-content\/uploads\/b81c79a93077ae383ca27b62638064fe-scaled.jpg\",\"contentUrl\":\"https:\/\/www.justiceinfo.net\/wp-content\/uploads\/b81c79a93077ae383ca27b62638064fe-scaled.jpg\",\"width\":2560,\"height\":1920},{\"@type\":\"BreadcrumbList\",\"@id\":\"https:\/\/www.justiceinfo.net\/fr\/31646-rwanda-la-commune-rouge-sinistre-lieu-dadministration-de-la-mort-en-1994.html#breadcrumb\",\"itemListElement\":[{\"@type\":\"ListItem\",\"position\":1,\"name\":\"Home\",\"item\":\"https:\/\/www.justiceinfo.net\/fr\"},{\"@type\":\"ListItem\",\"position\":2,\"name\":\"Rwanda : \u00ab la Commune rouge \u00bb, sinistre lieu d\u2019administration de la mort en 1994\"}]},{\"@type\":\"WebSite\",\"@id\":\"https:\/\/www.justiceinfo.net\/fr#website\",\"url\":\"https:\/\/www.justiceinfo.net\/fr\",\"name\":\"JusticeInfo.net\",\"description\":\"La justice doit \u00eatre vue pour \u00eatre rendue\",\"publisher\":{\"@id\":\"https:\/\/www.justiceinfo.net\/fr#organization\"},\"potentialAction\":[{\"@type\":\"SearchAction\",\"target\":{\"@type\":\"EntryPoint\",\"urlTemplate\":\"https:\/\/www.justiceinfo.net\/fr?s={search_term_string}\"},\"query-input\":{\"@type\":\"PropertyValueSpecification\",\"valueRequired\":true,\"valueName\":\"search_term_string\"}}],\"inLanguage\":\"fr-FR\"},{\"@type\":\"Organization\",\"@id\":\"https:\/\/www.justiceinfo.net\/fr#organization\",\"name\":\"Justice Info\",\"url\":\"https:\/\/www.justiceinfo.net\/fr\",\"logo\":{\"@type\":\"ImageObject\",\"inLanguage\":\"fr-FR\",\"@id\":\"https:\/\/www.justiceinfo.net\/fr#\/schema\/logo\/image\/\",\"url\":\"https:\/\/www.justiceinfo.net\/wp-content\/uploads\/justiceinfo_logo-trans_1200x1200px.png\",\"contentUrl\":\"https:\/\/www.justiceinfo.net\/wp-content\/uploads\/justiceinfo_logo-trans_1200x1200px.png\",\"width\":1199,\"height\":1200,\"caption\":\"Justice Info\"},\"image\":{\"@id\":\"https:\/\/www.justiceinfo.net\/fr#\/schema\/logo\/image\/\"},\"sameAs\":[\"https:\/\/www.facebook.com\/JusticeInfo\/\",\"https:\/\/x.com\/justiceinfonet\",\"https:\/\/www.linkedin.com\/company\/justice-info\",\"https:\/\/www.youtube.com\/channel\/UCyCEsARodyuWtkWyhn-e7pA\"]},{\"@type\":\"Person\",\"name\":\"Emmanuel Sehene Ruvugiro, \u00e0 Gisenyi (nord-ouest du Rwanda)\",\"url\":\"https:\/\/www.justiceinfo.net\/fr\/auteur\/emmanuelseheneruvugiro\"}]}<\/script>\n<!-- \/ Yoast SEO Premium plugin. -->","yoast_head_json":{"title":"Rwanda : \u00ab la Commune rouge \u00bb, sinistre lieu d\u2019administration de la mort en 1994 - JusticeInfo.net","robots":{"index":"index","follow":"follow","max-snippet":"max-snippet:-1","max-image-preview":"max-image-preview:large","max-video-preview":"max-video-preview:-1"},"canonical":"https:\/\/www.justiceinfo.net\/fr\/31646-rwanda-la-commune-rouge-sinistre-lieu-dadministration-de-la-mort-en-1994.html","og_locale":"fr_FR","og_type":"article","og_title":"Rwanda : \u00ab la Commune rouge \u00bb, sinistre lieu d\u2019administration de la mort en 1994","og_description":"Au moment du g\u00e9nocide des Tutsis en 1994, la pr\u00e9fecture de Gisenyi, dans le Nord-Ouest du Rwanda, \u00e9tait, comme toutes les entit\u00e9s territoriales de cet \u00e9chelon, subdivis\u00e9e en communes. Mais sur la carte administrative de l\u2019\u00e9poque, la \u00ab\u00a0Commune rouge\u00a0\u00bb n\u2019appara\u00eet nulle part. Loin de renvoyer \u00e0 une quelconque entit\u00e9 administrative, ce terme d\u00e9signe un cimeti\u00e8re [&hellip;]","og_url":"https:\/\/www.justiceinfo.net\/fr\/31646-rwanda-la-commune-rouge-sinistre-lieu-dadministration-de-la-mort-en-1994.html","og_site_name":"JusticeInfo.net","article_publisher":"https:\/\/www.facebook.com\/JusticeInfo\/","article_published_time":"2017-01-10T23:00:00+00:00","article_modified_time":"2023-06-23T18:52:04+00:00","og_image":[{"width":2560,"height":1920,"url":"https:\/\/www.justiceinfo.net\/wp-content\/uploads\/b81c79a93077ae383ca27b62638064fe-scaled.jpg","type":"image\/jpeg"}],"author":"Emmanuel Sehene Ruvugiro, \u00e0 Gisenyi (nord-ouest du Rwanda)","twitter_card":"summary_large_image","twitter_creator":"@justiceinfonet","twitter_site":"@justiceinfonet","twitter_misc":{"\u00c9crit par":"Emmanuel Sehene Ruvugiro, \u00e0 Gisenyi (nord-ouest du Rwanda)","Dur\u00e9e de lecture estim\u00e9e":"4 minutes"},"schema":{"@context":"https:\/\/schema.org","@graph":[{"@type":"NewsArticle","@id":"https:\/\/www.justiceinfo.net\/fr\/31646-rwanda-la-commune-rouge-sinistre-lieu-dadministration-de-la-mort-en-1994.html#article","isPartOf":{"@id":"https:\/\/www.justiceinfo.net\/fr\/31646-rwanda-la-commune-rouge-sinistre-lieu-dadministration-de-la-mort-en-1994.html"},"author":{"name":"Emmanuel Sehene Ruvugiro","@id":"https:\/\/www.justiceinfo.net\/fr#\/schema\/person\/50845ccbd0bb3101563378236ebe5e32"},"headline":"Rwanda : \u00ab la Commune rouge \u00bb, sinistre lieu d\u2019administration de la mort en 1994","datePublished":"2017-01-10T23:00:00+00:00","dateModified":"2023-06-23T18:52:04+00:00","mainEntityOfPage":{"@id":"https:\/\/www.justiceinfo.net\/fr\/31646-rwanda-la-commune-rouge-sinistre-lieu-dadministration-de-la-mort-en-1994.html"},"wordCount":911,"commentCount":0,"publisher":{"@id":"https:\/\/www.justiceinfo.net\/fr#organization"},"image":{"@id":"https:\/\/www.justiceinfo.net\/fr\/31646-rwanda-la-commune-rouge-sinistre-lieu-dadministration-de-la-mort-en-1994.html#primaryimage"},"thumbnailUrl":"https:\/\/www.justiceinfo.net\/wp-content\/uploads\/b81c79a93077ae383ca27b62638064fe-scaled.jpg","articleSection":["Divers"],"inLanguage":"fr-FR","potentialAction":[{"@type":"CommentAction","name":"Comment","target":["https:\/\/www.justiceinfo.net\/fr\/31646-rwanda-la-commune-rouge-sinistre-lieu-dadministration-de-la-mort-en-1994.html#respond"]}]},{"@type":"WebPage","@id":"https:\/\/www.justiceinfo.net\/fr\/31646-rwanda-la-commune-rouge-sinistre-lieu-dadministration-de-la-mort-en-1994.html","url":"https:\/\/www.justiceinfo.net\/fr\/31646-rwanda-la-commune-rouge-sinistre-lieu-dadministration-de-la-mort-en-1994.html","name":"Rwanda : \u00ab la Commune rouge \u00bb, sinistre lieu d\u2019administration de la mort en 1994 - JusticeInfo.net","isPartOf":{"@id":"https:\/\/www.justiceinfo.net\/fr#website"},"primaryImageOfPage":{"@id":"https:\/\/www.justiceinfo.net\/fr\/31646-rwanda-la-commune-rouge-sinistre-lieu-dadministration-de-la-mort-en-1994.html#primaryimage"},"image":{"@id":"https:\/\/www.justiceinfo.net\/fr\/31646-rwanda-la-commune-rouge-sinistre-lieu-dadministration-de-la-mort-en-1994.html#primaryimage"},"thumbnailUrl":"https:\/\/www.justiceinfo.net\/wp-content\/uploads\/b81c79a93077ae383ca27b62638064fe-scaled.jpg","datePublished":"2017-01-10T23:00:00+00:00","dateModified":"2023-06-23T18:52:04+00:00","breadcrumb":{"@id":"https:\/\/www.justiceinfo.net\/fr\/31646-rwanda-la-commune-rouge-sinistre-lieu-dadministration-de-la-mort-en-1994.html#breadcrumb"},"inLanguage":"fr-FR","potentialAction":[{"@type":"ReadAction","target":["https:\/\/www.justiceinfo.net\/fr\/31646-rwanda-la-commune-rouge-sinistre-lieu-dadministration-de-la-mort-en-1994.html"]}]},{"@type":"ImageObject","inLanguage":"fr-FR","@id":"https:\/\/www.justiceinfo.net\/fr\/31646-rwanda-la-commune-rouge-sinistre-lieu-dadministration-de-la-mort-en-1994.html#primaryimage","url":"https:\/\/www.justiceinfo.net\/wp-content\/uploads\/b81c79a93077ae383ca27b62638064fe-scaled.jpg","contentUrl":"https:\/\/www.justiceinfo.net\/wp-content\/uploads\/b81c79a93077ae383ca27b62638064fe-scaled.jpg","width":2560,"height":1920},{"@type":"BreadcrumbList","@id":"https:\/\/www.justiceinfo.net\/fr\/31646-rwanda-la-commune-rouge-sinistre-lieu-dadministration-de-la-mort-en-1994.html#breadcrumb","itemListElement":[{"@type":"ListItem","position":1,"name":"Home","item":"https:\/\/www.justiceinfo.net\/fr"},{"@type":"ListItem","position":2,"name":"Rwanda : \u00ab la Commune rouge \u00bb, sinistre lieu d\u2019administration de la mort en 1994"}]},{"@type":"WebSite","@id":"https:\/\/www.justiceinfo.net\/fr#website","url":"https:\/\/www.justiceinfo.net\/fr","name":"JusticeInfo.net","description":"La justice doit \u00eatre vue pour \u00eatre rendue","publisher":{"@id":"https:\/\/www.justiceinfo.net\/fr#organization"},"potentialAction":[{"@type":"SearchAction","target":{"@type":"EntryPoint","urlTemplate":"https:\/\/www.justiceinfo.net\/fr?s={search_term_string}"},"query-input":{"@type":"PropertyValueSpecification","valueRequired":true,"valueName":"search_term_string"}}],"inLanguage":"fr-FR"},{"@type":"Organization","@id":"https:\/\/www.justiceinfo.net\/fr#organization","name":"Justice Info","url":"https:\/\/www.justiceinfo.net\/fr","logo":{"@type":"ImageObject","inLanguage":"fr-FR","@id":"https:\/\/www.justiceinfo.net\/fr#\/schema\/logo\/image\/","url":"https:\/\/www.justiceinfo.net\/wp-content\/uploads\/justiceinfo_logo-trans_1200x1200px.png","contentUrl":"https:\/\/www.justiceinfo.net\/wp-content\/uploads\/justiceinfo_logo-trans_1200x1200px.png","width":1199,"height":1200,"caption":"Justice Info"},"image":{"@id":"https:\/\/www.justiceinfo.net\/fr#\/schema\/logo\/image\/"},"sameAs":["https:\/\/www.facebook.com\/JusticeInfo\/","https:\/\/x.com\/justiceinfonet","https:\/\/www.linkedin.com\/company\/justice-info","https:\/\/www.youtube.com\/channel\/UCyCEsARodyuWtkWyhn-e7pA"]},{"@type":"Person","name":"Emmanuel Sehene Ruvugiro, \u00e0 Gisenyi (nord-ouest du Rwanda)","url":"https:\/\/www.justiceinfo.net\/fr\/auteur\/emmanuelseheneruvugiro"}]}},"_links":{"self":[{"href":"https:\/\/www.justiceinfo.net\/fr\/wp-json\/wp\/v2\/posts\/31646","targetHints":{"allow":["GET"]}}],"collection":[{"href":"https:\/\/www.justiceinfo.net\/fr\/wp-json\/wp\/v2\/posts"}],"about":[{"href":"https:\/\/www.justiceinfo.net\/fr\/wp-json\/wp\/v2\/types\/post"}],"author":[{"embeddable":true,"href":"https:\/\/www.justiceinfo.net\/fr\/wp-json\/wp\/v2\/users\/96"}],"replies":[{"embeddable":true,"href":"https:\/\/www.justiceinfo.net\/fr\/wp-json\/wp\/v2\/comments?post=31646"}],"version-history":[{"count":1,"href":"https:\/\/www.justiceinfo.net\/fr\/wp-json\/wp\/v2\/posts\/31646\/revisions"}],"predecessor-version":[{"id":118481,"href":"https:\/\/www.justiceinfo.net\/fr\/wp-json\/wp\/v2\/posts\/31646\/revisions\/118481"}],"wp:featuredmedia":[{"embeddable":true,"href":"https:\/\/www.justiceinfo.net\/fr\/wp-json\/wp\/v2\/media\/66451"}],"wp:attachment":[{"href":"https:\/\/www.justiceinfo.net\/fr\/wp-json\/wp\/v2\/media?parent=31646"}],"wp:term":[{"taxonomy":"category","embeddable":true,"href":"https:\/\/www.justiceinfo.net\/fr\/wp-json\/wp\/v2\/categories?post=31646"},{"taxonomy":"post_tag","embeddable":true,"href":"https:\/\/www.justiceinfo.net\/fr\/wp-json\/wp\/v2\/tags?post=31646"},{"taxonomy":"ji_location","embeddable":true,"href":"https:\/\/www.justiceinfo.net\/fr\/wp-json\/wp\/v2\/ji_location?post=31646"}],"curies":[{"name":"wp","href":"https:\/\/api.w.org\/{rel}","templated":true}]}}