{"id":31703,"date":"2017-01-14T09:06:37","date_gmt":"2017-01-14T08:06:37","guid":{"rendered":"https:\/\/www.justiceinfo.net\/31703-burkina-faso-proces-dhommes-de-troupe-accuses-de-participation-au-putsch-manque-de-2015.html"},"modified":"2017-01-14T09:06:37","modified_gmt":"2017-01-14T08:06:37","slug":"burkina-faso-proces-dhommes-de-troupe-accuses-de-participation-au-putsch-manque-de-2015","status":"publish","type":"post","link":"https:\/\/www.justiceinfo.net\/fr\/31703-burkina-faso-proces-dhommes-de-troupe-accuses-de-participation-au-putsch-manque-de-2015.html","title":{"rendered":"Burkina Faso: une vingtaine d'hommes de troupe jug\u00e9s dans un proc\u00e8s li\u00e9 au putsch manqu\u00e9 de 2015"},"content":{"rendered":"<div class=\"content-excerpt\">\n<p><em>Au Burkina Faso, 27 membres de l\u2019ex-R\u00e9giment de s\u00e9curit\u00e9 pr\u00e9sidentielle (RSP), qui avait tent\u00e9 un coup d\u2019Etat en septembre 2015, une ann\u00e9<\/em><em>e apr<\/em><em>\u00e8s la chute du pr\u00e9sident Blaise Compaor\u00e9, comparaissent depuis d\u00e9cembre 2016 devant la justice militaire. Jug\u00e9s avec deux civils, ils sont accus\u00e9s d\u2019avoir particip\u00e9, en d\u00e9cembre 2015, \u00e0 un plan visant \u00e0 faire \u00e9vader leurs fr\u00e8<\/em><em>res d<\/em><em>\u2019armes d\u00e9tenus depuis l\u2019\u00e9chec du putsch. Tr\u00e8s suivi, ce premier proc\u00e8s li\u00e9 \u00e0 la tentative de coup d\u2019Etat constitue un test pour la justice burkinab\u00e8, m\u00eame s\u2019il ne met en cause que de petits poissons. <\/em><\/p>\n<\/div>\n<p>En uniforme, les 27 soldats sont group\u00e9s sur les bancs des accus\u00e9s, dans la salle du Tribunal militaire de Ouagadougou. A moiti\u00e9 avachis, bras crois\u00e9s sur le ventre et jambes \u00e9tendues, certains plaisantent, d\u2019autres somnolent tandis que d\u2019autres encore sont concentr\u00e9s. Avec eux, comparaissent deux civils. Ag\u00e9s pour la plupart de moins de 30 ans, ces 27 membres de l\u2019ex-RSP, presque tous des hommes de troupe, sont athl\u00e9tiques.<\/p>\n<p>Selon l\u2019accusation, ils auraient particip\u00e9, en d\u00e9cembre 2015, \u00e0 un complot visant \u00e0 lib\u00e9rer leur chef, le g\u00e9n\u00e9ral Gilbert Diend\u00e9r\u00e9, et remettre en place le RSP. Depuis l\u2019\u00e9chec de son coup, en septembre 2015, le puissant commandant du RSP est \u00e9crou\u00e9 \u00e0 la Maison d\u2019arr\u00eat et de correction des Arm\u00e9es (Maca), la prison militaire, tandis que son unit\u00e9 a \u00e9t\u00e9 dissoute.<\/p>\n<p>L\u2019accusation qui p\u00e8se contre ces soldats de Diend\u00e9r\u00e9 est tr\u00e8s lourde car ils risquent la peine de mort. Ainsi la salle d\u2019audience ne d\u00e9semplit pas depuis l\u2019ouverture du proc\u00e8s. Journalistes et autres observateurs se bousculent, croisant souvent des femmes avec des enfants sur le dos\u00a0: compagnes ou s\u0153urs des accus\u00e9s.<\/p>\n<p>-\u00a0Caporal Coulibaly Dramane ?, interpelle le juge du tribunal militaire.<\/p>\n<p>- Pr\u00e9sent !, r\u00e9pond le soldat, premier accus\u00e9 \u00e0 la barre, ce 6 janvier.<\/p>\n<p>Il d\u00e9cline nom, pr\u00e9nom, matricule, date de naissance, lieu de naissance, identit\u00e9 de ses parents\u2026 Le tribunal lui explique qu\u2019il est poursuivi pour \u00ab\u00a0association de malfaiteurs\u00a0\u00bb. D\u2019autres sont accus\u00e9s de d\u00e9tention ill\u00e9gale d\u2019armes \u00e0 feu et de munitions de guerre qu\u2019ils n\u2019ont pas restitu\u00e9es.<\/p>\n<p>- Avez-vous quelque chose \u00e0 dire ?, tonne le juge - pr\u00e9sident.<\/p>\n<p>- Non !<\/p>\n<p>- Comment \u00e7a, vous ne reconnaissez pas ?<\/p>\n<p>- Non !<\/p>\n<p>- Vous avez particip\u00e9 \u00e0 une r\u00e9union ?<\/p>\n<p>- Affirmatif ! Au mois de d\u00e9cembre (2015), il y a eu une rencontre chez le caporal Madi Ouedraogo. J\u2019ai gar\u00e9 ma moto devant la porte. Je me suis assis pour \u00e9couter. Apr\u00e8s, je suis rentr\u00e9 chez moi.<\/p>\n<p>Jour apr\u00e8s jour, le proc\u00e8s tourne autour de r\u00e9unions. Les accus\u00e9s ne nient pas \u00eatre all\u00e9s chez Madi Ouedraogo. Mais certains d\u00e9clarent y \u00eatre pass\u00e9s par hasard tandis que d\u2019autres expliquent qu\u2019ils allaient r\u00e9cup\u00e9rer des affaires ou du b\u00e9tail abandonn\u00e9s lors la prise de leur camp par le reste de l\u2019arm\u00e9e. Ainsi, le caporal Bontogo Yemdaogo explique qu\u2019il voulait r\u00e9cup\u00e9rer \u00ab\u00a0deux boeufs, quatre moutons, une TV \u00e9cran plat et une bouteille de gaz\u00a0\u00bb.<\/p>\n<h3><strong>Un sorcier pour lib\u00e9rer le g\u00e9n\u00e9ral Diend\u00e9r\u00e9\u00a0?<\/strong><\/h3>\n<p>Mais le parquet soutient, sur la foi d\u2019un enregistrement, que c\u2019est l\u00e0 que fut ourdi le complot. Les accus\u00e9s sont unanimes: l\u2019id\u00e9e a uniquement \u00e9t\u00e9 sugg\u00e9r\u00e9e mais personne n\u2019y a adh\u00e9r\u00e9. Madi Ou\u00e9draogo\u00a0\u00ab\u00a0a dit qu'il voulait qu'on aille lib\u00e9rer le g\u00e9n\u00e9ral et attaquer la poudri\u00e8re. On \u00e9tait trois. Je n'ai rien dit et je suis parti\u00a0\u00bb, d\u00e9clare ainsi le caporal Alexis Mambonn\u00e9, \u00e0 l\u2019audience du 6 janvier. Un autre caporal affirme \u00e0 la m\u00eame audience que Madi Ouedraogo voulait \u00ab\u00a0chercher des solutions pour lib\u00e9rer les g\u00e9n\u00e9raux\u00a0\u00bb Gilbert Diend\u00e9r\u00e9 et Djibril Bassol\u00e9<strong>. <\/strong>G\u00e9n\u00e9ral de gendarmerie et ancien ministre des Affaires \u00e9trang\u00e8res, ce dernier est une personnalit\u00e9 de premier plan de l\u2019\u00e8re Compaor\u00e9<strong>.<\/strong> \u00ab\u00a0Peut-\u00eatre qu\u2019il allait partir voir un wak-man\u00a0\u00bb (sorcier), essaye de supputer le caporal.\u00a0<\/p>\n<p>Tous renient une large part de leurs d\u00e9clarations aux gendarmes ou au juge d\u2019instruction. Ils affirment avoir \u00e9t\u00e9 victimes de pressions ou ne pas savoir ce qu\u2019ils signaient parce qu\u2019analphab\u00e8tes.<\/p>\n<p>Mais le commissaire du gouvernement, Alioun Zanr\u00e9, demande pourquoi aucun d\u2019entre eux n\u2019a d\u00e9nonc\u00e9 ce projet. Comme les autres participants \u00e0 ces r\u00e9unions, le caporal Dramane Coulibaly r\u00e9pond que le projet de lib\u00e9rer Diend\u00e9r\u00e9, \u00ab\u00a0c\u2019\u00e9tait quelque chose d\u2019inutile, d\u2019impossible\u00a0\u00bb. Bref, \u00ab\u00a0\u00e7a n\u2019avait pas d\u2019importance. Je n\u2019ai pas pris \u00e7a en consid\u00e9ration\u00a0\u00bb. D\u2019ailleurs, le cerveau pr\u00e9sum\u00e9, le caporal Madi Ouedraogo, n\u2019est qu\u2019un \u00ab\u00a0tringlot\u00a0\u00bb, un simple chauffeur qui ne pouvait mener une op\u00e9ration d\u2019une telle envergure.<\/p>\n<h3><strong>L\u2019accus\u00e9 principal compara\u00eet<\/strong><\/h3>\n<p>Le 11 janvier, arrive en dernier, Madi Ouedraogo, principal accus\u00e9. Son nom est revenu sans cesse. Il a un petit calepin devant lui, pour ne rien oublier.\u00a0 On le sent bouillir, il est offensif. Pour r\u00e9futer la th\u00e8se du complot, il invoque un autre complot. Il explique qu\u2019en pleine transition, le Premier ministre de l\u2019\u00e9poque, le g\u00e9n\u00e9ral Isaac Zida, ancien num\u00e9ro 2 du RSP, avait voulu s\u2019emparer du pouvoir en montant un commando \u00ab\u00a0pour tuer Salif Diallo, l\u2019actuel pr\u00e9sident de l\u2019Assembl\u00e9e nationale, ainsi que les g\u00e9n\u00e9raux Djibril Bassol\u00e9 et Gilbert Diend\u00e9r\u00e9\u00a0\u00bb. Madi Ouedraogo indique avoir refus\u00e9 et \u00ab\u00a0fait \u00e9chec \u00e0 sa r\u00e9volution\u00a0\u00bb. En repr\u00e9sailles, le Premier ministre, qui se trouve \u00eatre son oncle, a \u00ab\u00a0jur\u00e9 soit de m'\u00e9liminer soit de me faire croupir en prison\u00a0\u00bb. Voil\u00e0 pourquoi, poursuit-il, des \u00e9l\u00e9ments proches d\u2019Isaac Zida lui ont fait lire pendant une r\u00e9union une feuille de papier o\u00f9 il \u00e9tait question de la lib\u00e9ration des g\u00e9n\u00e9raux. \u00ab\u00a0On m\u2019a dit d\u2019\u00e9mettre l\u2019id\u00e9e, voir quelle serait la r\u00e9action des gens. Ils se sont f\u00e2ch\u00e9s et sont partis\u00a0\u00bb. Mais Madi Ouedraogo \u00e9tait enregistr\u00e9 et les arrestations n\u2019ont pas tard\u00e9.<\/p>\n<p>Le commissaire du gouvernement s\u2019emporte : \u00ab\u00a0C\u2019est malsain lorsqu\u2019on nourrit un tel projet monstrueux de se faire passer pour la victime.\u00a0(\u2026) Plus vous mentez, plus vous irritez les gens\u00a0\u00bb. Sur sa chaise, Madi Ouedraogo se balance un peu. Il inspire, renverse la t\u00eate vers l\u2019arri\u00e8re et regarde le plafond. Son avocat, Michel Traor\u00e9, vient \u00e0 la rescousse : \u00ab\u00a0Ce dossier a manqu\u00e9 d\u2019instruction et d\u2019enqu\u00eate pr\u00e9liminaire. Il s\u2019agit d\u2019une manipulation du d\u00e9but \u00e0 la fin\u00a0\u00bb.<\/p>\n<p>Mais Isaac Zida n\u2019est pas l\u00e0 pour r\u00e9agir \u00e0 ces accusations. Soup\u00e7onn\u00e9 de corruption, le g\u00e9n\u00e9ral vit au Canada et refuse de rentrer. Il est maintenant consid\u00e9r\u00e9 comme un d\u00e9serteur en temps de paix. Les avocats r\u00e9clament alors l\u2019audition de Claude Ido, l\u2019homme qui aurait enregistr\u00e9 une des r\u00e9unions. Le juge rejette la requ\u00eate. La d\u00e9fense sugg\u00e8re alors d\u2019entendre les g\u00e9n\u00e9raux Gilbert Diend\u00e9r\u00e9 et Pingrenoma Zagr\u00e9 (ancien chef d\u2019Etat major). Le parquet n\u2019y voit pas d\u2019inconv\u00e9nient. Pas n\u00e9cessaire, tranchera finalement le tribunal \u00e0 l\u2019audience du 11 janvier, avant de suspendre le proc\u00e8s jusqu\u2019au lundi 16 janvier. D\u2019ici l\u00e0, les parties sont invit\u00e9es \u00e0 mettre la derni\u00e8re main sur leurs r\u00e9quisitions et plaidoiries.<\/p>\n","protected":false},"excerpt":{"rendered":"<p>Au Burkina Faso, 27 membres de l\u2019ex-R\u00e9giment de s\u00e9curit\u00e9 pr\u00e9sidentielle (RSP), qui avait tent\u00e9 un coup d\u2019Etat en septembre 2015, une ann\u00e9e apr\u00e8s la chute du pr\u00e9sident Blaise Compaor\u00e9, comparaissent depuis d\u00e9cembre 2016 devant la justice militaire. Jug\u00e9s avec deux civils, ils sont accus\u00e9s d\u2019avoir particip\u00e9, en d\u00e9cembre 2015, \u00e0 un plan visant \u00e0 faire [&hellip;]<\/p>\n","protected":false},"author":64,"featured_media":62346,"comment_status":"open","ping_status":"closed","sticky":false,"template":"","format":"standard","meta":{"_acf_changed":false,"footnotes":""},"categories":[547],"tags":[],"ji_location":[2150],"class_list":["post-31703","post","type-post","status-publish","format-standard","has-post-thumbnail","hentry","category-tribunaux","ji_location-burkina-faso"],"acf":[],"yoast_head":"<!-- This site is optimized with the Yoast SEO Premium plugin v25.3.1 (Yoast SEO v25.3.1) - https:\/\/yoast.com\/wordpress\/plugins\/seo\/ -->\n<title>Burkina Faso: une vingtaine d&#039;hommes de troupe jug\u00e9s dans un proc\u00e8s li\u00e9 au putsch manqu\u00e9 de 2015 - JusticeInfo.net<\/title>\n<meta name=\"robots\" content=\"index, follow, max-snippet:-1, max-image-preview:large, max-video-preview:-1\" \/>\n<link rel=\"canonical\" href=\"https:\/\/www.justiceinfo.net\/fr\/31703-burkina-faso-proces-dhommes-de-troupe-accuses-de-participation-au-putsch-manque-de-2015.html\" \/>\n<meta property=\"og:locale\" content=\"fr_FR\" \/>\n<meta property=\"og:type\" content=\"article\" \/>\n<meta property=\"og:title\" content=\"Burkina Faso: une vingtaine d&#039;hommes de troupe jug\u00e9s dans un proc\u00e8s li\u00e9 au putsch manqu\u00e9 de 2015\" \/>\n<meta property=\"og:description\" content=\"Au Burkina Faso, 27 membres de l\u2019ex-R\u00e9giment de s\u00e9curit\u00e9 pr\u00e9sidentielle (RSP), qui avait tent\u00e9 un coup d\u2019Etat en septembre 2015, une ann\u00e9e apr\u00e8s la chute du pr\u00e9sident Blaise Compaor\u00e9, comparaissent depuis d\u00e9cembre 2016 devant la justice militaire. Jug\u00e9s avec deux civils, ils sont accus\u00e9s d\u2019avoir particip\u00e9, en d\u00e9cembre 2015, \u00e0 un plan visant \u00e0 faire [&hellip;]\" \/>\n<meta property=\"og:url\" content=\"https:\/\/www.justiceinfo.net\/fr\/31703-burkina-faso-proces-dhommes-de-troupe-accuses-de-participation-au-putsch-manque-de-2015.html\" \/>\n<meta property=\"og:site_name\" content=\"JusticeInfo.net\" \/>\n<meta property=\"article:publisher\" content=\"https:\/\/www.facebook.com\/JusticeInfo\/\" \/>\n<meta property=\"article:published_time\" content=\"2017-01-14T08:06:37+00:00\" \/>\n<meta property=\"og:image\" content=\"https:\/\/www.justiceinfo.net\/wp-content\/uploads\/8ab834044e783d74b93fedc5229b6639-scaled.jpg\" \/>\n\t<meta property=\"og:image:width\" content=\"2560\" \/>\n\t<meta property=\"og:image:height\" content=\"1702\" \/>\n\t<meta property=\"og:image:type\" content=\"image\/jpeg\" \/>\n<meta name=\"author\" content=\"Par Ga\u00ebl Cogn\u00e9, \u00e0 Ouagadougou\" \/>\n<meta name=\"twitter:card\" content=\"summary_large_image\" \/>\n<meta name=\"twitter:creator\" content=\"@justiceinfonet\" \/>\n<meta name=\"twitter:site\" content=\"@justiceinfonet\" \/>\n<meta name=\"twitter:label1\" content=\"\u00c9crit par\" \/>\n\t<meta name=\"twitter:data1\" content=\"Par Ga\u00ebl Cogn\u00e9, \u00e0 Ouagadougou\" \/>\n\t<meta name=\"twitter:label2\" content=\"Dur\u00e9e de lecture estim\u00e9e\" \/>\n\t<meta name=\"twitter:data2\" content=\"6 minutes\" \/>\n<script type=\"application\/ld+json\" class=\"yoast-schema-graph\">{\"@context\":\"https:\/\/schema.org\",\"@graph\":[{\"@type\":\"NewsArticle\",\"@id\":\"https:\/\/www.justiceinfo.net\/fr\/31703-burkina-faso-proces-dhommes-de-troupe-accuses-de-participation-au-putsch-manque-de-2015.html#article\",\"isPartOf\":{\"@id\":\"https:\/\/www.justiceinfo.net\/fr\/31703-burkina-faso-proces-dhommes-de-troupe-accuses-de-participation-au-putsch-manque-de-2015.html\"},\"author\":{\"name\":\"solivri\",\"@id\":\"https:\/\/www.justiceinfo.net\/fr#\/schema\/person\/6e53cba1629e2e66f3fc1821d3091865\"},\"headline\":\"Burkina Faso: une vingtaine d'hommes de troupe jug\u00e9s dans un proc\u00e8s li\u00e9 au putsch manqu\u00e9 de 2015\",\"datePublished\":\"2017-01-14T08:06:37+00:00\",\"mainEntityOfPage\":{\"@id\":\"https:\/\/www.justiceinfo.net\/fr\/31703-burkina-faso-proces-dhommes-de-troupe-accuses-de-participation-au-putsch-manque-de-2015.html\"},\"wordCount\":1292,\"commentCount\":0,\"publisher\":{\"@id\":\"https:\/\/www.justiceinfo.net\/fr#organization\"},\"image\":{\"@id\":\"https:\/\/www.justiceinfo.net\/fr\/31703-burkina-faso-proces-dhommes-de-troupe-accuses-de-participation-au-putsch-manque-de-2015.html#primaryimage\"},\"thumbnailUrl\":\"https:\/\/www.justiceinfo.net\/wp-content\/uploads\/8ab834044e783d74b93fedc5229b6639-scaled.jpg\",\"articleSection\":[\"Tribunaux\"],\"inLanguage\":\"fr-FR\",\"potentialAction\":[{\"@type\":\"CommentAction\",\"name\":\"Comment\",\"target\":[\"https:\/\/www.justiceinfo.net\/fr\/31703-burkina-faso-proces-dhommes-de-troupe-accuses-de-participation-au-putsch-manque-de-2015.html#respond\"]}]},{\"@type\":\"WebPage\",\"@id\":\"https:\/\/www.justiceinfo.net\/fr\/31703-burkina-faso-proces-dhommes-de-troupe-accuses-de-participation-au-putsch-manque-de-2015.html\",\"url\":\"https:\/\/www.justiceinfo.net\/fr\/31703-burkina-faso-proces-dhommes-de-troupe-accuses-de-participation-au-putsch-manque-de-2015.html\",\"name\":\"Burkina Faso: une vingtaine d'hommes de troupe jug\u00e9s dans un proc\u00e8s li\u00e9 au putsch manqu\u00e9 de 2015 - JusticeInfo.net\",\"isPartOf\":{\"@id\":\"https:\/\/www.justiceinfo.net\/fr#website\"},\"primaryImageOfPage\":{\"@id\":\"https:\/\/www.justiceinfo.net\/fr\/31703-burkina-faso-proces-dhommes-de-troupe-accuses-de-participation-au-putsch-manque-de-2015.html#primaryimage\"},\"image\":{\"@id\":\"https:\/\/www.justiceinfo.net\/fr\/31703-burkina-faso-proces-dhommes-de-troupe-accuses-de-participation-au-putsch-manque-de-2015.html#primaryimage\"},\"thumbnailUrl\":\"https:\/\/www.justiceinfo.net\/wp-content\/uploads\/8ab834044e783d74b93fedc5229b6639-scaled.jpg\",\"datePublished\":\"2017-01-14T08:06:37+00:00\",\"breadcrumb\":{\"@id\":\"https:\/\/www.justiceinfo.net\/fr\/31703-burkina-faso-proces-dhommes-de-troupe-accuses-de-participation-au-putsch-manque-de-2015.html#breadcrumb\"},\"inLanguage\":\"fr-FR\",\"potentialAction\":[{\"@type\":\"ReadAction\",\"target\":[\"https:\/\/www.justiceinfo.net\/fr\/31703-burkina-faso-proces-dhommes-de-troupe-accuses-de-participation-au-putsch-manque-de-2015.html\"]}]},{\"@type\":\"ImageObject\",\"inLanguage\":\"fr-FR\",\"@id\":\"https:\/\/www.justiceinfo.net\/fr\/31703-burkina-faso-proces-dhommes-de-troupe-accuses-de-participation-au-putsch-manque-de-2015.html#primaryimage\",\"url\":\"https:\/\/www.justiceinfo.net\/wp-content\/uploads\/8ab834044e783d74b93fedc5229b6639-scaled.jpg\",\"contentUrl\":\"https:\/\/www.justiceinfo.net\/wp-content\/uploads\/8ab834044e783d74b93fedc5229b6639-scaled.jpg\",\"width\":2560,\"height\":1702},{\"@type\":\"BreadcrumbList\",\"@id\":\"https:\/\/www.justiceinfo.net\/fr\/31703-burkina-faso-proces-dhommes-de-troupe-accuses-de-participation-au-putsch-manque-de-2015.html#breadcrumb\",\"itemListElement\":[{\"@type\":\"ListItem\",\"position\":1,\"name\":\"Home\",\"item\":\"https:\/\/www.justiceinfo.net\/fr\"},{\"@type\":\"ListItem\",\"position\":2,\"name\":\"Burkina Faso: une vingtaine d'hommes de troupe jug\u00e9s dans un proc\u00e8s li\u00e9 au putsch manqu\u00e9 de 2015\"}]},{\"@type\":\"WebSite\",\"@id\":\"https:\/\/www.justiceinfo.net\/fr#website\",\"url\":\"https:\/\/www.justiceinfo.net\/fr\",\"name\":\"JusticeInfo.net\",\"description\":\"La justice doit \u00eatre vue pour \u00eatre rendue\",\"publisher\":{\"@id\":\"https:\/\/www.justiceinfo.net\/fr#organization\"},\"potentialAction\":[{\"@type\":\"SearchAction\",\"target\":{\"@type\":\"EntryPoint\",\"urlTemplate\":\"https:\/\/www.justiceinfo.net\/fr?s={search_term_string}\"},\"query-input\":{\"@type\":\"PropertyValueSpecification\",\"valueRequired\":true,\"valueName\":\"search_term_string\"}}],\"inLanguage\":\"fr-FR\"},{\"@type\":\"Organization\",\"@id\":\"https:\/\/www.justiceinfo.net\/fr#organization\",\"name\":\"Justice Info\",\"url\":\"https:\/\/www.justiceinfo.net\/fr\",\"logo\":{\"@type\":\"ImageObject\",\"inLanguage\":\"fr-FR\",\"@id\":\"https:\/\/www.justiceinfo.net\/fr#\/schema\/logo\/image\/\",\"url\":\"https:\/\/www.justiceinfo.net\/wp-content\/uploads\/justiceinfo_logo-trans_1200x1200px.png\",\"contentUrl\":\"https:\/\/www.justiceinfo.net\/wp-content\/uploads\/justiceinfo_logo-trans_1200x1200px.png\",\"width\":1199,\"height\":1200,\"caption\":\"Justice Info\"},\"image\":{\"@id\":\"https:\/\/www.justiceinfo.net\/fr#\/schema\/logo\/image\/\"},\"sameAs\":[\"https:\/\/www.facebook.com\/JusticeInfo\/\",\"https:\/\/x.com\/justiceinfonet\",\"https:\/\/www.linkedin.com\/company\/justice-info\",\"https:\/\/www.youtube.com\/channel\/UCyCEsARodyuWtkWyhn-e7pA\"]},{\"@type\":\"Person\",\"name\":\"Par Ga\u00ebl Cogn\u00e9, \u00e0 Ouagadougou\",\"url\":\"\/fr\/?s=Par Ga\u00ebl Cogn\u00e9, \u00e0 Ouagadougou\"}]}<\/script>\n<!-- \/ Yoast SEO Premium plugin. -->","yoast_head_json":{"title":"Burkina Faso: une vingtaine d'hommes de troupe jug\u00e9s dans un proc\u00e8s li\u00e9 au putsch manqu\u00e9 de 2015 - JusticeInfo.net","robots":{"index":"index","follow":"follow","max-snippet":"max-snippet:-1","max-image-preview":"max-image-preview:large","max-video-preview":"max-video-preview:-1"},"canonical":"https:\/\/www.justiceinfo.net\/fr\/31703-burkina-faso-proces-dhommes-de-troupe-accuses-de-participation-au-putsch-manque-de-2015.html","og_locale":"fr_FR","og_type":"article","og_title":"Burkina Faso: une vingtaine d'hommes de troupe jug\u00e9s dans un proc\u00e8s li\u00e9 au putsch manqu\u00e9 de 2015","og_description":"Au Burkina Faso, 27 membres de l\u2019ex-R\u00e9giment de s\u00e9curit\u00e9 pr\u00e9sidentielle (RSP), qui avait tent\u00e9 un coup d\u2019Etat en septembre 2015, une ann\u00e9e apr\u00e8s la chute du pr\u00e9sident Blaise Compaor\u00e9, comparaissent depuis d\u00e9cembre 2016 devant la justice militaire. Jug\u00e9s avec deux civils, ils sont accus\u00e9s d\u2019avoir particip\u00e9, en d\u00e9cembre 2015, \u00e0 un plan visant \u00e0 faire [&hellip;]","og_url":"https:\/\/www.justiceinfo.net\/fr\/31703-burkina-faso-proces-dhommes-de-troupe-accuses-de-participation-au-putsch-manque-de-2015.html","og_site_name":"JusticeInfo.net","article_publisher":"https:\/\/www.facebook.com\/JusticeInfo\/","article_published_time":"2017-01-14T08:06:37+00:00","og_image":[{"width":2560,"height":1702,"url":"https:\/\/www.justiceinfo.net\/wp-content\/uploads\/8ab834044e783d74b93fedc5229b6639-scaled.jpg","type":"image\/jpeg"}],"author":"Par Ga\u00ebl Cogn\u00e9, \u00e0 Ouagadougou","twitter_card":"summary_large_image","twitter_creator":"@justiceinfonet","twitter_site":"@justiceinfonet","twitter_misc":{"\u00c9crit par":"Par Ga\u00ebl Cogn\u00e9, \u00e0 Ouagadougou","Dur\u00e9e de lecture estim\u00e9e":"6 minutes"},"schema":{"@context":"https:\/\/schema.org","@graph":[{"@type":"NewsArticle","@id":"https:\/\/www.justiceinfo.net\/fr\/31703-burkina-faso-proces-dhommes-de-troupe-accuses-de-participation-au-putsch-manque-de-2015.html#article","isPartOf":{"@id":"https:\/\/www.justiceinfo.net\/fr\/31703-burkina-faso-proces-dhommes-de-troupe-accuses-de-participation-au-putsch-manque-de-2015.html"},"author":{"name":"solivri","@id":"https:\/\/www.justiceinfo.net\/fr#\/schema\/person\/6e53cba1629e2e66f3fc1821d3091865"},"headline":"Burkina Faso: une vingtaine d'hommes de troupe jug\u00e9s dans un proc\u00e8s li\u00e9 au putsch manqu\u00e9 de 2015","datePublished":"2017-01-14T08:06:37+00:00","mainEntityOfPage":{"@id":"https:\/\/www.justiceinfo.net\/fr\/31703-burkina-faso-proces-dhommes-de-troupe-accuses-de-participation-au-putsch-manque-de-2015.html"},"wordCount":1292,"commentCount":0,"publisher":{"@id":"https:\/\/www.justiceinfo.net\/fr#organization"},"image":{"@id":"https:\/\/www.justiceinfo.net\/fr\/31703-burkina-faso-proces-dhommes-de-troupe-accuses-de-participation-au-putsch-manque-de-2015.html#primaryimage"},"thumbnailUrl":"https:\/\/www.justiceinfo.net\/wp-content\/uploads\/8ab834044e783d74b93fedc5229b6639-scaled.jpg","articleSection":["Tribunaux"],"inLanguage":"fr-FR","potentialAction":[{"@type":"CommentAction","name":"Comment","target":["https:\/\/www.justiceinfo.net\/fr\/31703-burkina-faso-proces-dhommes-de-troupe-accuses-de-participation-au-putsch-manque-de-2015.html#respond"]}]},{"@type":"WebPage","@id":"https:\/\/www.justiceinfo.net\/fr\/31703-burkina-faso-proces-dhommes-de-troupe-accuses-de-participation-au-putsch-manque-de-2015.html","url":"https:\/\/www.justiceinfo.net\/fr\/31703-burkina-faso-proces-dhommes-de-troupe-accuses-de-participation-au-putsch-manque-de-2015.html","name":"Burkina Faso: une vingtaine d'hommes de troupe jug\u00e9s dans un proc\u00e8s li\u00e9 au putsch manqu\u00e9 de 2015 - JusticeInfo.net","isPartOf":{"@id":"https:\/\/www.justiceinfo.net\/fr#website"},"primaryImageOfPage":{"@id":"https:\/\/www.justiceinfo.net\/fr\/31703-burkina-faso-proces-dhommes-de-troupe-accuses-de-participation-au-putsch-manque-de-2015.html#primaryimage"},"image":{"@id":"https:\/\/www.justiceinfo.net\/fr\/31703-burkina-faso-proces-dhommes-de-troupe-accuses-de-participation-au-putsch-manque-de-2015.html#primaryimage"},"thumbnailUrl":"https:\/\/www.justiceinfo.net\/wp-content\/uploads\/8ab834044e783d74b93fedc5229b6639-scaled.jpg","datePublished":"2017-01-14T08:06:37+00:00","breadcrumb":{"@id":"https:\/\/www.justiceinfo.net\/fr\/31703-burkina-faso-proces-dhommes-de-troupe-accuses-de-participation-au-putsch-manque-de-2015.html#breadcrumb"},"inLanguage":"fr-FR","potentialAction":[{"@type":"ReadAction","target":["https:\/\/www.justiceinfo.net\/fr\/31703-burkina-faso-proces-dhommes-de-troupe-accuses-de-participation-au-putsch-manque-de-2015.html"]}]},{"@type":"ImageObject","inLanguage":"fr-FR","@id":"https:\/\/www.justiceinfo.net\/fr\/31703-burkina-faso-proces-dhommes-de-troupe-accuses-de-participation-au-putsch-manque-de-2015.html#primaryimage","url":"https:\/\/www.justiceinfo.net\/wp-content\/uploads\/8ab834044e783d74b93fedc5229b6639-scaled.jpg","contentUrl":"https:\/\/www.justiceinfo.net\/wp-content\/uploads\/8ab834044e783d74b93fedc5229b6639-scaled.jpg","width":2560,"height":1702},{"@type":"BreadcrumbList","@id":"https:\/\/www.justiceinfo.net\/fr\/31703-burkina-faso-proces-dhommes-de-troupe-accuses-de-participation-au-putsch-manque-de-2015.html#breadcrumb","itemListElement":[{"@type":"ListItem","position":1,"name":"Home","item":"https:\/\/www.justiceinfo.net\/fr"},{"@type":"ListItem","position":2,"name":"Burkina Faso: une vingtaine d'hommes de troupe jug\u00e9s dans un proc\u00e8s li\u00e9 au putsch manqu\u00e9 de 2015"}]},{"@type":"WebSite","@id":"https:\/\/www.justiceinfo.net\/fr#website","url":"https:\/\/www.justiceinfo.net\/fr","name":"JusticeInfo.net","description":"La justice doit \u00eatre vue pour \u00eatre rendue","publisher":{"@id":"https:\/\/www.justiceinfo.net\/fr#organization"},"potentialAction":[{"@type":"SearchAction","target":{"@type":"EntryPoint","urlTemplate":"https:\/\/www.justiceinfo.net\/fr?s={search_term_string}"},"query-input":{"@type":"PropertyValueSpecification","valueRequired":true,"valueName":"search_term_string"}}],"inLanguage":"fr-FR"},{"@type":"Organization","@id":"https:\/\/www.justiceinfo.net\/fr#organization","name":"Justice Info","url":"https:\/\/www.justiceinfo.net\/fr","logo":{"@type":"ImageObject","inLanguage":"fr-FR","@id":"https:\/\/www.justiceinfo.net\/fr#\/schema\/logo\/image\/","url":"https:\/\/www.justiceinfo.net\/wp-content\/uploads\/justiceinfo_logo-trans_1200x1200px.png","contentUrl":"https:\/\/www.justiceinfo.net\/wp-content\/uploads\/justiceinfo_logo-trans_1200x1200px.png","width":1199,"height":1200,"caption":"Justice Info"},"image":{"@id":"https:\/\/www.justiceinfo.net\/fr#\/schema\/logo\/image\/"},"sameAs":["https:\/\/www.facebook.com\/JusticeInfo\/","https:\/\/x.com\/justiceinfonet","https:\/\/www.linkedin.com\/company\/justice-info","https:\/\/www.youtube.com\/channel\/UCyCEsARodyuWtkWyhn-e7pA"]},{"@type":"Person","name":"Par Ga\u00ebl Cogn\u00e9, \u00e0 Ouagadougou","url":"\/fr\/?s=Par Ga\u00ebl Cogn\u00e9, \u00e0 Ouagadougou"}]}},"_links":{"self":[{"href":"https:\/\/www.justiceinfo.net\/fr\/wp-json\/wp\/v2\/posts\/31703","targetHints":{"allow":["GET"]}}],"collection":[{"href":"https:\/\/www.justiceinfo.net\/fr\/wp-json\/wp\/v2\/posts"}],"about":[{"href":"https:\/\/www.justiceinfo.net\/fr\/wp-json\/wp\/v2\/types\/post"}],"author":[{"embeddable":true,"href":"https:\/\/www.justiceinfo.net\/fr\/wp-json\/wp\/v2\/users\/64"}],"replies":[{"embeddable":true,"href":"https:\/\/www.justiceinfo.net\/fr\/wp-json\/wp\/v2\/comments?post=31703"}],"version-history":[{"count":0,"href":"https:\/\/www.justiceinfo.net\/fr\/wp-json\/wp\/v2\/posts\/31703\/revisions"}],"wp:featuredmedia":[{"embeddable":true,"href":"https:\/\/www.justiceinfo.net\/fr\/wp-json\/wp\/v2\/media\/62346"}],"wp:attachment":[{"href":"https:\/\/www.justiceinfo.net\/fr\/wp-json\/wp\/v2\/media?parent=31703"}],"wp:term":[{"taxonomy":"category","embeddable":true,"href":"https:\/\/www.justiceinfo.net\/fr\/wp-json\/wp\/v2\/categories?post=31703"},{"taxonomy":"post_tag","embeddable":true,"href":"https:\/\/www.justiceinfo.net\/fr\/wp-json\/wp\/v2\/tags?post=31703"},{"taxonomy":"ji_location","embeddable":true,"href":"https:\/\/www.justiceinfo.net\/fr\/wp-json\/wp\/v2\/ji_location?post=31703"}],"curies":[{"name":"wp","href":"https:\/\/api.w.org\/{rel}","templated":true}]}}