{"id":31730,"date":"2017-01-17T00:00:00","date_gmt":"2017-01-16T23:00:00","guid":{"rendered":"https:\/\/www.justiceinfo.net\/31730-proces-en-espagne-guatemala-vielmann.html"},"modified":"2017-01-17T00:00:00","modified_gmt":"2017-01-16T23:00:00","slug":"proces-en-espagne-guatemala-vielmann","status":"publish","type":"post","link":"https:\/\/www.justiceinfo.net\/fr\/31730-proces-en-espagne-guatemala-vielmann.html","title":{"rendered":"La justice espagnole rattrape un ministre guat\u00e9malt\u00e8que"},"content":{"rendered":"<div class=\"content-excerpt\">\n<p>\u00a0L\u2019Audience Nationale, la plus haute instance judiciaire espagnole pour les affaires de terrorisme, g\u00e9nocide et de l\u00e8se-humanit\u00e9, a assis sur le banc des accus\u00e9s un ancien ministre guat\u00e9malt\u00e8que qui, pendant longtemps, a pens\u00e9 qu\u2019il passerait au travers des mailles de la justice. Carlos Roberto Vielmann, 60 ans, issu de l\u2019\u00e9lite \u00e9conomique du Guatemala et ancien ministre de l\u2019Int\u00e9rieur, est jug\u00e9 jusqu\u2019\u00e0 fin f\u00e9vrier pour l\u2019assassinat de huit d\u00e9tenus en 2006. Il encourt une peine de 160 ann\u00e9es (20 ans par assassinat) et le versement de 300 000 euros en faveur de parents des victimes.\u00a0<\/p>\n<\/div>\n<p>\u00a0<\/p>\n<p>Nationalis\u00e9 espagnol en 2010 -il poss\u00e8de la double nationalit\u00e9-, Vielmann a d\u00e8s le d\u00e9but du proc\u00e8s ni\u00e9 les faits reproch\u00e9s : \u00abNon, a-t-il affirm\u00e9, je n\u2019ai rien \u00e0 voir avec les pr\u00e9sum\u00e9es ex\u00e9cutions des prisonniers en question\u00bb. Et d\u2019ajouter pour sa d\u00e9fense : \u00abJ\u2019ai connu toute ma vie la r\u00e9ussite personnelle et professionnelle, j\u2019ai une famille unie, j\u2019ai destitu\u00e9 1200 policiers et j\u2019ai rompu la dynamique de la corruption dans mon pays\u2026Alors, je n\u2019allais quand m\u00eame pas salir mon nom seulement pour tuer 7 d\u00e9tenus !\u00bb -il ne prend pas en compte la mort d\u2019un huiti\u00e8me d\u00e9tenu, Edwin Santacruz. Pour autant, le parquet est convaincu que l\u2019ancien ministre \u00e9tait le cerveau d\u2019une \u00aborganisation criminelle\u00bb, parall\u00e8le \u00e0 l\u2019Etat, qui cherchait \u00abl\u2019\u00e9limination pure et simple\u00bb d\u2019individus jug\u00e9s ind\u00e9sirables.\u00a0<\/p>\n<p>\u00a0Paradoxalement, la trajectoire politique de Carlos Vielmann s\u2019est inscrite dans un contexte de mod\u00e9ration. En juillet 2004, acc\u00e8de au pouvoir le conservateur Oscar Berger, apr\u00e8s des d\u00e9cennies de troubles et de convulsions dans cette petite nation centre-am\u00e9ricaine, en particulier une guerre civile ayant dur\u00e9 plus de trente ans (de 1960 \u00e0 1996) et qui s\u2019\u00e9tait sold\u00e9e par au moins 200 000 victimes. Berger annonce alors un \u00abgouvernement d\u2019entrepreneurs\u00bb, qui durera jusqu\u2019en 2008, et nomme comme cl\u00e9 de voute de son ex\u00e9cutif, \u00e0 la t\u00eate du \u00abministerio de gobernacion\u00bb (l\u2019\u00e9quivalent du minist\u00e8re de l\u2019Int\u00e9rieur), l\u2019homme d\u2019affaires Carlos Vielmann, ancien pr\u00e9sident de la Chambre de commerce et d\u2019industrie du Guatemala. Publiquement, celui-ci se donne une image probe et encouragera notamment la constitution du <a href=\"http:\/\/www.cicig.org\" target=\"_blank\" rel=\"noopener\">CICIG<\/a>, une commission onusienne pour faire toute la lumi\u00e8re sur les crimes les plus graves commis depuis les ann\u00e9es 60, au centre desquels apparait la figure de l\u2019ancien g\u00e9n\u00e9ral Efrain Rios Montt.\u00a0<\/p>\n<h3>\u00a0Appui m\u00e9diatique<\/h3>\n<p>Le nouveau ministre de l\u2019int\u00e9rieur promet alors d\u2019\u00ab\u00e9radiquer\u00bb le trafic de drogue et de mettre hors d\u2019\u00e9tat de nuire les \u00abgangs qui le contr\u00f4lent\u00bb. Leur principal fortin serait la prison Pavon, dans le d\u00e9partement de Fraijanes, qui serait tenu par une organisation auto-d\u00e9nomm\u00e9e \u00ab\u00a0Comit\u00e9 d\u2019ordre et de discipline\u00bb. Le 25 septembre 2006, b\u00e9n\u00e9ficiant de tout l\u2019appui m\u00e9diatique, Vielmann donne\u00a0 l\u2019assaut au p\u00e9nitencier pour \u00abd\u00e9sarticuler\u00bb le gang. Cette attaque men\u00e9e par la Police nationale civile, la PNC, et l\u2019arm\u00e9e, est au coeur du proc\u00e8s \u00e0 Madrid : selon l\u2019accusation, le dispositif mis en place par Vielmann aurait eu pour objectif cach\u00e9 \u00abl\u2019ex\u00e9cution\u00bb des chefs du gang. Sept des d\u00e9tenus auraient ainsi \u00e9t\u00e9 liquid\u00e9s le m\u00eame jour, le huiti\u00e8me le 3 novembre, apr\u00e8s que ce dernier avait r\u00e9ussi \u00e0 s\u2019\u00e9vader.\u00a0<\/p>\n<p>\u00a0Ce proc\u00e8s instruit \u00e0 <a href=\"http:\/\/www.poderjudicial.es\/cgpj\/es\/Poder-Judicial\/Audiencia-Nacional\/\" target=\"_blank\" rel=\"noopener\">l\u2019Audience nationale <\/a>de Madrid contre Carlos Vielmann d\u00e9passe en r\u00e9alit\u00e9 le cadre des assassinats eux-m\u00eames. Ce qui, aux yeux du minist\u00e8re public est en jeu, c\u2019est de d\u00e9terminer si, oui ou non, l\u2019ancien ministre de l\u2019int\u00e9rieur avait cr\u00e9\u00e9 une sorte de \u00abcorps paramilitaire parall\u00e8le\u00bb. Tel est l\u2019avis exprim\u00e9 par le Costaricain Francisco Dall\u2019Anese, jusqu\u2019\u00e0 2013 \u00e0 la t\u00eate du <a href=\"http:\/\/www.cicig.org\" target=\"_blank\" rel=\"noopener\">CICIG<\/a> : \u00abVielmann avait mis en place et faisait partie d\u2019une organisation criminelle, dont la police nationale \u00e9tait au coeur, qui se consacrait aux meurtres, au trafic de drogue, au blanchiment d\u2019argent et aux enl\u00e8vements\u00bb. Philip Alston, mandat\u00e9 sp\u00e9cifiquement par l\u2019ONU pour enqu\u00eater sur ces \u00e9v\u00e9nements troubles, abondait il y a quatre ans dans le m\u00eame sens ; \u00e0 ses yeux, Vielmann avait pour obsession de r\u00e9aliser un grand \u00abnettoyage social\u00bb, c\u2019est-\u00e0-dire d\u2019\u00e9liminer de fa\u00e7on radicale les d\u00e9tenus les plus dangereux, les chefs de gangs, les trafiquants de drogue, des prostitu\u00e9es\u2026Vielmann, lui, s\u2019\u00e9tait enorgueilli d\u2019avoir \u00abr\u00e9solu\u00bb quelque 500 cas d\u2019enl\u00e8vements et 90 attaques contre des banques, mais toujours \u00ab de mani\u00e8re l\u00e9gale et propre\u00bb.<\/p>\n<h3>Justice universelle<\/h3>\n<p>\u00a0Cet \u00e9v\u00e9nement judiciaire \u00e0 Madrid rel\u00e8ve du trompe-l\u2019oeil. A premi\u00e8re vue, on pourrait penser qu\u2019il est le fruit du z\u00e8le bien connu des magistrats espagnols agissant au nom de la \u00abjustice universelle\u00bb. Personne n\u2019a oubli\u00e9 les retentissantes d\u00e9tentions ordonn\u00e9es par plusieurs juges d\u2019instruction, dont Baltasar Garzon, comme celle de Pinochet \u00e0 Londres, ou les extraditions vers l\u2019Espagne d\u2019anciens tortionnaires de la dictature argentine comme Scilingo ou Cavallo. Or, avec le socialiste Zapatero en 2009, puis en 2014 avec le conservateur Rajoy, les gouvernements espagnols ont ces derni\u00e8res ann\u00e9es l\u00e9gif\u00e9r\u00e9 pour restreindre fortement ces pr\u00e9rogatives, essentiellement pour couper court \u00e0 des conflits diplomatiques avec la Chine, Isra\u00ebl et les Etats-Unis.\u00a0<\/p>\n<p>\u00a0Finis, d\u00e9sormais, les proc\u00e8s pour \u00abg\u00e9nocide\u00bb ou \u00abcrimes de l\u00e8se majest\u00e9\u00bb li\u00e9s au Tibet, \u00e0 la Palestine, au Salvador, et \u00e0 la guerre civile au Guatemala. Les juges espagnols sont d\u00e9sormais impuissants face \u00e0 toute violation des droits de l\u2019homme de ce genre, sauf si l\u2019auteur pr\u00e9sum\u00e9 (ou les auteurs pr\u00e9sum\u00e9s) de ces forfaits est de nationalit\u00e9 espagnole ou r\u00e9side de fa\u00e7on permanente en Espagne. Or c\u2019est le \u00e7as de Carlos Vielmann, qui, pour fuir les poursuites de la justice guat\u00e9malt\u00e8que et gr\u00e2ce au fait qu\u2019il a des grand-p\u00e8res espagnols, avait pris la nationalit\u00e9 en 2010. Il n\u2019a pas pour autant \u00e9chapp\u00e9 \u00e0 son proc\u00e8s.\u00a0<\/p>\n","protected":false},"excerpt":{"rendered":"<p>\u00a0L\u2019Audience Nationale, la plus haute instance judiciaire espagnole pour les affaires de terrorisme, g\u00e9nocide et de l\u00e8se-humanit\u00e9, a assis sur le banc des accus\u00e9s un ancien ministre guat\u00e9malt\u00e8que qui, pendant longtemps, a pens\u00e9 qu\u2019il passerait au travers des mailles de la justice. Carlos Roberto Vielmann, 60 ans, issu de l\u2019\u00e9lite \u00e9conomique du Guatemala et ancien [&hellip;]<\/p>\n","protected":false},"author":64,"featured_media":62674,"comment_status":"open","ping_status":"closed","sticky":false,"template":"","format":"standard","meta":{"_acf_changed":false,"footnotes":""},"categories":[574],"tags":[],"ji_location":[2252],"class_list":["post-31730","post","type-post","status-publish","format-standard","has-post-thumbnail","hentry","category-tribunaux-nationaux","ji_location-guatemala"],"acf":[],"yoast_head":"<!-- This site is optimized with the Yoast SEO Premium plugin v25.3.1 (Yoast SEO v25.3.1) - https:\/\/yoast.com\/wordpress\/plugins\/seo\/ -->\n<title>La justice espagnole rattrape un ministre guat\u00e9malt\u00e8que - JusticeInfo.net<\/title>\n<meta name=\"robots\" content=\"index, follow, max-snippet:-1, max-image-preview:large, max-video-preview:-1\" \/>\n<link rel=\"canonical\" href=\"https:\/\/www.justiceinfo.net\/fr\/31730-proces-en-espagne-guatemala-vielmann.html\" \/>\n<meta property=\"og:locale\" content=\"fr_FR\" \/>\n<meta property=\"og:type\" content=\"article\" \/>\n<meta property=\"og:title\" content=\"La justice espagnole rattrape un ministre guat\u00e9malt\u00e8que\" \/>\n<meta property=\"og:description\" content=\"\u00a0L\u2019Audience Nationale, la plus haute instance judiciaire espagnole pour les affaires de terrorisme, g\u00e9nocide et de l\u00e8se-humanit\u00e9, a assis sur le banc des accus\u00e9s un ancien ministre guat\u00e9malt\u00e8que qui, pendant longtemps, a pens\u00e9 qu\u2019il passerait au travers des mailles de la justice. Carlos Roberto Vielmann, 60 ans, issu de l\u2019\u00e9lite \u00e9conomique du Guatemala et ancien [&hellip;]\" \/>\n<meta property=\"og:url\" content=\"https:\/\/www.justiceinfo.net\/fr\/31730-proces-en-espagne-guatemala-vielmann.html\" \/>\n<meta property=\"og:site_name\" content=\"JusticeInfo.net\" \/>\n<meta property=\"article:publisher\" content=\"https:\/\/www.facebook.com\/JusticeInfo\/\" \/>\n<meta property=\"article:published_time\" content=\"2017-01-16T23:00:00+00:00\" \/>\n<meta property=\"og:image\" content=\"https:\/\/www.justiceinfo.net\/wp-content\/uploads\/0ce9d08339fccfac617d1398877c7a9d.jpg\" \/>\n\t<meta property=\"og:image:width\" content=\"1024\" \/>\n\t<meta property=\"og:image:height\" content=\"711\" \/>\n\t<meta property=\"og:image:type\" content=\"image\/jpeg\" \/>\n<meta name=\"author\" content=\"Fran\u00e7ois Musseau\" \/>\n<meta name=\"twitter:card\" content=\"summary_large_image\" \/>\n<meta name=\"twitter:creator\" content=\"@justiceinfonet\" \/>\n<meta name=\"twitter:site\" content=\"@justiceinfonet\" \/>\n<meta name=\"twitter:label1\" content=\"\u00c9crit par\" \/>\n\t<meta name=\"twitter:data1\" content=\"Fran\u00e7ois Musseau\" \/>\n\t<meta name=\"twitter:label2\" content=\"Dur\u00e9e de lecture estim\u00e9e\" \/>\n\t<meta name=\"twitter:data2\" content=\"5 minutes\" \/>\n<script type=\"application\/ld+json\" class=\"yoast-schema-graph\">{\"@context\":\"https:\/\/schema.org\",\"@graph\":[{\"@type\":\"NewsArticle\",\"@id\":\"https:\/\/www.justiceinfo.net\/fr\/31730-proces-en-espagne-guatemala-vielmann.html#article\",\"isPartOf\":{\"@id\":\"https:\/\/www.justiceinfo.net\/fr\/31730-proces-en-espagne-guatemala-vielmann.html\"},\"author\":{\"name\":\"solivri\",\"@id\":\"https:\/\/www.justiceinfo.net\/fr#\/schema\/person\/6e53cba1629e2e66f3fc1821d3091865\"},\"headline\":\"La justice espagnole rattrape un ministre guat\u00e9malt\u00e8que\",\"datePublished\":\"2017-01-16T23:00:00+00:00\",\"mainEntityOfPage\":{\"@id\":\"https:\/\/www.justiceinfo.net\/fr\/31730-proces-en-espagne-guatemala-vielmann.html\"},\"wordCount\":1036,\"commentCount\":0,\"publisher\":{\"@id\":\"https:\/\/www.justiceinfo.net\/fr#organization\"},\"image\":{\"@id\":\"https:\/\/www.justiceinfo.net\/fr\/31730-proces-en-espagne-guatemala-vielmann.html#primaryimage\"},\"thumbnailUrl\":\"https:\/\/www.justiceinfo.net\/wp-content\/uploads\/0ce9d08339fccfac617d1398877c7a9d.jpg\",\"articleSection\":[\"Tribunaux nationaux\"],\"inLanguage\":\"fr-FR\",\"potentialAction\":[{\"@type\":\"CommentAction\",\"name\":\"Comment\",\"target\":[\"https:\/\/www.justiceinfo.net\/fr\/31730-proces-en-espagne-guatemala-vielmann.html#respond\"]}]},{\"@type\":\"WebPage\",\"@id\":\"https:\/\/www.justiceinfo.net\/fr\/31730-proces-en-espagne-guatemala-vielmann.html\",\"url\":\"https:\/\/www.justiceinfo.net\/fr\/31730-proces-en-espagne-guatemala-vielmann.html\",\"name\":\"La justice espagnole rattrape un ministre guat\u00e9malt\u00e8que - JusticeInfo.net\",\"isPartOf\":{\"@id\":\"https:\/\/www.justiceinfo.net\/fr#website\"},\"primaryImageOfPage\":{\"@id\":\"https:\/\/www.justiceinfo.net\/fr\/31730-proces-en-espagne-guatemala-vielmann.html#primaryimage\"},\"image\":{\"@id\":\"https:\/\/www.justiceinfo.net\/fr\/31730-proces-en-espagne-guatemala-vielmann.html#primaryimage\"},\"thumbnailUrl\":\"https:\/\/www.justiceinfo.net\/wp-content\/uploads\/0ce9d08339fccfac617d1398877c7a9d.jpg\",\"datePublished\":\"2017-01-16T23:00:00+00:00\",\"breadcrumb\":{\"@id\":\"https:\/\/www.justiceinfo.net\/fr\/31730-proces-en-espagne-guatemala-vielmann.html#breadcrumb\"},\"inLanguage\":\"fr-FR\",\"potentialAction\":[{\"@type\":\"ReadAction\",\"target\":[\"https:\/\/www.justiceinfo.net\/fr\/31730-proces-en-espagne-guatemala-vielmann.html\"]}]},{\"@type\":\"ImageObject\",\"inLanguage\":\"fr-FR\",\"@id\":\"https:\/\/www.justiceinfo.net\/fr\/31730-proces-en-espagne-guatemala-vielmann.html#primaryimage\",\"url\":\"https:\/\/www.justiceinfo.net\/wp-content\/uploads\/0ce9d08339fccfac617d1398877c7a9d.jpg\",\"contentUrl\":\"https:\/\/www.justiceinfo.net\/wp-content\/uploads\/0ce9d08339fccfac617d1398877c7a9d.jpg\",\"width\":2178,\"height\":1512},{\"@type\":\"BreadcrumbList\",\"@id\":\"https:\/\/www.justiceinfo.net\/fr\/31730-proces-en-espagne-guatemala-vielmann.html#breadcrumb\",\"itemListElement\":[{\"@type\":\"ListItem\",\"position\":1,\"name\":\"Home\",\"item\":\"https:\/\/www.justiceinfo.net\/fr\"},{\"@type\":\"ListItem\",\"position\":2,\"name\":\"La justice espagnole rattrape un ministre guat\u00e9malt\u00e8que\"}]},{\"@type\":\"WebSite\",\"@id\":\"https:\/\/www.justiceinfo.net\/fr#website\",\"url\":\"https:\/\/www.justiceinfo.net\/fr\",\"name\":\"JusticeInfo.net\",\"description\":\"La justice doit \u00eatre vue pour \u00eatre rendue\",\"publisher\":{\"@id\":\"https:\/\/www.justiceinfo.net\/fr#organization\"},\"potentialAction\":[{\"@type\":\"SearchAction\",\"target\":{\"@type\":\"EntryPoint\",\"urlTemplate\":\"https:\/\/www.justiceinfo.net\/fr?s={search_term_string}\"},\"query-input\":{\"@type\":\"PropertyValueSpecification\",\"valueRequired\":true,\"valueName\":\"search_term_string\"}}],\"inLanguage\":\"fr-FR\"},{\"@type\":\"Organization\",\"@id\":\"https:\/\/www.justiceinfo.net\/fr#organization\",\"name\":\"Justice Info\",\"url\":\"https:\/\/www.justiceinfo.net\/fr\",\"logo\":{\"@type\":\"ImageObject\",\"inLanguage\":\"fr-FR\",\"@id\":\"https:\/\/www.justiceinfo.net\/fr#\/schema\/logo\/image\/\",\"url\":\"https:\/\/www.justiceinfo.net\/wp-content\/uploads\/justiceinfo_logo-trans_1200x1200px.png\",\"contentUrl\":\"https:\/\/www.justiceinfo.net\/wp-content\/uploads\/justiceinfo_logo-trans_1200x1200px.png\",\"width\":1199,\"height\":1200,\"caption\":\"Justice Info\"},\"image\":{\"@id\":\"https:\/\/www.justiceinfo.net\/fr#\/schema\/logo\/image\/\"},\"sameAs\":[\"https:\/\/www.facebook.com\/JusticeInfo\/\",\"https:\/\/x.com\/justiceinfonet\",\"https:\/\/www.linkedin.com\/company\/justice-info\",\"https:\/\/www.youtube.com\/channel\/UCyCEsARodyuWtkWyhn-e7pA\"]},{\"@type\":\"Person\",\"name\":\"Fran\u00e7ois Musseau\",\"url\":\"\/fr\/?s=Fran\u00e7ois Musseau\"}]}<\/script>\n<!-- \/ Yoast SEO Premium plugin. -->","yoast_head_json":{"title":"La justice espagnole rattrape un ministre guat\u00e9malt\u00e8que - JusticeInfo.net","robots":{"index":"index","follow":"follow","max-snippet":"max-snippet:-1","max-image-preview":"max-image-preview:large","max-video-preview":"max-video-preview:-1"},"canonical":"https:\/\/www.justiceinfo.net\/fr\/31730-proces-en-espagne-guatemala-vielmann.html","og_locale":"fr_FR","og_type":"article","og_title":"La justice espagnole rattrape un ministre guat\u00e9malt\u00e8que","og_description":"\u00a0L\u2019Audience Nationale, la plus haute instance judiciaire espagnole pour les affaires de terrorisme, g\u00e9nocide et de l\u00e8se-humanit\u00e9, a assis sur le banc des accus\u00e9s un ancien ministre guat\u00e9malt\u00e8que qui, pendant longtemps, a pens\u00e9 qu\u2019il passerait au travers des mailles de la justice. Carlos Roberto Vielmann, 60 ans, issu de l\u2019\u00e9lite \u00e9conomique du Guatemala et ancien [&hellip;]","og_url":"https:\/\/www.justiceinfo.net\/fr\/31730-proces-en-espagne-guatemala-vielmann.html","og_site_name":"JusticeInfo.net","article_publisher":"https:\/\/www.facebook.com\/JusticeInfo\/","article_published_time":"2017-01-16T23:00:00+00:00","og_image":[{"url":"https:\/\/www.justiceinfo.net\/wp-content\/uploads\/0ce9d08339fccfac617d1398877c7a9d.jpg","width":1024,"height":711,"type":"image\/jpeg"}],"author":"Fran\u00e7ois Musseau","twitter_card":"summary_large_image","twitter_creator":"@justiceinfonet","twitter_site":"@justiceinfonet","twitter_misc":{"\u00c9crit par":"Fran\u00e7ois Musseau","Dur\u00e9e de lecture estim\u00e9e":"5 minutes"},"schema":{"@context":"https:\/\/schema.org","@graph":[{"@type":"NewsArticle","@id":"https:\/\/www.justiceinfo.net\/fr\/31730-proces-en-espagne-guatemala-vielmann.html#article","isPartOf":{"@id":"https:\/\/www.justiceinfo.net\/fr\/31730-proces-en-espagne-guatemala-vielmann.html"},"author":{"name":"solivri","@id":"https:\/\/www.justiceinfo.net\/fr#\/schema\/person\/6e53cba1629e2e66f3fc1821d3091865"},"headline":"La justice espagnole rattrape un ministre guat\u00e9malt\u00e8que","datePublished":"2017-01-16T23:00:00+00:00","mainEntityOfPage":{"@id":"https:\/\/www.justiceinfo.net\/fr\/31730-proces-en-espagne-guatemala-vielmann.html"},"wordCount":1036,"commentCount":0,"publisher":{"@id":"https:\/\/www.justiceinfo.net\/fr#organization"},"image":{"@id":"https:\/\/www.justiceinfo.net\/fr\/31730-proces-en-espagne-guatemala-vielmann.html#primaryimage"},"thumbnailUrl":"https:\/\/www.justiceinfo.net\/wp-content\/uploads\/0ce9d08339fccfac617d1398877c7a9d.jpg","articleSection":["Tribunaux nationaux"],"inLanguage":"fr-FR","potentialAction":[{"@type":"CommentAction","name":"Comment","target":["https:\/\/www.justiceinfo.net\/fr\/31730-proces-en-espagne-guatemala-vielmann.html#respond"]}]},{"@type":"WebPage","@id":"https:\/\/www.justiceinfo.net\/fr\/31730-proces-en-espagne-guatemala-vielmann.html","url":"https:\/\/www.justiceinfo.net\/fr\/31730-proces-en-espagne-guatemala-vielmann.html","name":"La justice espagnole rattrape un ministre guat\u00e9malt\u00e8que - JusticeInfo.net","isPartOf":{"@id":"https:\/\/www.justiceinfo.net\/fr#website"},"primaryImageOfPage":{"@id":"https:\/\/www.justiceinfo.net\/fr\/31730-proces-en-espagne-guatemala-vielmann.html#primaryimage"},"image":{"@id":"https:\/\/www.justiceinfo.net\/fr\/31730-proces-en-espagne-guatemala-vielmann.html#primaryimage"},"thumbnailUrl":"https:\/\/www.justiceinfo.net\/wp-content\/uploads\/0ce9d08339fccfac617d1398877c7a9d.jpg","datePublished":"2017-01-16T23:00:00+00:00","breadcrumb":{"@id":"https:\/\/www.justiceinfo.net\/fr\/31730-proces-en-espagne-guatemala-vielmann.html#breadcrumb"},"inLanguage":"fr-FR","potentialAction":[{"@type":"ReadAction","target":["https:\/\/www.justiceinfo.net\/fr\/31730-proces-en-espagne-guatemala-vielmann.html"]}]},{"@type":"ImageObject","inLanguage":"fr-FR","@id":"https:\/\/www.justiceinfo.net\/fr\/31730-proces-en-espagne-guatemala-vielmann.html#primaryimage","url":"https:\/\/www.justiceinfo.net\/wp-content\/uploads\/0ce9d08339fccfac617d1398877c7a9d.jpg","contentUrl":"https:\/\/www.justiceinfo.net\/wp-content\/uploads\/0ce9d08339fccfac617d1398877c7a9d.jpg","width":2178,"height":1512},{"@type":"BreadcrumbList","@id":"https:\/\/www.justiceinfo.net\/fr\/31730-proces-en-espagne-guatemala-vielmann.html#breadcrumb","itemListElement":[{"@type":"ListItem","position":1,"name":"Home","item":"https:\/\/www.justiceinfo.net\/fr"},{"@type":"ListItem","position":2,"name":"La justice espagnole rattrape un ministre guat\u00e9malt\u00e8que"}]},{"@type":"WebSite","@id":"https:\/\/www.justiceinfo.net\/fr#website","url":"https:\/\/www.justiceinfo.net\/fr","name":"JusticeInfo.net","description":"La justice doit \u00eatre vue pour \u00eatre rendue","publisher":{"@id":"https:\/\/www.justiceinfo.net\/fr#organization"},"potentialAction":[{"@type":"SearchAction","target":{"@type":"EntryPoint","urlTemplate":"https:\/\/www.justiceinfo.net\/fr?s={search_term_string}"},"query-input":{"@type":"PropertyValueSpecification","valueRequired":true,"valueName":"search_term_string"}}],"inLanguage":"fr-FR"},{"@type":"Organization","@id":"https:\/\/www.justiceinfo.net\/fr#organization","name":"Justice Info","url":"https:\/\/www.justiceinfo.net\/fr","logo":{"@type":"ImageObject","inLanguage":"fr-FR","@id":"https:\/\/www.justiceinfo.net\/fr#\/schema\/logo\/image\/","url":"https:\/\/www.justiceinfo.net\/wp-content\/uploads\/justiceinfo_logo-trans_1200x1200px.png","contentUrl":"https:\/\/www.justiceinfo.net\/wp-content\/uploads\/justiceinfo_logo-trans_1200x1200px.png","width":1199,"height":1200,"caption":"Justice Info"},"image":{"@id":"https:\/\/www.justiceinfo.net\/fr#\/schema\/logo\/image\/"},"sameAs":["https:\/\/www.facebook.com\/JusticeInfo\/","https:\/\/x.com\/justiceinfonet","https:\/\/www.linkedin.com\/company\/justice-info","https:\/\/www.youtube.com\/channel\/UCyCEsARodyuWtkWyhn-e7pA"]},{"@type":"Person","name":"Fran\u00e7ois Musseau","url":"\/fr\/?s=Fran\u00e7ois Musseau"}]}},"_links":{"self":[{"href":"https:\/\/www.justiceinfo.net\/fr\/wp-json\/wp\/v2\/posts\/31730","targetHints":{"allow":["GET"]}}],"collection":[{"href":"https:\/\/www.justiceinfo.net\/fr\/wp-json\/wp\/v2\/posts"}],"about":[{"href":"https:\/\/www.justiceinfo.net\/fr\/wp-json\/wp\/v2\/types\/post"}],"author":[{"embeddable":true,"href":"https:\/\/www.justiceinfo.net\/fr\/wp-json\/wp\/v2\/users\/64"}],"replies":[{"embeddable":true,"href":"https:\/\/www.justiceinfo.net\/fr\/wp-json\/wp\/v2\/comments?post=31730"}],"version-history":[{"count":0,"href":"https:\/\/www.justiceinfo.net\/fr\/wp-json\/wp\/v2\/posts\/31730\/revisions"}],"wp:featuredmedia":[{"embeddable":true,"href":"https:\/\/www.justiceinfo.net\/fr\/wp-json\/wp\/v2\/media\/62674"}],"wp:attachment":[{"href":"https:\/\/www.justiceinfo.net\/fr\/wp-json\/wp\/v2\/media?parent=31730"}],"wp:term":[{"taxonomy":"category","embeddable":true,"href":"https:\/\/www.justiceinfo.net\/fr\/wp-json\/wp\/v2\/categories?post=31730"},{"taxonomy":"post_tag","embeddable":true,"href":"https:\/\/www.justiceinfo.net\/fr\/wp-json\/wp\/v2\/tags?post=31730"},{"taxonomy":"ji_location","embeddable":true,"href":"https:\/\/www.justiceinfo.net\/fr\/wp-json\/wp\/v2\/ji_location?post=31730"}],"curies":[{"name":"wp","href":"https:\/\/api.w.org\/{rel}","templated":true}]}}