{"id":31814,"date":"2017-01-25T13:21:41","date_gmt":"2017-01-25T12:21:41","guid":{"rendered":"https:\/\/www.justiceinfo.net\/31814-togo-un-processus-de-reconciliation-financierement-limite.html"},"modified":"2017-01-25T13:21:41","modified_gmt":"2017-01-25T12:21:41","slug":"togo-un-processus-de-reconciliation-financierement-limite","status":"publish","type":"post","link":"https:\/\/www.justiceinfo.net\/fr\/31814-togo-un-processus-de-reconciliation-financierement-limite.html","title":{"rendered":"Togo : le pouvoir asphyxie le processus de r\u00e9conciliation"},"content":{"rendered":"<div class=\"content-excerpt\">\n<p><strong><em>Le Togo s\u2019est engag\u00e9 \u00e0 exorciser 47 ans violences politiques, en initiant un processus de justice transitionnelle. Seulement, entre discours et affectations de moyens, le gouffre est abyssal. Le Haut-Commissariat \u00e0 la R\u00e9conciliation et au Renforcement de l\u2019Unit\u00e9 nationale \u00e9touffe. <\/em><\/strong><\/p>\n<\/div>\n<p>A quatre mois de la fin de son mandat, <a href=\"http:\/\/hcrrun-tg.org\/\" target=\"_blank\" rel=\"noopener\">le Haut-Commissariat \u00e0 la R\u00e9conciliation et au Renforcement de l\u2019Unit\u00e9 Nationale <\/a>doit se contenter d\u2019un petit budget de deux milliards (3 millions d\u2019euros), sur les 35 n\u00e9cessaires (54 millions d\u2019euros). Certains analystes y voient un \u00e9vident manque de volont\u00e9 des autorit\u00e9s de ce pays d\u2019Afrique de l\u2019Ouest \u00e0 investir dans la r\u00e9paration des pr\u00e9judices subis pas les citoyens, essentiellement pendant les crises politiques entre 1958 et 2005.<\/p>\n<p>\u00ab Si je me rends compte que celui qui nous a mandat\u00e9s (Ndlr, Faure Gnassingb\u00e9) n\u2019a pas la volont\u00e9 de nous donner les moyens de faire notre travail, je d\u00e9missionne<strong> \u00bb,<\/strong> avait menac\u00e9 fin novembre 2016, la pr\u00e9sidente du<a href=\"http:\/\/hcrrun-tg.org\/\" target=\"_blank\" rel=\"noopener\"> Haut-Commissariat \u00e0 la R\u00e9conciliation et au Renforcement de l\u2019Unit\u00e9 Nationale<\/a> (Hcrrun) du Togo, Mme Awa Nana-Daboya.<\/p>\n<p>Face aux hommes de m\u00e9dias, Mme Nana-Daboya n\u2019a pas cach\u00e9 sa d\u00e9ception face \u00e0 la situation de privation de moyens que traverse le <a href=\"http:\/\/hcrrun-tg.org\/\" target=\"_blank\" rel=\"noopener\">Hcrrun<\/a> depuis sa cr\u00e9ation en mai 2014. Connue surtout pour avoir d\u00e9missionn\u00e9 en 1998, en pleine \u00e9lection pr\u00e9sidentielle, alors qu\u2019elle pr\u00e9sidait la Commission nationale \u00e9lectorale, elle a rappel\u00e9 \u00e0 l\u2019opinion que, 16 ans apr\u00e8s, elle demeure \u00ab\u00a0<em>une femme de d\u00e9mission<\/em>\u00a0\u00bb.<\/p>\n<p>Le plaidoyer de l\u2019ancien magistrat est-il pass\u00e9\u00a0? Le gouvernement a fini n\u00e9anmoins par ouvrir une ligne budg\u00e9taire de deux milliards de francs CFA au <a href=\"http:\/\/hcrrun-tg.org\/\" target=\"_blank\" rel=\"noopener\">Haut-Commissariat pour la R\u00e9conciliation et le renforcement de l\u2019Unit\u00e9 Nationale <\/a>en 2017.<\/p>\n<p>Sur son site, l\u2019institution s\u2019est bien r\u00e9jouie de cette dotation du gouvernement. Elle a surtout rappel\u00e9 que selon ses propres \u00e9valuations r\u00e9alis\u00e9es sur la base des donn\u00e9es h\u00e9rit\u00e9es de la Commission V\u00e9rit\u00e9 Justice et R\u00e9conciliation (<a href=\"http:\/\/www.cvjr-togo.org\/fr\/index.html\" target=\"_blank\" rel=\"noopener\">CVJR<\/a>), <em>\u00ab\u00a0l\u2019ensemble du processus de r\u00e9paration se chiffre \u00e0 environ 35 milliards de FCFA\u00a0<\/em>\u00bb.<\/p>\n<p>Avec une situation financi\u00e8re tr\u00e8s \u00e9troite, la mission de r\u00e9paration par les membres actuels du Hcrrun tient finalement d\u2019une gageure. Leur mandat de trois ans expire en mai. M\u00eame si le d\u00e9cret de cr\u00e9ation de cette institution pr\u00e9voit un renouvellement, une fois, dudit mandat, rien n\u2019indique que trois nouvelles ann\u00e9es suffiraient pour mobiliser assez de moyens pour investir cons\u00e9quemment dans l\u2019apaisement des c\u0153urs des Togolais.<\/p>\n<h3>Patate chaude<\/h3>\n<p>Le processus de justice transitionnelle appara\u00eet comme une patate chaude confi\u00e9e aux diff\u00e9rentes commissions qui se succ\u00e8dent. C\u2019est la <a href=\"http:\/\/www.cvjr-togo.org\/fr\/index.html\" target=\"_blank\" rel=\"noopener\">Commission V\u00e9rit\u00e9 Justice et R\u00e9conciliation<\/a>, pr\u00e9sid\u00e9e par l\u2019\u00e9v\u00eaque Nicod\u00e8me B\u00e9nissan Barrigah qui s\u2019est jet\u00e9e \u00e0 l\u2019eau de 2009 en 2012, \u00e0 la \u00ab\u00a0<em>recherche des voies et moyens susceptibles de sortir le Togo de ces cycles de violences et donner la paix du c\u0153ur aux Togolais<\/em>\u00a0\u00bb. Sa mise en place avait \u00e9t\u00e9 rendu n\u00e9cessaire par une grave crise politique qu\u2019a connue le pays en 2005, \u00e0 la prise de pouvoir de l\u2019actuel pr\u00e9sident Faure Gnassingb\u00e9, et qui a engendr\u00e9 des violences qui ont fait plus de 500 morts, selon un rapport des Nations Unies.<\/p>\n<p>\u00a0A la signature, en ao\u00fbt 2006, d\u2019un Accord politique cens\u00e9 apaiser les tensions politiques dans le pays, les principaux acteurs de la vie politique togolaise se sont accord\u00e9s sur la mise en place d\u2019un processus de justice transitionnelle. \u00a0Seulement, la mise en \u0153uvre de cet accord (y compris la conduite du processus de justice transitionnelle), en elle-m\u00eame, est devenue une pomme de discorde. La s\u00e9rie de r\u00e9formes pr\u00e9conis\u00e9e se fait toujours attendre. Dans son rapport de fin de mandat, la <a href=\"http:\/\/www.cvjr-togo.org\/fr\/index.html\" target=\"_blank\" rel=\"noopener\">Commission V\u00e9rit\u00e9 Justice et R\u00e9conciliation <\/a>a r\u00e9it\u00e9r\u00e9 en 2012 la n\u00e9cessit\u00e9 d\u2019aller vers les dites r\u00e9formes constitutionnelles et institutionnelles. Ses recommandations restent coinc\u00e9es dans les tiroirs de la pr\u00e9sidence de la R\u00e9publique.<\/p>\n<p>Confier le processus de d\u00e9dommagement des victimes des violences \u00e0 caract\u00e8re politique de 1958 \u00e0 2005 au Hcrrun fait partie des quelques rares recommandations de la <a href=\"http:\/\/www.cvjr-togo.org\/fr\/index.html\" target=\"_blank\" rel=\"noopener\">Cvjr <\/a>qui ont la chance de conna\u00eetre un d\u00e9but de mise en \u0153uvre. Une mise en \u0153uvre qui finalement semble souffrir du manque de volont\u00e9 des premi\u00e8res autorit\u00e9s du pays \u00e0 voir le processus aboutir.<\/p>\n<p>La raison de ce blocage\u00a0: l\u2019essentiel des faits de violences est imputable au r\u00e9gime (ou \u00e0 ses milices) qui dirige le pays depuis un demi-si\u00e8cle et qui, pour continuer par s\u2019imposer aux Togolais, a souvent recours des sc\u00e9narios sanglants. Et comme on l\u2019a vu dans tous les pays en transition en Afrique ou ailleurs, le processus de r\u00e9conciliation au Togo n\u2019aura de chance d\u2019aboutir que s\u2019il est pr\u00e9c\u00e9d\u00e9 d\u2019une l\u2019alternance au pouvoir.<\/p>\n<p><strong>\u00a0<\/strong><\/p>\n","protected":false},"excerpt":{"rendered":"<p>Le Togo s\u2019est engag\u00e9 \u00e0 exorciser 47 ans violences politiques, en initiant un processus de justice transitionnelle. Seulement, entre discours et affectations de moyens, le gouffre est abyssal. Le Haut-Commissariat \u00e0 la R\u00e9conciliation et au Renforcement de l\u2019Unit\u00e9 nationale \u00e9touffe. A quatre mois de la fin de son mandat, le Haut-Commissariat \u00e0 la R\u00e9conciliation et [&hellip;]<\/p>\n","protected":false},"author":64,"featured_media":63402,"comment_status":"open","ping_status":"closed","sticky":false,"template":"","format":"standard","meta":{"_acf_changed":false,"footnotes":""},"categories":[548],"tags":[],"ji_location":[2512],"class_list":["post-31814","post","type-post","status-publish","format-standard","has-post-thumbnail","hentry","category-commissions-verite","ji_location-togo"],"acf":[],"yoast_head":"<!-- This site is optimized with the Yoast SEO Premium plugin v25.3.1 (Yoast SEO v25.3.1) - https:\/\/yoast.com\/wordpress\/plugins\/seo\/ -->\n<title>Togo : le pouvoir asphyxie le processus de r\u00e9conciliation - JusticeInfo.net<\/title>\n<meta name=\"robots\" content=\"index, follow, max-snippet:-1, max-image-preview:large, max-video-preview:-1\" \/>\n<link rel=\"canonical\" href=\"https:\/\/www.justiceinfo.net\/fr\/31814-togo-un-processus-de-reconciliation-financierement-limite.html\" \/>\n<meta property=\"og:locale\" content=\"fr_FR\" \/>\n<meta property=\"og:type\" content=\"article\" \/>\n<meta property=\"og:title\" content=\"Togo : le pouvoir asphyxie le processus de r\u00e9conciliation\" \/>\n<meta property=\"og:description\" content=\"Le Togo s\u2019est engag\u00e9 \u00e0 exorciser 47 ans violences politiques, en initiant un processus de justice transitionnelle. Seulement, entre discours et affectations de moyens, le gouffre est abyssal. Le Haut-Commissariat \u00e0 la R\u00e9conciliation et au Renforcement de l\u2019Unit\u00e9 nationale \u00e9touffe. A quatre mois de la fin de son mandat, le Haut-Commissariat \u00e0 la R\u00e9conciliation et [&hellip;]\" \/>\n<meta property=\"og:url\" content=\"https:\/\/www.justiceinfo.net\/fr\/31814-togo-un-processus-de-reconciliation-financierement-limite.html\" \/>\n<meta property=\"og:site_name\" content=\"JusticeInfo.net\" \/>\n<meta property=\"article:publisher\" content=\"https:\/\/www.facebook.com\/JusticeInfo\/\" \/>\n<meta property=\"article:published_time\" content=\"2017-01-25T12:21:41+00:00\" \/>\n<meta property=\"og:image\" content=\"https:\/\/www.justiceinfo.net\/wp-content\/uploads\/4f10550446bc6338ceee729bafed3f48-scaled.jpg\" \/>\n\t<meta property=\"og:image:width\" content=\"2560\" \/>\n\t<meta property=\"og:image:height\" content=\"1700\" \/>\n\t<meta property=\"og:image:type\" content=\"image\/jpeg\" \/>\n<meta name=\"author\" content=\"Maxime Domagni\" \/>\n<meta name=\"twitter:card\" content=\"summary_large_image\" \/>\n<meta name=\"twitter:creator\" content=\"@justiceinfonet\" \/>\n<meta name=\"twitter:site\" content=\"@justiceinfonet\" \/>\n<meta name=\"twitter:label1\" content=\"\u00c9crit par\" \/>\n\t<meta name=\"twitter:data1\" content=\"Maxime Domagni\" \/>\n\t<meta name=\"twitter:label2\" content=\"Dur\u00e9e de lecture estim\u00e9e\" \/>\n\t<meta name=\"twitter:data2\" content=\"4 minutes\" \/>\n<script type=\"application\/ld+json\" class=\"yoast-schema-graph\">{\"@context\":\"https:\/\/schema.org\",\"@graph\":[{\"@type\":\"NewsArticle\",\"@id\":\"https:\/\/www.justiceinfo.net\/fr\/31814-togo-un-processus-de-reconciliation-financierement-limite.html#article\",\"isPartOf\":{\"@id\":\"https:\/\/www.justiceinfo.net\/fr\/31814-togo-un-processus-de-reconciliation-financierement-limite.html\"},\"author\":{\"name\":\"solivri\",\"@id\":\"https:\/\/www.justiceinfo.net\/fr#\/schema\/person\/6e53cba1629e2e66f3fc1821d3091865\"},\"headline\":\"Togo : le pouvoir asphyxie le processus de r\u00e9conciliation\",\"datePublished\":\"2017-01-25T12:21:41+00:00\",\"mainEntityOfPage\":{\"@id\":\"https:\/\/www.justiceinfo.net\/fr\/31814-togo-un-processus-de-reconciliation-financierement-limite.html\"},\"wordCount\":836,\"commentCount\":0,\"publisher\":{\"@id\":\"https:\/\/www.justiceinfo.net\/fr#organization\"},\"image\":{\"@id\":\"https:\/\/www.justiceinfo.net\/fr\/31814-togo-un-processus-de-reconciliation-financierement-limite.html#primaryimage\"},\"thumbnailUrl\":\"https:\/\/www.justiceinfo.net\/wp-content\/uploads\/4f10550446bc6338ceee729bafed3f48-scaled.jpg\",\"articleSection\":[\"Commissions v\u00e9rit\u00e9\"],\"inLanguage\":\"fr-FR\",\"potentialAction\":[{\"@type\":\"CommentAction\",\"name\":\"Comment\",\"target\":[\"https:\/\/www.justiceinfo.net\/fr\/31814-togo-un-processus-de-reconciliation-financierement-limite.html#respond\"]}]},{\"@type\":\"WebPage\",\"@id\":\"https:\/\/www.justiceinfo.net\/fr\/31814-togo-un-processus-de-reconciliation-financierement-limite.html\",\"url\":\"https:\/\/www.justiceinfo.net\/fr\/31814-togo-un-processus-de-reconciliation-financierement-limite.html\",\"name\":\"Togo : le pouvoir asphyxie le processus de r\u00e9conciliation - JusticeInfo.net\",\"isPartOf\":{\"@id\":\"https:\/\/www.justiceinfo.net\/fr#website\"},\"primaryImageOfPage\":{\"@id\":\"https:\/\/www.justiceinfo.net\/fr\/31814-togo-un-processus-de-reconciliation-financierement-limite.html#primaryimage\"},\"image\":{\"@id\":\"https:\/\/www.justiceinfo.net\/fr\/31814-togo-un-processus-de-reconciliation-financierement-limite.html#primaryimage\"},\"thumbnailUrl\":\"https:\/\/www.justiceinfo.net\/wp-content\/uploads\/4f10550446bc6338ceee729bafed3f48-scaled.jpg\",\"datePublished\":\"2017-01-25T12:21:41+00:00\",\"breadcrumb\":{\"@id\":\"https:\/\/www.justiceinfo.net\/fr\/31814-togo-un-processus-de-reconciliation-financierement-limite.html#breadcrumb\"},\"inLanguage\":\"fr-FR\",\"potentialAction\":[{\"@type\":\"ReadAction\",\"target\":[\"https:\/\/www.justiceinfo.net\/fr\/31814-togo-un-processus-de-reconciliation-financierement-limite.html\"]}]},{\"@type\":\"ImageObject\",\"inLanguage\":\"fr-FR\",\"@id\":\"https:\/\/www.justiceinfo.net\/fr\/31814-togo-un-processus-de-reconciliation-financierement-limite.html#primaryimage\",\"url\":\"https:\/\/www.justiceinfo.net\/wp-content\/uploads\/4f10550446bc6338ceee729bafed3f48-scaled.jpg\",\"contentUrl\":\"https:\/\/www.justiceinfo.net\/wp-content\/uploads\/4f10550446bc6338ceee729bafed3f48-scaled.jpg\",\"width\":2560,\"height\":1700},{\"@type\":\"BreadcrumbList\",\"@id\":\"https:\/\/www.justiceinfo.net\/fr\/31814-togo-un-processus-de-reconciliation-financierement-limite.html#breadcrumb\",\"itemListElement\":[{\"@type\":\"ListItem\",\"position\":1,\"name\":\"Home\",\"item\":\"https:\/\/www.justiceinfo.net\/fr\"},{\"@type\":\"ListItem\",\"position\":2,\"name\":\"Togo : le pouvoir asphyxie le processus de r\u00e9conciliation\"}]},{\"@type\":\"WebSite\",\"@id\":\"https:\/\/www.justiceinfo.net\/fr#website\",\"url\":\"https:\/\/www.justiceinfo.net\/fr\",\"name\":\"JusticeInfo.net\",\"description\":\"La justice doit \u00eatre vue pour \u00eatre rendue\",\"publisher\":{\"@id\":\"https:\/\/www.justiceinfo.net\/fr#organization\"},\"potentialAction\":[{\"@type\":\"SearchAction\",\"target\":{\"@type\":\"EntryPoint\",\"urlTemplate\":\"https:\/\/www.justiceinfo.net\/fr?s={search_term_string}\"},\"query-input\":{\"@type\":\"PropertyValueSpecification\",\"valueRequired\":true,\"valueName\":\"search_term_string\"}}],\"inLanguage\":\"fr-FR\"},{\"@type\":\"Organization\",\"@id\":\"https:\/\/www.justiceinfo.net\/fr#organization\",\"name\":\"Justice Info\",\"url\":\"https:\/\/www.justiceinfo.net\/fr\",\"logo\":{\"@type\":\"ImageObject\",\"inLanguage\":\"fr-FR\",\"@id\":\"https:\/\/www.justiceinfo.net\/fr#\/schema\/logo\/image\/\",\"url\":\"https:\/\/www.justiceinfo.net\/wp-content\/uploads\/justiceinfo_logo-trans_1200x1200px.png\",\"contentUrl\":\"https:\/\/www.justiceinfo.net\/wp-content\/uploads\/justiceinfo_logo-trans_1200x1200px.png\",\"width\":1199,\"height\":1200,\"caption\":\"Justice Info\"},\"image\":{\"@id\":\"https:\/\/www.justiceinfo.net\/fr#\/schema\/logo\/image\/\"},\"sameAs\":[\"https:\/\/www.facebook.com\/JusticeInfo\/\",\"https:\/\/x.com\/justiceinfonet\",\"https:\/\/www.linkedin.com\/company\/justice-info\",\"https:\/\/www.youtube.com\/channel\/UCyCEsARodyuWtkWyhn-e7pA\"]},{\"@type\":\"Person\",\"name\":\"Maxime Domagni\",\"url\":\"\/fr\/?s=Maxime Domagni\"}]}<\/script>\n<!-- \/ Yoast SEO Premium plugin. -->","yoast_head_json":{"title":"Togo : le pouvoir asphyxie le processus de r\u00e9conciliation - JusticeInfo.net","robots":{"index":"index","follow":"follow","max-snippet":"max-snippet:-1","max-image-preview":"max-image-preview:large","max-video-preview":"max-video-preview:-1"},"canonical":"https:\/\/www.justiceinfo.net\/fr\/31814-togo-un-processus-de-reconciliation-financierement-limite.html","og_locale":"fr_FR","og_type":"article","og_title":"Togo : le pouvoir asphyxie le processus de r\u00e9conciliation","og_description":"Le Togo s\u2019est engag\u00e9 \u00e0 exorciser 47 ans violences politiques, en initiant un processus de justice transitionnelle. Seulement, entre discours et affectations de moyens, le gouffre est abyssal. Le Haut-Commissariat \u00e0 la R\u00e9conciliation et au Renforcement de l\u2019Unit\u00e9 nationale \u00e9touffe. A quatre mois de la fin de son mandat, le Haut-Commissariat \u00e0 la R\u00e9conciliation et [&hellip;]","og_url":"https:\/\/www.justiceinfo.net\/fr\/31814-togo-un-processus-de-reconciliation-financierement-limite.html","og_site_name":"JusticeInfo.net","article_publisher":"https:\/\/www.facebook.com\/JusticeInfo\/","article_published_time":"2017-01-25T12:21:41+00:00","og_image":[{"width":2560,"height":1700,"url":"https:\/\/www.justiceinfo.net\/wp-content\/uploads\/4f10550446bc6338ceee729bafed3f48-scaled.jpg","type":"image\/jpeg"}],"author":"Maxime Domagni","twitter_card":"summary_large_image","twitter_creator":"@justiceinfonet","twitter_site":"@justiceinfonet","twitter_misc":{"\u00c9crit par":"Maxime Domagni","Dur\u00e9e de lecture estim\u00e9e":"4 minutes"},"schema":{"@context":"https:\/\/schema.org","@graph":[{"@type":"NewsArticle","@id":"https:\/\/www.justiceinfo.net\/fr\/31814-togo-un-processus-de-reconciliation-financierement-limite.html#article","isPartOf":{"@id":"https:\/\/www.justiceinfo.net\/fr\/31814-togo-un-processus-de-reconciliation-financierement-limite.html"},"author":{"name":"solivri","@id":"https:\/\/www.justiceinfo.net\/fr#\/schema\/person\/6e53cba1629e2e66f3fc1821d3091865"},"headline":"Togo : le pouvoir asphyxie le processus de r\u00e9conciliation","datePublished":"2017-01-25T12:21:41+00:00","mainEntityOfPage":{"@id":"https:\/\/www.justiceinfo.net\/fr\/31814-togo-un-processus-de-reconciliation-financierement-limite.html"},"wordCount":836,"commentCount":0,"publisher":{"@id":"https:\/\/www.justiceinfo.net\/fr#organization"},"image":{"@id":"https:\/\/www.justiceinfo.net\/fr\/31814-togo-un-processus-de-reconciliation-financierement-limite.html#primaryimage"},"thumbnailUrl":"https:\/\/www.justiceinfo.net\/wp-content\/uploads\/4f10550446bc6338ceee729bafed3f48-scaled.jpg","articleSection":["Commissions v\u00e9rit\u00e9"],"inLanguage":"fr-FR","potentialAction":[{"@type":"CommentAction","name":"Comment","target":["https:\/\/www.justiceinfo.net\/fr\/31814-togo-un-processus-de-reconciliation-financierement-limite.html#respond"]}]},{"@type":"WebPage","@id":"https:\/\/www.justiceinfo.net\/fr\/31814-togo-un-processus-de-reconciliation-financierement-limite.html","url":"https:\/\/www.justiceinfo.net\/fr\/31814-togo-un-processus-de-reconciliation-financierement-limite.html","name":"Togo : le pouvoir asphyxie le processus de r\u00e9conciliation - JusticeInfo.net","isPartOf":{"@id":"https:\/\/www.justiceinfo.net\/fr#website"},"primaryImageOfPage":{"@id":"https:\/\/www.justiceinfo.net\/fr\/31814-togo-un-processus-de-reconciliation-financierement-limite.html#primaryimage"},"image":{"@id":"https:\/\/www.justiceinfo.net\/fr\/31814-togo-un-processus-de-reconciliation-financierement-limite.html#primaryimage"},"thumbnailUrl":"https:\/\/www.justiceinfo.net\/wp-content\/uploads\/4f10550446bc6338ceee729bafed3f48-scaled.jpg","datePublished":"2017-01-25T12:21:41+00:00","breadcrumb":{"@id":"https:\/\/www.justiceinfo.net\/fr\/31814-togo-un-processus-de-reconciliation-financierement-limite.html#breadcrumb"},"inLanguage":"fr-FR","potentialAction":[{"@type":"ReadAction","target":["https:\/\/www.justiceinfo.net\/fr\/31814-togo-un-processus-de-reconciliation-financierement-limite.html"]}]},{"@type":"ImageObject","inLanguage":"fr-FR","@id":"https:\/\/www.justiceinfo.net\/fr\/31814-togo-un-processus-de-reconciliation-financierement-limite.html#primaryimage","url":"https:\/\/www.justiceinfo.net\/wp-content\/uploads\/4f10550446bc6338ceee729bafed3f48-scaled.jpg","contentUrl":"https:\/\/www.justiceinfo.net\/wp-content\/uploads\/4f10550446bc6338ceee729bafed3f48-scaled.jpg","width":2560,"height":1700},{"@type":"BreadcrumbList","@id":"https:\/\/www.justiceinfo.net\/fr\/31814-togo-un-processus-de-reconciliation-financierement-limite.html#breadcrumb","itemListElement":[{"@type":"ListItem","position":1,"name":"Home","item":"https:\/\/www.justiceinfo.net\/fr"},{"@type":"ListItem","position":2,"name":"Togo : le pouvoir asphyxie le processus de r\u00e9conciliation"}]},{"@type":"WebSite","@id":"https:\/\/www.justiceinfo.net\/fr#website","url":"https:\/\/www.justiceinfo.net\/fr","name":"JusticeInfo.net","description":"La justice doit \u00eatre vue pour \u00eatre rendue","publisher":{"@id":"https:\/\/www.justiceinfo.net\/fr#organization"},"potentialAction":[{"@type":"SearchAction","target":{"@type":"EntryPoint","urlTemplate":"https:\/\/www.justiceinfo.net\/fr?s={search_term_string}"},"query-input":{"@type":"PropertyValueSpecification","valueRequired":true,"valueName":"search_term_string"}}],"inLanguage":"fr-FR"},{"@type":"Organization","@id":"https:\/\/www.justiceinfo.net\/fr#organization","name":"Justice Info","url":"https:\/\/www.justiceinfo.net\/fr","logo":{"@type":"ImageObject","inLanguage":"fr-FR","@id":"https:\/\/www.justiceinfo.net\/fr#\/schema\/logo\/image\/","url":"https:\/\/www.justiceinfo.net\/wp-content\/uploads\/justiceinfo_logo-trans_1200x1200px.png","contentUrl":"https:\/\/www.justiceinfo.net\/wp-content\/uploads\/justiceinfo_logo-trans_1200x1200px.png","width":1199,"height":1200,"caption":"Justice Info"},"image":{"@id":"https:\/\/www.justiceinfo.net\/fr#\/schema\/logo\/image\/"},"sameAs":["https:\/\/www.facebook.com\/JusticeInfo\/","https:\/\/x.com\/justiceinfonet","https:\/\/www.linkedin.com\/company\/justice-info","https:\/\/www.youtube.com\/channel\/UCyCEsARodyuWtkWyhn-e7pA"]},{"@type":"Person","name":"Maxime Domagni","url":"\/fr\/?s=Maxime Domagni"}]}},"_links":{"self":[{"href":"https:\/\/www.justiceinfo.net\/fr\/wp-json\/wp\/v2\/posts\/31814","targetHints":{"allow":["GET"]}}],"collection":[{"href":"https:\/\/www.justiceinfo.net\/fr\/wp-json\/wp\/v2\/posts"}],"about":[{"href":"https:\/\/www.justiceinfo.net\/fr\/wp-json\/wp\/v2\/types\/post"}],"author":[{"embeddable":true,"href":"https:\/\/www.justiceinfo.net\/fr\/wp-json\/wp\/v2\/users\/64"}],"replies":[{"embeddable":true,"href":"https:\/\/www.justiceinfo.net\/fr\/wp-json\/wp\/v2\/comments?post=31814"}],"version-history":[{"count":0,"href":"https:\/\/www.justiceinfo.net\/fr\/wp-json\/wp\/v2\/posts\/31814\/revisions"}],"wp:featuredmedia":[{"embeddable":true,"href":"https:\/\/www.justiceinfo.net\/fr\/wp-json\/wp\/v2\/media\/63402"}],"wp:attachment":[{"href":"https:\/\/www.justiceinfo.net\/fr\/wp-json\/wp\/v2\/media?parent=31814"}],"wp:term":[{"taxonomy":"category","embeddable":true,"href":"https:\/\/www.justiceinfo.net\/fr\/wp-json\/wp\/v2\/categories?post=31814"},{"taxonomy":"post_tag","embeddable":true,"href":"https:\/\/www.justiceinfo.net\/fr\/wp-json\/wp\/v2\/tags?post=31814"},{"taxonomy":"ji_location","embeddable":true,"href":"https:\/\/www.justiceinfo.net\/fr\/wp-json\/wp\/v2\/ji_location?post=31814"}],"curies":[{"name":"wp","href":"https:\/\/api.w.org\/{rel}","templated":true}]}}