{"id":31978,"date":"2017-02-07T16:05:02","date_gmt":"2017-02-07T15:05:02","guid":{"rendered":"https:\/\/www.justiceinfo.net\/31978-prisons-syriennes-precedentes-accusations-de-tortures-et-executions.html"},"modified":"2017-02-07T16:05:02","modified_gmt":"2017-02-07T15:05:02","slug":"prisons-syriennes-precedentes-accusations-de-tortures-et-executions","status":"publish","type":"post","link":"https:\/\/www.justiceinfo.net\/fr\/31978-prisons-syriennes-precedentes-accusations-de-tortures-et-executions.html","title":{"rendered":"Prisons syriennes: pr\u00e9c\u00e9dentes accusations de tortures et ex\u00e9cutions"},"content":{"rendered":"<div class=\"content-excerpt\">\n<p>Le r\u00e9gime syrien, accus\u00e9 par Amnesty International de pendaisons \u00e0 large \u00e9chelle, a d\u00e9j\u00e0 \u00e9t\u00e9 mis en cause pour de multiples cas de tortures et ex\u00e9cutions sommaires dans les prisons ou si\u00e8ges des services de renseignement.<\/p>\n<\/div>\n<p>Amnesty International accuse le r\u00e9gime d'avoir pendu quelque 13.000 personnes entre 2011 et 2015, dans la prison de Saydnaya pr\u00e8s de Damas. Elle pr\u00e9cise que ces pendaisons s'ajoutent aux 17.700 personnes tu\u00e9es dans les ge\u00f4les du r\u00e9gime que l'organisation avait d\u00e9j\u00e0 recens\u00e9es.<\/p>\n<h3>- 'Archipel de la torture' -<\/h3>\n<p>Le 3 juillet 2012, Human Rights Watch (HRW) \u00e9tablit un \u00e9tat des lieux de ce que l'organisation bas\u00e9e \u00e0 New York qualifie d'\"archipel de la torture\" en Syrie, o\u00f9 des dizaines de milliers de personnes sont d\u00e9tenus et maltrait\u00e9es.<\/p>\n<p>L'ONG d\u00e9nonce notamment \"le recours \u00e0 l'\u00e9lectricit\u00e9\", \"les agressions et humiliations sexuelles\", \"l'arrachage des ongles\" et \"les simulacres d'ex\u00e9cutions\".<\/p>\n<p>Elle affirme avoir eu plus de 200 entretiens avec d'ex-prisonniers ainsi que des militaires et des membres de la s\u00e9curit\u00e9 d'Etat ayant fait d\u00e9fection gr\u00e2ce auxquels elle a appris qu'il existait 27 centres de d\u00e9tention g\u00e9r\u00e9s par quatre des principales agences de renseignement connues sous le nom de \"moukhabarat\". Et ce en plus de bases militaires, stades, \u00e9coles et h\u00f4pitaux utilis\u00e9s aux m\u00eames fins.<\/p>\n<p>Le 13 mars 2015, l'Observatoire syrien des droits de l'Homme (OSDH) affirme que pr\u00e8s de 13.000 Syriens sont morts depuis le d\u00e9but du conflit en mars 2011 sous la torture dans les prisons. Ce chiffre n'inclut pas les 20.000 personnes port\u00e9es disparues dans les ge\u00f4les du r\u00e9gime, selon l'ONG.<\/p>\n<h3>- Dossier 'C\u00e9sar' -<\/h3>\n<p>En 2014, un ancien photographe de la police militaire syrienne, exfiltr\u00e9 sous le pseudonyme de \"C\u00e9sar\", r\u00e9v\u00e8le des milliers de photographies de corps tortur\u00e9s et supplici\u00e9s dans les prisons du r\u00e9gime entre 2011 et 2013. Il s'\u00e9tait enfui de Syrie \u00e0 l'\u00e9t\u00e9 2013, en emportant 55.000 photographies effroyables.<\/p>\n<p>Le 15 septembre 2015, le parquet de Paris ouvre une enqu\u00eate pr\u00e9liminaire contre X pour \"crimes contre l'humanit\u00e9\", en s'appuyant sur son t\u00e9moignage.<\/p>\n<h3>- 'Extermination' -<\/h3>\n<p>Le 8 f\u00e9vrier 2016, des enqu\u00eateurs de l'ONU affirment que \"le caract\u00e8re massif des morts de d\u00e9tenus sugg\u00e8re que le gouvernement syrien est responsable d'actes qui rel\u00e8vent de l'extermination et sont assimilables \u00e0 un crime contre l'humanit\u00e9\".<\/p>\n<p>Ces morts sont le r\u00e9sultat d'\"une politique d'Etat ayant pour but de s'en prendre \u00e0 la population civile\".<\/p>\n<h3>- 'Abattoir humain' -<\/h3>\n<p>Le 18 ao\u00fbt 2016, Amnesty International \u00e9value \u00e0 17.700 le nombre de personnes mortes dans les ge\u00f4les du r\u00e9gime depuis le d\u00e9but du conflit, d\u00e9non\u00e7ant \"une cruaut\u00e9 sous sa forme la plus vile\".<\/p>\n<p>Electrocutions, br\u00fblures \u00e0 l'eau bouillante, viols: le r\u00e9gime a eu recours sur une \"grande \u00e9chelle\" \u00e0 la torture dans ses prisons, souligne l'ONG. Ces actes de torture y sont \"g\u00e9n\u00e9ralis\u00e9s et syst\u00e9matiques contre tous les civils soup\u00e7onn\u00e9s d'\u00eatre contre le r\u00e9gime\", ajoute-t-elle.<\/p>\n","protected":false},"excerpt":{"rendered":"<p>Le r\u00e9gime syrien, accus\u00e9 par Amnesty International de pendaisons \u00e0 large \u00e9chelle, a d\u00e9j\u00e0 \u00e9t\u00e9 mis en cause pour de multiples cas de tortures et ex\u00e9cutions sommaires dans les prisons ou si\u00e8ges des services de renseignement. Amnesty International accuse le r\u00e9gime d'avoir pendu quelque 13.000 personnes entre 2011 et 2015, dans la prison de Saydnaya [&hellip;]<\/p>\n","protected":false},"author":60,"featured_media":67646,"comment_status":"open","ping_status":"closed","sticky":false,"template":"","format":"standard","meta":{"_acf_changed":false,"footnotes":""},"categories":[556],"tags":[],"ji_location":[2498],"class_list":["post-31978","post","type-post","status-publish","format-standard","has-post-thumbnail","hentry","category-divers","ji_location-syrie"],"acf":[],"yoast_head":"<!-- This site is optimized with the Yoast SEO Premium plugin v25.3.1 (Yoast SEO v25.3.1) - https:\/\/yoast.com\/wordpress\/plugins\/seo\/ -->\n<title>Prisons syriennes: pr\u00e9c\u00e9dentes accusations de tortures et ex\u00e9cutions - JusticeInfo.net<\/title>\n<meta name=\"robots\" content=\"index, follow, max-snippet:-1, max-image-preview:large, max-video-preview:-1\" \/>\n<link rel=\"canonical\" href=\"https:\/\/www.justiceinfo.net\/fr\/31978-prisons-syriennes-precedentes-accusations-de-tortures-et-executions.html\" \/>\n<meta property=\"og:locale\" content=\"fr_FR\" \/>\n<meta property=\"og:type\" content=\"article\" \/>\n<meta property=\"og:title\" content=\"Prisons syriennes: pr\u00e9c\u00e9dentes accusations de tortures et ex\u00e9cutions\" \/>\n<meta property=\"og:description\" content=\"Le r\u00e9gime syrien, accus\u00e9 par Amnesty International de pendaisons \u00e0 large \u00e9chelle, a d\u00e9j\u00e0 \u00e9t\u00e9 mis en cause pour de multiples cas de tortures et ex\u00e9cutions sommaires dans les prisons ou si\u00e8ges des services de renseignement. Amnesty International accuse le r\u00e9gime d&#039;avoir pendu quelque 13.000 personnes entre 2011 et 2015, dans la prison de Saydnaya [&hellip;]\" \/>\n<meta property=\"og:url\" content=\"https:\/\/www.justiceinfo.net\/fr\/31978-prisons-syriennes-precedentes-accusations-de-tortures-et-executions.html\" \/>\n<meta property=\"og:site_name\" content=\"JusticeInfo.net\" \/>\n<meta property=\"article:publisher\" content=\"https:\/\/www.facebook.com\/JusticeInfo\/\" \/>\n<meta property=\"article:published_time\" content=\"2017-02-07T15:05:02+00:00\" \/>\n<meta property=\"og:image\" content=\"https:\/\/www.justiceinfo.net\/wp-content\/uploads\/3c4b843c86fc2f0fc716890f25ef5f7d.jpg\" \/>\n\t<meta property=\"og:image:width\" content=\"1024\" \/>\n\t<meta property=\"og:image:height\" content=\"683\" \/>\n\t<meta property=\"og:image:type\" content=\"image\/jpeg\" \/>\n<meta name=\"author\" content=\"AFP\" \/>\n<meta name=\"twitter:card\" content=\"summary_large_image\" \/>\n<meta name=\"twitter:creator\" content=\"@justiceinfonet\" \/>\n<meta name=\"twitter:site\" content=\"@justiceinfonet\" \/>\n<meta name=\"twitter:label1\" content=\"\u00c9crit par\" \/>\n\t<meta name=\"twitter:data1\" content=\"AFP\" \/>\n\t<meta name=\"twitter:label2\" content=\"Dur\u00e9e de lecture estim\u00e9e\" \/>\n\t<meta name=\"twitter:data2\" content=\"3 minutes\" \/>\n<script type=\"application\/ld+json\" class=\"yoast-schema-graph\">{\"@context\":\"https:\/\/schema.org\",\"@graph\":[{\"@type\":\"NewsArticle\",\"@id\":\"https:\/\/www.justiceinfo.net\/fr\/31978-prisons-syriennes-precedentes-accusations-de-tortures-et-executions.html#article\",\"isPartOf\":{\"@id\":\"https:\/\/www.justiceinfo.net\/fr\/31978-prisons-syriennes-precedentes-accusations-de-tortures-et-executions.html\"},\"author\":{\"name\":\"afp\",\"@id\":\"https:\/\/www.justiceinfo.net\/fr#\/schema\/person\/713d340ef5f218fc36ce9b4244364a7f\"},\"headline\":\"Prisons syriennes: pr\u00e9c\u00e9dentes accusations de tortures et ex\u00e9cutions\",\"datePublished\":\"2017-02-07T15:05:02+00:00\",\"mainEntityOfPage\":{\"@id\":\"https:\/\/www.justiceinfo.net\/fr\/31978-prisons-syriennes-precedentes-accusations-de-tortures-et-executions.html\"},\"wordCount\":537,\"commentCount\":0,\"publisher\":{\"@id\":\"https:\/\/www.justiceinfo.net\/fr#organization\"},\"image\":{\"@id\":\"https:\/\/www.justiceinfo.net\/fr\/31978-prisons-syriennes-precedentes-accusations-de-tortures-et-executions.html#primaryimage\"},\"thumbnailUrl\":\"https:\/\/www.justiceinfo.net\/wp-content\/uploads\/3c4b843c86fc2f0fc716890f25ef5f7d.jpg\",\"articleSection\":[\"Divers\"],\"inLanguage\":\"fr-FR\",\"potentialAction\":[{\"@type\":\"CommentAction\",\"name\":\"Comment\",\"target\":[\"https:\/\/www.justiceinfo.net\/fr\/31978-prisons-syriennes-precedentes-accusations-de-tortures-et-executions.html#respond\"]}]},{\"@type\":\"WebPage\",\"@id\":\"https:\/\/www.justiceinfo.net\/fr\/31978-prisons-syriennes-precedentes-accusations-de-tortures-et-executions.html\",\"url\":\"https:\/\/www.justiceinfo.net\/fr\/31978-prisons-syriennes-precedentes-accusations-de-tortures-et-executions.html\",\"name\":\"Prisons syriennes: pr\u00e9c\u00e9dentes accusations de tortures et ex\u00e9cutions - JusticeInfo.net\",\"isPartOf\":{\"@id\":\"https:\/\/www.justiceinfo.net\/fr#website\"},\"primaryImageOfPage\":{\"@id\":\"https:\/\/www.justiceinfo.net\/fr\/31978-prisons-syriennes-precedentes-accusations-de-tortures-et-executions.html#primaryimage\"},\"image\":{\"@id\":\"https:\/\/www.justiceinfo.net\/fr\/31978-prisons-syriennes-precedentes-accusations-de-tortures-et-executions.html#primaryimage\"},\"thumbnailUrl\":\"https:\/\/www.justiceinfo.net\/wp-content\/uploads\/3c4b843c86fc2f0fc716890f25ef5f7d.jpg\",\"datePublished\":\"2017-02-07T15:05:02+00:00\",\"breadcrumb\":{\"@id\":\"https:\/\/www.justiceinfo.net\/fr\/31978-prisons-syriennes-precedentes-accusations-de-tortures-et-executions.html#breadcrumb\"},\"inLanguage\":\"fr-FR\",\"potentialAction\":[{\"@type\":\"ReadAction\",\"target\":[\"https:\/\/www.justiceinfo.net\/fr\/31978-prisons-syriennes-precedentes-accusations-de-tortures-et-executions.html\"]}]},{\"@type\":\"ImageObject\",\"inLanguage\":\"fr-FR\",\"@id\":\"https:\/\/www.justiceinfo.net\/fr\/31978-prisons-syriennes-precedentes-accusations-de-tortures-et-executions.html#primaryimage\",\"url\":\"https:\/\/www.justiceinfo.net\/wp-content\/uploads\/3c4b843c86fc2f0fc716890f25ef5f7d.jpg\",\"contentUrl\":\"https:\/\/www.justiceinfo.net\/wp-content\/uploads\/3c4b843c86fc2f0fc716890f25ef5f7d.jpg\",\"width\":1024,\"height\":683},{\"@type\":\"BreadcrumbList\",\"@id\":\"https:\/\/www.justiceinfo.net\/fr\/31978-prisons-syriennes-precedentes-accusations-de-tortures-et-executions.html#breadcrumb\",\"itemListElement\":[{\"@type\":\"ListItem\",\"position\":1,\"name\":\"Home\",\"item\":\"https:\/\/www.justiceinfo.net\/fr\"},{\"@type\":\"ListItem\",\"position\":2,\"name\":\"Prisons syriennes: pr\u00e9c\u00e9dentes accusations de tortures et ex\u00e9cutions\"}]},{\"@type\":\"WebSite\",\"@id\":\"https:\/\/www.justiceinfo.net\/fr#website\",\"url\":\"https:\/\/www.justiceinfo.net\/fr\",\"name\":\"JusticeInfo.net\",\"description\":\"La justice doit \u00eatre vue pour \u00eatre rendue\",\"publisher\":{\"@id\":\"https:\/\/www.justiceinfo.net\/fr#organization\"},\"potentialAction\":[{\"@type\":\"SearchAction\",\"target\":{\"@type\":\"EntryPoint\",\"urlTemplate\":\"https:\/\/www.justiceinfo.net\/fr?s={search_term_string}\"},\"query-input\":{\"@type\":\"PropertyValueSpecification\",\"valueRequired\":true,\"valueName\":\"search_term_string\"}}],\"inLanguage\":\"fr-FR\"},{\"@type\":\"Organization\",\"@id\":\"https:\/\/www.justiceinfo.net\/fr#organization\",\"name\":\"Justice Info\",\"url\":\"https:\/\/www.justiceinfo.net\/fr\",\"logo\":{\"@type\":\"ImageObject\",\"inLanguage\":\"fr-FR\",\"@id\":\"https:\/\/www.justiceinfo.net\/fr#\/schema\/logo\/image\/\",\"url\":\"https:\/\/www.justiceinfo.net\/wp-content\/uploads\/justiceinfo_logo-trans_1200x1200px.png\",\"contentUrl\":\"https:\/\/www.justiceinfo.net\/wp-content\/uploads\/justiceinfo_logo-trans_1200x1200px.png\",\"width\":1199,\"height\":1200,\"caption\":\"Justice Info\"},\"image\":{\"@id\":\"https:\/\/www.justiceinfo.net\/fr#\/schema\/logo\/image\/\"},\"sameAs\":[\"https:\/\/www.facebook.com\/JusticeInfo\/\",\"https:\/\/x.com\/justiceinfonet\",\"https:\/\/www.linkedin.com\/company\/justice-info\",\"https:\/\/www.youtube.com\/channel\/UCyCEsARodyuWtkWyhn-e7pA\"]},{\"@type\":\"Person\",\"name\":\"AFP\",\"url\":\"\/fr\/?s=AFP\"}]}<\/script>\n<!-- \/ Yoast SEO Premium plugin. -->","yoast_head_json":{"title":"Prisons syriennes: pr\u00e9c\u00e9dentes accusations de tortures et ex\u00e9cutions - JusticeInfo.net","robots":{"index":"index","follow":"follow","max-snippet":"max-snippet:-1","max-image-preview":"max-image-preview:large","max-video-preview":"max-video-preview:-1"},"canonical":"https:\/\/www.justiceinfo.net\/fr\/31978-prisons-syriennes-precedentes-accusations-de-tortures-et-executions.html","og_locale":"fr_FR","og_type":"article","og_title":"Prisons syriennes: pr\u00e9c\u00e9dentes accusations de tortures et ex\u00e9cutions","og_description":"Le r\u00e9gime syrien, accus\u00e9 par Amnesty International de pendaisons \u00e0 large \u00e9chelle, a d\u00e9j\u00e0 \u00e9t\u00e9 mis en cause pour de multiples cas de tortures et ex\u00e9cutions sommaires dans les prisons ou si\u00e8ges des services de renseignement. Amnesty International accuse le r\u00e9gime d'avoir pendu quelque 13.000 personnes entre 2011 et 2015, dans la prison de Saydnaya [&hellip;]","og_url":"https:\/\/www.justiceinfo.net\/fr\/31978-prisons-syriennes-precedentes-accusations-de-tortures-et-executions.html","og_site_name":"JusticeInfo.net","article_publisher":"https:\/\/www.facebook.com\/JusticeInfo\/","article_published_time":"2017-02-07T15:05:02+00:00","og_image":[{"width":1024,"height":683,"url":"https:\/\/www.justiceinfo.net\/wp-content\/uploads\/3c4b843c86fc2f0fc716890f25ef5f7d.jpg","type":"image\/jpeg"}],"author":"AFP","twitter_card":"summary_large_image","twitter_creator":"@justiceinfonet","twitter_site":"@justiceinfonet","twitter_misc":{"\u00c9crit par":"AFP","Dur\u00e9e de lecture estim\u00e9e":"3 minutes"},"schema":{"@context":"https:\/\/schema.org","@graph":[{"@type":"NewsArticle","@id":"https:\/\/www.justiceinfo.net\/fr\/31978-prisons-syriennes-precedentes-accusations-de-tortures-et-executions.html#article","isPartOf":{"@id":"https:\/\/www.justiceinfo.net\/fr\/31978-prisons-syriennes-precedentes-accusations-de-tortures-et-executions.html"},"author":{"name":"afp","@id":"https:\/\/www.justiceinfo.net\/fr#\/schema\/person\/713d340ef5f218fc36ce9b4244364a7f"},"headline":"Prisons syriennes: pr\u00e9c\u00e9dentes accusations de tortures et ex\u00e9cutions","datePublished":"2017-02-07T15:05:02+00:00","mainEntityOfPage":{"@id":"https:\/\/www.justiceinfo.net\/fr\/31978-prisons-syriennes-precedentes-accusations-de-tortures-et-executions.html"},"wordCount":537,"commentCount":0,"publisher":{"@id":"https:\/\/www.justiceinfo.net\/fr#organization"},"image":{"@id":"https:\/\/www.justiceinfo.net\/fr\/31978-prisons-syriennes-precedentes-accusations-de-tortures-et-executions.html#primaryimage"},"thumbnailUrl":"https:\/\/www.justiceinfo.net\/wp-content\/uploads\/3c4b843c86fc2f0fc716890f25ef5f7d.jpg","articleSection":["Divers"],"inLanguage":"fr-FR","potentialAction":[{"@type":"CommentAction","name":"Comment","target":["https:\/\/www.justiceinfo.net\/fr\/31978-prisons-syriennes-precedentes-accusations-de-tortures-et-executions.html#respond"]}]},{"@type":"WebPage","@id":"https:\/\/www.justiceinfo.net\/fr\/31978-prisons-syriennes-precedentes-accusations-de-tortures-et-executions.html","url":"https:\/\/www.justiceinfo.net\/fr\/31978-prisons-syriennes-precedentes-accusations-de-tortures-et-executions.html","name":"Prisons syriennes: pr\u00e9c\u00e9dentes accusations de tortures et ex\u00e9cutions - JusticeInfo.net","isPartOf":{"@id":"https:\/\/www.justiceinfo.net\/fr#website"},"primaryImageOfPage":{"@id":"https:\/\/www.justiceinfo.net\/fr\/31978-prisons-syriennes-precedentes-accusations-de-tortures-et-executions.html#primaryimage"},"image":{"@id":"https:\/\/www.justiceinfo.net\/fr\/31978-prisons-syriennes-precedentes-accusations-de-tortures-et-executions.html#primaryimage"},"thumbnailUrl":"https:\/\/www.justiceinfo.net\/wp-content\/uploads\/3c4b843c86fc2f0fc716890f25ef5f7d.jpg","datePublished":"2017-02-07T15:05:02+00:00","breadcrumb":{"@id":"https:\/\/www.justiceinfo.net\/fr\/31978-prisons-syriennes-precedentes-accusations-de-tortures-et-executions.html#breadcrumb"},"inLanguage":"fr-FR","potentialAction":[{"@type":"ReadAction","target":["https:\/\/www.justiceinfo.net\/fr\/31978-prisons-syriennes-precedentes-accusations-de-tortures-et-executions.html"]}]},{"@type":"ImageObject","inLanguage":"fr-FR","@id":"https:\/\/www.justiceinfo.net\/fr\/31978-prisons-syriennes-precedentes-accusations-de-tortures-et-executions.html#primaryimage","url":"https:\/\/www.justiceinfo.net\/wp-content\/uploads\/3c4b843c86fc2f0fc716890f25ef5f7d.jpg","contentUrl":"https:\/\/www.justiceinfo.net\/wp-content\/uploads\/3c4b843c86fc2f0fc716890f25ef5f7d.jpg","width":1024,"height":683},{"@type":"BreadcrumbList","@id":"https:\/\/www.justiceinfo.net\/fr\/31978-prisons-syriennes-precedentes-accusations-de-tortures-et-executions.html#breadcrumb","itemListElement":[{"@type":"ListItem","position":1,"name":"Home","item":"https:\/\/www.justiceinfo.net\/fr"},{"@type":"ListItem","position":2,"name":"Prisons syriennes: pr\u00e9c\u00e9dentes accusations de tortures et ex\u00e9cutions"}]},{"@type":"WebSite","@id":"https:\/\/www.justiceinfo.net\/fr#website","url":"https:\/\/www.justiceinfo.net\/fr","name":"JusticeInfo.net","description":"La justice doit \u00eatre vue pour \u00eatre rendue","publisher":{"@id":"https:\/\/www.justiceinfo.net\/fr#organization"},"potentialAction":[{"@type":"SearchAction","target":{"@type":"EntryPoint","urlTemplate":"https:\/\/www.justiceinfo.net\/fr?s={search_term_string}"},"query-input":{"@type":"PropertyValueSpecification","valueRequired":true,"valueName":"search_term_string"}}],"inLanguage":"fr-FR"},{"@type":"Organization","@id":"https:\/\/www.justiceinfo.net\/fr#organization","name":"Justice Info","url":"https:\/\/www.justiceinfo.net\/fr","logo":{"@type":"ImageObject","inLanguage":"fr-FR","@id":"https:\/\/www.justiceinfo.net\/fr#\/schema\/logo\/image\/","url":"https:\/\/www.justiceinfo.net\/wp-content\/uploads\/justiceinfo_logo-trans_1200x1200px.png","contentUrl":"https:\/\/www.justiceinfo.net\/wp-content\/uploads\/justiceinfo_logo-trans_1200x1200px.png","width":1199,"height":1200,"caption":"Justice Info"},"image":{"@id":"https:\/\/www.justiceinfo.net\/fr#\/schema\/logo\/image\/"},"sameAs":["https:\/\/www.facebook.com\/JusticeInfo\/","https:\/\/x.com\/justiceinfonet","https:\/\/www.linkedin.com\/company\/justice-info","https:\/\/www.youtube.com\/channel\/UCyCEsARodyuWtkWyhn-e7pA"]},{"@type":"Person","name":"AFP","url":"\/fr\/?s=AFP"}]}},"_links":{"self":[{"href":"https:\/\/www.justiceinfo.net\/fr\/wp-json\/wp\/v2\/posts\/31978","targetHints":{"allow":["GET"]}}],"collection":[{"href":"https:\/\/www.justiceinfo.net\/fr\/wp-json\/wp\/v2\/posts"}],"about":[{"href":"https:\/\/www.justiceinfo.net\/fr\/wp-json\/wp\/v2\/types\/post"}],"author":[{"embeddable":true,"href":"https:\/\/www.justiceinfo.net\/fr\/wp-json\/wp\/v2\/users\/60"}],"replies":[{"embeddable":true,"href":"https:\/\/www.justiceinfo.net\/fr\/wp-json\/wp\/v2\/comments?post=31978"}],"version-history":[{"count":0,"href":"https:\/\/www.justiceinfo.net\/fr\/wp-json\/wp\/v2\/posts\/31978\/revisions"}],"wp:featuredmedia":[{"embeddable":true,"href":"https:\/\/www.justiceinfo.net\/fr\/wp-json\/wp\/v2\/media\/67646"}],"wp:attachment":[{"href":"https:\/\/www.justiceinfo.net\/fr\/wp-json\/wp\/v2\/media?parent=31978"}],"wp:term":[{"taxonomy":"category","embeddable":true,"href":"https:\/\/www.justiceinfo.net\/fr\/wp-json\/wp\/v2\/categories?post=31978"},{"taxonomy":"post_tag","embeddable":true,"href":"https:\/\/www.justiceinfo.net\/fr\/wp-json\/wp\/v2\/tags?post=31978"},{"taxonomy":"ji_location","embeddable":true,"href":"https:\/\/www.justiceinfo.net\/fr\/wp-json\/wp\/v2\/ji_location?post=31978"}],"curies":[{"name":"wp","href":"https:\/\/api.w.org\/{rel}","templated":true}]}}