{"id":32058,"date":"2017-02-12T09:07:42","date_gmt":"2017-02-12T08:07:42","guid":{"rendered":"https:\/\/www.justiceinfo.net\/32058-les-suisses-aux-urnes-sur-la-naturalisation-des-petits-enfants-d-immigres.html"},"modified":"2017-02-12T09:07:42","modified_gmt":"2017-02-12T08:07:42","slug":"les-suisses-aux-urnes-sur-la-naturalisation-des-petits-enfants-d-immigres","status":"publish","type":"post","link":"https:\/\/www.justiceinfo.net\/fr\/32058-les-suisses-aux-urnes-sur-la-naturalisation-des-petits-enfants-d-immigres.html","title":{"rendered":"Les Suisses aux urnes sur la naturalisation des petits-enfants d'immigr\u00e9s"},"content":{"rendered":"<div class=\"txt-textContent\">\n<div class=\"text fontsize_0 jq_Content jq_langdir\">\n<p>Les Suisses ont commenc\u00e9 \u00e0 se rendre aux urnes dimanche pour se prononcer sur la proposition du gouvernement de simplifier la proc\u00e9dure de naturalisation des petits-enfants d'immigr\u00e9s, apr\u00e8s une campagne marqu\u00e9e par les propos antimusulmans de la droite populiste.<\/p>\n<p>Les premi\u00e8res tendances seront connus en d\u00e9but d'apr\u00e8s-midi, apr\u00e8s la fermeture des derniers bureaux de vote \u00e0 midi (11H00 GMT). Les premi\u00e8res estimations chiffr\u00e9es devraient tomber vers 13H30 (12H30 GMT).<\/p>\n<p>L'adoption de cet arr\u00eat\u00e9 f\u00e9d\u00e9ral requiert ce que les Suisses appellent la double majorit\u00e9: la majorit\u00e9 des suffrages valables et la majorit\u00e9 des 26 cantons composant la Suisse.<\/p>\n<p>Un tr\u00e8s grand nombre de Suisses, appel\u00e9s \u00e0 se prononcer plusieurs fois par an lors de r\u00e9f\u00e9rendums, ont vot\u00e9 par correspondance dans les deux \u00e0 trois semaines pr\u00e9c\u00e9dant l'\u00e9lection.<\/p>\n<p>Le projet du gouvernement vise \u00e0 acc\u00e9l\u00e9rer la proc\u00e9dure d'attribution de la nationalit\u00e9 suisse aux petits-enfants d'immigr\u00e9s, mais elle exclut toute acquisition automatique de la nationalit\u00e9.<\/p>\n<p>Au cours des dix prochaines ann\u00e9es, quelque 2.300 jeunes de la \"3e g\u00e9n\u00e9ration\" pourraient b\u00e9n\u00e9ficier chaque ann\u00e9e de la \"naturalisation facilit\u00e9e\", une proc\u00e9dure plus rapide et moins co\u00fbteuse, selon le gouvernement. Dans l'imm\u00e9diat, quelque 25.000 petits-enfants d'immigr\u00e9s, en majorit\u00e9 originaires d'Italie, mais aussi de Turquie et des Balkans, remplissent les criti\u00e8res.<\/p>\n<p>Une majorit\u00e9 du Parlement soutient le projet. Mais l'UDC (Union d\u00e9mocratique du centre, parti disposant du plus grand nombre de d\u00e9put\u00e9s \u00e0 la Chambre basse) a mis en garde les Suisses contre \"la surpopulation \u00e9trang\u00e8re et l'augmentation massive notamment du nombre de musulmans\".<\/p>\n<p>\"Dans une, dans deux g\u00e9n\u00e9rations, qui seront-ils, ces \u00e9trangers de la 3e g\u00e9n\u00e9ration? Ils ne seront plus gu\u00e8re Italiens, ni Espagnols, ni Portugais\", a expliqu\u00e9 avant le vote le d\u00e9put\u00e9 UDC Jean-Luc Addor, \u00e9galement copr\u00e9sident du comit\u00e9 contre la naturalisation forc\u00e9e.<\/p>\n<p>Ce comit\u00e9 a coll\u00e9 devant les gares et les endroits fr\u00e9quent\u00e9s des villes une affiche montrant une femme v\u00eatue du niqab (voile int\u00e9gral qui ne laisse voir que les yeux) avec ce slogan: \"Naturalisations incontr\u00f4l\u00e9es? NON\".<\/p>\n<p>Selon le dernier sondage publi\u00e9 le 1er f\u00e9vrier par l'institut gfs.bern, le \"oui\" l'emporterait \u00e0 66%, contre 31% de \"non\", avec 3% d'ind\u00e9cis. Un autre sondage publi\u00e9 le m\u00eame jour par le groupe de presse Tamedia donne le \"oui\" vainqueur \u00e0 55%, contre 44% de refus.<\/p>\n<p>Toutefois, les surprises \u00e9lectorales ne sont jamais exclues en Suisse. En 2009, les sondages avaient \u00e9chou\u00e9 \u00e0 pr\u00e9dire l'acceptation de la proposition de l'UDC d'interdire la construction de minarets en Suisse.<\/p>\n<p>\u00a0<\/p>\n<h2>- 'Leur patrie est la Suisse' -<\/h2>\n<p>\u00a0<\/p>\n<p>Pour le gouvernement, \"ces jeunes \u00e9trangers ont pass\u00e9 toute leur vie en Suisse et doivent donc pouvoir acqu\u00e9rir plus facilement la nationalit\u00e9\": \"leur patrie est la Suisse\".<\/p>\n<p>Si la mesure est accept\u00e9e, les conditions de naturalisation resteront inchang\u00e9es: le candidat doit ma\u00eetriser une des quatre langues nationales (allemand, italien, fran\u00e7ais et romanche) et respecter les lois et les valeurs fondamentales de la Constitution.<\/p>\n<p>Le candidat doit \u00eatre n\u00e9 en Suisse et y avoir fr\u00e9quent\u00e9 l'\u00e9cole pendant au moins cinq ans, \u00eatre \u00e2g\u00e9 de 25 ans au maximum. L'un de ses deux parents doit en outre avoir v\u00e9cu 10 ans en Suisse et y avoir fr\u00e9quent\u00e9 l'\u00e9cole pendant au moins cinq ans. Enfin, un de ses grands-parents doit avoir eu un permis de s\u00e9jour en Suisse ou y \u00eatre n\u00e9.<\/p>\n<p>La limite de candidature fix\u00e9e \u00e0 25 ans co\u00efncide avec l'\u00e2ge au-del\u00e0 duquel un Suisse \u00e9chappe au service militaire obligatoire.<\/p>\n<\/div>\n<\/div>\n","protected":false},"excerpt":{"rendered":"<p>Les Suisses ont commenc\u00e9 \u00e0 se rendre aux urnes dimanche pour se prononcer sur la proposition du gouvernement de simplifier la proc\u00e9dure de naturalisation des petits-enfants d'immigr\u00e9s, apr\u00e8s une campagne marqu\u00e9e par les propos antimusulmans de la droite populiste. Les premi\u00e8res tendances seront connus en d\u00e9but d'apr\u00e8s-midi, apr\u00e8s la fermeture des derniers bureaux de vote [&hellip;]<\/p>\n","protected":false},"author":60,"featured_media":0,"comment_status":"open","ping_status":"closed","sticky":false,"template":"","format":"standard","meta":{"_acf_changed":false,"footnotes":""},"categories":[2576],"tags":[],"ji_location":[2496],"class_list":["post-32058","post","type-post","status-publish","format-standard","hentry","category-fil-d-actualite","ji_location-suisse"],"acf":[],"yoast_head":"<!-- This site is optimized with the Yoast SEO Premium plugin v25.3.1 (Yoast SEO v25.3.1) - https:\/\/yoast.com\/wordpress\/plugins\/seo\/ -->\n<title>Les Suisses aux urnes sur la naturalisation des petits-enfants d&#039;immigr\u00e9s - JusticeInfo.net<\/title>\n<meta name=\"robots\" content=\"index, follow, max-snippet:-1, max-image-preview:large, max-video-preview:-1\" \/>\n<link rel=\"canonical\" href=\"https:\/\/www.justiceinfo.net\/fr\/32058-les-suisses-aux-urnes-sur-la-naturalisation-des-petits-enfants-d-immigres.html\" \/>\n<meta property=\"og:locale\" content=\"fr_FR\" \/>\n<meta property=\"og:type\" content=\"article\" \/>\n<meta property=\"og:title\" content=\"Les Suisses aux urnes sur la naturalisation des petits-enfants d&#039;immigr\u00e9s\" \/>\n<meta property=\"og:description\" content=\"Les Suisses ont commenc\u00e9 \u00e0 se rendre aux urnes dimanche pour se prononcer sur la proposition du gouvernement de simplifier la proc\u00e9dure de naturalisation des petits-enfants d&#039;immigr\u00e9s, apr\u00e8s une campagne marqu\u00e9e par les propos antimusulmans de la droite populiste. Les premi\u00e8res tendances seront connus en d\u00e9but d&#039;apr\u00e8s-midi, apr\u00e8s la fermeture des derniers bureaux de vote [&hellip;]\" \/>\n<meta property=\"og:url\" content=\"https:\/\/www.justiceinfo.net\/fr\/32058-les-suisses-aux-urnes-sur-la-naturalisation-des-petits-enfants-d-immigres.html\" \/>\n<meta property=\"og:site_name\" content=\"JusticeInfo.net\" \/>\n<meta property=\"article:publisher\" content=\"https:\/\/www.facebook.com\/JusticeInfo\/\" \/>\n<meta property=\"article:published_time\" content=\"2017-02-12T08:07:42+00:00\" \/>\n<meta property=\"og:image\" content=\"https:\/\/www.justiceinfo.net\/wp-content\/uploads\/JusticeInfoNet_logo_1200x630px.jpg\" \/>\n\t<meta property=\"og:image:width\" content=\"1200\" \/>\n\t<meta property=\"og:image:height\" content=\"630\" \/>\n\t<meta property=\"og:image:type\" content=\"image\/jpeg\" \/>\n<meta name=\"author\" content=\"AFP\" \/>\n<meta name=\"twitter:card\" content=\"summary_large_image\" \/>\n<meta name=\"twitter:creator\" content=\"@justiceinfonet\" \/>\n<meta name=\"twitter:site\" content=\"@justiceinfonet\" \/>\n<meta name=\"twitter:label1\" content=\"\u00c9crit par\" \/>\n\t<meta name=\"twitter:data1\" content=\"AFP\" \/>\n\t<meta name=\"twitter:label2\" content=\"Dur\u00e9e de lecture estim\u00e9e\" \/>\n\t<meta name=\"twitter:data2\" content=\"3 minutes\" \/>\n<script type=\"application\/ld+json\" class=\"yoast-schema-graph\">{\"@context\":\"https:\/\/schema.org\",\"@graph\":[{\"@type\":\"NewsArticle\",\"@id\":\"https:\/\/www.justiceinfo.net\/fr\/32058-les-suisses-aux-urnes-sur-la-naturalisation-des-petits-enfants-d-immigres.html#article\",\"isPartOf\":{\"@id\":\"https:\/\/www.justiceinfo.net\/fr\/32058-les-suisses-aux-urnes-sur-la-naturalisation-des-petits-enfants-d-immigres.html\"},\"author\":{\"name\":\"afp\",\"@id\":\"https:\/\/www.justiceinfo.net\/fr#\/schema\/person\/713d340ef5f218fc36ce9b4244364a7f\"},\"headline\":\"Les Suisses aux urnes sur la naturalisation des petits-enfants d'immigr\u00e9s\",\"datePublished\":\"2017-02-12T08:07:42+00:00\",\"mainEntityOfPage\":{\"@id\":\"https:\/\/www.justiceinfo.net\/fr\/32058-les-suisses-aux-urnes-sur-la-naturalisation-des-petits-enfants-d-immigres.html\"},\"wordCount\":636,\"commentCount\":0,\"publisher\":{\"@id\":\"https:\/\/www.justiceinfo.net\/fr#organization\"},\"articleSection\":[\"Fil d'info AFP\"],\"inLanguage\":\"fr-FR\",\"potentialAction\":[{\"@type\":\"CommentAction\",\"name\":\"Comment\",\"target\":[\"https:\/\/www.justiceinfo.net\/fr\/32058-les-suisses-aux-urnes-sur-la-naturalisation-des-petits-enfants-d-immigres.html#respond\"]}]},{\"@type\":\"WebPage\",\"@id\":\"https:\/\/www.justiceinfo.net\/fr\/32058-les-suisses-aux-urnes-sur-la-naturalisation-des-petits-enfants-d-immigres.html\",\"url\":\"https:\/\/www.justiceinfo.net\/fr\/32058-les-suisses-aux-urnes-sur-la-naturalisation-des-petits-enfants-d-immigres.html\",\"name\":\"Les Suisses aux urnes sur la naturalisation des petits-enfants d'immigr\u00e9s - JusticeInfo.net\",\"isPartOf\":{\"@id\":\"https:\/\/www.justiceinfo.net\/fr#website\"},\"datePublished\":\"2017-02-12T08:07:42+00:00\",\"breadcrumb\":{\"@id\":\"https:\/\/www.justiceinfo.net\/fr\/32058-les-suisses-aux-urnes-sur-la-naturalisation-des-petits-enfants-d-immigres.html#breadcrumb\"},\"inLanguage\":\"fr-FR\",\"potentialAction\":[{\"@type\":\"ReadAction\",\"target\":[\"https:\/\/www.justiceinfo.net\/fr\/32058-les-suisses-aux-urnes-sur-la-naturalisation-des-petits-enfants-d-immigres.html\"]}]},{\"@type\":\"BreadcrumbList\",\"@id\":\"https:\/\/www.justiceinfo.net\/fr\/32058-les-suisses-aux-urnes-sur-la-naturalisation-des-petits-enfants-d-immigres.html#breadcrumb\",\"itemListElement\":[{\"@type\":\"ListItem\",\"position\":1,\"name\":\"Home\",\"item\":\"https:\/\/www.justiceinfo.net\/fr\"},{\"@type\":\"ListItem\",\"position\":2,\"name\":\"Les Suisses aux urnes sur la naturalisation des petits-enfants d'immigr\u00e9s\"}]},{\"@type\":\"WebSite\",\"@id\":\"https:\/\/www.justiceinfo.net\/fr#website\",\"url\":\"https:\/\/www.justiceinfo.net\/fr\",\"name\":\"JusticeInfo.net\",\"description\":\"La justice doit \u00eatre vue pour \u00eatre rendue\",\"publisher\":{\"@id\":\"https:\/\/www.justiceinfo.net\/fr#organization\"},\"potentialAction\":[{\"@type\":\"SearchAction\",\"target\":{\"@type\":\"EntryPoint\",\"urlTemplate\":\"https:\/\/www.justiceinfo.net\/fr?s={search_term_string}\"},\"query-input\":{\"@type\":\"PropertyValueSpecification\",\"valueRequired\":true,\"valueName\":\"search_term_string\"}}],\"inLanguage\":\"fr-FR\"},{\"@type\":\"Organization\",\"@id\":\"https:\/\/www.justiceinfo.net\/fr#organization\",\"name\":\"Justice Info\",\"url\":\"https:\/\/www.justiceinfo.net\/fr\",\"logo\":{\"@type\":\"ImageObject\",\"inLanguage\":\"fr-FR\",\"@id\":\"https:\/\/www.justiceinfo.net\/fr#\/schema\/logo\/image\/\",\"url\":\"https:\/\/www.justiceinfo.net\/wp-content\/uploads\/justiceinfo_logo-trans_1200x1200px.png\",\"contentUrl\":\"https:\/\/www.justiceinfo.net\/wp-content\/uploads\/justiceinfo_logo-trans_1200x1200px.png\",\"width\":1199,\"height\":1200,\"caption\":\"Justice Info\"},\"image\":{\"@id\":\"https:\/\/www.justiceinfo.net\/fr#\/schema\/logo\/image\/\"},\"sameAs\":[\"https:\/\/www.facebook.com\/JusticeInfo\/\",\"https:\/\/x.com\/justiceinfonet\",\"https:\/\/www.linkedin.com\/company\/justice-info\",\"https:\/\/www.youtube.com\/channel\/UCyCEsARodyuWtkWyhn-e7pA\"]},{\"@type\":\"Person\",\"name\":\"AFP\",\"url\":\"\/fr\/?s=AFP\"}]}<\/script>\n<!-- \/ Yoast SEO Premium plugin. -->","yoast_head_json":{"title":"Les Suisses aux urnes sur la naturalisation des petits-enfants d'immigr\u00e9s - JusticeInfo.net","robots":{"index":"index","follow":"follow","max-snippet":"max-snippet:-1","max-image-preview":"max-image-preview:large","max-video-preview":"max-video-preview:-1"},"canonical":"https:\/\/www.justiceinfo.net\/fr\/32058-les-suisses-aux-urnes-sur-la-naturalisation-des-petits-enfants-d-immigres.html","og_locale":"fr_FR","og_type":"article","og_title":"Les Suisses aux urnes sur la naturalisation des petits-enfants d'immigr\u00e9s","og_description":"Les Suisses ont commenc\u00e9 \u00e0 se rendre aux urnes dimanche pour se prononcer sur la proposition du gouvernement de simplifier la proc\u00e9dure de naturalisation des petits-enfants d'immigr\u00e9s, apr\u00e8s une campagne marqu\u00e9e par les propos antimusulmans de la droite populiste. Les premi\u00e8res tendances seront connus en d\u00e9but d'apr\u00e8s-midi, apr\u00e8s la fermeture des derniers bureaux de vote [&hellip;]","og_url":"https:\/\/www.justiceinfo.net\/fr\/32058-les-suisses-aux-urnes-sur-la-naturalisation-des-petits-enfants-d-immigres.html","og_site_name":"JusticeInfo.net","article_publisher":"https:\/\/www.facebook.com\/JusticeInfo\/","article_published_time":"2017-02-12T08:07:42+00:00","og_image":[{"width":1200,"height":630,"url":"https:\/\/www.justiceinfo.net\/wp-content\/uploads\/JusticeInfoNet_logo_1200x630px.jpg","type":"image\/jpeg"}],"author":"AFP","twitter_card":"summary_large_image","twitter_creator":"@justiceinfonet","twitter_site":"@justiceinfonet","twitter_misc":{"\u00c9crit par":"AFP","Dur\u00e9e de lecture estim\u00e9e":"3 minutes"},"schema":{"@context":"https:\/\/schema.org","@graph":[{"@type":"NewsArticle","@id":"https:\/\/www.justiceinfo.net\/fr\/32058-les-suisses-aux-urnes-sur-la-naturalisation-des-petits-enfants-d-immigres.html#article","isPartOf":{"@id":"https:\/\/www.justiceinfo.net\/fr\/32058-les-suisses-aux-urnes-sur-la-naturalisation-des-petits-enfants-d-immigres.html"},"author":{"name":"afp","@id":"https:\/\/www.justiceinfo.net\/fr#\/schema\/person\/713d340ef5f218fc36ce9b4244364a7f"},"headline":"Les Suisses aux urnes sur la naturalisation des petits-enfants d'immigr\u00e9s","datePublished":"2017-02-12T08:07:42+00:00","mainEntityOfPage":{"@id":"https:\/\/www.justiceinfo.net\/fr\/32058-les-suisses-aux-urnes-sur-la-naturalisation-des-petits-enfants-d-immigres.html"},"wordCount":636,"commentCount":0,"publisher":{"@id":"https:\/\/www.justiceinfo.net\/fr#organization"},"articleSection":["Fil d'info AFP"],"inLanguage":"fr-FR","potentialAction":[{"@type":"CommentAction","name":"Comment","target":["https:\/\/www.justiceinfo.net\/fr\/32058-les-suisses-aux-urnes-sur-la-naturalisation-des-petits-enfants-d-immigres.html#respond"]}]},{"@type":"WebPage","@id":"https:\/\/www.justiceinfo.net\/fr\/32058-les-suisses-aux-urnes-sur-la-naturalisation-des-petits-enfants-d-immigres.html","url":"https:\/\/www.justiceinfo.net\/fr\/32058-les-suisses-aux-urnes-sur-la-naturalisation-des-petits-enfants-d-immigres.html","name":"Les Suisses aux urnes sur la naturalisation des petits-enfants d'immigr\u00e9s - JusticeInfo.net","isPartOf":{"@id":"https:\/\/www.justiceinfo.net\/fr#website"},"datePublished":"2017-02-12T08:07:42+00:00","breadcrumb":{"@id":"https:\/\/www.justiceinfo.net\/fr\/32058-les-suisses-aux-urnes-sur-la-naturalisation-des-petits-enfants-d-immigres.html#breadcrumb"},"inLanguage":"fr-FR","potentialAction":[{"@type":"ReadAction","target":["https:\/\/www.justiceinfo.net\/fr\/32058-les-suisses-aux-urnes-sur-la-naturalisation-des-petits-enfants-d-immigres.html"]}]},{"@type":"BreadcrumbList","@id":"https:\/\/www.justiceinfo.net\/fr\/32058-les-suisses-aux-urnes-sur-la-naturalisation-des-petits-enfants-d-immigres.html#breadcrumb","itemListElement":[{"@type":"ListItem","position":1,"name":"Home","item":"https:\/\/www.justiceinfo.net\/fr"},{"@type":"ListItem","position":2,"name":"Les Suisses aux urnes sur la naturalisation des petits-enfants d'immigr\u00e9s"}]},{"@type":"WebSite","@id":"https:\/\/www.justiceinfo.net\/fr#website","url":"https:\/\/www.justiceinfo.net\/fr","name":"JusticeInfo.net","description":"La justice doit \u00eatre vue pour \u00eatre rendue","publisher":{"@id":"https:\/\/www.justiceinfo.net\/fr#organization"},"potentialAction":[{"@type":"SearchAction","target":{"@type":"EntryPoint","urlTemplate":"https:\/\/www.justiceinfo.net\/fr?s={search_term_string}"},"query-input":{"@type":"PropertyValueSpecification","valueRequired":true,"valueName":"search_term_string"}}],"inLanguage":"fr-FR"},{"@type":"Organization","@id":"https:\/\/www.justiceinfo.net\/fr#organization","name":"Justice Info","url":"https:\/\/www.justiceinfo.net\/fr","logo":{"@type":"ImageObject","inLanguage":"fr-FR","@id":"https:\/\/www.justiceinfo.net\/fr#\/schema\/logo\/image\/","url":"https:\/\/www.justiceinfo.net\/wp-content\/uploads\/justiceinfo_logo-trans_1200x1200px.png","contentUrl":"https:\/\/www.justiceinfo.net\/wp-content\/uploads\/justiceinfo_logo-trans_1200x1200px.png","width":1199,"height":1200,"caption":"Justice Info"},"image":{"@id":"https:\/\/www.justiceinfo.net\/fr#\/schema\/logo\/image\/"},"sameAs":["https:\/\/www.facebook.com\/JusticeInfo\/","https:\/\/x.com\/justiceinfonet","https:\/\/www.linkedin.com\/company\/justice-info","https:\/\/www.youtube.com\/channel\/UCyCEsARodyuWtkWyhn-e7pA"]},{"@type":"Person","name":"AFP","url":"\/fr\/?s=AFP"}]}},"_links":{"self":[{"href":"https:\/\/www.justiceinfo.net\/fr\/wp-json\/wp\/v2\/posts\/32058","targetHints":{"allow":["GET"]}}],"collection":[{"href":"https:\/\/www.justiceinfo.net\/fr\/wp-json\/wp\/v2\/posts"}],"about":[{"href":"https:\/\/www.justiceinfo.net\/fr\/wp-json\/wp\/v2\/types\/post"}],"author":[{"embeddable":true,"href":"https:\/\/www.justiceinfo.net\/fr\/wp-json\/wp\/v2\/users\/60"}],"replies":[{"embeddable":true,"href":"https:\/\/www.justiceinfo.net\/fr\/wp-json\/wp\/v2\/comments?post=32058"}],"version-history":[{"count":0,"href":"https:\/\/www.justiceinfo.net\/fr\/wp-json\/wp\/v2\/posts\/32058\/revisions"}],"wp:attachment":[{"href":"https:\/\/www.justiceinfo.net\/fr\/wp-json\/wp\/v2\/media?parent=32058"}],"wp:term":[{"taxonomy":"category","embeddable":true,"href":"https:\/\/www.justiceinfo.net\/fr\/wp-json\/wp\/v2\/categories?post=32058"},{"taxonomy":"post_tag","embeddable":true,"href":"https:\/\/www.justiceinfo.net\/fr\/wp-json\/wp\/v2\/tags?post=32058"},{"taxonomy":"ji_location","embeddable":true,"href":"https:\/\/www.justiceinfo.net\/fr\/wp-json\/wp\/v2\/ji_location?post=32058"}],"curies":[{"name":"wp","href":"https:\/\/api.w.org\/{rel}","templated":true}]}}