{"id":32087,"date":"2017-02-13T12:32:39","date_gmt":"2017-02-13T11:32:39","guid":{"rendered":"https:\/\/www.justiceinfo.net\/32087-un-tenant-de-la-ligne-dure-elu-chef-du-hamas-a-gaza-responsables.html"},"modified":"2017-02-13T12:32:39","modified_gmt":"2017-02-13T11:32:39","slug":"un-tenant-de-la-ligne-dure-elu-chef-du-hamas-a-gaza-responsables","status":"publish","type":"post","link":"https:\/\/www.justiceinfo.net\/fr\/32087-un-tenant-de-la-ligne-dure-elu-chef-du-hamas-a-gaza-responsables.html","title":{"rendered":"Un tenant de la ligne dure \u00e9lu chef du Hamas \u00e0 Gaza (responsables)"},"content":{"rendered":"<div class=\"txt-textContent\">\n<div class=\"text fontsize_0 jq_Content jq_langdir\">\n<p>Le Hamas a \u00e9lu lundi Yahya Sinouar, un des fondateurs de la branche arm\u00e9e du mouvement islamiste plac\u00e9 sur la liste \"terroriste\" am\u00e9ricaine, comme son chef dans la bande de Gaza, ont indiqu\u00e9 des cadres du Hamas.<\/p>\n<p>Le mouvement, qui tient la bande de Gaza depuis dix ans, m\u00e8ne depuis plusieurs mois un processus d'\u00e9lections internes. \"Yahya Sinouar a \u00e9t\u00e9 \u00e9lu \u00e0 la t\u00eate du bureau politique du Hamas dans la bande de Gaza\", succ\u00e9dant \u00e0 Isma\u00efl Haniyeh, a dit lundi un de ces responsables s'exprimant sous le couvert de l'anonymat.<\/p>\n<p>M. Haniyeh est pr\u00e9sent\u00e9 par de nombreux observateurs comme le successeur le plus probable au dirigeant actuel du mouvement islamiste Khaled Mechaal, en exil au Qatar.<\/p>\n<p>Le d\u00e9put\u00e9 du Hamas Khalil al-Haya devient, lui, num\u00e9ro deux du bureau politique \u00e0 Gaza, ont ajout\u00e9 les responsables. Les \u00e9lections, organis\u00e9es \u00e0 huis clos tant dans l'enclave palestinienne sous blocus isra\u00e9lien qu'en dehors, se poursuivent, ont-ils ajout\u00e9.<\/p>\n<p>En septembre 2015, les Etats-Unis avaient inscrit Yahya Sinouar,\u00a0n\u00e9 en 1962 dans le camp de r\u00e9fugi\u00e9s de Khan Youn\u00e8s, dans le sud de la bande de Gaza, sur leur liste de \"terroristes internationaux\", aux c\u00f4t\u00e9s de deux autres cadres du Hamas et de sa branche arm\u00e9e les brigades Ezzedine al-Qassam.<\/p>\n<p>Ce dipl\u00f4m\u00e9 en langue arabe a fond\u00e9 la section \"Majd\", pr\u00e9sent\u00e9e comme une unit\u00e9 de renseignements au sein des Qassam.<\/p>\n<p>Arr\u00eat\u00e9 par Isra\u00ebl en 1988 pour \"activit\u00e9 terroriste\", il a \u00e9t\u00e9 condamn\u00e9 \u00e0 quatre peines de perp\u00e9tuit\u00e9 avant d'\u00eatre lib\u00e9r\u00e9 en octobre 2011 dans le cadre d'un accord d'\u00e9change d'un millier de prisonniers palestiniens contre la remise en libert\u00e9 du soldat franco-isra\u00e9lien Gilad Shalit d\u00e9tenu pendant cinq ans par le Hamas.<\/p>\n<\/div>\n<\/div>\n","protected":false},"excerpt":{"rendered":"<p>Le Hamas a \u00e9lu lundi Yahya Sinouar, un des fondateurs de la branche arm\u00e9e du mouvement islamiste plac\u00e9 sur la liste \"terroriste\" am\u00e9ricaine, comme son chef dans la bande de Gaza, ont indiqu\u00e9 des cadres du Hamas. Le mouvement, qui tient la bande de Gaza depuis dix ans, m\u00e8ne depuis plusieurs mois un processus d'\u00e9lections [&hellip;]<\/p>\n","protected":false},"author":60,"featured_media":0,"comment_status":"open","ping_status":"closed","sticky":false,"template":"","format":"standard","meta":{"_acf_changed":false,"footnotes":""},"categories":[2576],"tags":[],"ji_location":[2402],"class_list":["post-32087","post","type-post","status-publish","format-standard","hentry","category-fil-d-actualite","ji_location-palestine"],"acf":[],"yoast_head":"<!-- This site is optimized with the Yoast SEO Premium plugin v25.3.1 (Yoast SEO v25.3.1) - https:\/\/yoast.com\/wordpress\/plugins\/seo\/ -->\n<title>Un tenant de la ligne dure \u00e9lu chef du Hamas \u00e0 Gaza (responsables) - JusticeInfo.net<\/title>\n<meta name=\"robots\" content=\"index, follow, max-snippet:-1, max-image-preview:large, max-video-preview:-1\" \/>\n<link rel=\"canonical\" href=\"https:\/\/www.justiceinfo.net\/fr\/32087-un-tenant-de-la-ligne-dure-elu-chef-du-hamas-a-gaza-responsables.html\" \/>\n<meta property=\"og:locale\" content=\"fr_FR\" \/>\n<meta property=\"og:type\" content=\"article\" \/>\n<meta property=\"og:title\" content=\"Un tenant de la ligne dure \u00e9lu chef du Hamas \u00e0 Gaza (responsables)\" \/>\n<meta property=\"og:description\" content=\"Le Hamas a \u00e9lu lundi Yahya Sinouar, un des fondateurs de la branche arm\u00e9e du mouvement islamiste plac\u00e9 sur la liste &quot;terroriste&quot; am\u00e9ricaine, comme son chef dans la bande de Gaza, ont indiqu\u00e9 des cadres du Hamas. Le mouvement, qui tient la bande de Gaza depuis dix ans, m\u00e8ne depuis plusieurs mois un processus d&#039;\u00e9lections [&hellip;]\" \/>\n<meta property=\"og:url\" content=\"https:\/\/www.justiceinfo.net\/fr\/32087-un-tenant-de-la-ligne-dure-elu-chef-du-hamas-a-gaza-responsables.html\" \/>\n<meta property=\"og:site_name\" content=\"JusticeInfo.net\" \/>\n<meta property=\"article:publisher\" content=\"https:\/\/www.facebook.com\/JusticeInfo\/\" \/>\n<meta property=\"article:published_time\" content=\"2017-02-13T11:32:39+00:00\" \/>\n<meta property=\"og:image\" content=\"https:\/\/www.justiceinfo.net\/wp-content\/uploads\/JusticeInfoNet_logo_1200x630px.jpg\" \/>\n\t<meta property=\"og:image:width\" content=\"1200\" \/>\n\t<meta property=\"og:image:height\" content=\"630\" \/>\n\t<meta property=\"og:image:type\" content=\"image\/jpeg\" \/>\n<meta name=\"author\" content=\"AFP\" \/>\n<meta name=\"twitter:card\" content=\"summary_large_image\" \/>\n<meta name=\"twitter:creator\" content=\"@justiceinfonet\" \/>\n<meta name=\"twitter:site\" content=\"@justiceinfonet\" \/>\n<meta name=\"twitter:label1\" content=\"\u00c9crit par\" \/>\n\t<meta name=\"twitter:data1\" content=\"AFP\" \/>\n\t<meta name=\"twitter:label2\" content=\"Dur\u00e9e de lecture estim\u00e9e\" \/>\n\t<meta name=\"twitter:data2\" content=\"1 minute\" \/>\n<script type=\"application\/ld+json\" class=\"yoast-schema-graph\">{\"@context\":\"https:\/\/schema.org\",\"@graph\":[{\"@type\":\"NewsArticle\",\"@id\":\"https:\/\/www.justiceinfo.net\/fr\/32087-un-tenant-de-la-ligne-dure-elu-chef-du-hamas-a-gaza-responsables.html#article\",\"isPartOf\":{\"@id\":\"https:\/\/www.justiceinfo.net\/fr\/32087-un-tenant-de-la-ligne-dure-elu-chef-du-hamas-a-gaza-responsables.html\"},\"author\":{\"name\":\"afp\",\"@id\":\"https:\/\/www.justiceinfo.net\/fr#\/schema\/person\/713d340ef5f218fc36ce9b4244364a7f\"},\"headline\":\"Un tenant de la ligne dure \u00e9lu chef du Hamas \u00e0 Gaza (responsables)\",\"datePublished\":\"2017-02-13T11:32:39+00:00\",\"mainEntityOfPage\":{\"@id\":\"https:\/\/www.justiceinfo.net\/fr\/32087-un-tenant-de-la-ligne-dure-elu-chef-du-hamas-a-gaza-responsables.html\"},\"wordCount\":315,\"commentCount\":0,\"publisher\":{\"@id\":\"https:\/\/www.justiceinfo.net\/fr#organization\"},\"articleSection\":[\"Fil d'info AFP\"],\"inLanguage\":\"fr-FR\",\"potentialAction\":[{\"@type\":\"CommentAction\",\"name\":\"Comment\",\"target\":[\"https:\/\/www.justiceinfo.net\/fr\/32087-un-tenant-de-la-ligne-dure-elu-chef-du-hamas-a-gaza-responsables.html#respond\"]}]},{\"@type\":\"WebPage\",\"@id\":\"https:\/\/www.justiceinfo.net\/fr\/32087-un-tenant-de-la-ligne-dure-elu-chef-du-hamas-a-gaza-responsables.html\",\"url\":\"https:\/\/www.justiceinfo.net\/fr\/32087-un-tenant-de-la-ligne-dure-elu-chef-du-hamas-a-gaza-responsables.html\",\"name\":\"Un tenant de la ligne dure \u00e9lu chef du Hamas \u00e0 Gaza (responsables) - JusticeInfo.net\",\"isPartOf\":{\"@id\":\"https:\/\/www.justiceinfo.net\/fr#website\"},\"datePublished\":\"2017-02-13T11:32:39+00:00\",\"breadcrumb\":{\"@id\":\"https:\/\/www.justiceinfo.net\/fr\/32087-un-tenant-de-la-ligne-dure-elu-chef-du-hamas-a-gaza-responsables.html#breadcrumb\"},\"inLanguage\":\"fr-FR\",\"potentialAction\":[{\"@type\":\"ReadAction\",\"target\":[\"https:\/\/www.justiceinfo.net\/fr\/32087-un-tenant-de-la-ligne-dure-elu-chef-du-hamas-a-gaza-responsables.html\"]}]},{\"@type\":\"BreadcrumbList\",\"@id\":\"https:\/\/www.justiceinfo.net\/fr\/32087-un-tenant-de-la-ligne-dure-elu-chef-du-hamas-a-gaza-responsables.html#breadcrumb\",\"itemListElement\":[{\"@type\":\"ListItem\",\"position\":1,\"name\":\"Home\",\"item\":\"https:\/\/www.justiceinfo.net\/fr\"},{\"@type\":\"ListItem\",\"position\":2,\"name\":\"Un tenant de la ligne dure \u00e9lu chef du Hamas \u00e0 Gaza (responsables)\"}]},{\"@type\":\"WebSite\",\"@id\":\"https:\/\/www.justiceinfo.net\/fr#website\",\"url\":\"https:\/\/www.justiceinfo.net\/fr\",\"name\":\"JusticeInfo.net\",\"description\":\"La justice doit \u00eatre vue pour \u00eatre rendue\",\"publisher\":{\"@id\":\"https:\/\/www.justiceinfo.net\/fr#organization\"},\"potentialAction\":[{\"@type\":\"SearchAction\",\"target\":{\"@type\":\"EntryPoint\",\"urlTemplate\":\"https:\/\/www.justiceinfo.net\/fr?s={search_term_string}\"},\"query-input\":{\"@type\":\"PropertyValueSpecification\",\"valueRequired\":true,\"valueName\":\"search_term_string\"}}],\"inLanguage\":\"fr-FR\"},{\"@type\":\"Organization\",\"@id\":\"https:\/\/www.justiceinfo.net\/fr#organization\",\"name\":\"Justice Info\",\"url\":\"https:\/\/www.justiceinfo.net\/fr\",\"logo\":{\"@type\":\"ImageObject\",\"inLanguage\":\"fr-FR\",\"@id\":\"https:\/\/www.justiceinfo.net\/fr#\/schema\/logo\/image\/\",\"url\":\"https:\/\/www.justiceinfo.net\/wp-content\/uploads\/justiceinfo_logo-trans_1200x1200px.png\",\"contentUrl\":\"https:\/\/www.justiceinfo.net\/wp-content\/uploads\/justiceinfo_logo-trans_1200x1200px.png\",\"width\":1199,\"height\":1200,\"caption\":\"Justice Info\"},\"image\":{\"@id\":\"https:\/\/www.justiceinfo.net\/fr#\/schema\/logo\/image\/\"},\"sameAs\":[\"https:\/\/www.facebook.com\/JusticeInfo\/\",\"https:\/\/x.com\/justiceinfonet\",\"https:\/\/www.linkedin.com\/company\/justice-info\",\"https:\/\/www.youtube.com\/channel\/UCyCEsARodyuWtkWyhn-e7pA\"]},{\"@type\":\"Person\",\"name\":\"AFP\",\"url\":\"\/fr\/?s=AFP\"}]}<\/script>\n<!-- \/ Yoast SEO Premium plugin. -->","yoast_head_json":{"title":"Un tenant de la ligne dure \u00e9lu chef du Hamas \u00e0 Gaza (responsables) - JusticeInfo.net","robots":{"index":"index","follow":"follow","max-snippet":"max-snippet:-1","max-image-preview":"max-image-preview:large","max-video-preview":"max-video-preview:-1"},"canonical":"https:\/\/www.justiceinfo.net\/fr\/32087-un-tenant-de-la-ligne-dure-elu-chef-du-hamas-a-gaza-responsables.html","og_locale":"fr_FR","og_type":"article","og_title":"Un tenant de la ligne dure \u00e9lu chef du Hamas \u00e0 Gaza (responsables)","og_description":"Le Hamas a \u00e9lu lundi Yahya Sinouar, un des fondateurs de la branche arm\u00e9e du mouvement islamiste plac\u00e9 sur la liste \"terroriste\" am\u00e9ricaine, comme son chef dans la bande de Gaza, ont indiqu\u00e9 des cadres du Hamas. Le mouvement, qui tient la bande de Gaza depuis dix ans, m\u00e8ne depuis plusieurs mois un processus d'\u00e9lections [&hellip;]","og_url":"https:\/\/www.justiceinfo.net\/fr\/32087-un-tenant-de-la-ligne-dure-elu-chef-du-hamas-a-gaza-responsables.html","og_site_name":"JusticeInfo.net","article_publisher":"https:\/\/www.facebook.com\/JusticeInfo\/","article_published_time":"2017-02-13T11:32:39+00:00","og_image":[{"width":1200,"height":630,"url":"https:\/\/www.justiceinfo.net\/wp-content\/uploads\/JusticeInfoNet_logo_1200x630px.jpg","type":"image\/jpeg"}],"author":"AFP","twitter_card":"summary_large_image","twitter_creator":"@justiceinfonet","twitter_site":"@justiceinfonet","twitter_misc":{"\u00c9crit par":"AFP","Dur\u00e9e de lecture estim\u00e9e":"1 minute"},"schema":{"@context":"https:\/\/schema.org","@graph":[{"@type":"NewsArticle","@id":"https:\/\/www.justiceinfo.net\/fr\/32087-un-tenant-de-la-ligne-dure-elu-chef-du-hamas-a-gaza-responsables.html#article","isPartOf":{"@id":"https:\/\/www.justiceinfo.net\/fr\/32087-un-tenant-de-la-ligne-dure-elu-chef-du-hamas-a-gaza-responsables.html"},"author":{"name":"afp","@id":"https:\/\/www.justiceinfo.net\/fr#\/schema\/person\/713d340ef5f218fc36ce9b4244364a7f"},"headline":"Un tenant de la ligne dure \u00e9lu chef du Hamas \u00e0 Gaza (responsables)","datePublished":"2017-02-13T11:32:39+00:00","mainEntityOfPage":{"@id":"https:\/\/www.justiceinfo.net\/fr\/32087-un-tenant-de-la-ligne-dure-elu-chef-du-hamas-a-gaza-responsables.html"},"wordCount":315,"commentCount":0,"publisher":{"@id":"https:\/\/www.justiceinfo.net\/fr#organization"},"articleSection":["Fil d'info AFP"],"inLanguage":"fr-FR","potentialAction":[{"@type":"CommentAction","name":"Comment","target":["https:\/\/www.justiceinfo.net\/fr\/32087-un-tenant-de-la-ligne-dure-elu-chef-du-hamas-a-gaza-responsables.html#respond"]}]},{"@type":"WebPage","@id":"https:\/\/www.justiceinfo.net\/fr\/32087-un-tenant-de-la-ligne-dure-elu-chef-du-hamas-a-gaza-responsables.html","url":"https:\/\/www.justiceinfo.net\/fr\/32087-un-tenant-de-la-ligne-dure-elu-chef-du-hamas-a-gaza-responsables.html","name":"Un tenant de la ligne dure \u00e9lu chef du Hamas \u00e0 Gaza (responsables) - JusticeInfo.net","isPartOf":{"@id":"https:\/\/www.justiceinfo.net\/fr#website"},"datePublished":"2017-02-13T11:32:39+00:00","breadcrumb":{"@id":"https:\/\/www.justiceinfo.net\/fr\/32087-un-tenant-de-la-ligne-dure-elu-chef-du-hamas-a-gaza-responsables.html#breadcrumb"},"inLanguage":"fr-FR","potentialAction":[{"@type":"ReadAction","target":["https:\/\/www.justiceinfo.net\/fr\/32087-un-tenant-de-la-ligne-dure-elu-chef-du-hamas-a-gaza-responsables.html"]}]},{"@type":"BreadcrumbList","@id":"https:\/\/www.justiceinfo.net\/fr\/32087-un-tenant-de-la-ligne-dure-elu-chef-du-hamas-a-gaza-responsables.html#breadcrumb","itemListElement":[{"@type":"ListItem","position":1,"name":"Home","item":"https:\/\/www.justiceinfo.net\/fr"},{"@type":"ListItem","position":2,"name":"Un tenant de la ligne dure \u00e9lu chef du Hamas \u00e0 Gaza (responsables)"}]},{"@type":"WebSite","@id":"https:\/\/www.justiceinfo.net\/fr#website","url":"https:\/\/www.justiceinfo.net\/fr","name":"JusticeInfo.net","description":"La justice doit \u00eatre vue pour \u00eatre rendue","publisher":{"@id":"https:\/\/www.justiceinfo.net\/fr#organization"},"potentialAction":[{"@type":"SearchAction","target":{"@type":"EntryPoint","urlTemplate":"https:\/\/www.justiceinfo.net\/fr?s={search_term_string}"},"query-input":{"@type":"PropertyValueSpecification","valueRequired":true,"valueName":"search_term_string"}}],"inLanguage":"fr-FR"},{"@type":"Organization","@id":"https:\/\/www.justiceinfo.net\/fr#organization","name":"Justice Info","url":"https:\/\/www.justiceinfo.net\/fr","logo":{"@type":"ImageObject","inLanguage":"fr-FR","@id":"https:\/\/www.justiceinfo.net\/fr#\/schema\/logo\/image\/","url":"https:\/\/www.justiceinfo.net\/wp-content\/uploads\/justiceinfo_logo-trans_1200x1200px.png","contentUrl":"https:\/\/www.justiceinfo.net\/wp-content\/uploads\/justiceinfo_logo-trans_1200x1200px.png","width":1199,"height":1200,"caption":"Justice Info"},"image":{"@id":"https:\/\/www.justiceinfo.net\/fr#\/schema\/logo\/image\/"},"sameAs":["https:\/\/www.facebook.com\/JusticeInfo\/","https:\/\/x.com\/justiceinfonet","https:\/\/www.linkedin.com\/company\/justice-info","https:\/\/www.youtube.com\/channel\/UCyCEsARodyuWtkWyhn-e7pA"]},{"@type":"Person","name":"AFP","url":"\/fr\/?s=AFP"}]}},"_links":{"self":[{"href":"https:\/\/www.justiceinfo.net\/fr\/wp-json\/wp\/v2\/posts\/32087","targetHints":{"allow":["GET"]}}],"collection":[{"href":"https:\/\/www.justiceinfo.net\/fr\/wp-json\/wp\/v2\/posts"}],"about":[{"href":"https:\/\/www.justiceinfo.net\/fr\/wp-json\/wp\/v2\/types\/post"}],"author":[{"embeddable":true,"href":"https:\/\/www.justiceinfo.net\/fr\/wp-json\/wp\/v2\/users\/60"}],"replies":[{"embeddable":true,"href":"https:\/\/www.justiceinfo.net\/fr\/wp-json\/wp\/v2\/comments?post=32087"}],"version-history":[{"count":0,"href":"https:\/\/www.justiceinfo.net\/fr\/wp-json\/wp\/v2\/posts\/32087\/revisions"}],"wp:attachment":[{"href":"https:\/\/www.justiceinfo.net\/fr\/wp-json\/wp\/v2\/media?parent=32087"}],"wp:term":[{"taxonomy":"category","embeddable":true,"href":"https:\/\/www.justiceinfo.net\/fr\/wp-json\/wp\/v2\/categories?post=32087"},{"taxonomy":"post_tag","embeddable":true,"href":"https:\/\/www.justiceinfo.net\/fr\/wp-json\/wp\/v2\/tags?post=32087"},{"taxonomy":"ji_location","embeddable":true,"href":"https:\/\/www.justiceinfo.net\/fr\/wp-json\/wp\/v2\/ji_location?post=32087"}],"curies":[{"name":"wp","href":"https:\/\/api.w.org\/{rel}","templated":true}]}}