{"id":3214,"date":"2007-12-13T05:50:27","date_gmt":"2007-12-13T04:50:27","guid":{"rendered":"https:\/\/www.justiceinfo.net\/3214-121207-belgiumrwanda-a-belgian-political-leader-compares-his-national-radio-to-radio-mille-c4.html"},"modified":"2007-12-13T05:50:27","modified_gmt":"2007-12-13T04:50:27","slug":"121207-belgiumrwanda-a-belgian-political-leader-compares-his-national-radio-to-radio-mille-c4","status":"publish","type":"post","link":"https:\/\/www.justiceinfo.net\/fr\/3214-121207-belgiumrwanda-a-belgian-political-leader-compares-his-national-radio-to-radio-mille-c4.html","title":{"rendered":"12.12.07 - BELGIUM\/RWANDA  - A BELGIAN POLITICAL LEADER COMPARES HIS NATIONAL RADIO TO RADIO MILLE C"},"content":{"rendered":"<p  >\nBrussels, 12 December 2007 (FH) - Belgian Yves Leterme (CD&V, Flemish Christian Democrats), candidate for Prime Minister, created a scandal last weekend by comparing, in an interview given to two Flemish newspapers, the RTBF, the francophone public broadcaster, to the Rwandan broadcaster Radio-t\u00e9l\u00e9vision libre Mille Collines (RTLM), which called for violence during the 1994 genocide.  <\/p>\n<p>\"Do you know how the RTBF is also called? Radio Mille Collines\", declared Mr.\n<\/p>\n<p><!--more--><\/p>\n<p  >\nLeterme in this interview with the newspapers \"Het Belang van Limburg\" and \"Gazet van Antwerpen\". The RTLM was created a year before the genocide that resulted in more than 800 000 dead; it alternated musical programming and calls to massacre Tutsis. <\/p>\n<p>This new \"blunder\" from Mr. Leterme - it is indeed usual - comes in a tension filled context, as Belgium, for more than six months after the legislative elections of June, is still without a government following important political disagreements between Dutch-speaking Flemings and francophone Walloons. <\/p>\n<p>Mr. Leterme, after a program last Wednesday on the behind the scenes of governmental negotiations, estimated that the RTBF, which he describes as a \"propaganda channel\" for certain francophones, gives a partial presentation of Flemish positions and, in particular, of his party, the CD&V. <\/p>\n<p>He specified his declarations thereafter, ensuring to have only made remarks that he has heard. \"Somebody [among \"certain political colleagues\"] compared what the RTBF does, a certain tendentious approach, to Radio Mille Collines: of course, the gravity of the facts in Rwanda is without any comparison\", he said in Monday\u2019s \"La Libre Belgique\". <\/p>\n<p>The reactions were however very sharp. The foreign minister of the current government, Karel de Gucht (Open-Vld, Flemish liberal party), estimated that Mr. Leterme \"derailed\", even if he does not think that he \"intended to trivialize the Rwandan genocide\". <\/p>\n<p>The majority of the Flemish political parties, like wise for francophone parties, condemned these remarks. \"It is very serious. We request that Mr. Leterme present his excuses, not only to the RTBF but also to the families of the victims of the genocide \", for example asked the Groen Party (Flemish ecologists).\n<\/p>\n<p  >\nOn the RTL-Tvi channel, Senator Francis Desp\u00e9r\u00e9e (CDH, francophone Christian Democrats), also asked for a \"message\" for the Rwandan community: \"the victims and the survivors of the genocide must feel dirtied to be implicated in a sad Belgian-Belgian quarrel\". <\/p>\n<p>On the other hand, the party of Yves Leterme, the CD&V, spoke about a campaign of \"diabolization\", by francophones, of \"800 000 votes\" (the number of votes which it obtained during the last election), associated in an alliance with the Flemish separatists of the N-VA. <\/p>\n<p>The journalists of the RTBF also denounced \"with the greatest firmness\", in an official statement, this analogy with a radio famous for its calls for hatred. Denunciation to which private channels and the Association of Professional Belgian Journalists have joined (AJP). <\/p>\n<p>Lastly, the European Belgian Commissioner Louis Michel, returning from an EU-Africa summit in Lisbon, reported that African Heads of State had been shocked by the statements of Yves Leterme, according to the Belga agency. \"Either he does not know history or, if he knows it, it is serious and unacceptable\", he judged. <\/p>\n<p>BF\/PB\/MM<\/p>\n","protected":false},"excerpt":{"rendered":"<p>Brussels, 12 December 2007 (FH) - Belgian Yves Leterme (CD&#038;V, Flemish Christian Democrats), candidate for Prime Minister, created a scandal last weekend by comparing, in an interview given to two Flemish newspapers, the RTBF, the francophone public broadcaster, to the Rwandan broadcaster Radio-t\u00e9l\u00e9vision libre Mille Collines (RTLM), which called for violence during the 1994 genocide. [&hellip;]<\/p>\n","protected":false},"author":64,"featured_media":0,"comment_status":"open","ping_status":"closed","sticky":false,"template":"","format":"standard","meta":{"_acf_changed":false,"footnotes":""},"categories":[554],"tags":[],"ji_location":[],"class_list":["post-3214","post","type-post","status-publish","format-standard","hentry","category-hirondellenews"],"acf":[],"yoast_head":"<!-- This site is optimized with the Yoast SEO Premium plugin v25.3.1 (Yoast SEO v25.3.1) - https:\/\/yoast.com\/wordpress\/plugins\/seo\/ -->\n<title>12.12.07 - BELGIUM\/RWANDA - A BELGIAN POLITICAL LEADER COMPARES HIS NATIONAL RADIO TO RADIO MILLE C - JusticeInfo.net<\/title>\n<meta name=\"robots\" content=\"index, follow, max-snippet:-1, max-image-preview:large, max-video-preview:-1\" \/>\n<link rel=\"canonical\" href=\"https:\/\/www.justiceinfo.net\/fr\/3214-121207-belgiumrwanda-a-belgian-political-leader-compares-his-national-radio-to-radio-mille-c4.html\" \/>\n<meta property=\"og:locale\" content=\"fr_FR\" \/>\n<meta property=\"og:type\" content=\"article\" \/>\n<meta property=\"og:title\" content=\"12.12.07 - BELGIUM\/RWANDA - A BELGIAN POLITICAL LEADER COMPARES HIS NATIONAL RADIO TO RADIO MILLE C\" \/>\n<meta property=\"og:description\" content=\"Brussels, 12 December 2007 (FH) - Belgian Yves Leterme (CD&amp;V, Flemish Christian Democrats), candidate for Prime Minister, created a scandal last weekend by comparing, in an interview given to two Flemish newspapers, the RTBF, the francophone public broadcaster, to the Rwandan broadcaster Radio-t\u00e9l\u00e9vision libre Mille Collines (RTLM), which called for violence during the 1994 genocide. [&hellip;]\" \/>\n<meta property=\"og:url\" content=\"https:\/\/www.justiceinfo.net\/fr\/3214-121207-belgiumrwanda-a-belgian-political-leader-compares-his-national-radio-to-radio-mille-c4.html\" \/>\n<meta property=\"og:site_name\" content=\"JusticeInfo.net\" \/>\n<meta property=\"article:publisher\" content=\"https:\/\/www.facebook.com\/JusticeInfo\/\" \/>\n<meta property=\"article:published_time\" content=\"2007-12-13T04:50:27+00:00\" \/>\n<meta property=\"og:image\" content=\"https:\/\/www.justiceinfo.net\/wp-content\/uploads\/JusticeInfoNet_logo_1200x630px.jpg\" \/>\n\t<meta property=\"og:image:width\" content=\"1200\" \/>\n\t<meta property=\"og:image:height\" content=\"630\" \/>\n\t<meta property=\"og:image:type\" content=\"image\/jpeg\" \/>\n<meta name=\"author\" content=\"solivri\" \/>\n<meta name=\"twitter:card\" content=\"summary_large_image\" \/>\n<meta name=\"twitter:creator\" content=\"@justiceinfonet\" \/>\n<meta name=\"twitter:site\" content=\"@justiceinfonet\" \/>\n<meta name=\"twitter:label1\" content=\"\u00c9crit par\" \/>\n\t<meta name=\"twitter:data1\" content=\"solivri\" \/>\n\t<meta name=\"twitter:label2\" content=\"Dur\u00e9e de lecture estim\u00e9e\" \/>\n\t<meta name=\"twitter:data2\" content=\"3 minutes\" \/>\n<script type=\"application\/ld+json\" class=\"yoast-schema-graph\">{\"@context\":\"https:\/\/schema.org\",\"@graph\":[{\"@type\":\"NewsArticle\",\"@id\":\"https:\/\/www.justiceinfo.net\/fr\/3214-121207-belgiumrwanda-a-belgian-political-leader-compares-his-national-radio-to-radio-mille-c4.html#article\",\"isPartOf\":{\"@id\":\"https:\/\/www.justiceinfo.net\/fr\/3214-121207-belgiumrwanda-a-belgian-political-leader-compares-his-national-radio-to-radio-mille-c4.html\"},\"author\":{\"name\":\"solivri\",\"@id\":\"https:\/\/www.justiceinfo.net\/fr#\/schema\/person\/6e53cba1629e2e66f3fc1821d3091865\"},\"headline\":\"12.12.07 - BELGIUM\/RWANDA - A BELGIAN POLITICAL LEADER COMPARES HIS NATIONAL RADIO TO RADIO MILLE C\",\"datePublished\":\"2007-12-13T04:50:27+00:00\",\"mainEntityOfPage\":{\"@id\":\"https:\/\/www.justiceinfo.net\/fr\/3214-121207-belgiumrwanda-a-belgian-political-leader-compares-his-national-radio-to-radio-mille-c4.html\"},\"wordCount\":540,\"commentCount\":0,\"publisher\":{\"@id\":\"https:\/\/www.justiceinfo.net\/fr#organization\"},\"articleSection\":[\"Hirondelle News\"],\"inLanguage\":\"fr-FR\",\"potentialAction\":[{\"@type\":\"CommentAction\",\"name\":\"Comment\",\"target\":[\"https:\/\/www.justiceinfo.net\/fr\/3214-121207-belgiumrwanda-a-belgian-political-leader-compares-his-national-radio-to-radio-mille-c4.html#respond\"]}]},{\"@type\":\"WebPage\",\"@id\":\"https:\/\/www.justiceinfo.net\/fr\/3214-121207-belgiumrwanda-a-belgian-political-leader-compares-his-national-radio-to-radio-mille-c4.html\",\"url\":\"https:\/\/www.justiceinfo.net\/fr\/3214-121207-belgiumrwanda-a-belgian-political-leader-compares-his-national-radio-to-radio-mille-c4.html\",\"name\":\"12.12.07 - BELGIUM\/RWANDA - A BELGIAN POLITICAL LEADER COMPARES HIS NATIONAL RADIO TO RADIO MILLE C - JusticeInfo.net\",\"isPartOf\":{\"@id\":\"https:\/\/www.justiceinfo.net\/fr#website\"},\"datePublished\":\"2007-12-13T04:50:27+00:00\",\"breadcrumb\":{\"@id\":\"https:\/\/www.justiceinfo.net\/fr\/3214-121207-belgiumrwanda-a-belgian-political-leader-compares-his-national-radio-to-radio-mille-c4.html#breadcrumb\"},\"inLanguage\":\"fr-FR\",\"potentialAction\":[{\"@type\":\"ReadAction\",\"target\":[\"https:\/\/www.justiceinfo.net\/fr\/3214-121207-belgiumrwanda-a-belgian-political-leader-compares-his-national-radio-to-radio-mille-c4.html\"]}]},{\"@type\":\"BreadcrumbList\",\"@id\":\"https:\/\/www.justiceinfo.net\/fr\/3214-121207-belgiumrwanda-a-belgian-political-leader-compares-his-national-radio-to-radio-mille-c4.html#breadcrumb\",\"itemListElement\":[{\"@type\":\"ListItem\",\"position\":1,\"name\":\"Home\",\"item\":\"https:\/\/www.justiceinfo.net\/fr\"},{\"@type\":\"ListItem\",\"position\":2,\"name\":\"12.12.07 - BELGIUM\/RWANDA - A BELGIAN POLITICAL LEADER COMPARES HIS NATIONAL RADIO TO RADIO MILLE C\"}]},{\"@type\":\"WebSite\",\"@id\":\"https:\/\/www.justiceinfo.net\/fr#website\",\"url\":\"https:\/\/www.justiceinfo.net\/fr\",\"name\":\"JusticeInfo.net\",\"description\":\"La justice doit \u00eatre vue pour \u00eatre rendue\",\"publisher\":{\"@id\":\"https:\/\/www.justiceinfo.net\/fr#organization\"},\"potentialAction\":[{\"@type\":\"SearchAction\",\"target\":{\"@type\":\"EntryPoint\",\"urlTemplate\":\"https:\/\/www.justiceinfo.net\/fr?s={search_term_string}\"},\"query-input\":{\"@type\":\"PropertyValueSpecification\",\"valueRequired\":true,\"valueName\":\"search_term_string\"}}],\"inLanguage\":\"fr-FR\"},{\"@type\":\"Organization\",\"@id\":\"https:\/\/www.justiceinfo.net\/fr#organization\",\"name\":\"Justice Info\",\"url\":\"https:\/\/www.justiceinfo.net\/fr\",\"logo\":{\"@type\":\"ImageObject\",\"inLanguage\":\"fr-FR\",\"@id\":\"https:\/\/www.justiceinfo.net\/fr#\/schema\/logo\/image\/\",\"url\":\"https:\/\/www.justiceinfo.net\/wp-content\/uploads\/justiceinfo_logo-trans_1200x1200px.png\",\"contentUrl\":\"https:\/\/www.justiceinfo.net\/wp-content\/uploads\/justiceinfo_logo-trans_1200x1200px.png\",\"width\":1199,\"height\":1200,\"caption\":\"Justice Info\"},\"image\":{\"@id\":\"https:\/\/www.justiceinfo.net\/fr#\/schema\/logo\/image\/\"},\"sameAs\":[\"https:\/\/www.facebook.com\/JusticeInfo\/\",\"https:\/\/x.com\/justiceinfonet\",\"https:\/\/www.linkedin.com\/company\/justice-info\",\"https:\/\/www.youtube.com\/channel\/UCyCEsARodyuWtkWyhn-e7pA\"]},{\"@type\":\"Person\",\"name\":\"solivri\",\"url\":\"\/fr\/?s=solivri\"}]}<\/script>\n<!-- \/ Yoast SEO Premium plugin. -->","yoast_head_json":{"title":"12.12.07 - BELGIUM\/RWANDA - A BELGIAN POLITICAL LEADER COMPARES HIS NATIONAL RADIO TO RADIO MILLE C - JusticeInfo.net","robots":{"index":"index","follow":"follow","max-snippet":"max-snippet:-1","max-image-preview":"max-image-preview:large","max-video-preview":"max-video-preview:-1"},"canonical":"https:\/\/www.justiceinfo.net\/fr\/3214-121207-belgiumrwanda-a-belgian-political-leader-compares-his-national-radio-to-radio-mille-c4.html","og_locale":"fr_FR","og_type":"article","og_title":"12.12.07 - BELGIUM\/RWANDA - A BELGIAN POLITICAL LEADER COMPARES HIS NATIONAL RADIO TO RADIO MILLE C","og_description":"Brussels, 12 December 2007 (FH) - Belgian Yves Leterme (CD&V, Flemish Christian Democrats), candidate for Prime Minister, created a scandal last weekend by comparing, in an interview given to two Flemish newspapers, the RTBF, the francophone public broadcaster, to the Rwandan broadcaster Radio-t\u00e9l\u00e9vision libre Mille Collines (RTLM), which called for violence during the 1994 genocide. [&hellip;]","og_url":"https:\/\/www.justiceinfo.net\/fr\/3214-121207-belgiumrwanda-a-belgian-political-leader-compares-his-national-radio-to-radio-mille-c4.html","og_site_name":"JusticeInfo.net","article_publisher":"https:\/\/www.facebook.com\/JusticeInfo\/","article_published_time":"2007-12-13T04:50:27+00:00","og_image":[{"width":1200,"height":630,"url":"https:\/\/www.justiceinfo.net\/wp-content\/uploads\/JusticeInfoNet_logo_1200x630px.jpg","type":"image\/jpeg"}],"author":"solivri","twitter_card":"summary_large_image","twitter_creator":"@justiceinfonet","twitter_site":"@justiceinfonet","twitter_misc":{"\u00c9crit par":"solivri","Dur\u00e9e de lecture estim\u00e9e":"3 minutes"},"schema":{"@context":"https:\/\/schema.org","@graph":[{"@type":"NewsArticle","@id":"https:\/\/www.justiceinfo.net\/fr\/3214-121207-belgiumrwanda-a-belgian-political-leader-compares-his-national-radio-to-radio-mille-c4.html#article","isPartOf":{"@id":"https:\/\/www.justiceinfo.net\/fr\/3214-121207-belgiumrwanda-a-belgian-political-leader-compares-his-national-radio-to-radio-mille-c4.html"},"author":{"name":"solivri","@id":"https:\/\/www.justiceinfo.net\/fr#\/schema\/person\/6e53cba1629e2e66f3fc1821d3091865"},"headline":"12.12.07 - BELGIUM\/RWANDA - A BELGIAN POLITICAL LEADER COMPARES HIS NATIONAL RADIO TO RADIO MILLE C","datePublished":"2007-12-13T04:50:27+00:00","mainEntityOfPage":{"@id":"https:\/\/www.justiceinfo.net\/fr\/3214-121207-belgiumrwanda-a-belgian-political-leader-compares-his-national-radio-to-radio-mille-c4.html"},"wordCount":540,"commentCount":0,"publisher":{"@id":"https:\/\/www.justiceinfo.net\/fr#organization"},"articleSection":["Hirondelle News"],"inLanguage":"fr-FR","potentialAction":[{"@type":"CommentAction","name":"Comment","target":["https:\/\/www.justiceinfo.net\/fr\/3214-121207-belgiumrwanda-a-belgian-political-leader-compares-his-national-radio-to-radio-mille-c4.html#respond"]}]},{"@type":"WebPage","@id":"https:\/\/www.justiceinfo.net\/fr\/3214-121207-belgiumrwanda-a-belgian-political-leader-compares-his-national-radio-to-radio-mille-c4.html","url":"https:\/\/www.justiceinfo.net\/fr\/3214-121207-belgiumrwanda-a-belgian-political-leader-compares-his-national-radio-to-radio-mille-c4.html","name":"12.12.07 - BELGIUM\/RWANDA - A BELGIAN POLITICAL LEADER COMPARES HIS NATIONAL RADIO TO RADIO MILLE C - JusticeInfo.net","isPartOf":{"@id":"https:\/\/www.justiceinfo.net\/fr#website"},"datePublished":"2007-12-13T04:50:27+00:00","breadcrumb":{"@id":"https:\/\/www.justiceinfo.net\/fr\/3214-121207-belgiumrwanda-a-belgian-political-leader-compares-his-national-radio-to-radio-mille-c4.html#breadcrumb"},"inLanguage":"fr-FR","potentialAction":[{"@type":"ReadAction","target":["https:\/\/www.justiceinfo.net\/fr\/3214-121207-belgiumrwanda-a-belgian-political-leader-compares-his-national-radio-to-radio-mille-c4.html"]}]},{"@type":"BreadcrumbList","@id":"https:\/\/www.justiceinfo.net\/fr\/3214-121207-belgiumrwanda-a-belgian-political-leader-compares-his-national-radio-to-radio-mille-c4.html#breadcrumb","itemListElement":[{"@type":"ListItem","position":1,"name":"Home","item":"https:\/\/www.justiceinfo.net\/fr"},{"@type":"ListItem","position":2,"name":"12.12.07 - BELGIUM\/RWANDA - A BELGIAN POLITICAL LEADER COMPARES HIS NATIONAL RADIO TO RADIO MILLE C"}]},{"@type":"WebSite","@id":"https:\/\/www.justiceinfo.net\/fr#website","url":"https:\/\/www.justiceinfo.net\/fr","name":"JusticeInfo.net","description":"La justice doit \u00eatre vue pour \u00eatre rendue","publisher":{"@id":"https:\/\/www.justiceinfo.net\/fr#organization"},"potentialAction":[{"@type":"SearchAction","target":{"@type":"EntryPoint","urlTemplate":"https:\/\/www.justiceinfo.net\/fr?s={search_term_string}"},"query-input":{"@type":"PropertyValueSpecification","valueRequired":true,"valueName":"search_term_string"}}],"inLanguage":"fr-FR"},{"@type":"Organization","@id":"https:\/\/www.justiceinfo.net\/fr#organization","name":"Justice Info","url":"https:\/\/www.justiceinfo.net\/fr","logo":{"@type":"ImageObject","inLanguage":"fr-FR","@id":"https:\/\/www.justiceinfo.net\/fr#\/schema\/logo\/image\/","url":"https:\/\/www.justiceinfo.net\/wp-content\/uploads\/justiceinfo_logo-trans_1200x1200px.png","contentUrl":"https:\/\/www.justiceinfo.net\/wp-content\/uploads\/justiceinfo_logo-trans_1200x1200px.png","width":1199,"height":1200,"caption":"Justice Info"},"image":{"@id":"https:\/\/www.justiceinfo.net\/fr#\/schema\/logo\/image\/"},"sameAs":["https:\/\/www.facebook.com\/JusticeInfo\/","https:\/\/x.com\/justiceinfonet","https:\/\/www.linkedin.com\/company\/justice-info","https:\/\/www.youtube.com\/channel\/UCyCEsARodyuWtkWyhn-e7pA"]},{"@type":"Person","name":"solivri","url":"\/fr\/?s=solivri"}]}},"_links":{"self":[{"href":"https:\/\/www.justiceinfo.net\/fr\/wp-json\/wp\/v2\/posts\/3214","targetHints":{"allow":["GET"]}}],"collection":[{"href":"https:\/\/www.justiceinfo.net\/fr\/wp-json\/wp\/v2\/posts"}],"about":[{"href":"https:\/\/www.justiceinfo.net\/fr\/wp-json\/wp\/v2\/types\/post"}],"author":[{"embeddable":true,"href":"https:\/\/www.justiceinfo.net\/fr\/wp-json\/wp\/v2\/users\/64"}],"replies":[{"embeddable":true,"href":"https:\/\/www.justiceinfo.net\/fr\/wp-json\/wp\/v2\/comments?post=3214"}],"version-history":[{"count":0,"href":"https:\/\/www.justiceinfo.net\/fr\/wp-json\/wp\/v2\/posts\/3214\/revisions"}],"wp:attachment":[{"href":"https:\/\/www.justiceinfo.net\/fr\/wp-json\/wp\/v2\/media?parent=3214"}],"wp:term":[{"taxonomy":"category","embeddable":true,"href":"https:\/\/www.justiceinfo.net\/fr\/wp-json\/wp\/v2\/categories?post=3214"},{"taxonomy":"post_tag","embeddable":true,"href":"https:\/\/www.justiceinfo.net\/fr\/wp-json\/wp\/v2\/tags?post=3214"},{"taxonomy":"ji_location","embeddable":true,"href":"https:\/\/www.justiceinfo.net\/fr\/wp-json\/wp\/v2\/ji_location?post=3214"}],"curies":[{"name":"wp","href":"https:\/\/api.w.org\/{rel}","templated":true}]}}