{"id":32213,"date":"2017-02-21T08:12:43","date_gmt":"2017-02-21T07:12:43","guid":{"rendered":"https:\/\/www.justiceinfo.net\/32213-la-colonisation-est-elle-un-crime-contre-lhumanite.html"},"modified":"2017-02-21T08:12:43","modified_gmt":"2017-02-21T07:12:43","slug":"la-colonisation-est-elle-un-crime-contre-lhumanite","status":"publish","type":"post","link":"https:\/\/www.justiceinfo.net\/fr\/32213-la-colonisation-est-elle-un-crime-contre-lhumanite.html","title":{"rendered":"La colonisation est-elle un crime contre l\u2019humanit\u00e9 ?"},"content":{"rendered":"<p>En qualifiant de \u00ab\u00a0crime contre l\u2019humanit\u00e9\u00a0\u00bb la colonisation fran\u00e7aise en Alg\u00e9rie, le candidat \u00e0 l\u2019\u00e9lection pr\u00e9sidentielle Emmanuel Macron a suscit\u00e9 la <a href=\"https:\/\/theconversation.com\/emmanuel-macron-et-lalgerie-linsoutenable-legerete-de-la-com-73230\">pol\u00e9mique<\/a> ces derniers jours. Samedi, \u00e0 Toulon, le leader du mouvement \u00ab\u00a0En Marche\u00a0!\u00a0\u00bb demandait \u00ab\u00a0pardon\u00a0\u00bb pour ses propos, tout en refusant de pr\u00e9senter des \u00ab\u00a0excuses\u00a0\u00bb. Mais qu\u2019en est-il de cette affirmation sur un plan juridique\u00a0? Le droit international appr\u00e9hende-t-il la colonisation comme un crime contre l\u2019humanit\u00e9\u00a0?<\/p>\n<p>La question est au c\u0153ur de l\u2019actualit\u00e9 fran\u00e7aise\u00a0; elle est aussi au c\u0153ur de l\u2019actualit\u00e9 internationale compte tenu de la colonisation d\u2019Isra\u00ebl en territoires palestiniens. La Palestine \u00e9tant d\u00e9sormais membre de la Cour p\u00e9nale internationale (CPI), la question est actuellement sous examen pr\u00e9liminaire au sein de cette juridiction.<\/p>\n<h3>Du \u00ab\u00a0patrimoine commun de l\u2019humanit\u00e9\u00a0\u00bb au \u00ab\u00a0crime contre l\u2019humanit\u00e9\u00a0\u00bb<\/h3>\n<p>En 1880, le juriste Carlos Calvo consid\u00e9rait qu\u2019il existait un \u00ab\u00a0droit \u00e0 la colonisation\u00a0\u00bb, droit qu\u2019il qualifiait de <a href=\"https:\/\/books.google.fr\/books\/about\/Espaces_nouveaux_et_droit_international.html?id=JPgiPAAACAAJ&amp;redir_esc=y\">\u00ab\u00a0patrimoine commun de l\u2019humanit\u00e9\u00a0\u00bb<\/a>. Le processus colonisateur \u00e9tait pr\u00e9sent\u00e9 comme une \u00ab\u00a0\u0153uvre de civilisation pacifique <a href=\"http:\/\/rbdi.bruylant.be\/public\/modele\/rbdi\/content\/files\/RBDI%201974\/RBDI%201974-1\/Etudes\/RBDI%201974.1%20-%20pp.%2011%20%C3%A0%2035%20-%20Jean%20Salmon.pdf\">dans l\u2019int\u00e9r\u00eat g\u00e9n\u00e9ral de l\u2019humanit\u00e9 et du commerce international\u00a0\u00bb<\/a>. La France, disait alors le sociologue Albert Bayet, est investie de \u00ab\u00a0la mission de r\u00e9pandre partout o\u00f9 elle peut les id\u00e9es qui ont fait <a href=\"https:\/\/www.monde-diplomatique.fr\/2005\/09\/BRAUMAN\/12578\">sa grandeur<\/a>\u00a0\u00bb\u00a0; elle a \u00ab\u00a0le mandat d\u2019instruire, d\u2019\u00e9lever, d\u2019\u00e9manciper, d\u2019enrichir et de secourir les peuples qui ont besoin de (sa) collaboration\u00a0\u00bb.<\/p>\n<p>Le droit, cependant, se nourrit tant de la grandeur que des turpitudes du genre humain. Les valeurs juridiques \u00e9voluent au gr\u00e9 des soci\u00e9t\u00e9s elles-m\u00eames et ce qui \u00e9tait jadis appr\u00e9hend\u00e9 comme un \u00ab\u00a0tr\u00e9sor commun de l\u2019humanit\u00e9\u00a0\u00bb est aujourd\u2019hui qualifi\u00e9 de \u00ab\u00a0crime\u00a0\u00bb. La colonisation, en effet, rejoint d\u2019autres comportements <a href=\"http:\/\/www.editionsladecouverte.fr\/catalogue\/index-Humanit___et_souverainet__s-9782707124449.html\">\u00ab\u00a0avec lesquels il a eu \u00e9troitement \u00e0 voir\u00a0\u00bb<\/a>\u00a0: l\u2019esclavage et la traite des Noirs, qui violent des droits de l\u2019Homme, mais \u00e9galement l\u2019apartheid, forme de crime contre l\u2019humanit\u00e9 n\u00e9 d\u2019un r\u00e9gime de s\u00e9gr\u00e9gation raciale constitu\u00e9 par les anciens colons europ\u00e9ens.<\/p>\n<h3>Au sein de l\u2019ONU\u00a0: la domination coloniale comme crimes contre\u00a0l\u2019humanit\u00e9<\/h3>\n<p>\u00c0 plusieurs reprises, l\u2019Assembl\u00e9e g\u00e9n\u00e9rale de l\u2019ONU a condamn\u00e9 la domination coloniale\u00a0: dans sa <a href=\"http:\/\/www.un.org\/french\/documents\/ga\/res\/22\/fres22.shtml\">r\u00e9solution 2270 (XXII)<\/a>, en 1967, par exemple, elle d\u00e9nonce la \u00ab\u00a0guerre coloniale\u00a0\u00bb men\u00e9e par le Portugal sur les territoires africains administr\u00e9s par cet \u00c9tat et qualifie de crime contre l\u2019humanit\u00e9 la politique de ce gouvernement qui, en proc\u00e9dant \u00e0 l\u2019installation d\u2019immigrants \u00e9trangers, viole les droits \u00e9conomiques et politiques de la population autochtone.<\/p>\n<p>Le Conseil de s\u00e9curit\u00e9, \u00e9galement, n\u2019a pas h\u00e9sit\u00e9 \u00e0 consid\u00e9rer comme des \u00ab\u00a0menaces contre la paix et la s\u00e9curit\u00e9 internationales\u00a0\u00bb certaines hypoth\u00e8ses de domination coloniale (ce fut le cas notamment \u00e0 propos de la Rhod\u00e9sie du Sud, aujourd\u2019hui le Zimbabwe). Plus r\u00e9cemment, dans sa <a href=\"http:\/\/www.un.org\/fr\/sc\/documents\/resolutions\/2016.shtml\">r\u00e9solution 2334 (2016)<\/a>, il a condamn\u00e9 \u00ab\u00a0toutes les mesures visant \u00e0 modifier la composition d\u00e9mographique, le caract\u00e8re et le statut du Territoire palestinien occup\u00e9 depuis 1967, y compris J\u00e9rusalem-Est, notamment la construction et l\u2019expansion de colonies de peuplement, le transfert de colons isra\u00e9liens, la confiscation de terres, la destruction de maisons et le d\u00e9placement de civils palestiniens\u00a0\u00bb.<\/p>\n<p><iframe loading=\"lazy\" id=\"fitvid874368\" src=\"https:\/\/www.youtube.com\/embed\/YRnbFYj6wRg?wmode=transparent&amp;start=0\" width=\"300\" height=\"150\" frameborder=\"0\" allowfullscreen=\"allowfullscreen\" data-mce-fragment=\"1\"><\/iframe><\/p>\n<p>Dans le m\u00eame sens, en 2001, une sous-commission onusienne (la Sous-commission de la promotion et de la protection des droits de l\u2019homme) encourageait \u00ab\u00a0la reconnaissance de la responsabilit\u00e9 et les r\u00e9parations pour les violations flagrantes et massives des droits de l\u2019homme en tant que crime contre l\u2019humanit\u00e9 qui se sont produites durant la p\u00e9riode de l\u2019esclavage, du colon et des guerres de conqu\u00eates.\u00a0\u00bb<\/p>\n<p>La Commission du droit international \u2013 organe des Nations unies charg\u00e9 de codifier et de d\u00e9velopper le droit international \u2013 s\u2019est, elle aussi, int\u00e9ress\u00e9e \u00e0 la question du colonialisme \u00e0 l\u2019occasion de ses travaux relatifs au Code des crimes contre la paix et la s\u00e9curit\u00e9 de l\u2019humanit\u00e9. <a href=\"http:\/\/legal.un.org\/ilc\/publications\/yearbooks\/french\/ilc_1989_v2_p2.pdf\">En 1989<\/a>, elle qualifiait ainsi de crime contre l\u2019humanit\u00e9 \u00ab\u00a0l\u2019implantation de colons sur un territoire occup\u00e9\u00a0\u00bb. En outre, elle incriminait au titre de \u00ab\u00a0crime contre la paix et la s\u00e9curit\u00e9 de l\u2019humanit\u00e9\u00a0\u00bb l\u2019\u00e9tablissement ou le maintien par la force d\u2019une domination coloniale ou de toute autre forme de domination \u00e9trang\u00e8re en violation du droit des peuples \u00e0 disposer d\u2019eux-m\u00eames.<\/p>\n<p>Dans un premier temps, ces propositions ont \u00e9t\u00e9 accueillies favorablement par les membres de la Commission qui se sont dits sensibles aux cons\u00e9quences et aux souffrances qu\u2019entra\u00eene le colonialisme. Toutefois, ces dispositions ont finalement \u00e9t\u00e9 abandonn\u00e9es. La Commission, en effet, n\u2019est pas parvenue \u00e0 d\u00e9finir avec suffisamment de pr\u00e9cisions cette notion de \u00ab\u00a0domination coloniale\u00a0\u00bb. En outre, d\u2019un point de vue juridique, il est difficile d\u2019aborder l\u2019implantation de colons en tant que telle comme un crime contre l\u2019humanit\u00e9.<\/p>\n<h3>De la nuance juridique\u00a0: colonisation ou cons\u00e9quences de\u00a0la\u00a0colonisation<\/h3>\n<p>S\u2019il est difficile juridiquement d\u2019appr\u00e9hender le colonialisme, voire la colonisation \u2013 en soi \u2013 comme des crimes contre l\u2019humanit\u00e9, les cons\u00e9quences inhumaines qui en d\u00e9coulent peuvent, en revanche, \u00eatre ainsi qualifi\u00e9es.<\/p>\n<p>La d\u00e9finition du crime contre l\u2019humanit\u00e9 retenue aujourd\u2019hui dans le Statut de la CPI est large\u00a0: conform\u00e9ment \u00e0 <a href=\"https:\/\/www.icc-cpi.int\/NR\/rdonlyres\/6A7E88C1-8A44-42F2-896F-D68BB3B2D54F\/0\/Rome_Statute_French.pdf\">ce Statut<\/a>, des actes tels que des d\u00e9portations ou transferts forc\u00e9s de population, des pers\u00e9cutions, des emprisonnements, voire des meurtres ou r\u00e9ductions en esclavages, sont constitutifs de crimes contre l\u2019humanit\u00e9.<\/p>\n<p>Pour que cette qualification puisse \u00eatre retenue, ces actes doivent s\u2019inscrire dans un contexte sp\u00e9cifique, \u00e0 savoir une attaque lanc\u00e9e contre une population civile, attaque qui consiste \u00e0 multiplier les actes inhumains en application de la politique d\u2019un \u00c9tat. Par ailleurs, il convient de rappeler qu\u2019en p\u00e9riode de conflit arm\u00e9, lorsqu\u2019un \u00c9tat occupe un territoire, un certain nombre d\u2019obligations s\u2019imposent \u00e0 lui. Or, \u00ab\u00a0le transfert, direct ou indirect, par une puissance occupante d\u2019une partie de sa population civile, dans le territoire qu\u2019elle occupe, ou la d\u00e9portation ou le transfert \u00e0 l\u2019int\u00e9rieur ou hors du territoire occup\u00e9 de la totalit\u00e9 ou d\u2019une partie de la population de ce territoire\u00a0\u00bb constitue, conform\u00e9ment au statut de la CPI, un crime de guerre.<\/p>\n<p>En somme, c\u2019est probablement \u00e0 une analyse plus subtile et nuanc\u00e9e qu\u2019Emmanuel Macron aurait d\u00fb se livrer. En distinguant, l\u2019id\u00e9ologie et le processus qui sous-tendent la colonisation, d\u2019une part, et leurs cons\u00e9quences pratiques, d\u2019autre part, il aurait pu voir juste sur un plan juridique. Pour autant, n\u2019en aurait-il pas moins \u00e9vit\u00e9 la pol\u00e9mique\u00a0?<\/p>\n<p>Cet article a \u00e9t\u00e9 pr\u00e9c\u00e9demment publi\u00e9 par the <a href=\"https:\/\/theconversation.com\/uk\" target=\"_blank\" rel=\"noopener\">Conversation<\/a>.<\/p>\n","protected":false},"excerpt":{"rendered":"<p>En qualifiant de \u00ab\u00a0crime contre l\u2019humanit\u00e9\u00a0\u00bb la colonisation fran\u00e7aise en Alg\u00e9rie, le candidat \u00e0 l\u2019\u00e9lection pr\u00e9sidentielle Emmanuel Macron a suscit\u00e9 la pol\u00e9mique ces derniers jours. Samedi, \u00e0 Toulon, le leader du mouvement \u00ab\u00a0En Marche\u00a0!\u00a0\u00bb demandait \u00ab\u00a0pardon\u00a0\u00bb pour ses propos, tout en refusant de pr\u00e9senter des \u00ab\u00a0excuses\u00a0\u00bb. Mais qu\u2019en est-il de cette affirmation sur un plan [&hellip;]<\/p>\n","protected":false},"author":64,"featured_media":68298,"comment_status":"open","ping_status":"closed","sticky":false,"template":"","format":"standard","meta":{"_acf_changed":false,"footnotes":""},"categories":[575],"tags":[],"ji_location":[2078],"class_list":["post-32213","post","type-post","status-publish","format-standard","has-post-thumbnail","hentry","category-opinions","ji_location-europe"],"acf":[],"yoast_head":"<!-- This site is optimized with the Yoast SEO Premium plugin v25.3.1 (Yoast SEO v25.3.1) - https:\/\/yoast.com\/wordpress\/plugins\/seo\/ -->\n<title>La colonisation est-elle un crime contre l\u2019humanit\u00e9 ? - JusticeInfo.net<\/title>\n<meta name=\"robots\" content=\"index, follow, max-snippet:-1, max-image-preview:large, max-video-preview:-1\" \/>\n<link rel=\"canonical\" href=\"https:\/\/www.justiceinfo.net\/fr\/32213-la-colonisation-est-elle-un-crime-contre-lhumanite.html\" \/>\n<meta property=\"og:locale\" content=\"fr_FR\" \/>\n<meta property=\"og:type\" content=\"article\" \/>\n<meta property=\"og:title\" content=\"La colonisation est-elle un crime contre l\u2019humanit\u00e9 ?\" \/>\n<meta property=\"og:description\" content=\"En qualifiant de \u00ab\u00a0crime contre l\u2019humanit\u00e9\u00a0\u00bb la colonisation fran\u00e7aise en Alg\u00e9rie, le candidat \u00e0 l\u2019\u00e9lection pr\u00e9sidentielle Emmanuel Macron a suscit\u00e9 la pol\u00e9mique ces derniers jours. Samedi, \u00e0 Toulon, le leader du mouvement \u00ab\u00a0En Marche\u00a0!\u00a0\u00bb demandait \u00ab\u00a0pardon\u00a0\u00bb pour ses propos, tout en refusant de pr\u00e9senter des \u00ab\u00a0excuses\u00a0\u00bb. Mais qu\u2019en est-il de cette affirmation sur un plan [&hellip;]\" \/>\n<meta property=\"og:url\" content=\"https:\/\/www.justiceinfo.net\/fr\/32213-la-colonisation-est-elle-un-crime-contre-lhumanite.html\" \/>\n<meta property=\"og:site_name\" content=\"JusticeInfo.net\" \/>\n<meta property=\"article:publisher\" content=\"https:\/\/www.facebook.com\/JusticeInfo\/\" \/>\n<meta property=\"article:published_time\" content=\"2017-02-21T07:12:43+00:00\" \/>\n<meta property=\"og:image\" content=\"https:\/\/www.justiceinfo.net\/wp-content\/uploads\/fd304fec4c3a75cb4c50c97828fb1911.jpg\" \/>\n\t<meta property=\"og:image:width\" content=\"926\" \/>\n\t<meta property=\"og:image:height\" content=\"599\" \/>\n\t<meta property=\"og:image:type\" content=\"image\/jpeg\" \/>\n<meta name=\"author\" content=\"the Conversation\" \/>\n<meta name=\"twitter:card\" content=\"summary_large_image\" \/>\n<meta name=\"twitter:creator\" content=\"@justiceinfonet\" \/>\n<meta name=\"twitter:site\" content=\"@justiceinfonet\" \/>\n<meta name=\"twitter:label1\" content=\"\u00c9crit par\" \/>\n\t<meta name=\"twitter:data1\" content=\"the Conversation\" \/>\n\t<meta name=\"twitter:label2\" content=\"Dur\u00e9e de lecture estim\u00e9e\" \/>\n\t<meta name=\"twitter:data2\" content=\"6 minutes\" \/>\n<script type=\"application\/ld+json\" class=\"yoast-schema-graph\">{\"@context\":\"https:\/\/schema.org\",\"@graph\":[{\"@type\":\"NewsArticle\",\"@id\":\"https:\/\/www.justiceinfo.net\/fr\/32213-la-colonisation-est-elle-un-crime-contre-lhumanite.html#article\",\"isPartOf\":{\"@id\":\"https:\/\/www.justiceinfo.net\/fr\/32213-la-colonisation-est-elle-un-crime-contre-lhumanite.html\"},\"author\":{\"name\":\"solivri\",\"@id\":\"https:\/\/www.justiceinfo.net\/fr#\/schema\/person\/6e53cba1629e2e66f3fc1821d3091865\"},\"headline\":\"La colonisation est-elle un crime contre l\u2019humanit\u00e9 ?\",\"datePublished\":\"2017-02-21T07:12:43+00:00\",\"mainEntityOfPage\":{\"@id\":\"https:\/\/www.justiceinfo.net\/fr\/32213-la-colonisation-est-elle-un-crime-contre-lhumanite.html\"},\"wordCount\":1137,\"commentCount\":0,\"publisher\":{\"@id\":\"https:\/\/www.justiceinfo.net\/fr#organization\"},\"image\":{\"@id\":\"https:\/\/www.justiceinfo.net\/fr\/32213-la-colonisation-est-elle-un-crime-contre-lhumanite.html#primaryimage\"},\"thumbnailUrl\":\"https:\/\/www.justiceinfo.net\/wp-content\/uploads\/fd304fec4c3a75cb4c50c97828fb1911.jpg\",\"articleSection\":[\"Opinions\"],\"inLanguage\":\"fr-FR\",\"potentialAction\":[{\"@type\":\"CommentAction\",\"name\":\"Comment\",\"target\":[\"https:\/\/www.justiceinfo.net\/fr\/32213-la-colonisation-est-elle-un-crime-contre-lhumanite.html#respond\"]}]},{\"@type\":\"WebPage\",\"@id\":\"https:\/\/www.justiceinfo.net\/fr\/32213-la-colonisation-est-elle-un-crime-contre-lhumanite.html\",\"url\":\"https:\/\/www.justiceinfo.net\/fr\/32213-la-colonisation-est-elle-un-crime-contre-lhumanite.html\",\"name\":\"La colonisation est-elle un crime contre l\u2019humanit\u00e9 ? - JusticeInfo.net\",\"isPartOf\":{\"@id\":\"https:\/\/www.justiceinfo.net\/fr#website\"},\"primaryImageOfPage\":{\"@id\":\"https:\/\/www.justiceinfo.net\/fr\/32213-la-colonisation-est-elle-un-crime-contre-lhumanite.html#primaryimage\"},\"image\":{\"@id\":\"https:\/\/www.justiceinfo.net\/fr\/32213-la-colonisation-est-elle-un-crime-contre-lhumanite.html#primaryimage\"},\"thumbnailUrl\":\"https:\/\/www.justiceinfo.net\/wp-content\/uploads\/fd304fec4c3a75cb4c50c97828fb1911.jpg\",\"datePublished\":\"2017-02-21T07:12:43+00:00\",\"breadcrumb\":{\"@id\":\"https:\/\/www.justiceinfo.net\/fr\/32213-la-colonisation-est-elle-un-crime-contre-lhumanite.html#breadcrumb\"},\"inLanguage\":\"fr-FR\",\"potentialAction\":[{\"@type\":\"ReadAction\",\"target\":[\"https:\/\/www.justiceinfo.net\/fr\/32213-la-colonisation-est-elle-un-crime-contre-lhumanite.html\"]}]},{\"@type\":\"ImageObject\",\"inLanguage\":\"fr-FR\",\"@id\":\"https:\/\/www.justiceinfo.net\/fr\/32213-la-colonisation-est-elle-un-crime-contre-lhumanite.html#primaryimage\",\"url\":\"https:\/\/www.justiceinfo.net\/wp-content\/uploads\/fd304fec4c3a75cb4c50c97828fb1911.jpg\",\"contentUrl\":\"https:\/\/www.justiceinfo.net\/wp-content\/uploads\/fd304fec4c3a75cb4c50c97828fb1911.jpg\",\"width\":926,\"height\":599},{\"@type\":\"BreadcrumbList\",\"@id\":\"https:\/\/www.justiceinfo.net\/fr\/32213-la-colonisation-est-elle-un-crime-contre-lhumanite.html#breadcrumb\",\"itemListElement\":[{\"@type\":\"ListItem\",\"position\":1,\"name\":\"Home\",\"item\":\"https:\/\/www.justiceinfo.net\/fr\"},{\"@type\":\"ListItem\",\"position\":2,\"name\":\"La colonisation est-elle un crime contre l\u2019humanit\u00e9 ?\"}]},{\"@type\":\"WebSite\",\"@id\":\"https:\/\/www.justiceinfo.net\/fr#website\",\"url\":\"https:\/\/www.justiceinfo.net\/fr\",\"name\":\"JusticeInfo.net\",\"description\":\"La justice doit \u00eatre vue pour \u00eatre rendue\",\"publisher\":{\"@id\":\"https:\/\/www.justiceinfo.net\/fr#organization\"},\"potentialAction\":[{\"@type\":\"SearchAction\",\"target\":{\"@type\":\"EntryPoint\",\"urlTemplate\":\"https:\/\/www.justiceinfo.net\/fr?s={search_term_string}\"},\"query-input\":{\"@type\":\"PropertyValueSpecification\",\"valueRequired\":true,\"valueName\":\"search_term_string\"}}],\"inLanguage\":\"fr-FR\"},{\"@type\":\"Organization\",\"@id\":\"https:\/\/www.justiceinfo.net\/fr#organization\",\"name\":\"Justice Info\",\"url\":\"https:\/\/www.justiceinfo.net\/fr\",\"logo\":{\"@type\":\"ImageObject\",\"inLanguage\":\"fr-FR\",\"@id\":\"https:\/\/www.justiceinfo.net\/fr#\/schema\/logo\/image\/\",\"url\":\"https:\/\/www.justiceinfo.net\/wp-content\/uploads\/justiceinfo_logo-trans_1200x1200px.png\",\"contentUrl\":\"https:\/\/www.justiceinfo.net\/wp-content\/uploads\/justiceinfo_logo-trans_1200x1200px.png\",\"width\":1199,\"height\":1200,\"caption\":\"Justice Info\"},\"image\":{\"@id\":\"https:\/\/www.justiceinfo.net\/fr#\/schema\/logo\/image\/\"},\"sameAs\":[\"https:\/\/www.facebook.com\/JusticeInfo\/\",\"https:\/\/x.com\/justiceinfonet\",\"https:\/\/www.linkedin.com\/company\/justice-info\",\"https:\/\/www.youtube.com\/channel\/UCyCEsARodyuWtkWyhn-e7pA\"]},{\"@type\":\"Person\",\"name\":\"the Conversation\",\"url\":\"\/fr\/?s=the Conversation\"}]}<\/script>\n<!-- \/ Yoast SEO Premium plugin. -->","yoast_head_json":{"title":"La colonisation est-elle un crime contre l\u2019humanit\u00e9 ? - JusticeInfo.net","robots":{"index":"index","follow":"follow","max-snippet":"max-snippet:-1","max-image-preview":"max-image-preview:large","max-video-preview":"max-video-preview:-1"},"canonical":"https:\/\/www.justiceinfo.net\/fr\/32213-la-colonisation-est-elle-un-crime-contre-lhumanite.html","og_locale":"fr_FR","og_type":"article","og_title":"La colonisation est-elle un crime contre l\u2019humanit\u00e9 ?","og_description":"En qualifiant de \u00ab\u00a0crime contre l\u2019humanit\u00e9\u00a0\u00bb la colonisation fran\u00e7aise en Alg\u00e9rie, le candidat \u00e0 l\u2019\u00e9lection pr\u00e9sidentielle Emmanuel Macron a suscit\u00e9 la pol\u00e9mique ces derniers jours. Samedi, \u00e0 Toulon, le leader du mouvement \u00ab\u00a0En Marche\u00a0!\u00a0\u00bb demandait \u00ab\u00a0pardon\u00a0\u00bb pour ses propos, tout en refusant de pr\u00e9senter des \u00ab\u00a0excuses\u00a0\u00bb. Mais qu\u2019en est-il de cette affirmation sur un plan [&hellip;]","og_url":"https:\/\/www.justiceinfo.net\/fr\/32213-la-colonisation-est-elle-un-crime-contre-lhumanite.html","og_site_name":"JusticeInfo.net","article_publisher":"https:\/\/www.facebook.com\/JusticeInfo\/","article_published_time":"2017-02-21T07:12:43+00:00","og_image":[{"width":926,"height":599,"url":"https:\/\/www.justiceinfo.net\/wp-content\/uploads\/fd304fec4c3a75cb4c50c97828fb1911.jpg","type":"image\/jpeg"}],"author":"the Conversation","twitter_card":"summary_large_image","twitter_creator":"@justiceinfonet","twitter_site":"@justiceinfonet","twitter_misc":{"\u00c9crit par":"the Conversation","Dur\u00e9e de lecture estim\u00e9e":"6 minutes"},"schema":{"@context":"https:\/\/schema.org","@graph":[{"@type":"NewsArticle","@id":"https:\/\/www.justiceinfo.net\/fr\/32213-la-colonisation-est-elle-un-crime-contre-lhumanite.html#article","isPartOf":{"@id":"https:\/\/www.justiceinfo.net\/fr\/32213-la-colonisation-est-elle-un-crime-contre-lhumanite.html"},"author":{"name":"solivri","@id":"https:\/\/www.justiceinfo.net\/fr#\/schema\/person\/6e53cba1629e2e66f3fc1821d3091865"},"headline":"La colonisation est-elle un crime contre l\u2019humanit\u00e9 ?","datePublished":"2017-02-21T07:12:43+00:00","mainEntityOfPage":{"@id":"https:\/\/www.justiceinfo.net\/fr\/32213-la-colonisation-est-elle-un-crime-contre-lhumanite.html"},"wordCount":1137,"commentCount":0,"publisher":{"@id":"https:\/\/www.justiceinfo.net\/fr#organization"},"image":{"@id":"https:\/\/www.justiceinfo.net\/fr\/32213-la-colonisation-est-elle-un-crime-contre-lhumanite.html#primaryimage"},"thumbnailUrl":"https:\/\/www.justiceinfo.net\/wp-content\/uploads\/fd304fec4c3a75cb4c50c97828fb1911.jpg","articleSection":["Opinions"],"inLanguage":"fr-FR","potentialAction":[{"@type":"CommentAction","name":"Comment","target":["https:\/\/www.justiceinfo.net\/fr\/32213-la-colonisation-est-elle-un-crime-contre-lhumanite.html#respond"]}]},{"@type":"WebPage","@id":"https:\/\/www.justiceinfo.net\/fr\/32213-la-colonisation-est-elle-un-crime-contre-lhumanite.html","url":"https:\/\/www.justiceinfo.net\/fr\/32213-la-colonisation-est-elle-un-crime-contre-lhumanite.html","name":"La colonisation est-elle un crime contre l\u2019humanit\u00e9 ? - JusticeInfo.net","isPartOf":{"@id":"https:\/\/www.justiceinfo.net\/fr#website"},"primaryImageOfPage":{"@id":"https:\/\/www.justiceinfo.net\/fr\/32213-la-colonisation-est-elle-un-crime-contre-lhumanite.html#primaryimage"},"image":{"@id":"https:\/\/www.justiceinfo.net\/fr\/32213-la-colonisation-est-elle-un-crime-contre-lhumanite.html#primaryimage"},"thumbnailUrl":"https:\/\/www.justiceinfo.net\/wp-content\/uploads\/fd304fec4c3a75cb4c50c97828fb1911.jpg","datePublished":"2017-02-21T07:12:43+00:00","breadcrumb":{"@id":"https:\/\/www.justiceinfo.net\/fr\/32213-la-colonisation-est-elle-un-crime-contre-lhumanite.html#breadcrumb"},"inLanguage":"fr-FR","potentialAction":[{"@type":"ReadAction","target":["https:\/\/www.justiceinfo.net\/fr\/32213-la-colonisation-est-elle-un-crime-contre-lhumanite.html"]}]},{"@type":"ImageObject","inLanguage":"fr-FR","@id":"https:\/\/www.justiceinfo.net\/fr\/32213-la-colonisation-est-elle-un-crime-contre-lhumanite.html#primaryimage","url":"https:\/\/www.justiceinfo.net\/wp-content\/uploads\/fd304fec4c3a75cb4c50c97828fb1911.jpg","contentUrl":"https:\/\/www.justiceinfo.net\/wp-content\/uploads\/fd304fec4c3a75cb4c50c97828fb1911.jpg","width":926,"height":599},{"@type":"BreadcrumbList","@id":"https:\/\/www.justiceinfo.net\/fr\/32213-la-colonisation-est-elle-un-crime-contre-lhumanite.html#breadcrumb","itemListElement":[{"@type":"ListItem","position":1,"name":"Home","item":"https:\/\/www.justiceinfo.net\/fr"},{"@type":"ListItem","position":2,"name":"La colonisation est-elle un crime contre l\u2019humanit\u00e9 ?"}]},{"@type":"WebSite","@id":"https:\/\/www.justiceinfo.net\/fr#website","url":"https:\/\/www.justiceinfo.net\/fr","name":"JusticeInfo.net","description":"La justice doit \u00eatre vue pour \u00eatre rendue","publisher":{"@id":"https:\/\/www.justiceinfo.net\/fr#organization"},"potentialAction":[{"@type":"SearchAction","target":{"@type":"EntryPoint","urlTemplate":"https:\/\/www.justiceinfo.net\/fr?s={search_term_string}"},"query-input":{"@type":"PropertyValueSpecification","valueRequired":true,"valueName":"search_term_string"}}],"inLanguage":"fr-FR"},{"@type":"Organization","@id":"https:\/\/www.justiceinfo.net\/fr#organization","name":"Justice Info","url":"https:\/\/www.justiceinfo.net\/fr","logo":{"@type":"ImageObject","inLanguage":"fr-FR","@id":"https:\/\/www.justiceinfo.net\/fr#\/schema\/logo\/image\/","url":"https:\/\/www.justiceinfo.net\/wp-content\/uploads\/justiceinfo_logo-trans_1200x1200px.png","contentUrl":"https:\/\/www.justiceinfo.net\/wp-content\/uploads\/justiceinfo_logo-trans_1200x1200px.png","width":1199,"height":1200,"caption":"Justice Info"},"image":{"@id":"https:\/\/www.justiceinfo.net\/fr#\/schema\/logo\/image\/"},"sameAs":["https:\/\/www.facebook.com\/JusticeInfo\/","https:\/\/x.com\/justiceinfonet","https:\/\/www.linkedin.com\/company\/justice-info","https:\/\/www.youtube.com\/channel\/UCyCEsARodyuWtkWyhn-e7pA"]},{"@type":"Person","name":"the Conversation","url":"\/fr\/?s=the Conversation"}]}},"_links":{"self":[{"href":"https:\/\/www.justiceinfo.net\/fr\/wp-json\/wp\/v2\/posts\/32213","targetHints":{"allow":["GET"]}}],"collection":[{"href":"https:\/\/www.justiceinfo.net\/fr\/wp-json\/wp\/v2\/posts"}],"about":[{"href":"https:\/\/www.justiceinfo.net\/fr\/wp-json\/wp\/v2\/types\/post"}],"author":[{"embeddable":true,"href":"https:\/\/www.justiceinfo.net\/fr\/wp-json\/wp\/v2\/users\/64"}],"replies":[{"embeddable":true,"href":"https:\/\/www.justiceinfo.net\/fr\/wp-json\/wp\/v2\/comments?post=32213"}],"version-history":[{"count":0,"href":"https:\/\/www.justiceinfo.net\/fr\/wp-json\/wp\/v2\/posts\/32213\/revisions"}],"wp:featuredmedia":[{"embeddable":true,"href":"https:\/\/www.justiceinfo.net\/fr\/wp-json\/wp\/v2\/media\/68298"}],"wp:attachment":[{"href":"https:\/\/www.justiceinfo.net\/fr\/wp-json\/wp\/v2\/media?parent=32213"}],"wp:term":[{"taxonomy":"category","embeddable":true,"href":"https:\/\/www.justiceinfo.net\/fr\/wp-json\/wp\/v2\/categories?post=32213"},{"taxonomy":"post_tag","embeddable":true,"href":"https:\/\/www.justiceinfo.net\/fr\/wp-json\/wp\/v2\/tags?post=32213"},{"taxonomy":"ji_location","embeddable":true,"href":"https:\/\/www.justiceinfo.net\/fr\/wp-json\/wp\/v2\/ji_location?post=32213"}],"curies":[{"name":"wp","href":"https:\/\/api.w.org\/{rel}","templated":true}]}}