{"id":32235,"date":"2017-02-22T09:00:02","date_gmt":"2017-02-22T08:00:02","guid":{"rendered":"https:\/\/www.justiceinfo.net\/32235-le-retrait-de-l-afrique-du-sud-de-la-cpi-inconstitutionnel.html"},"modified":"2017-02-22T09:00:02","modified_gmt":"2017-02-22T08:00:02","slug":"le-retrait-de-l-afrique-du-sud-de-la-cpi-inconstitutionnel","status":"publish","type":"post","link":"https:\/\/www.justiceinfo.net\/fr\/32235-le-retrait-de-l-afrique-du-sud-de-la-cpi-inconstitutionnel.html","title":{"rendered":"Le retrait de l'Afrique du Sud de la CPI \"inconstitutionnel\""},"content":{"rendered":"<div class=\"content-excerpt\">\n<p>La justice sud-africaine a inflig\u00e9 mercredi un camouflet au gouvernement de Pretoria en retoquant sur la forme sa d\u00e9cision controvers\u00e9e de claquer la porte de la Cour p\u00e9nale internationale (CPI), dont il d\u00e9nonce un parti pris anti-africain.<\/p>\n<\/div>\n<p>Saisi par l'opposition, un juge a estim\u00e9 mercredi que la lettre de retrait de la CPI envoy\u00e9e en octobre dernier \u00e0 l'ONU \u00e9tait \"inconstitutionnelle et invalide\" parce qu'elle n'avait pas \u00e9t\u00e9 pr\u00e9c\u00e9d\u00e9e \"d'une approbation du Parlement\".Le gouvernement et le pr\u00e9sident Jacob Zuma \"doivent sur le champ r\u00e9voquer la notice de retrait\", a ordonn\u00e9 le juge Phineas Mojapelo, de la Haute-Cour de Pretoria.Le tribunal install\u00e9 \u00e0 La Haye est menac\u00e9 depuis des mois d'une vague de retraits de la part de plusieurs pays africains.L'Afrique du Sud a franchi le pas apr\u00e8s la vive pol\u00e9mique suscit\u00e9e par son refus d'arr\u00eater sur son sol le pr\u00e9sident soudanais Omar el-B\u00e9chir malgr\u00e9 un mandat d'arr\u00eat de la CPI, au motif qu'il b\u00e9n\u00e9ficiait de l'immunit\u00e9 diplomatique.M. el-B\u00e9chir est poursuivi \u00e0 La Haye pour g\u00e9nocide, crimes contre l'humanit\u00e9 et crimes de guerre dans la province soudanaise du Darfour, en proie depuis plus de dix ans \u00e0 la guerre civile. Saisie du dossier, la Cour supr\u00eame d'appel sud-africaine avait condamn\u00e9 la passivit\u00e9 du gouvernement \u00e0 l'endroit du chef de l'Etat soudanais, la qualifiant de \"conduite scandaleuse\".Depuis son entr\u00e9e en fonction en 2003, la CPI a ouvert dix enqu\u00eates, dont neuf dans des pays africains.<br \/>'Chasse raciale' -<\/p>\n<p>Ces cibles lui ont valu de nombreuses critiques sur le continent, notamment de l'Union africaine (UA) qui a d\u00e9nonc\u00e9 une \"sorte de chasse raciale\". En octobre 2016, le ministre sud-africain de la Justice Mike Masutha avait accus\u00e9 la CPI de \"pr\u00e9f\u00e9rer de toute \u00e9vidence viser des dirigeants en Afrique\".La Cour s'en est d\u00e9fendue en soulignant que nombre de plaintes dont elle \u00e9tait saisie (Centrafrique, Ouganda, Mali, R\u00e9publique d\u00e9mocratique du Congo) \u00e9manaient de gouvernements africains. A l'origine de sa saisie, le principal parti d'opposition sud-africain s'est r\u00e9joui mercredi du jugement du tribunal.\"Ce retrait (...) \u00e9tait irrationnel et inconstitutionnel\", a d\u00e9clar\u00e9 \u00e0 l'AFP un d\u00e9put\u00e9 de l'Alliance d\u00e9mocratique (DA), James Selfe.\"Nous aimerions que l'Afrique du Sud reste \u00e0 la CPI car nous croyons que c'est en accord avec notre Constitution et avec l'h\u00e9ritage que nous a laiss\u00e9 Nelson Mandela\", a-t-il ajout\u00e9, \"le gouvernement doit se remettre au travail et reconsid\u00e9rer sa d\u00e9cision \u00e0 la lumi\u00e8re de ce jugement\".\"Le gouvernement va se pencher sur les motivations du jugement et d\u00e9cider de faire appel ou non\", a r\u00e9agi de son c\u00f4t\u00e9 mercredi le porte-parole du minist\u00e8re de la Justice, Mthunzi Mhaga. Outre l'Afrique du Sud, le Burundi a d\u00e9j\u00e0 annonc\u00e9 sa d\u00e9cision de quitter la CPI en octobre. <br \/>L'ex-pr\u00e9sident de la Gambie Yahya Jammeh avait d\u00e9cid\u00e9 de faire de m\u00eame mais son successeur Adama Barrow, \u00e9lu en d\u00e9cembre, a annul\u00e9 la proc\u00e9dure. Le pr\u00e9sident du Kenya Uhuru Kenyatta a pour sa part fait savoir qu'il r\u00e9fl\u00e9chissait \"s\u00e9rieusement\" \u00e0 un d\u00e9part de son pays.<br \/>A l'inverse, d'autres pays africains comme le S\u00e9n\u00e9gal et le Botswana, entre autres, soutiennent ouvertement la CPI.<\/p>\n","protected":false},"excerpt":{"rendered":"<p>La justice sud-africaine a inflig\u00e9 mercredi un camouflet au gouvernement de Pretoria en retoquant sur la forme sa d\u00e9cision controvers\u00e9e de claquer la porte de la Cour p\u00e9nale internationale (CPI), dont il d\u00e9nonce un parti pris anti-africain. Saisi par l'opposition, un juge a estim\u00e9 mercredi que la lettre de retrait de la CPI envoy\u00e9e en [&hellip;]<\/p>\n","protected":false},"author":64,"featured_media":62242,"comment_status":"open","ping_status":"closed","sticky":false,"template":"","format":"standard","meta":{"_acf_changed":false,"footnotes":""},"categories":[570],"tags":[],"ji_location":[2476],"class_list":["post-32235","post","type-post","status-publish","format-standard","has-post-thumbnail","hentry","category-cpi","ji_location-afrique-du-sud"],"acf":[],"yoast_head":"<!-- This site is optimized with the Yoast SEO Premium plugin v25.3.1 (Yoast SEO v25.3.1) - https:\/\/yoast.com\/wordpress\/plugins\/seo\/ -->\n<title>Le retrait de l&#039;Afrique du Sud de la CPI &quot;inconstitutionnel&quot; - JusticeInfo.net<\/title>\n<meta name=\"robots\" content=\"index, follow, max-snippet:-1, max-image-preview:large, max-video-preview:-1\" \/>\n<link rel=\"canonical\" href=\"https:\/\/www.justiceinfo.net\/fr\/32235-le-retrait-de-l-afrique-du-sud-de-la-cpi-inconstitutionnel.html\" \/>\n<meta property=\"og:locale\" content=\"fr_FR\" \/>\n<meta property=\"og:type\" content=\"article\" \/>\n<meta property=\"og:title\" content=\"Le retrait de l&#039;Afrique du Sud de la CPI &quot;inconstitutionnel&quot;\" \/>\n<meta property=\"og:description\" content=\"La justice sud-africaine a inflig\u00e9 mercredi un camouflet au gouvernement de Pretoria en retoquant sur la forme sa d\u00e9cision controvers\u00e9e de claquer la porte de la Cour p\u00e9nale internationale (CPI), dont il d\u00e9nonce un parti pris anti-africain. Saisi par l&#039;opposition, un juge a estim\u00e9 mercredi que la lettre de retrait de la CPI envoy\u00e9e en [&hellip;]\" \/>\n<meta property=\"og:url\" content=\"https:\/\/www.justiceinfo.net\/fr\/32235-le-retrait-de-l-afrique-du-sud-de-la-cpi-inconstitutionnel.html\" \/>\n<meta property=\"og:site_name\" content=\"JusticeInfo.net\" \/>\n<meta property=\"article:publisher\" content=\"https:\/\/www.facebook.com\/JusticeInfo\/\" \/>\n<meta property=\"article:published_time\" content=\"2017-02-22T08:00:02+00:00\" \/>\n<meta property=\"og:image\" content=\"https:\/\/www.justiceinfo.net\/wp-content\/uploads\/157c8cd97fcb983ec0aa24c0e0b04166.jpg\" \/>\n\t<meta property=\"og:image:width\" content=\"768\" \/>\n\t<meta property=\"og:image:height\" content=\"526\" \/>\n\t<meta property=\"og:image:type\" content=\"image\/jpeg\" \/>\n<meta name=\"author\" content=\"Susan NJANJI\" \/>\n<meta name=\"twitter:card\" content=\"summary_large_image\" \/>\n<meta name=\"twitter:creator\" content=\"@justiceinfonet\" \/>\n<meta name=\"twitter:site\" content=\"@justiceinfonet\" \/>\n<meta name=\"twitter:label1\" content=\"\u00c9crit par\" \/>\n\t<meta name=\"twitter:data1\" content=\"Susan NJANJI\" \/>\n\t<meta name=\"twitter:label2\" content=\"Dur\u00e9e de lecture estim\u00e9e\" \/>\n\t<meta name=\"twitter:data2\" content=\"3 minutes\" \/>\n<script type=\"application\/ld+json\" class=\"yoast-schema-graph\">{\"@context\":\"https:\/\/schema.org\",\"@graph\":[{\"@type\":\"NewsArticle\",\"@id\":\"https:\/\/www.justiceinfo.net\/fr\/32235-le-retrait-de-l-afrique-du-sud-de-la-cpi-inconstitutionnel.html#article\",\"isPartOf\":{\"@id\":\"https:\/\/www.justiceinfo.net\/fr\/32235-le-retrait-de-l-afrique-du-sud-de-la-cpi-inconstitutionnel.html\"},\"author\":{\"name\":\"solivri\",\"@id\":\"https:\/\/www.justiceinfo.net\/fr#\/schema\/person\/6e53cba1629e2e66f3fc1821d3091865\"},\"headline\":\"Le retrait de l'Afrique du Sud de la CPI \\\"inconstitutionnel\\\"\",\"datePublished\":\"2017-02-22T08:00:02+00:00\",\"mainEntityOfPage\":{\"@id\":\"https:\/\/www.justiceinfo.net\/fr\/32235-le-retrait-de-l-afrique-du-sud-de-la-cpi-inconstitutionnel.html\"},\"wordCount\":596,\"commentCount\":0,\"publisher\":{\"@id\":\"https:\/\/www.justiceinfo.net\/fr#organization\"},\"image\":{\"@id\":\"https:\/\/www.justiceinfo.net\/fr\/32235-le-retrait-de-l-afrique-du-sud-de-la-cpi-inconstitutionnel.html#primaryimage\"},\"thumbnailUrl\":\"https:\/\/www.justiceinfo.net\/wp-content\/uploads\/157c8cd97fcb983ec0aa24c0e0b04166.jpg\",\"articleSection\":[\"CPI\"],\"inLanguage\":\"fr-FR\",\"potentialAction\":[{\"@type\":\"CommentAction\",\"name\":\"Comment\",\"target\":[\"https:\/\/www.justiceinfo.net\/fr\/32235-le-retrait-de-l-afrique-du-sud-de-la-cpi-inconstitutionnel.html#respond\"]}]},{\"@type\":\"WebPage\",\"@id\":\"https:\/\/www.justiceinfo.net\/fr\/32235-le-retrait-de-l-afrique-du-sud-de-la-cpi-inconstitutionnel.html\",\"url\":\"https:\/\/www.justiceinfo.net\/fr\/32235-le-retrait-de-l-afrique-du-sud-de-la-cpi-inconstitutionnel.html\",\"name\":\"Le retrait de l'Afrique du Sud de la CPI \\\"inconstitutionnel\\\" - JusticeInfo.net\",\"isPartOf\":{\"@id\":\"https:\/\/www.justiceinfo.net\/fr#website\"},\"primaryImageOfPage\":{\"@id\":\"https:\/\/www.justiceinfo.net\/fr\/32235-le-retrait-de-l-afrique-du-sud-de-la-cpi-inconstitutionnel.html#primaryimage\"},\"image\":{\"@id\":\"https:\/\/www.justiceinfo.net\/fr\/32235-le-retrait-de-l-afrique-du-sud-de-la-cpi-inconstitutionnel.html#primaryimage\"},\"thumbnailUrl\":\"https:\/\/www.justiceinfo.net\/wp-content\/uploads\/157c8cd97fcb983ec0aa24c0e0b04166.jpg\",\"datePublished\":\"2017-02-22T08:00:02+00:00\",\"breadcrumb\":{\"@id\":\"https:\/\/www.justiceinfo.net\/fr\/32235-le-retrait-de-l-afrique-du-sud-de-la-cpi-inconstitutionnel.html#breadcrumb\"},\"inLanguage\":\"fr-FR\",\"potentialAction\":[{\"@type\":\"ReadAction\",\"target\":[\"https:\/\/www.justiceinfo.net\/fr\/32235-le-retrait-de-l-afrique-du-sud-de-la-cpi-inconstitutionnel.html\"]}]},{\"@type\":\"ImageObject\",\"inLanguage\":\"fr-FR\",\"@id\":\"https:\/\/www.justiceinfo.net\/fr\/32235-le-retrait-de-l-afrique-du-sud-de-la-cpi-inconstitutionnel.html#primaryimage\",\"url\":\"https:\/\/www.justiceinfo.net\/wp-content\/uploads\/157c8cd97fcb983ec0aa24c0e0b04166.jpg\",\"contentUrl\":\"https:\/\/www.justiceinfo.net\/wp-content\/uploads\/157c8cd97fcb983ec0aa24c0e0b04166.jpg\",\"width\":768,\"height\":526},{\"@type\":\"BreadcrumbList\",\"@id\":\"https:\/\/www.justiceinfo.net\/fr\/32235-le-retrait-de-l-afrique-du-sud-de-la-cpi-inconstitutionnel.html#breadcrumb\",\"itemListElement\":[{\"@type\":\"ListItem\",\"position\":1,\"name\":\"Home\",\"item\":\"https:\/\/www.justiceinfo.net\/fr\"},{\"@type\":\"ListItem\",\"position\":2,\"name\":\"Le retrait de l'Afrique du Sud de la CPI \\\"inconstitutionnel\\\"\"}]},{\"@type\":\"WebSite\",\"@id\":\"https:\/\/www.justiceinfo.net\/fr#website\",\"url\":\"https:\/\/www.justiceinfo.net\/fr\",\"name\":\"JusticeInfo.net\",\"description\":\"La justice doit \u00eatre vue pour \u00eatre rendue\",\"publisher\":{\"@id\":\"https:\/\/www.justiceinfo.net\/fr#organization\"},\"potentialAction\":[{\"@type\":\"SearchAction\",\"target\":{\"@type\":\"EntryPoint\",\"urlTemplate\":\"https:\/\/www.justiceinfo.net\/fr?s={search_term_string}\"},\"query-input\":{\"@type\":\"PropertyValueSpecification\",\"valueRequired\":true,\"valueName\":\"search_term_string\"}}],\"inLanguage\":\"fr-FR\"},{\"@type\":\"Organization\",\"@id\":\"https:\/\/www.justiceinfo.net\/fr#organization\",\"name\":\"Justice Info\",\"url\":\"https:\/\/www.justiceinfo.net\/fr\",\"logo\":{\"@type\":\"ImageObject\",\"inLanguage\":\"fr-FR\",\"@id\":\"https:\/\/www.justiceinfo.net\/fr#\/schema\/logo\/image\/\",\"url\":\"https:\/\/www.justiceinfo.net\/wp-content\/uploads\/justiceinfo_logo-trans_1200x1200px.png\",\"contentUrl\":\"https:\/\/www.justiceinfo.net\/wp-content\/uploads\/justiceinfo_logo-trans_1200x1200px.png\",\"width\":1199,\"height\":1200,\"caption\":\"Justice Info\"},\"image\":{\"@id\":\"https:\/\/www.justiceinfo.net\/fr#\/schema\/logo\/image\/\"},\"sameAs\":[\"https:\/\/www.facebook.com\/JusticeInfo\/\",\"https:\/\/x.com\/justiceinfonet\",\"https:\/\/www.linkedin.com\/company\/justice-info\",\"https:\/\/www.youtube.com\/channel\/UCyCEsARodyuWtkWyhn-e7pA\"]},{\"@type\":\"Person\",\"name\":\"Susan NJANJI\",\"url\":\"\/fr\/?s=Susan NJANJI\"}]}<\/script>\n<!-- \/ Yoast SEO Premium plugin. -->","yoast_head_json":{"title":"Le retrait de l'Afrique du Sud de la CPI \"inconstitutionnel\" - JusticeInfo.net","robots":{"index":"index","follow":"follow","max-snippet":"max-snippet:-1","max-image-preview":"max-image-preview:large","max-video-preview":"max-video-preview:-1"},"canonical":"https:\/\/www.justiceinfo.net\/fr\/32235-le-retrait-de-l-afrique-du-sud-de-la-cpi-inconstitutionnel.html","og_locale":"fr_FR","og_type":"article","og_title":"Le retrait de l'Afrique du Sud de la CPI \"inconstitutionnel\"","og_description":"La justice sud-africaine a inflig\u00e9 mercredi un camouflet au gouvernement de Pretoria en retoquant sur la forme sa d\u00e9cision controvers\u00e9e de claquer la porte de la Cour p\u00e9nale internationale (CPI), dont il d\u00e9nonce un parti pris anti-africain. Saisi par l'opposition, un juge a estim\u00e9 mercredi que la lettre de retrait de la CPI envoy\u00e9e en [&hellip;]","og_url":"https:\/\/www.justiceinfo.net\/fr\/32235-le-retrait-de-l-afrique-du-sud-de-la-cpi-inconstitutionnel.html","og_site_name":"JusticeInfo.net","article_publisher":"https:\/\/www.facebook.com\/JusticeInfo\/","article_published_time":"2017-02-22T08:00:02+00:00","og_image":[{"width":768,"height":526,"url":"https:\/\/www.justiceinfo.net\/wp-content\/uploads\/157c8cd97fcb983ec0aa24c0e0b04166.jpg","type":"image\/jpeg"}],"author":"Susan NJANJI","twitter_card":"summary_large_image","twitter_creator":"@justiceinfonet","twitter_site":"@justiceinfonet","twitter_misc":{"\u00c9crit par":"Susan NJANJI","Dur\u00e9e de lecture estim\u00e9e":"3 minutes"},"schema":{"@context":"https:\/\/schema.org","@graph":[{"@type":"NewsArticle","@id":"https:\/\/www.justiceinfo.net\/fr\/32235-le-retrait-de-l-afrique-du-sud-de-la-cpi-inconstitutionnel.html#article","isPartOf":{"@id":"https:\/\/www.justiceinfo.net\/fr\/32235-le-retrait-de-l-afrique-du-sud-de-la-cpi-inconstitutionnel.html"},"author":{"name":"solivri","@id":"https:\/\/www.justiceinfo.net\/fr#\/schema\/person\/6e53cba1629e2e66f3fc1821d3091865"},"headline":"Le retrait de l'Afrique du Sud de la CPI \"inconstitutionnel\"","datePublished":"2017-02-22T08:00:02+00:00","mainEntityOfPage":{"@id":"https:\/\/www.justiceinfo.net\/fr\/32235-le-retrait-de-l-afrique-du-sud-de-la-cpi-inconstitutionnel.html"},"wordCount":596,"commentCount":0,"publisher":{"@id":"https:\/\/www.justiceinfo.net\/fr#organization"},"image":{"@id":"https:\/\/www.justiceinfo.net\/fr\/32235-le-retrait-de-l-afrique-du-sud-de-la-cpi-inconstitutionnel.html#primaryimage"},"thumbnailUrl":"https:\/\/www.justiceinfo.net\/wp-content\/uploads\/157c8cd97fcb983ec0aa24c0e0b04166.jpg","articleSection":["CPI"],"inLanguage":"fr-FR","potentialAction":[{"@type":"CommentAction","name":"Comment","target":["https:\/\/www.justiceinfo.net\/fr\/32235-le-retrait-de-l-afrique-du-sud-de-la-cpi-inconstitutionnel.html#respond"]}]},{"@type":"WebPage","@id":"https:\/\/www.justiceinfo.net\/fr\/32235-le-retrait-de-l-afrique-du-sud-de-la-cpi-inconstitutionnel.html","url":"https:\/\/www.justiceinfo.net\/fr\/32235-le-retrait-de-l-afrique-du-sud-de-la-cpi-inconstitutionnel.html","name":"Le retrait de l'Afrique du Sud de la CPI \"inconstitutionnel\" - JusticeInfo.net","isPartOf":{"@id":"https:\/\/www.justiceinfo.net\/fr#website"},"primaryImageOfPage":{"@id":"https:\/\/www.justiceinfo.net\/fr\/32235-le-retrait-de-l-afrique-du-sud-de-la-cpi-inconstitutionnel.html#primaryimage"},"image":{"@id":"https:\/\/www.justiceinfo.net\/fr\/32235-le-retrait-de-l-afrique-du-sud-de-la-cpi-inconstitutionnel.html#primaryimage"},"thumbnailUrl":"https:\/\/www.justiceinfo.net\/wp-content\/uploads\/157c8cd97fcb983ec0aa24c0e0b04166.jpg","datePublished":"2017-02-22T08:00:02+00:00","breadcrumb":{"@id":"https:\/\/www.justiceinfo.net\/fr\/32235-le-retrait-de-l-afrique-du-sud-de-la-cpi-inconstitutionnel.html#breadcrumb"},"inLanguage":"fr-FR","potentialAction":[{"@type":"ReadAction","target":["https:\/\/www.justiceinfo.net\/fr\/32235-le-retrait-de-l-afrique-du-sud-de-la-cpi-inconstitutionnel.html"]}]},{"@type":"ImageObject","inLanguage":"fr-FR","@id":"https:\/\/www.justiceinfo.net\/fr\/32235-le-retrait-de-l-afrique-du-sud-de-la-cpi-inconstitutionnel.html#primaryimage","url":"https:\/\/www.justiceinfo.net\/wp-content\/uploads\/157c8cd97fcb983ec0aa24c0e0b04166.jpg","contentUrl":"https:\/\/www.justiceinfo.net\/wp-content\/uploads\/157c8cd97fcb983ec0aa24c0e0b04166.jpg","width":768,"height":526},{"@type":"BreadcrumbList","@id":"https:\/\/www.justiceinfo.net\/fr\/32235-le-retrait-de-l-afrique-du-sud-de-la-cpi-inconstitutionnel.html#breadcrumb","itemListElement":[{"@type":"ListItem","position":1,"name":"Home","item":"https:\/\/www.justiceinfo.net\/fr"},{"@type":"ListItem","position":2,"name":"Le retrait de l'Afrique du Sud de la CPI \"inconstitutionnel\""}]},{"@type":"WebSite","@id":"https:\/\/www.justiceinfo.net\/fr#website","url":"https:\/\/www.justiceinfo.net\/fr","name":"JusticeInfo.net","description":"La justice doit \u00eatre vue pour \u00eatre rendue","publisher":{"@id":"https:\/\/www.justiceinfo.net\/fr#organization"},"potentialAction":[{"@type":"SearchAction","target":{"@type":"EntryPoint","urlTemplate":"https:\/\/www.justiceinfo.net\/fr?s={search_term_string}"},"query-input":{"@type":"PropertyValueSpecification","valueRequired":true,"valueName":"search_term_string"}}],"inLanguage":"fr-FR"},{"@type":"Organization","@id":"https:\/\/www.justiceinfo.net\/fr#organization","name":"Justice Info","url":"https:\/\/www.justiceinfo.net\/fr","logo":{"@type":"ImageObject","inLanguage":"fr-FR","@id":"https:\/\/www.justiceinfo.net\/fr#\/schema\/logo\/image\/","url":"https:\/\/www.justiceinfo.net\/wp-content\/uploads\/justiceinfo_logo-trans_1200x1200px.png","contentUrl":"https:\/\/www.justiceinfo.net\/wp-content\/uploads\/justiceinfo_logo-trans_1200x1200px.png","width":1199,"height":1200,"caption":"Justice Info"},"image":{"@id":"https:\/\/www.justiceinfo.net\/fr#\/schema\/logo\/image\/"},"sameAs":["https:\/\/www.facebook.com\/JusticeInfo\/","https:\/\/x.com\/justiceinfonet","https:\/\/www.linkedin.com\/company\/justice-info","https:\/\/www.youtube.com\/channel\/UCyCEsARodyuWtkWyhn-e7pA"]},{"@type":"Person","name":"Susan NJANJI","url":"\/fr\/?s=Susan NJANJI"}]}},"_links":{"self":[{"href":"https:\/\/www.justiceinfo.net\/fr\/wp-json\/wp\/v2\/posts\/32235","targetHints":{"allow":["GET"]}}],"collection":[{"href":"https:\/\/www.justiceinfo.net\/fr\/wp-json\/wp\/v2\/posts"}],"about":[{"href":"https:\/\/www.justiceinfo.net\/fr\/wp-json\/wp\/v2\/types\/post"}],"author":[{"embeddable":true,"href":"https:\/\/www.justiceinfo.net\/fr\/wp-json\/wp\/v2\/users\/64"}],"replies":[{"embeddable":true,"href":"https:\/\/www.justiceinfo.net\/fr\/wp-json\/wp\/v2\/comments?post=32235"}],"version-history":[{"count":0,"href":"https:\/\/www.justiceinfo.net\/fr\/wp-json\/wp\/v2\/posts\/32235\/revisions"}],"wp:featuredmedia":[{"embeddable":true,"href":"https:\/\/www.justiceinfo.net\/fr\/wp-json\/wp\/v2\/media\/62242"}],"wp:attachment":[{"href":"https:\/\/www.justiceinfo.net\/fr\/wp-json\/wp\/v2\/media?parent=32235"}],"wp:term":[{"taxonomy":"category","embeddable":true,"href":"https:\/\/www.justiceinfo.net\/fr\/wp-json\/wp\/v2\/categories?post=32235"},{"taxonomy":"post_tag","embeddable":true,"href":"https:\/\/www.justiceinfo.net\/fr\/wp-json\/wp\/v2\/tags?post=32235"},{"taxonomy":"ji_location","embeddable":true,"href":"https:\/\/www.justiceinfo.net\/fr\/wp-json\/wp\/v2\/ji_location?post=32235"}],"curies":[{"name":"wp","href":"https:\/\/api.w.org\/{rel}","templated":true}]}}