{"id":3225,"date":"2007-12-12T05:42:37","date_gmt":"2007-12-12T04:42:37","guid":{"rendered":"https:\/\/www.justiceinfo.net\/3225-111207-tpirmilitaires-ii-le-general-bizimungu-dit-avoir-appele-a-larret-des-massacres15.html"},"modified":"2007-12-12T05:42:37","modified_gmt":"2007-12-12T04:42:37","slug":"111207-tpirmilitaires-ii-le-general-bizimungu-dit-avoir-appele-a-larret-des-massacres15","status":"publish","type":"post","link":"https:\/\/www.justiceinfo.net\/fr\/3225-111207-tpirmilitaires-ii-le-general-bizimungu-dit-avoir-appele-a-larret-des-massacres15.html","title":{"rendered":"11.12.07 - TPIR\/MILITAIRES II  - LE GENERAL BIZIMUNGU DIT AVOIR APPELE A L\u2019ARRET DES MASSACRES"},"content":{"rendered":"<p  >\nArusha, 11 d\u00e9cembre 2007 (FH)-Le g\u00e9n\u00e9ral Augustin Bizimungu, chef d\u2019\u00e9tat-major de l\u2019arm\u00e9e rwandaise en 1994, a affirm\u00e9 avoir constamment appel\u00e9 \u00e0 l\u2019arr\u00eat des massacres, lors de son t\u00e9moignage mardi devant le Tribunal p\u00e9nal international pour le Rwanda (TPIR).<br \/>\nPoursuivi pour g\u00e9nocide, crimes contre l\u2019humanit\u00e9 et crimes de guerre, le g\u00e9n\u00e9ral Bizimungu est jug\u00e9 depuis septembre 2005 avec trois autres officiers.\n<\/p>\n<p><!--more--><\/p>\n<p  >\nIl plaide non coupable. Depuis la semaine derni\u00e8re, il t\u00e9moigne pour sa propre d\u00e9fense. Apr\u00e8s avoir termin\u00e9 mardi apr\u00e8s-midi son interrogatoire principal, il va \u00eatre contre- interrog\u00e9 par les autres \u00e9quipes de d\u00e9fense qui passeront le relais au procureur. Son t\u00e9moignage est pr\u00e9vu pour s'achever vendredi.<br \/>\nTr\u00e9s pr\u00e9cis et particuli\u00e8rement clair dans ses explications le g\u00e9n\u00e9ral Bizimungu a d\u00e9clar\u00e9 que d\u00e8s sa nomination \u00e0 l\u2019\u00e9tat major \u00e0 la mi-avril 1994, il avait invit\u00e9  la population \u00e0 \u00ab enterrer la hache de guerre \u00bb. \u00ab Trop, c\u2019est trop \u00bb, a cit\u00e9 Bizimungu en \u00e9voquant un extrait de son message radiodiffus\u00e9 le 22 avril 1994.<br \/>\nIl a ajout\u00e9 que la veille, il avait mandat\u00e9 deux hauts grad\u00e9s aupr\u00e8s du gouvernement qui s\u2019\u00e9tait repli\u00e9 au centre du pays afin qu\u2019ils interviennent aupr\u00e8s des responsables des partis politiques afin qu\u2019\u00e0 leur tour ils ordonnent \u00e0 leurs adh\u00e9rents qui commettaient des massacres d'y mettre fin. \u00ab Quand j\u2019avais l\u2019occasion de parler au premier ministre ou au ministre de la d\u00e9fense, je leur tenais ce langage de paix \u00bb, a-t-il poursuivi.<br \/>\nLe g\u00e9n\u00e9ral Bizimungu a mis en preuve une d\u00e9claration du premier ministre Jean Kambanda pour appuyer sa th\u00e8se. \u00ab Je recevais les plaintes r\u00e9p\u00e9t\u00e9es du chef d\u2019\u00e9tat-major de l\u2019arm\u00e9e et de son adjoint (le g\u00e9n\u00e9ral Gratien Kabiligi jug\u00e9 dans une autre affaire) me demandant d\u2019intervenir aupr\u00e8s des partis politiques en g\u00e9n\u00e9ral et du MRND (parti pr\u00e9sidentiel) afin de faire cesser les massacres \u00e0 Kigali et dans tout le pays \u00bb, indique Jean Kambanda qui a \u00e9t\u00e9 condamn\u00e9 \u00e0 la prison \u00e0 vie par le TPIR en 1998.<br \/>\n\u00ab Je n\u2019ai cess\u00e9 de le r\u00e9p\u00e9ter malgr\u00e9 les conditions difficiles dans lesquelles nous \u00e9tions, c\u2019\u00e9tait une constante pour moi \u00bb, a expliqu\u00e9 le g\u00e9n\u00e9ral Bizimungu. \u00ab En faisant ces gestes\u2026.je ne savais pas que j\u2019irai devant un tribunal, je les posais parce que j\u2019en \u00e9tais convaincu \u00bb, a-t-il rench\u00e9ri.<br \/>\nLe g\u00e9n\u00e9ral Bizimungu a par ailleurs r\u00e9pondu aux all\u00e9gations selon lesquelles il aurait refus\u00e9 d\u00e9lib\u00e9r\u00e9ment de punir les militaires qui s\u2019\u00e9taient livr\u00e9s aux exactions, affirmant que la situation qui pr\u00e9valait ne lui permettait pas d\u2019avoir acc\u00e8s \u00e0 l\u2019information.  \u00ab A partir du 19 avril, la situation tactique que nous avions, les moyens de communication qui se perdent, le personnel de l\u2019\u00e9tat major qui se r\u00e9duit comme peau de chagrin \u00bb font que le chef d\u2019\u00e9tat major n\u2019a pas d\u2019informations, a dit Bizimungu.<br \/>\nIl a cependant d\u00e9clar\u00e9 qu\u2019il avait propos\u00e9 au minist\u00e8re de la d\u00e9fense le remplacement de certains commandants de secteurs. \u00ab Tout cela c\u2019\u00e9tait dans le souci de demander qu\u2019il y ait une stabilisation du commandement qui puisse \u00e9tablir un contr\u00f4le disciplinaire sur les troupes mais la situation ne le permettait pas \u00bb, a-t-il t\u00e9moign\u00e9.<br \/>\nLe g\u00e9n\u00e9ral Bizimungu a assur\u00e9 qu\u2019il avait agi en fonction des bribes d\u2019informations qu\u2019il avait obtenues. Il a ajout\u00e9 que les pouvoirs du chef de l\u2019\u00e9tat major de l\u2019arm\u00e9e en 1994 \u00e9taient limit\u00e9s. Celui-ci, a-t-il dit, n\u2019est pas le chef des arm\u00e9es (militaires et gendarmes) d\u2019avant la r\u00e9forme de 1992, mais quelqu\u2019un qui d\u00e9pend du ministre de la d\u00e9fense et qui n\u2019a sous ses ordres que quelques officiers.<br \/>\nBizimungu est jug\u00e9 avec le g\u00e9n\u00e9ral Augustin Ndindiliyimana, ancien chef d\u2019\u00e9tat-major de la gendarmerie ainsi qu\u2019avec le major Fran\u00e7ois-Xavier Nzuwonemeye et le capitaine Innocent Sagahutu qui commandaient le bataillon de reconnaissance, une unit\u00e9 d\u2019\u00e9lite de l\u2019ancienne arm\u00e9e rwandaise.<br \/>\n AT\/PB\/GF<\/p>\n","protected":false},"excerpt":{"rendered":"<p>Arusha, 11 d\u00e9cembre 2007 (FH)-Le g\u00e9n\u00e9ral Augustin Bizimungu, chef d\u2019\u00e9tat-major de l\u2019arm\u00e9e rwandaise en 1994, a affirm\u00e9 avoir constamment appel\u00e9 \u00e0 l\u2019arr\u00eat des massacres, lors de son t\u00e9moignage mardi devant le Tribunal p\u00e9nal international pour le Rwanda (TPIR). Poursuivi pour g\u00e9nocide, crimes contre l\u2019humanit\u00e9 et crimes de guerre, le g\u00e9n\u00e9ral Bizimungu est jug\u00e9 depuis septembre [&hellip;]<\/p>\n","protected":false},"author":64,"featured_media":0,"comment_status":"open","ping_status":"closed","sticky":false,"template":"","format":"standard","meta":{"_acf_changed":false,"footnotes":""},"categories":[554],"tags":[],"ji_location":[],"class_list":["post-3225","post","type-post","status-publish","format-standard","hentry","category-hirondellenews"],"acf":[],"yoast_head":"<!-- This site is optimized with the Yoast SEO Premium plugin v25.3.1 (Yoast SEO v25.3.1) - https:\/\/yoast.com\/wordpress\/plugins\/seo\/ -->\n<title>11.12.07 - TPIR\/MILITAIRES II - LE GENERAL BIZIMUNGU DIT AVOIR APPELE A L\u2019ARRET DES MASSACRES - JusticeInfo.net<\/title>\n<meta name=\"robots\" content=\"index, follow, max-snippet:-1, max-image-preview:large, max-video-preview:-1\" \/>\n<link rel=\"canonical\" href=\"https:\/\/www.justiceinfo.net\/fr\/3225-111207-tpirmilitaires-ii-le-general-bizimungu-dit-avoir-appele-a-larret-des-massacres15.html\" \/>\n<meta property=\"og:locale\" content=\"fr_FR\" \/>\n<meta property=\"og:type\" content=\"article\" \/>\n<meta property=\"og:title\" content=\"11.12.07 - TPIR\/MILITAIRES II - LE GENERAL BIZIMUNGU DIT AVOIR APPELE A L\u2019ARRET DES MASSACRES\" \/>\n<meta property=\"og:description\" content=\"Arusha, 11 d\u00e9cembre 2007 (FH)-Le g\u00e9n\u00e9ral Augustin Bizimungu, chef d\u2019\u00e9tat-major de l\u2019arm\u00e9e rwandaise en 1994, a affirm\u00e9 avoir constamment appel\u00e9 \u00e0 l\u2019arr\u00eat des massacres, lors de son t\u00e9moignage mardi devant le Tribunal p\u00e9nal international pour le Rwanda (TPIR). Poursuivi pour g\u00e9nocide, crimes contre l\u2019humanit\u00e9 et crimes de guerre, le g\u00e9n\u00e9ral Bizimungu est jug\u00e9 depuis septembre [&hellip;]\" \/>\n<meta property=\"og:url\" content=\"https:\/\/www.justiceinfo.net\/fr\/3225-111207-tpirmilitaires-ii-le-general-bizimungu-dit-avoir-appele-a-larret-des-massacres15.html\" \/>\n<meta property=\"og:site_name\" content=\"JusticeInfo.net\" \/>\n<meta property=\"article:publisher\" content=\"https:\/\/www.facebook.com\/JusticeInfo\/\" \/>\n<meta property=\"article:published_time\" content=\"2007-12-12T04:42:37+00:00\" \/>\n<meta property=\"og:image\" content=\"https:\/\/www.justiceinfo.net\/wp-content\/uploads\/JusticeInfoNet_logo_1200x630px.jpg\" \/>\n\t<meta property=\"og:image:width\" content=\"1200\" \/>\n\t<meta property=\"og:image:height\" content=\"630\" \/>\n\t<meta property=\"og:image:type\" content=\"image\/jpeg\" \/>\n<meta name=\"author\" content=\"solivri\" \/>\n<meta name=\"twitter:card\" content=\"summary_large_image\" \/>\n<meta name=\"twitter:creator\" content=\"@justiceinfonet\" \/>\n<meta name=\"twitter:site\" content=\"@justiceinfonet\" \/>\n<meta name=\"twitter:label1\" content=\"\u00c9crit par\" \/>\n\t<meta name=\"twitter:data1\" content=\"solivri\" \/>\n\t<meta name=\"twitter:label2\" content=\"Dur\u00e9e de lecture estim\u00e9e\" \/>\n\t<meta name=\"twitter:data2\" content=\"4 minutes\" \/>\n<script type=\"application\/ld+json\" class=\"yoast-schema-graph\">{\"@context\":\"https:\/\/schema.org\",\"@graph\":[{\"@type\":\"NewsArticle\",\"@id\":\"https:\/\/www.justiceinfo.net\/fr\/3225-111207-tpirmilitaires-ii-le-general-bizimungu-dit-avoir-appele-a-larret-des-massacres15.html#article\",\"isPartOf\":{\"@id\":\"https:\/\/www.justiceinfo.net\/fr\/3225-111207-tpirmilitaires-ii-le-general-bizimungu-dit-avoir-appele-a-larret-des-massacres15.html\"},\"author\":{\"name\":\"solivri\",\"@id\":\"https:\/\/www.justiceinfo.net\/fr#\/schema\/person\/6e53cba1629e2e66f3fc1821d3091865\"},\"headline\":\"11.12.07 - TPIR\/MILITAIRES II - LE GENERAL BIZIMUNGU DIT AVOIR APPELE A L\u2019ARRET DES MASSACRES\",\"datePublished\":\"2007-12-12T04:42:37+00:00\",\"mainEntityOfPage\":{\"@id\":\"https:\/\/www.justiceinfo.net\/fr\/3225-111207-tpirmilitaires-ii-le-general-bizimungu-dit-avoir-appele-a-larret-des-massacres15.html\"},\"wordCount\":718,\"commentCount\":0,\"publisher\":{\"@id\":\"https:\/\/www.justiceinfo.net\/fr#organization\"},\"articleSection\":[\"Hirondelle News\"],\"inLanguage\":\"fr-FR\",\"potentialAction\":[{\"@type\":\"CommentAction\",\"name\":\"Comment\",\"target\":[\"https:\/\/www.justiceinfo.net\/fr\/3225-111207-tpirmilitaires-ii-le-general-bizimungu-dit-avoir-appele-a-larret-des-massacres15.html#respond\"]}]},{\"@type\":\"WebPage\",\"@id\":\"https:\/\/www.justiceinfo.net\/fr\/3225-111207-tpirmilitaires-ii-le-general-bizimungu-dit-avoir-appele-a-larret-des-massacres15.html\",\"url\":\"https:\/\/www.justiceinfo.net\/fr\/3225-111207-tpirmilitaires-ii-le-general-bizimungu-dit-avoir-appele-a-larret-des-massacres15.html\",\"name\":\"11.12.07 - TPIR\/MILITAIRES II - LE GENERAL BIZIMUNGU DIT AVOIR APPELE A L\u2019ARRET DES MASSACRES - JusticeInfo.net\",\"isPartOf\":{\"@id\":\"https:\/\/www.justiceinfo.net\/fr#website\"},\"datePublished\":\"2007-12-12T04:42:37+00:00\",\"breadcrumb\":{\"@id\":\"https:\/\/www.justiceinfo.net\/fr\/3225-111207-tpirmilitaires-ii-le-general-bizimungu-dit-avoir-appele-a-larret-des-massacres15.html#breadcrumb\"},\"inLanguage\":\"fr-FR\",\"potentialAction\":[{\"@type\":\"ReadAction\",\"target\":[\"https:\/\/www.justiceinfo.net\/fr\/3225-111207-tpirmilitaires-ii-le-general-bizimungu-dit-avoir-appele-a-larret-des-massacres15.html\"]}]},{\"@type\":\"BreadcrumbList\",\"@id\":\"https:\/\/www.justiceinfo.net\/fr\/3225-111207-tpirmilitaires-ii-le-general-bizimungu-dit-avoir-appele-a-larret-des-massacres15.html#breadcrumb\",\"itemListElement\":[{\"@type\":\"ListItem\",\"position\":1,\"name\":\"Home\",\"item\":\"https:\/\/www.justiceinfo.net\/fr\"},{\"@type\":\"ListItem\",\"position\":2,\"name\":\"11.12.07 - TPIR\/MILITAIRES II - LE GENERAL BIZIMUNGU DIT AVOIR APPELE A L\u2019ARRET DES MASSACRES\"}]},{\"@type\":\"WebSite\",\"@id\":\"https:\/\/www.justiceinfo.net\/fr#website\",\"url\":\"https:\/\/www.justiceinfo.net\/fr\",\"name\":\"JusticeInfo.net\",\"description\":\"La justice doit \u00eatre vue pour \u00eatre rendue\",\"publisher\":{\"@id\":\"https:\/\/www.justiceinfo.net\/fr#organization\"},\"potentialAction\":[{\"@type\":\"SearchAction\",\"target\":{\"@type\":\"EntryPoint\",\"urlTemplate\":\"https:\/\/www.justiceinfo.net\/fr?s={search_term_string}\"},\"query-input\":{\"@type\":\"PropertyValueSpecification\",\"valueRequired\":true,\"valueName\":\"search_term_string\"}}],\"inLanguage\":\"fr-FR\"},{\"@type\":\"Organization\",\"@id\":\"https:\/\/www.justiceinfo.net\/fr#organization\",\"name\":\"Justice Info\",\"url\":\"https:\/\/www.justiceinfo.net\/fr\",\"logo\":{\"@type\":\"ImageObject\",\"inLanguage\":\"fr-FR\",\"@id\":\"https:\/\/www.justiceinfo.net\/fr#\/schema\/logo\/image\/\",\"url\":\"https:\/\/www.justiceinfo.net\/wp-content\/uploads\/justiceinfo_logo-trans_1200x1200px.png\",\"contentUrl\":\"https:\/\/www.justiceinfo.net\/wp-content\/uploads\/justiceinfo_logo-trans_1200x1200px.png\",\"width\":1199,\"height\":1200,\"caption\":\"Justice Info\"},\"image\":{\"@id\":\"https:\/\/www.justiceinfo.net\/fr#\/schema\/logo\/image\/\"},\"sameAs\":[\"https:\/\/www.facebook.com\/JusticeInfo\/\",\"https:\/\/x.com\/justiceinfonet\",\"https:\/\/www.linkedin.com\/company\/justice-info\",\"https:\/\/www.youtube.com\/channel\/UCyCEsARodyuWtkWyhn-e7pA\"]},{\"@type\":\"Person\",\"name\":\"solivri\",\"url\":\"\/fr\/?s=solivri\"}]}<\/script>\n<!-- \/ Yoast SEO Premium plugin. -->","yoast_head_json":{"title":"11.12.07 - TPIR\/MILITAIRES II - LE GENERAL BIZIMUNGU DIT AVOIR APPELE A L\u2019ARRET DES MASSACRES - JusticeInfo.net","robots":{"index":"index","follow":"follow","max-snippet":"max-snippet:-1","max-image-preview":"max-image-preview:large","max-video-preview":"max-video-preview:-1"},"canonical":"https:\/\/www.justiceinfo.net\/fr\/3225-111207-tpirmilitaires-ii-le-general-bizimungu-dit-avoir-appele-a-larret-des-massacres15.html","og_locale":"fr_FR","og_type":"article","og_title":"11.12.07 - TPIR\/MILITAIRES II - LE GENERAL BIZIMUNGU DIT AVOIR APPELE A L\u2019ARRET DES MASSACRES","og_description":"Arusha, 11 d\u00e9cembre 2007 (FH)-Le g\u00e9n\u00e9ral Augustin Bizimungu, chef d\u2019\u00e9tat-major de l\u2019arm\u00e9e rwandaise en 1994, a affirm\u00e9 avoir constamment appel\u00e9 \u00e0 l\u2019arr\u00eat des massacres, lors de son t\u00e9moignage mardi devant le Tribunal p\u00e9nal international pour le Rwanda (TPIR). Poursuivi pour g\u00e9nocide, crimes contre l\u2019humanit\u00e9 et crimes de guerre, le g\u00e9n\u00e9ral Bizimungu est jug\u00e9 depuis septembre [&hellip;]","og_url":"https:\/\/www.justiceinfo.net\/fr\/3225-111207-tpirmilitaires-ii-le-general-bizimungu-dit-avoir-appele-a-larret-des-massacres15.html","og_site_name":"JusticeInfo.net","article_publisher":"https:\/\/www.facebook.com\/JusticeInfo\/","article_published_time":"2007-12-12T04:42:37+00:00","og_image":[{"width":1200,"height":630,"url":"https:\/\/www.justiceinfo.net\/wp-content\/uploads\/JusticeInfoNet_logo_1200x630px.jpg","type":"image\/jpeg"}],"author":"solivri","twitter_card":"summary_large_image","twitter_creator":"@justiceinfonet","twitter_site":"@justiceinfonet","twitter_misc":{"\u00c9crit par":"solivri","Dur\u00e9e de lecture estim\u00e9e":"4 minutes"},"schema":{"@context":"https:\/\/schema.org","@graph":[{"@type":"NewsArticle","@id":"https:\/\/www.justiceinfo.net\/fr\/3225-111207-tpirmilitaires-ii-le-general-bizimungu-dit-avoir-appele-a-larret-des-massacres15.html#article","isPartOf":{"@id":"https:\/\/www.justiceinfo.net\/fr\/3225-111207-tpirmilitaires-ii-le-general-bizimungu-dit-avoir-appele-a-larret-des-massacres15.html"},"author":{"name":"solivri","@id":"https:\/\/www.justiceinfo.net\/fr#\/schema\/person\/6e53cba1629e2e66f3fc1821d3091865"},"headline":"11.12.07 - TPIR\/MILITAIRES II - LE GENERAL BIZIMUNGU DIT AVOIR APPELE A L\u2019ARRET DES MASSACRES","datePublished":"2007-12-12T04:42:37+00:00","mainEntityOfPage":{"@id":"https:\/\/www.justiceinfo.net\/fr\/3225-111207-tpirmilitaires-ii-le-general-bizimungu-dit-avoir-appele-a-larret-des-massacres15.html"},"wordCount":718,"commentCount":0,"publisher":{"@id":"https:\/\/www.justiceinfo.net\/fr#organization"},"articleSection":["Hirondelle News"],"inLanguage":"fr-FR","potentialAction":[{"@type":"CommentAction","name":"Comment","target":["https:\/\/www.justiceinfo.net\/fr\/3225-111207-tpirmilitaires-ii-le-general-bizimungu-dit-avoir-appele-a-larret-des-massacres15.html#respond"]}]},{"@type":"WebPage","@id":"https:\/\/www.justiceinfo.net\/fr\/3225-111207-tpirmilitaires-ii-le-general-bizimungu-dit-avoir-appele-a-larret-des-massacres15.html","url":"https:\/\/www.justiceinfo.net\/fr\/3225-111207-tpirmilitaires-ii-le-general-bizimungu-dit-avoir-appele-a-larret-des-massacres15.html","name":"11.12.07 - TPIR\/MILITAIRES II - LE GENERAL BIZIMUNGU DIT AVOIR APPELE A L\u2019ARRET DES MASSACRES - JusticeInfo.net","isPartOf":{"@id":"https:\/\/www.justiceinfo.net\/fr#website"},"datePublished":"2007-12-12T04:42:37+00:00","breadcrumb":{"@id":"https:\/\/www.justiceinfo.net\/fr\/3225-111207-tpirmilitaires-ii-le-general-bizimungu-dit-avoir-appele-a-larret-des-massacres15.html#breadcrumb"},"inLanguage":"fr-FR","potentialAction":[{"@type":"ReadAction","target":["https:\/\/www.justiceinfo.net\/fr\/3225-111207-tpirmilitaires-ii-le-general-bizimungu-dit-avoir-appele-a-larret-des-massacres15.html"]}]},{"@type":"BreadcrumbList","@id":"https:\/\/www.justiceinfo.net\/fr\/3225-111207-tpirmilitaires-ii-le-general-bizimungu-dit-avoir-appele-a-larret-des-massacres15.html#breadcrumb","itemListElement":[{"@type":"ListItem","position":1,"name":"Home","item":"https:\/\/www.justiceinfo.net\/fr"},{"@type":"ListItem","position":2,"name":"11.12.07 - TPIR\/MILITAIRES II - LE GENERAL BIZIMUNGU DIT AVOIR APPELE A L\u2019ARRET DES MASSACRES"}]},{"@type":"WebSite","@id":"https:\/\/www.justiceinfo.net\/fr#website","url":"https:\/\/www.justiceinfo.net\/fr","name":"JusticeInfo.net","description":"La justice doit \u00eatre vue pour \u00eatre rendue","publisher":{"@id":"https:\/\/www.justiceinfo.net\/fr#organization"},"potentialAction":[{"@type":"SearchAction","target":{"@type":"EntryPoint","urlTemplate":"https:\/\/www.justiceinfo.net\/fr?s={search_term_string}"},"query-input":{"@type":"PropertyValueSpecification","valueRequired":true,"valueName":"search_term_string"}}],"inLanguage":"fr-FR"},{"@type":"Organization","@id":"https:\/\/www.justiceinfo.net\/fr#organization","name":"Justice Info","url":"https:\/\/www.justiceinfo.net\/fr","logo":{"@type":"ImageObject","inLanguage":"fr-FR","@id":"https:\/\/www.justiceinfo.net\/fr#\/schema\/logo\/image\/","url":"https:\/\/www.justiceinfo.net\/wp-content\/uploads\/justiceinfo_logo-trans_1200x1200px.png","contentUrl":"https:\/\/www.justiceinfo.net\/wp-content\/uploads\/justiceinfo_logo-trans_1200x1200px.png","width":1199,"height":1200,"caption":"Justice Info"},"image":{"@id":"https:\/\/www.justiceinfo.net\/fr#\/schema\/logo\/image\/"},"sameAs":["https:\/\/www.facebook.com\/JusticeInfo\/","https:\/\/x.com\/justiceinfonet","https:\/\/www.linkedin.com\/company\/justice-info","https:\/\/www.youtube.com\/channel\/UCyCEsARodyuWtkWyhn-e7pA"]},{"@type":"Person","name":"solivri","url":"\/fr\/?s=solivri"}]}},"_links":{"self":[{"href":"https:\/\/www.justiceinfo.net\/fr\/wp-json\/wp\/v2\/posts\/3225","targetHints":{"allow":["GET"]}}],"collection":[{"href":"https:\/\/www.justiceinfo.net\/fr\/wp-json\/wp\/v2\/posts"}],"about":[{"href":"https:\/\/www.justiceinfo.net\/fr\/wp-json\/wp\/v2\/types\/post"}],"author":[{"embeddable":true,"href":"https:\/\/www.justiceinfo.net\/fr\/wp-json\/wp\/v2\/users\/64"}],"replies":[{"embeddable":true,"href":"https:\/\/www.justiceinfo.net\/fr\/wp-json\/wp\/v2\/comments?post=3225"}],"version-history":[{"count":0,"href":"https:\/\/www.justiceinfo.net\/fr\/wp-json\/wp\/v2\/posts\/3225\/revisions"}],"wp:attachment":[{"href":"https:\/\/www.justiceinfo.net\/fr\/wp-json\/wp\/v2\/media?parent=3225"}],"wp:term":[{"taxonomy":"category","embeddable":true,"href":"https:\/\/www.justiceinfo.net\/fr\/wp-json\/wp\/v2\/categories?post=3225"},{"taxonomy":"post_tag","embeddable":true,"href":"https:\/\/www.justiceinfo.net\/fr\/wp-json\/wp\/v2\/tags?post=3225"},{"taxonomy":"ji_location","embeddable":true,"href":"https:\/\/www.justiceinfo.net\/fr\/wp-json\/wp\/v2\/ji_location?post=3225"}],"curies":[{"name":"wp","href":"https:\/\/api.w.org\/{rel}","templated":true}]}}