{"id":32303,"date":"2017-02-28T17:40:02","date_gmt":"2017-02-28T16:40:02","guid":{"rendered":"https:\/\/www.justiceinfo.net\/32303-syrie-sept-veto-russes-depuis-le-debut-du-conflit.html"},"modified":"2017-02-28T17:40:02","modified_gmt":"2017-02-28T16:40:02","slug":"syrie-sept-veto-russes-depuis-le-debut-du-conflit","status":"publish","type":"post","link":"https:\/\/www.justiceinfo.net\/fr\/32303-syrie-sept-veto-russes-depuis-le-debut-du-conflit.html","title":{"rendered":"Syrie: sept veto russes depuis le d\u00e9but du conflit"},"content":{"rendered":"<div class=\"content-excerpt\">\n<p>En six ans de guerre, la Russie a prot\u00e9g\u00e9 son alli\u00e9 des pressions occidentales en opposant sept fois son veto au Conseil de s\u00e9curit\u00e9, suivie \u00e0 six reprises par la Chine.<\/p>\n<p>Moscou et P\u00e9kin ont un droit de veto, comme les trois autres membres permanents, Etats-Unis, France et Royaume-Uni. Le Conseil compte dix autres membres non permanents, renouvel\u00e9s partiellement tous les ans.<\/p>\n<\/div>\n<h3>- R\u00e9pression -<\/h3>\n<p>En octobre 2011, la Russie et la Chine bloquent un projet de r\u00e9solution des Occidentaux mena\u00e7ant le r\u00e9gime de \"mesures cibl\u00e9es\" pour la r\u00e9pression sanglante des manifestations. Neuf pays ont vot\u00e9 pour la r\u00e9solution, quatre se sont abstenus.<\/p>\n<p>Le retrait d'une r\u00e9f\u00e9rence directe \u00e0 des sanctions n'a pas suffi \u00e0 surmonter l'opposition de Moscou.<\/p>\n<p>En f\u00e9vrier 2012, nouveau veto russo-chinois \u00e0 un projet de r\u00e9solution pr\u00e9sent\u00e9 par les Occidentaux et des pays arabes condamnant la r\u00e9pression. Les 13 autres ont vot\u00e9 en faveur du texte.<\/p>\n<p>Ce projet exprimait le \"soutien sans r\u00e9serve\" du Conseil au plan de la Ligue arabe pour parvenir \u00e0 une transition d\u00e9mocratique et d\u00e9non\u00e7ait les \"violations flagrantes et g\u00e9n\u00e9ralis\u00e9es\" des droits de l'homme par le r\u00e9gime.<\/p>\n<p>Le veto provoque l'indignation dans le monde arabe, en Occident et au sein de l'opposition, d'autant plus qu'il intervient quelques heures apr\u00e8s un bombardement \u00e0 Homs (centre) ayant fait plus de 230 morts selon l'opposition.<\/p>\n<h3>- Armes lourdes -<\/h3>\n<p>En juillet 2012, Moscou et P\u00e9kin s'opposent \u00e0 une r\u00e9solution occidentale mena\u00e7ant Damas de sanctions. La r\u00e9solution a recueilli 11 voix pour, 2 contre et 2 abstentions.<\/p>\n<p>Le projet brandissait la menace de sanctions \u00e9conomiques si les forces syriennes ne cessaient pas d'utiliser leurs armes lourdes contre l'opposition. Pour l'ambassadeur russe Vitali Tchourkine, cela aurait ouvert \"la voie\" \u00e0 une intervention militaire.<\/p>\n<p>En mai 2014, la Russie et la Chine bloquent un projet de r\u00e9solution fran\u00e7ais qui pr\u00e9voyait de saisir la Cour p\u00e9nale internationale (CPI) des crimes commis par les deux camps. Le texte \u00e9tait co-parrain\u00e9 par une soixantaine de pays.<\/p>\n<h3>- Raids sur Alep -<\/h3>\n<p>En octobre 2016, la Russie met son veto \u00e0 un texte pr\u00e9sent\u00e9 une nouvelle fois par la France, qui appelait \u00e0 une cessation imm\u00e9diate des bombardements sur Alep. La Chine, qui s'alignait jusque-l\u00e0 sur la position russe, s'abstient.<\/p>\n<p>D\u00e9but d\u00e9cembre 2016, la Russie et la Chine mettent leur veto \u00e0 une r\u00e9solution demandant une tr\u00eave de sept jours \u00e0 Alep (nord de la Syrie).<\/p>\n<p>Depuis le 15 novembre, les quartiers rebelles subissaient les bombardements les plus violents depuis deux ans, \u00e0 coups de barils d'explosifs, d'obus et de roquettes.<\/p>\n<h3>- Armes chimiques -<\/h3>\n<p>Le 28 f\u00e9vrier 2017, la Russie et la Chine mettent leur veto \u00e0 une r\u00e9solution pr\u00e9voyant des sanctions contre la Syrie pour son utilisation d'armes chimiques.<\/p>\n","protected":false},"excerpt":{"rendered":"<p>En six ans de guerre, la Russie a prot\u00e9g\u00e9 son alli\u00e9 des pressions occidentales en opposant sept fois son veto au Conseil de s\u00e9curit\u00e9, suivie \u00e0 six reprises par la Chine. Moscou et P\u00e9kin ont un droit de veto, comme les trois autres membres permanents, Etats-Unis, France et Royaume-Uni. Le Conseil compte dix autres membres [&hellip;]<\/p>\n","protected":false},"author":60,"featured_media":64457,"comment_status":"open","ping_status":"closed","sticky":false,"template":"","format":"standard","meta":{"_acf_changed":false,"footnotes":""},"categories":[556],"tags":[],"ji_location":[2498],"class_list":["post-32303","post","type-post","status-publish","format-standard","has-post-thumbnail","hentry","category-divers","ji_location-syrie"],"acf":[],"yoast_head":"<!-- This site is optimized with the Yoast SEO Premium plugin v25.3.1 (Yoast SEO v25.3.1) - https:\/\/yoast.com\/wordpress\/plugins\/seo\/ -->\n<title>Syrie: sept veto russes depuis le d\u00e9but du conflit - JusticeInfo.net<\/title>\n<meta name=\"robots\" content=\"index, follow, max-snippet:-1, max-image-preview:large, max-video-preview:-1\" \/>\n<link rel=\"canonical\" href=\"https:\/\/www.justiceinfo.net\/fr\/32303-syrie-sept-veto-russes-depuis-le-debut-du-conflit.html\" \/>\n<meta property=\"og:locale\" content=\"fr_FR\" \/>\n<meta property=\"og:type\" content=\"article\" \/>\n<meta property=\"og:title\" content=\"Syrie: sept veto russes depuis le d\u00e9but du conflit\" \/>\n<meta property=\"og:description\" content=\"En six ans de guerre, la Russie a prot\u00e9g\u00e9 son alli\u00e9 des pressions occidentales en opposant sept fois son veto au Conseil de s\u00e9curit\u00e9, suivie \u00e0 six reprises par la Chine. Moscou et P\u00e9kin ont un droit de veto, comme les trois autres membres permanents, Etats-Unis, France et Royaume-Uni. Le Conseil compte dix autres membres [&hellip;]\" \/>\n<meta property=\"og:url\" content=\"https:\/\/www.justiceinfo.net\/fr\/32303-syrie-sept-veto-russes-depuis-le-debut-du-conflit.html\" \/>\n<meta property=\"og:site_name\" content=\"JusticeInfo.net\" \/>\n<meta property=\"article:publisher\" content=\"https:\/\/www.facebook.com\/JusticeInfo\/\" \/>\n<meta property=\"article:published_time\" content=\"2017-02-28T16:40:02+00:00\" \/>\n<meta property=\"og:image\" content=\"https:\/\/www.justiceinfo.net\/wp-content\/uploads\/2a27f766cd9f442afdfdba2d85062f4d-scaled.jpg\" \/>\n\t<meta property=\"og:image:width\" content=\"2560\" \/>\n\t<meta property=\"og:image:height\" content=\"1704\" \/>\n\t<meta property=\"og:image:type\" content=\"image\/jpeg\" \/>\n<meta name=\"author\" content=\"AFP\" \/>\n<meta name=\"twitter:card\" content=\"summary_large_image\" \/>\n<meta name=\"twitter:creator\" content=\"@justiceinfonet\" \/>\n<meta name=\"twitter:site\" content=\"@justiceinfonet\" \/>\n<meta name=\"twitter:label1\" content=\"\u00c9crit par\" \/>\n\t<meta name=\"twitter:data1\" content=\"AFP\" \/>\n\t<meta name=\"twitter:label2\" content=\"Dur\u00e9e de lecture estim\u00e9e\" \/>\n\t<meta name=\"twitter:data2\" content=\"2 minutes\" \/>\n<script type=\"application\/ld+json\" class=\"yoast-schema-graph\">{\"@context\":\"https:\/\/schema.org\",\"@graph\":[{\"@type\":\"NewsArticle\",\"@id\":\"https:\/\/www.justiceinfo.net\/fr\/32303-syrie-sept-veto-russes-depuis-le-debut-du-conflit.html#article\",\"isPartOf\":{\"@id\":\"https:\/\/www.justiceinfo.net\/fr\/32303-syrie-sept-veto-russes-depuis-le-debut-du-conflit.html\"},\"author\":{\"name\":\"afp\",\"@id\":\"https:\/\/www.justiceinfo.net\/fr#\/schema\/person\/713d340ef5f218fc36ce9b4244364a7f\"},\"headline\":\"Syrie: sept veto russes depuis le d\u00e9but du conflit\",\"datePublished\":\"2017-02-28T16:40:02+00:00\",\"mainEntityOfPage\":{\"@id\":\"https:\/\/www.justiceinfo.net\/fr\/32303-syrie-sept-veto-russes-depuis-le-debut-du-conflit.html\"},\"wordCount\":492,\"commentCount\":0,\"publisher\":{\"@id\":\"https:\/\/www.justiceinfo.net\/fr#organization\"},\"image\":{\"@id\":\"https:\/\/www.justiceinfo.net\/fr\/32303-syrie-sept-veto-russes-depuis-le-debut-du-conflit.html#primaryimage\"},\"thumbnailUrl\":\"https:\/\/www.justiceinfo.net\/wp-content\/uploads\/2a27f766cd9f442afdfdba2d85062f4d-scaled.jpg\",\"articleSection\":[\"Divers\"],\"inLanguage\":\"fr-FR\",\"potentialAction\":[{\"@type\":\"CommentAction\",\"name\":\"Comment\",\"target\":[\"https:\/\/www.justiceinfo.net\/fr\/32303-syrie-sept-veto-russes-depuis-le-debut-du-conflit.html#respond\"]}]},{\"@type\":\"WebPage\",\"@id\":\"https:\/\/www.justiceinfo.net\/fr\/32303-syrie-sept-veto-russes-depuis-le-debut-du-conflit.html\",\"url\":\"https:\/\/www.justiceinfo.net\/fr\/32303-syrie-sept-veto-russes-depuis-le-debut-du-conflit.html\",\"name\":\"Syrie: sept veto russes depuis le d\u00e9but du conflit - JusticeInfo.net\",\"isPartOf\":{\"@id\":\"https:\/\/www.justiceinfo.net\/fr#website\"},\"primaryImageOfPage\":{\"@id\":\"https:\/\/www.justiceinfo.net\/fr\/32303-syrie-sept-veto-russes-depuis-le-debut-du-conflit.html#primaryimage\"},\"image\":{\"@id\":\"https:\/\/www.justiceinfo.net\/fr\/32303-syrie-sept-veto-russes-depuis-le-debut-du-conflit.html#primaryimage\"},\"thumbnailUrl\":\"https:\/\/www.justiceinfo.net\/wp-content\/uploads\/2a27f766cd9f442afdfdba2d85062f4d-scaled.jpg\",\"datePublished\":\"2017-02-28T16:40:02+00:00\",\"breadcrumb\":{\"@id\":\"https:\/\/www.justiceinfo.net\/fr\/32303-syrie-sept-veto-russes-depuis-le-debut-du-conflit.html#breadcrumb\"},\"inLanguage\":\"fr-FR\",\"potentialAction\":[{\"@type\":\"ReadAction\",\"target\":[\"https:\/\/www.justiceinfo.net\/fr\/32303-syrie-sept-veto-russes-depuis-le-debut-du-conflit.html\"]}]},{\"@type\":\"ImageObject\",\"inLanguage\":\"fr-FR\",\"@id\":\"https:\/\/www.justiceinfo.net\/fr\/32303-syrie-sept-veto-russes-depuis-le-debut-du-conflit.html#primaryimage\",\"url\":\"https:\/\/www.justiceinfo.net\/wp-content\/uploads\/2a27f766cd9f442afdfdba2d85062f4d-scaled.jpg\",\"contentUrl\":\"https:\/\/www.justiceinfo.net\/wp-content\/uploads\/2a27f766cd9f442afdfdba2d85062f4d-scaled.jpg\",\"width\":2560,\"height\":1704},{\"@type\":\"BreadcrumbList\",\"@id\":\"https:\/\/www.justiceinfo.net\/fr\/32303-syrie-sept-veto-russes-depuis-le-debut-du-conflit.html#breadcrumb\",\"itemListElement\":[{\"@type\":\"ListItem\",\"position\":1,\"name\":\"Home\",\"item\":\"https:\/\/www.justiceinfo.net\/fr\"},{\"@type\":\"ListItem\",\"position\":2,\"name\":\"Syrie: sept veto russes depuis le d\u00e9but du conflit\"}]},{\"@type\":\"WebSite\",\"@id\":\"https:\/\/www.justiceinfo.net\/fr#website\",\"url\":\"https:\/\/www.justiceinfo.net\/fr\",\"name\":\"JusticeInfo.net\",\"description\":\"La justice doit \u00eatre vue pour \u00eatre rendue\",\"publisher\":{\"@id\":\"https:\/\/www.justiceinfo.net\/fr#organization\"},\"potentialAction\":[{\"@type\":\"SearchAction\",\"target\":{\"@type\":\"EntryPoint\",\"urlTemplate\":\"https:\/\/www.justiceinfo.net\/fr?s={search_term_string}\"},\"query-input\":{\"@type\":\"PropertyValueSpecification\",\"valueRequired\":true,\"valueName\":\"search_term_string\"}}],\"inLanguage\":\"fr-FR\"},{\"@type\":\"Organization\",\"@id\":\"https:\/\/www.justiceinfo.net\/fr#organization\",\"name\":\"Justice Info\",\"url\":\"https:\/\/www.justiceinfo.net\/fr\",\"logo\":{\"@type\":\"ImageObject\",\"inLanguage\":\"fr-FR\",\"@id\":\"https:\/\/www.justiceinfo.net\/fr#\/schema\/logo\/image\/\",\"url\":\"https:\/\/www.justiceinfo.net\/wp-content\/uploads\/justiceinfo_logo-trans_1200x1200px.png\",\"contentUrl\":\"https:\/\/www.justiceinfo.net\/wp-content\/uploads\/justiceinfo_logo-trans_1200x1200px.png\",\"width\":1199,\"height\":1200,\"caption\":\"Justice Info\"},\"image\":{\"@id\":\"https:\/\/www.justiceinfo.net\/fr#\/schema\/logo\/image\/\"},\"sameAs\":[\"https:\/\/www.facebook.com\/JusticeInfo\/\",\"https:\/\/x.com\/justiceinfonet\",\"https:\/\/www.linkedin.com\/company\/justice-info\",\"https:\/\/www.youtube.com\/channel\/UCyCEsARodyuWtkWyhn-e7pA\"]},{\"@type\":\"Person\",\"name\":\"AFP\",\"url\":\"\/fr\/?s=AFP\"}]}<\/script>\n<!-- \/ Yoast SEO Premium plugin. -->","yoast_head_json":{"title":"Syrie: sept veto russes depuis le d\u00e9but du conflit - JusticeInfo.net","robots":{"index":"index","follow":"follow","max-snippet":"max-snippet:-1","max-image-preview":"max-image-preview:large","max-video-preview":"max-video-preview:-1"},"canonical":"https:\/\/www.justiceinfo.net\/fr\/32303-syrie-sept-veto-russes-depuis-le-debut-du-conflit.html","og_locale":"fr_FR","og_type":"article","og_title":"Syrie: sept veto russes depuis le d\u00e9but du conflit","og_description":"En six ans de guerre, la Russie a prot\u00e9g\u00e9 son alli\u00e9 des pressions occidentales en opposant sept fois son veto au Conseil de s\u00e9curit\u00e9, suivie \u00e0 six reprises par la Chine. Moscou et P\u00e9kin ont un droit de veto, comme les trois autres membres permanents, Etats-Unis, France et Royaume-Uni. Le Conseil compte dix autres membres [&hellip;]","og_url":"https:\/\/www.justiceinfo.net\/fr\/32303-syrie-sept-veto-russes-depuis-le-debut-du-conflit.html","og_site_name":"JusticeInfo.net","article_publisher":"https:\/\/www.facebook.com\/JusticeInfo\/","article_published_time":"2017-02-28T16:40:02+00:00","og_image":[{"width":2560,"height":1704,"url":"https:\/\/www.justiceinfo.net\/wp-content\/uploads\/2a27f766cd9f442afdfdba2d85062f4d-scaled.jpg","type":"image\/jpeg"}],"author":"AFP","twitter_card":"summary_large_image","twitter_creator":"@justiceinfonet","twitter_site":"@justiceinfonet","twitter_misc":{"\u00c9crit par":"AFP","Dur\u00e9e de lecture estim\u00e9e":"2 minutes"},"schema":{"@context":"https:\/\/schema.org","@graph":[{"@type":"NewsArticle","@id":"https:\/\/www.justiceinfo.net\/fr\/32303-syrie-sept-veto-russes-depuis-le-debut-du-conflit.html#article","isPartOf":{"@id":"https:\/\/www.justiceinfo.net\/fr\/32303-syrie-sept-veto-russes-depuis-le-debut-du-conflit.html"},"author":{"name":"afp","@id":"https:\/\/www.justiceinfo.net\/fr#\/schema\/person\/713d340ef5f218fc36ce9b4244364a7f"},"headline":"Syrie: sept veto russes depuis le d\u00e9but du conflit","datePublished":"2017-02-28T16:40:02+00:00","mainEntityOfPage":{"@id":"https:\/\/www.justiceinfo.net\/fr\/32303-syrie-sept-veto-russes-depuis-le-debut-du-conflit.html"},"wordCount":492,"commentCount":0,"publisher":{"@id":"https:\/\/www.justiceinfo.net\/fr#organization"},"image":{"@id":"https:\/\/www.justiceinfo.net\/fr\/32303-syrie-sept-veto-russes-depuis-le-debut-du-conflit.html#primaryimage"},"thumbnailUrl":"https:\/\/www.justiceinfo.net\/wp-content\/uploads\/2a27f766cd9f442afdfdba2d85062f4d-scaled.jpg","articleSection":["Divers"],"inLanguage":"fr-FR","potentialAction":[{"@type":"CommentAction","name":"Comment","target":["https:\/\/www.justiceinfo.net\/fr\/32303-syrie-sept-veto-russes-depuis-le-debut-du-conflit.html#respond"]}]},{"@type":"WebPage","@id":"https:\/\/www.justiceinfo.net\/fr\/32303-syrie-sept-veto-russes-depuis-le-debut-du-conflit.html","url":"https:\/\/www.justiceinfo.net\/fr\/32303-syrie-sept-veto-russes-depuis-le-debut-du-conflit.html","name":"Syrie: sept veto russes depuis le d\u00e9but du conflit - JusticeInfo.net","isPartOf":{"@id":"https:\/\/www.justiceinfo.net\/fr#website"},"primaryImageOfPage":{"@id":"https:\/\/www.justiceinfo.net\/fr\/32303-syrie-sept-veto-russes-depuis-le-debut-du-conflit.html#primaryimage"},"image":{"@id":"https:\/\/www.justiceinfo.net\/fr\/32303-syrie-sept-veto-russes-depuis-le-debut-du-conflit.html#primaryimage"},"thumbnailUrl":"https:\/\/www.justiceinfo.net\/wp-content\/uploads\/2a27f766cd9f442afdfdba2d85062f4d-scaled.jpg","datePublished":"2017-02-28T16:40:02+00:00","breadcrumb":{"@id":"https:\/\/www.justiceinfo.net\/fr\/32303-syrie-sept-veto-russes-depuis-le-debut-du-conflit.html#breadcrumb"},"inLanguage":"fr-FR","potentialAction":[{"@type":"ReadAction","target":["https:\/\/www.justiceinfo.net\/fr\/32303-syrie-sept-veto-russes-depuis-le-debut-du-conflit.html"]}]},{"@type":"ImageObject","inLanguage":"fr-FR","@id":"https:\/\/www.justiceinfo.net\/fr\/32303-syrie-sept-veto-russes-depuis-le-debut-du-conflit.html#primaryimage","url":"https:\/\/www.justiceinfo.net\/wp-content\/uploads\/2a27f766cd9f442afdfdba2d85062f4d-scaled.jpg","contentUrl":"https:\/\/www.justiceinfo.net\/wp-content\/uploads\/2a27f766cd9f442afdfdba2d85062f4d-scaled.jpg","width":2560,"height":1704},{"@type":"BreadcrumbList","@id":"https:\/\/www.justiceinfo.net\/fr\/32303-syrie-sept-veto-russes-depuis-le-debut-du-conflit.html#breadcrumb","itemListElement":[{"@type":"ListItem","position":1,"name":"Home","item":"https:\/\/www.justiceinfo.net\/fr"},{"@type":"ListItem","position":2,"name":"Syrie: sept veto russes depuis le d\u00e9but du conflit"}]},{"@type":"WebSite","@id":"https:\/\/www.justiceinfo.net\/fr#website","url":"https:\/\/www.justiceinfo.net\/fr","name":"JusticeInfo.net","description":"La justice doit \u00eatre vue pour \u00eatre rendue","publisher":{"@id":"https:\/\/www.justiceinfo.net\/fr#organization"},"potentialAction":[{"@type":"SearchAction","target":{"@type":"EntryPoint","urlTemplate":"https:\/\/www.justiceinfo.net\/fr?s={search_term_string}"},"query-input":{"@type":"PropertyValueSpecification","valueRequired":true,"valueName":"search_term_string"}}],"inLanguage":"fr-FR"},{"@type":"Organization","@id":"https:\/\/www.justiceinfo.net\/fr#organization","name":"Justice Info","url":"https:\/\/www.justiceinfo.net\/fr","logo":{"@type":"ImageObject","inLanguage":"fr-FR","@id":"https:\/\/www.justiceinfo.net\/fr#\/schema\/logo\/image\/","url":"https:\/\/www.justiceinfo.net\/wp-content\/uploads\/justiceinfo_logo-trans_1200x1200px.png","contentUrl":"https:\/\/www.justiceinfo.net\/wp-content\/uploads\/justiceinfo_logo-trans_1200x1200px.png","width":1199,"height":1200,"caption":"Justice Info"},"image":{"@id":"https:\/\/www.justiceinfo.net\/fr#\/schema\/logo\/image\/"},"sameAs":["https:\/\/www.facebook.com\/JusticeInfo\/","https:\/\/x.com\/justiceinfonet","https:\/\/www.linkedin.com\/company\/justice-info","https:\/\/www.youtube.com\/channel\/UCyCEsARodyuWtkWyhn-e7pA"]},{"@type":"Person","name":"AFP","url":"\/fr\/?s=AFP"}]}},"_links":{"self":[{"href":"https:\/\/www.justiceinfo.net\/fr\/wp-json\/wp\/v2\/posts\/32303","targetHints":{"allow":["GET"]}}],"collection":[{"href":"https:\/\/www.justiceinfo.net\/fr\/wp-json\/wp\/v2\/posts"}],"about":[{"href":"https:\/\/www.justiceinfo.net\/fr\/wp-json\/wp\/v2\/types\/post"}],"author":[{"embeddable":true,"href":"https:\/\/www.justiceinfo.net\/fr\/wp-json\/wp\/v2\/users\/60"}],"replies":[{"embeddable":true,"href":"https:\/\/www.justiceinfo.net\/fr\/wp-json\/wp\/v2\/comments?post=32303"}],"version-history":[{"count":0,"href":"https:\/\/www.justiceinfo.net\/fr\/wp-json\/wp\/v2\/posts\/32303\/revisions"}],"wp:featuredmedia":[{"embeddable":true,"href":"https:\/\/www.justiceinfo.net\/fr\/wp-json\/wp\/v2\/media\/64457"}],"wp:attachment":[{"href":"https:\/\/www.justiceinfo.net\/fr\/wp-json\/wp\/v2\/media?parent=32303"}],"wp:term":[{"taxonomy":"category","embeddable":true,"href":"https:\/\/www.justiceinfo.net\/fr\/wp-json\/wp\/v2\/categories?post=32303"},{"taxonomy":"post_tag","embeddable":true,"href":"https:\/\/www.justiceinfo.net\/fr\/wp-json\/wp\/v2\/tags?post=32303"},{"taxonomy":"ji_location","embeddable":true,"href":"https:\/\/www.justiceinfo.net\/fr\/wp-json\/wp\/v2\/ji_location?post=32303"}],"curies":[{"name":"wp","href":"https:\/\/api.w.org\/{rel}","templated":true}]}}