{"id":32306,"date":"2017-03-02T06:01:00","date_gmt":"2017-03-02T05:01:00","guid":{"rendered":"https:\/\/www.justiceinfo.net\/32306-tunisie-un-avocat-sengage-pour-la-depenalisation-du-cannabis.html"},"modified":"2017-03-02T06:01:00","modified_gmt":"2017-03-02T05:01:00","slug":"tunisie-un-avocat-sengage-pour-la-depenalisation-du-cannabis","status":"publish","type":"post","link":"https:\/\/www.justiceinfo.net\/fr\/32306-tunisie-un-avocat-sengage-pour-la-depenalisation-du-cannabis.html","title":{"rendered":"Tunisie : un avocat s\u2019engage pour la d\u00e9p\u00e9nalisation du cannabis"},"content":{"rendered":"<p><strong>Si les deux t\u00eates de l\u2019ex\u00e9cutif tunisien semblent convaincues aujourd\u2019hui de la n\u00e9cessit\u00e9 de r\u00e9viser la loi 52, qui p\u00e9nalise s\u00e9v\u00e8rement les jeunes consommateurs de cannabis, c\u2019est quelque part \u00e0 cause des plaidoyers d\u2019un avocat tr\u00e8s populaire dans les m\u00e9dias et aupr\u00e8s des jeunes. Maitre Ghazi Mrabet ne doute pas une seconde que la bataille contre la loi 52 sera gagn\u00e9e un jour. Tr\u00e8s bient\u00f4t.<\/strong><\/p>\n<p>\u00a0<\/p>\n<p>\u00ab\u00a0La loi 52 a d\u00e9moli la vie de milliers de jeunes tunisiens et de leurs familles. Ceux qui ont faut\u00e9, emport\u00e9s par un d\u00e9sir de jeunesse, ne m\u00e9ritent pas la prison. Et ceux qui souffrent d\u2019addiction sont appel\u00e9s \u00e0 \u00eatre soign\u00e9s et non pas jet\u00e9s sous les verrous\u00a0\u00bb, ainsi s\u2019exprimait le Chef du gouvernement tunisien Youssef Chahed dans une interview t\u00e9l\u00e9vis\u00e9e diffus\u00e9e dimanche 26 f\u00e9vrier sur la chaine priv\u00e9e Al Hiwar Ettounsi.<\/p>\n<p>Une semaine auparavant, dans une interview sur Nessma TV, le pr\u00e9sident de la R\u00e9publique, B\u00e9ji Caied Essebsi, qui avait, en 2014, selon une de ses promesses \u00e9lectorales, propos\u00e9 au parlement en d\u00e9cembre 2015, un projet d\u2019abrogation de la loi 52 vers un assouplissement des peines, a reconnu l\u2019\u00e9chec d\u2019une l\u00e9gislation r\u00e9pressive envers la jeunesse notamment. Le chef de l\u2019Etat a d\u00e9clar\u00e9 dans son interview qu\u2019il comptait proposer au Conseil de s\u00e9curit\u00e9 national, qui d\u00e9finit entre autres la politique p\u00e9nale de l\u2019Etat, de \u00ab\u00a0ne plus arr\u00eater les consommateurs de cannabis, ni de les poursuivre en justice jusqu'\u00e0 la r\u00e9forme de la loi\u00a0\u00bb. Mais la r\u00e9forme tarde \u00e0 voir le jour depuis qu\u2019elle a atterri devant l\u2019Assembl\u00e9e des repr\u00e9sentants du peuple (ARP), une instance l\u00e9gislative domin\u00e9e par le conservatisme, y compris du c\u00f4t\u00e9 des partis progressistes et des mouvances de gauche et d\u2019extr\u00eame gauche.<\/p>\n<p>\u00a0<\/p>\n<h3><strong>Il change l\u2019image des consommateurs<\/strong><\/h3>\n<p>\u00a0<\/p>\n<p>Certes si les deux t\u00eates de l\u2019ex\u00e9cutif tunisien semblent aujourd\u2019hui plus que convaincues de la n\u00e9cessit\u00e9 de r\u00e9viser un texte r\u00e9pressif datant de 1992, publi\u00e9 sous le r\u00e9gime de Ben Ali, c\u2019est tout d\u2019abord parce qu\u2019un fait divers a d\u00e9fray\u00e9 derni\u00e8rement la chronique\u00a0et \u00e9mu l\u2019opinion publique\u00a0: l\u2019arrestation de deux jeunes lyc\u00e9ens de dix huit ans pour consommation de cannabis, trois mois avant leur examen du baccalaur\u00e9at. Ensuite, \u00e0 cause de l\u2019engagement en 2013 d\u2019un jeune avocat tunisien pour l\u2019abrogation de la loi 52 dont le r\u00f4le a \u00e9t\u00e9 primordial pour sortir le cannabis de l\u2019univers du non dit et du tabou afin de le transformer en un enjeu de soci\u00e9t\u00e9. Et pousser les politiques \u00e0 prendre position vis \u00e0 vis de ce probl\u00e8me. Avec un groupe de militants des droits de l\u2019homme, de journalistes, de blogueurs et d\u2019avocats, il forme \u00e0 la fin de l\u2019ann\u00e9e 2013 le collectif <a href=\"http:\/\/alsajin52.tn\" target=\"_blank\" rel=\"noopener\"><em>AlSajin<\/em> <em>52<\/em> <\/a>(prisonnier 52), qu\u2019il repr\u00e9sente dans les m\u00e9dias. Ses plaidoyers enflamm\u00e9s pour la d\u00e9p\u00e9nalisation de la consommation des stup\u00e9fiants ont propuls\u00e9 Maitre Ghazi Mrabet, 39 ans, aux devants des plateaux t\u00e9l\u00e9vis\u00e9s. Sa bonhomie, son look BCBG et ses mani\u00e8res de gendre id\u00e9al rassurent les m\u00e8res et s\u00e9duisent les jeunes, parmi les quels il est tr\u00e8s populaire. Les faits et les chiffres, doubl\u00e9s d\u2019histoires de vies g\u00e2ch\u00e9es par la consommation d\u2019un seul joint, que Ghazi Mrabet traite au quotidien et ne cesse de rappeler au public, ont fini par changer l\u2019image des consommateurs de cannabis de \u00ab\u00a0petits d\u00e9linquants\u00a0\u00bb en victimes d\u2019un syst\u00e8me p\u00e9nal inique et qui favorise la r\u00e9cidive.<\/p>\n<p>\u00a0<\/p>\n<h3><strong>Un taux de r\u00e9cidive de 54 % <\/strong><\/h3>\n<p>Pr\u00e9voyant des peines allant d\u2019une ann\u00e9e \u00e0 cinq ann\u00e9es d\u2019emprisonnement et une amende \u00e9valu\u00e9e \u00e0 1 000 Dinars (450 euros), la loi 52 ne permet pas au juge de r\u00e9duire la sanction \u00e0 la lumi\u00e8re de circonstances att\u00e9nuantes, ni d\u2019ordonner l\u2019application de peines alternatives. Depuis l\u2019ann\u00e9e 1992, 120\u00a0000 Tunisiens, dont 60 % \u00e2g\u00e9s entre 18 et 29 ans, ont \u00e9t\u00e9 incarc\u00e9r\u00e9s pour usage de cannabis, la drogue douce et bon march\u00e9 la plus fr\u00e9quente dans les milieux des jeunes et des artistes en herbe.<\/p>\n<p>\u00ab\u00a0Le taux de r\u00e9cidive s\u2019\u00e9l\u00e8ve \u00e0 54%. Un taux alarmant qui prouve encore une fois que la sanction privative de libert\u00e9 n\u2019a pas abouti. D\u2019o\u00f9 notre demande de traiter ceux qui fument le cannabis ainsi que les personnes d\u00e9pendantes des drogues dures, psychologiquement, m\u00e9dicalement et socialement. Tous les signes d\u00e9montrent qu\u2019ils vivent un mal \u00eatre et ne doivent surtout pas \u00eatre jet\u00e9s en prison\u00a0\u00bb, soutient Ghazi Mrabet.<\/p>\n<p>La prison s\u2019est en plus av\u00e9r\u00e9e une \u00e9cole du crime, selon l\u2019avocat. Des chiffres du minist\u00e8re de la Justice pr\u00e9sent\u00e9s \u00e0 la fin de l\u2019ann\u00e9e 2015 l\u2019attestent\u00a0: \u00ab\u00a0A la prison de Mornaguia, la plus grande du pays, 12% de ceux qui sont poursuivis aujourd\u2019hui pour terrorisme ont \u00e9t\u00e9 d\u00e9j\u00e0 incarc\u00e9r\u00e9s pour consommation de cannabis\u00a0\u00bb, cite Maitre Mrabet.<\/p>\n<h3><strong>L\u2019amnistie g\u00e9n\u00e9rale pour les condamn\u00e9s de la loi 52 <\/strong><\/h3>\n<p>Ghazi Mrabet, qui soutient le projet pr\u00e9sidentiel d\u2019abrogation de la loi 52 et reprend chaque jour son b\u00e2ton de p\u00e8lerin pour essayer de convertir les partis politiques et les d\u00e9put\u00e9s de l\u2019Assembl\u00e9e des repr\u00e9sentants du peuple \u00e0 sa cause, est convaincu qu\u2019il ne reste que quelques pas \u00e0 faire pour que la victoire soit atteinte. Sur les r\u00e9seaux sociaux, o\u00f9 il s\u2019exprime r\u00e9guli\u00e8rement, son optimisme et sa d\u00e9termination semblent sans limite.<\/p>\n<p>Aujourd\u2019hui, l\u2019avocat et militant des droits de l\u2019homme revendique la gr\u00e2ce pr\u00e9sidentielle pour toutes les personnes emprisonn\u00e9es au titre de la loi 52 et l\u2019amnistie g\u00e9n\u00e9rale pour tous ceux qui ont \u00e9t\u00e9 condamn\u00e9s depuis 1992<strong>\u00a0<\/strong>afin d\u2019abolir la stigmatisation sociale qui les frappe \u00e0 vie: \u00ab\u00a0Parce que si l\u2019Etat tunisien reconnait que cette loi a entrain\u00e9 injustice, humiliations et r\u00e9pression, et que tous les arguments de notre collectif sont repris par le pouvoir ex\u00e9cutif, cela signifie l\u2019\u00e9chec de la politique p\u00e9nale en mati\u00e8re de lutte contre les stup\u00e9fiants. L\u2019amnistie permettra d\u2019assainir le casier judiciaire des anciens condamn\u00e9s\u00a0\u00bb.<strong>\u00a0<\/strong><\/p>\n<p>Ghazi Mrabet se voit d\u00e9j\u00e0 engag\u00e9 pour servir une autre cause, qui lui tient autant \u00e0 c\u0153ur depuis bien longtemps\u00a0: l\u2019abolition de la peine de mort en Tunisie.<\/p>\n<p><strong>\u00a0<\/strong><\/p>\n","protected":false},"excerpt":{"rendered":"<p>Si les deux t\u00eates de l\u2019ex\u00e9cutif tunisien semblent convaincues aujourd\u2019hui de la n\u00e9cessit\u00e9 de r\u00e9viser la loi 52, qui p\u00e9nalise s\u00e9v\u00e8rement les jeunes consommateurs de cannabis, c\u2019est quelque part \u00e0 cause des plaidoyers d\u2019un avocat tr\u00e8s populaire dans les m\u00e9dias et aupr\u00e8s des jeunes. Maitre Ghazi Mrabet ne doute pas une seconde que la bataille [&hellip;]<\/p>\n","protected":false},"author":64,"featured_media":68154,"comment_status":"open","ping_status":"closed","sticky":false,"template":"","format":"standard","meta":{"_acf_changed":false,"footnotes":""},"categories":[556],"tags":[],"ji_location":[2520],"class_list":["post-32306","post","type-post","status-publish","format-standard","has-post-thumbnail","hentry","category-divers","ji_location-tunisie"],"acf":[],"yoast_head":"<!-- This site is optimized with the Yoast SEO Premium plugin v25.3.1 (Yoast SEO v25.3.1) - https:\/\/yoast.com\/wordpress\/plugins\/seo\/ -->\n<title>Tunisie : un avocat s\u2019engage pour la d\u00e9p\u00e9nalisation du cannabis - JusticeInfo.net<\/title>\n<meta name=\"robots\" content=\"index, follow, max-snippet:-1, max-image-preview:large, max-video-preview:-1\" \/>\n<link rel=\"canonical\" href=\"https:\/\/www.justiceinfo.net\/fr\/32306-tunisie-un-avocat-sengage-pour-la-depenalisation-du-cannabis.html\" \/>\n<meta property=\"og:locale\" content=\"fr_FR\" \/>\n<meta property=\"og:type\" content=\"article\" \/>\n<meta property=\"og:title\" content=\"Tunisie : un avocat s\u2019engage pour la d\u00e9p\u00e9nalisation du cannabis\" \/>\n<meta property=\"og:description\" content=\"Si les deux t\u00eates de l\u2019ex\u00e9cutif tunisien semblent convaincues aujourd\u2019hui de la n\u00e9cessit\u00e9 de r\u00e9viser la loi 52, qui p\u00e9nalise s\u00e9v\u00e8rement les jeunes consommateurs de cannabis, c\u2019est quelque part \u00e0 cause des plaidoyers d\u2019un avocat tr\u00e8s populaire dans les m\u00e9dias et aupr\u00e8s des jeunes. Maitre Ghazi Mrabet ne doute pas une seconde que la bataille [&hellip;]\" \/>\n<meta property=\"og:url\" content=\"https:\/\/www.justiceinfo.net\/fr\/32306-tunisie-un-avocat-sengage-pour-la-depenalisation-du-cannabis.html\" \/>\n<meta property=\"og:site_name\" content=\"JusticeInfo.net\" \/>\n<meta property=\"article:publisher\" content=\"https:\/\/www.facebook.com\/JusticeInfo\/\" \/>\n<meta property=\"article:published_time\" content=\"2017-03-02T05:01:00+00:00\" \/>\n<meta property=\"og:image\" content=\"https:\/\/www.justiceinfo.net\/wp-content\/uploads\/56b1a9981a967573aa21dd9d8f06c87a.jpg\" \/>\n\t<meta property=\"og:image:width\" content=\"665\" \/>\n\t<meta property=\"og:image:height\" content=\"455\" \/>\n\t<meta property=\"og:image:type\" content=\"image\/jpeg\" \/>\n<meta name=\"author\" content=\"Olfa Belhassine\" \/>\n<meta name=\"twitter:card\" content=\"summary_large_image\" \/>\n<meta name=\"twitter:creator\" content=\"@justiceinfonet\" \/>\n<meta name=\"twitter:site\" content=\"@justiceinfonet\" \/>\n<meta name=\"twitter:label1\" content=\"\u00c9crit par\" \/>\n\t<meta name=\"twitter:data1\" content=\"Olfa Belhassine\" \/>\n\t<meta name=\"twitter:label2\" content=\"Dur\u00e9e de lecture estim\u00e9e\" \/>\n\t<meta name=\"twitter:data2\" content=\"6 minutes\" \/>\n<script type=\"application\/ld+json\" class=\"yoast-schema-graph\">{\"@context\":\"https:\/\/schema.org\",\"@graph\":[{\"@type\":\"NewsArticle\",\"@id\":\"https:\/\/www.justiceinfo.net\/fr\/32306-tunisie-un-avocat-sengage-pour-la-depenalisation-du-cannabis.html#article\",\"isPartOf\":{\"@id\":\"https:\/\/www.justiceinfo.net\/fr\/32306-tunisie-un-avocat-sengage-pour-la-depenalisation-du-cannabis.html\"},\"author\":{\"name\":\"solivri\",\"@id\":\"https:\/\/www.justiceinfo.net\/fr#\/schema\/person\/6e53cba1629e2e66f3fc1821d3091865\"},\"headline\":\"Tunisie : un avocat s\u2019engage pour la d\u00e9p\u00e9nalisation du cannabis\",\"datePublished\":\"2017-03-02T05:01:00+00:00\",\"mainEntityOfPage\":{\"@id\":\"https:\/\/www.justiceinfo.net\/fr\/32306-tunisie-un-avocat-sengage-pour-la-depenalisation-du-cannabis.html\"},\"wordCount\":1125,\"commentCount\":0,\"publisher\":{\"@id\":\"https:\/\/www.justiceinfo.net\/fr#organization\"},\"image\":{\"@id\":\"https:\/\/www.justiceinfo.net\/fr\/32306-tunisie-un-avocat-sengage-pour-la-depenalisation-du-cannabis.html#primaryimage\"},\"thumbnailUrl\":\"https:\/\/www.justiceinfo.net\/wp-content\/uploads\/56b1a9981a967573aa21dd9d8f06c87a.jpg\",\"articleSection\":[\"Divers\"],\"inLanguage\":\"fr-FR\",\"potentialAction\":[{\"@type\":\"CommentAction\",\"name\":\"Comment\",\"target\":[\"https:\/\/www.justiceinfo.net\/fr\/32306-tunisie-un-avocat-sengage-pour-la-depenalisation-du-cannabis.html#respond\"]}]},{\"@type\":\"WebPage\",\"@id\":\"https:\/\/www.justiceinfo.net\/fr\/32306-tunisie-un-avocat-sengage-pour-la-depenalisation-du-cannabis.html\",\"url\":\"https:\/\/www.justiceinfo.net\/fr\/32306-tunisie-un-avocat-sengage-pour-la-depenalisation-du-cannabis.html\",\"name\":\"Tunisie : un avocat s\u2019engage pour la d\u00e9p\u00e9nalisation du cannabis - JusticeInfo.net\",\"isPartOf\":{\"@id\":\"https:\/\/www.justiceinfo.net\/fr#website\"},\"primaryImageOfPage\":{\"@id\":\"https:\/\/www.justiceinfo.net\/fr\/32306-tunisie-un-avocat-sengage-pour-la-depenalisation-du-cannabis.html#primaryimage\"},\"image\":{\"@id\":\"https:\/\/www.justiceinfo.net\/fr\/32306-tunisie-un-avocat-sengage-pour-la-depenalisation-du-cannabis.html#primaryimage\"},\"thumbnailUrl\":\"https:\/\/www.justiceinfo.net\/wp-content\/uploads\/56b1a9981a967573aa21dd9d8f06c87a.jpg\",\"datePublished\":\"2017-03-02T05:01:00+00:00\",\"breadcrumb\":{\"@id\":\"https:\/\/www.justiceinfo.net\/fr\/32306-tunisie-un-avocat-sengage-pour-la-depenalisation-du-cannabis.html#breadcrumb\"},\"inLanguage\":\"fr-FR\",\"potentialAction\":[{\"@type\":\"ReadAction\",\"target\":[\"https:\/\/www.justiceinfo.net\/fr\/32306-tunisie-un-avocat-sengage-pour-la-depenalisation-du-cannabis.html\"]}]},{\"@type\":\"ImageObject\",\"inLanguage\":\"fr-FR\",\"@id\":\"https:\/\/www.justiceinfo.net\/fr\/32306-tunisie-un-avocat-sengage-pour-la-depenalisation-du-cannabis.html#primaryimage\",\"url\":\"https:\/\/www.justiceinfo.net\/wp-content\/uploads\/56b1a9981a967573aa21dd9d8f06c87a.jpg\",\"contentUrl\":\"https:\/\/www.justiceinfo.net\/wp-content\/uploads\/56b1a9981a967573aa21dd9d8f06c87a.jpg\",\"width\":665,\"height\":455},{\"@type\":\"BreadcrumbList\",\"@id\":\"https:\/\/www.justiceinfo.net\/fr\/32306-tunisie-un-avocat-sengage-pour-la-depenalisation-du-cannabis.html#breadcrumb\",\"itemListElement\":[{\"@type\":\"ListItem\",\"position\":1,\"name\":\"Home\",\"item\":\"https:\/\/www.justiceinfo.net\/fr\"},{\"@type\":\"ListItem\",\"position\":2,\"name\":\"Tunisie : un avocat s\u2019engage pour la d\u00e9p\u00e9nalisation du cannabis\"}]},{\"@type\":\"WebSite\",\"@id\":\"https:\/\/www.justiceinfo.net\/fr#website\",\"url\":\"https:\/\/www.justiceinfo.net\/fr\",\"name\":\"JusticeInfo.net\",\"description\":\"La justice doit \u00eatre vue pour \u00eatre rendue\",\"publisher\":{\"@id\":\"https:\/\/www.justiceinfo.net\/fr#organization\"},\"potentialAction\":[{\"@type\":\"SearchAction\",\"target\":{\"@type\":\"EntryPoint\",\"urlTemplate\":\"https:\/\/www.justiceinfo.net\/fr?s={search_term_string}\"},\"query-input\":{\"@type\":\"PropertyValueSpecification\",\"valueRequired\":true,\"valueName\":\"search_term_string\"}}],\"inLanguage\":\"fr-FR\"},{\"@type\":\"Organization\",\"@id\":\"https:\/\/www.justiceinfo.net\/fr#organization\",\"name\":\"Justice Info\",\"url\":\"https:\/\/www.justiceinfo.net\/fr\",\"logo\":{\"@type\":\"ImageObject\",\"inLanguage\":\"fr-FR\",\"@id\":\"https:\/\/www.justiceinfo.net\/fr#\/schema\/logo\/image\/\",\"url\":\"https:\/\/www.justiceinfo.net\/wp-content\/uploads\/justiceinfo_logo-trans_1200x1200px.png\",\"contentUrl\":\"https:\/\/www.justiceinfo.net\/wp-content\/uploads\/justiceinfo_logo-trans_1200x1200px.png\",\"width\":1199,\"height\":1200,\"caption\":\"Justice Info\"},\"image\":{\"@id\":\"https:\/\/www.justiceinfo.net\/fr#\/schema\/logo\/image\/\"},\"sameAs\":[\"https:\/\/www.facebook.com\/JusticeInfo\/\",\"https:\/\/x.com\/justiceinfonet\",\"https:\/\/www.linkedin.com\/company\/justice-info\",\"https:\/\/www.youtube.com\/channel\/UCyCEsARodyuWtkWyhn-e7pA\"]},{\"@type\":\"Person\",\"name\":\"Olfa Belhassine\",\"url\":\"\/fr\/?s=Olfa Belhassine\"}]}<\/script>\n<!-- \/ Yoast SEO Premium plugin. -->","yoast_head_json":{"title":"Tunisie : un avocat s\u2019engage pour la d\u00e9p\u00e9nalisation du cannabis - JusticeInfo.net","robots":{"index":"index","follow":"follow","max-snippet":"max-snippet:-1","max-image-preview":"max-image-preview:large","max-video-preview":"max-video-preview:-1"},"canonical":"https:\/\/www.justiceinfo.net\/fr\/32306-tunisie-un-avocat-sengage-pour-la-depenalisation-du-cannabis.html","og_locale":"fr_FR","og_type":"article","og_title":"Tunisie : un avocat s\u2019engage pour la d\u00e9p\u00e9nalisation du cannabis","og_description":"Si les deux t\u00eates de l\u2019ex\u00e9cutif tunisien semblent convaincues aujourd\u2019hui de la n\u00e9cessit\u00e9 de r\u00e9viser la loi 52, qui p\u00e9nalise s\u00e9v\u00e8rement les jeunes consommateurs de cannabis, c\u2019est quelque part \u00e0 cause des plaidoyers d\u2019un avocat tr\u00e8s populaire dans les m\u00e9dias et aupr\u00e8s des jeunes. Maitre Ghazi Mrabet ne doute pas une seconde que la bataille [&hellip;]","og_url":"https:\/\/www.justiceinfo.net\/fr\/32306-tunisie-un-avocat-sengage-pour-la-depenalisation-du-cannabis.html","og_site_name":"JusticeInfo.net","article_publisher":"https:\/\/www.facebook.com\/JusticeInfo\/","article_published_time":"2017-03-02T05:01:00+00:00","og_image":[{"width":665,"height":455,"url":"https:\/\/www.justiceinfo.net\/wp-content\/uploads\/56b1a9981a967573aa21dd9d8f06c87a.jpg","type":"image\/jpeg"}],"author":"Olfa Belhassine","twitter_card":"summary_large_image","twitter_creator":"@justiceinfonet","twitter_site":"@justiceinfonet","twitter_misc":{"\u00c9crit par":"Olfa Belhassine","Dur\u00e9e de lecture estim\u00e9e":"6 minutes"},"schema":{"@context":"https:\/\/schema.org","@graph":[{"@type":"NewsArticle","@id":"https:\/\/www.justiceinfo.net\/fr\/32306-tunisie-un-avocat-sengage-pour-la-depenalisation-du-cannabis.html#article","isPartOf":{"@id":"https:\/\/www.justiceinfo.net\/fr\/32306-tunisie-un-avocat-sengage-pour-la-depenalisation-du-cannabis.html"},"author":{"name":"solivri","@id":"https:\/\/www.justiceinfo.net\/fr#\/schema\/person\/6e53cba1629e2e66f3fc1821d3091865"},"headline":"Tunisie : un avocat s\u2019engage pour la d\u00e9p\u00e9nalisation du cannabis","datePublished":"2017-03-02T05:01:00+00:00","mainEntityOfPage":{"@id":"https:\/\/www.justiceinfo.net\/fr\/32306-tunisie-un-avocat-sengage-pour-la-depenalisation-du-cannabis.html"},"wordCount":1125,"commentCount":0,"publisher":{"@id":"https:\/\/www.justiceinfo.net\/fr#organization"},"image":{"@id":"https:\/\/www.justiceinfo.net\/fr\/32306-tunisie-un-avocat-sengage-pour-la-depenalisation-du-cannabis.html#primaryimage"},"thumbnailUrl":"https:\/\/www.justiceinfo.net\/wp-content\/uploads\/56b1a9981a967573aa21dd9d8f06c87a.jpg","articleSection":["Divers"],"inLanguage":"fr-FR","potentialAction":[{"@type":"CommentAction","name":"Comment","target":["https:\/\/www.justiceinfo.net\/fr\/32306-tunisie-un-avocat-sengage-pour-la-depenalisation-du-cannabis.html#respond"]}]},{"@type":"WebPage","@id":"https:\/\/www.justiceinfo.net\/fr\/32306-tunisie-un-avocat-sengage-pour-la-depenalisation-du-cannabis.html","url":"https:\/\/www.justiceinfo.net\/fr\/32306-tunisie-un-avocat-sengage-pour-la-depenalisation-du-cannabis.html","name":"Tunisie : un avocat s\u2019engage pour la d\u00e9p\u00e9nalisation du cannabis - JusticeInfo.net","isPartOf":{"@id":"https:\/\/www.justiceinfo.net\/fr#website"},"primaryImageOfPage":{"@id":"https:\/\/www.justiceinfo.net\/fr\/32306-tunisie-un-avocat-sengage-pour-la-depenalisation-du-cannabis.html#primaryimage"},"image":{"@id":"https:\/\/www.justiceinfo.net\/fr\/32306-tunisie-un-avocat-sengage-pour-la-depenalisation-du-cannabis.html#primaryimage"},"thumbnailUrl":"https:\/\/www.justiceinfo.net\/wp-content\/uploads\/56b1a9981a967573aa21dd9d8f06c87a.jpg","datePublished":"2017-03-02T05:01:00+00:00","breadcrumb":{"@id":"https:\/\/www.justiceinfo.net\/fr\/32306-tunisie-un-avocat-sengage-pour-la-depenalisation-du-cannabis.html#breadcrumb"},"inLanguage":"fr-FR","potentialAction":[{"@type":"ReadAction","target":["https:\/\/www.justiceinfo.net\/fr\/32306-tunisie-un-avocat-sengage-pour-la-depenalisation-du-cannabis.html"]}]},{"@type":"ImageObject","inLanguage":"fr-FR","@id":"https:\/\/www.justiceinfo.net\/fr\/32306-tunisie-un-avocat-sengage-pour-la-depenalisation-du-cannabis.html#primaryimage","url":"https:\/\/www.justiceinfo.net\/wp-content\/uploads\/56b1a9981a967573aa21dd9d8f06c87a.jpg","contentUrl":"https:\/\/www.justiceinfo.net\/wp-content\/uploads\/56b1a9981a967573aa21dd9d8f06c87a.jpg","width":665,"height":455},{"@type":"BreadcrumbList","@id":"https:\/\/www.justiceinfo.net\/fr\/32306-tunisie-un-avocat-sengage-pour-la-depenalisation-du-cannabis.html#breadcrumb","itemListElement":[{"@type":"ListItem","position":1,"name":"Home","item":"https:\/\/www.justiceinfo.net\/fr"},{"@type":"ListItem","position":2,"name":"Tunisie : un avocat s\u2019engage pour la d\u00e9p\u00e9nalisation du cannabis"}]},{"@type":"WebSite","@id":"https:\/\/www.justiceinfo.net\/fr#website","url":"https:\/\/www.justiceinfo.net\/fr","name":"JusticeInfo.net","description":"La justice doit \u00eatre vue pour \u00eatre rendue","publisher":{"@id":"https:\/\/www.justiceinfo.net\/fr#organization"},"potentialAction":[{"@type":"SearchAction","target":{"@type":"EntryPoint","urlTemplate":"https:\/\/www.justiceinfo.net\/fr?s={search_term_string}"},"query-input":{"@type":"PropertyValueSpecification","valueRequired":true,"valueName":"search_term_string"}}],"inLanguage":"fr-FR"},{"@type":"Organization","@id":"https:\/\/www.justiceinfo.net\/fr#organization","name":"Justice Info","url":"https:\/\/www.justiceinfo.net\/fr","logo":{"@type":"ImageObject","inLanguage":"fr-FR","@id":"https:\/\/www.justiceinfo.net\/fr#\/schema\/logo\/image\/","url":"https:\/\/www.justiceinfo.net\/wp-content\/uploads\/justiceinfo_logo-trans_1200x1200px.png","contentUrl":"https:\/\/www.justiceinfo.net\/wp-content\/uploads\/justiceinfo_logo-trans_1200x1200px.png","width":1199,"height":1200,"caption":"Justice Info"},"image":{"@id":"https:\/\/www.justiceinfo.net\/fr#\/schema\/logo\/image\/"},"sameAs":["https:\/\/www.facebook.com\/JusticeInfo\/","https:\/\/x.com\/justiceinfonet","https:\/\/www.linkedin.com\/company\/justice-info","https:\/\/www.youtube.com\/channel\/UCyCEsARodyuWtkWyhn-e7pA"]},{"@type":"Person","name":"Olfa Belhassine","url":"\/fr\/?s=Olfa Belhassine"}]}},"_links":{"self":[{"href":"https:\/\/www.justiceinfo.net\/fr\/wp-json\/wp\/v2\/posts\/32306","targetHints":{"allow":["GET"]}}],"collection":[{"href":"https:\/\/www.justiceinfo.net\/fr\/wp-json\/wp\/v2\/posts"}],"about":[{"href":"https:\/\/www.justiceinfo.net\/fr\/wp-json\/wp\/v2\/types\/post"}],"author":[{"embeddable":true,"href":"https:\/\/www.justiceinfo.net\/fr\/wp-json\/wp\/v2\/users\/64"}],"replies":[{"embeddable":true,"href":"https:\/\/www.justiceinfo.net\/fr\/wp-json\/wp\/v2\/comments?post=32306"}],"version-history":[{"count":0,"href":"https:\/\/www.justiceinfo.net\/fr\/wp-json\/wp\/v2\/posts\/32306\/revisions"}],"wp:featuredmedia":[{"embeddable":true,"href":"https:\/\/www.justiceinfo.net\/fr\/wp-json\/wp\/v2\/media\/68154"}],"wp:attachment":[{"href":"https:\/\/www.justiceinfo.net\/fr\/wp-json\/wp\/v2\/media?parent=32306"}],"wp:term":[{"taxonomy":"category","embeddable":true,"href":"https:\/\/www.justiceinfo.net\/fr\/wp-json\/wp\/v2\/categories?post=32306"},{"taxonomy":"post_tag","embeddable":true,"href":"https:\/\/www.justiceinfo.net\/fr\/wp-json\/wp\/v2\/tags?post=32306"},{"taxonomy":"ji_location","embeddable":true,"href":"https:\/\/www.justiceinfo.net\/fr\/wp-json\/wp\/v2\/ji_location?post=32306"}],"curies":[{"name":"wp","href":"https:\/\/api.w.org\/{rel}","templated":true}]}}