{"id":3231,"date":"2007-12-08T07:47:56","date_gmt":"2007-12-08T06:47:56","guid":{"rendered":"https:\/\/www.justiceinfo.net\/3231-071207-tpirmedias-la-chambre-dappel-releve-les-carences-et-les-faiblesses-du-premier-jugeme21.html"},"modified":"2007-12-08T07:47:56","modified_gmt":"2007-12-08T06:47:56","slug":"071207-tpirmedias-la-chambre-dappel-releve-les-carences-et-les-faiblesses-du-premier-jugeme21","status":"publish","type":"post","link":"https:\/\/www.justiceinfo.net\/fr\/3231-071207-tpirmedias-la-chambre-dappel-releve-les-carences-et-les-faiblesses-du-premier-jugeme21.html","title":{"rendered":"07.12.07 - TPIR\/MEDIAS  - LA CHAMBRE D\u2019APPEL RELEVE LES CARENCES ET LES FAIBLESSES DU PREMIER JUGEME"},"content":{"rendered":"<p  >\nLa Haye, 7 decembre (FH) -  La Chambre d\u2019appel du Tribunal p\u00e9nal international pour le Rwanda (TPIR), en rendant la semaine derni\u00e8re son jugement dans l\u2019affaire dite des \u00ab m\u00e9dias \u00bb, n\u2019a pas suivi la position prise par la Chambre de premi\u00e8re instance le 3 d\u00e9cembre 2003.  <\/p>\n<p>Les juges d\u2019appel ont notamment mis en \u00e9vidence des carences dans la d\u00e9monstration du Procureur et des faiblesses dans l\u2019analyse juridique de leurs pr\u00e9d\u00e9cesseurs.\n<\/p>\n<p><!--more--><\/p>\n<p  >\nPour autant la chambre de La Haye n\u2019a accueilli qu\u2019en partie les moyens d\u2019appel des trois accus\u00e9s Fernand Nahimana, Jean-Bosco Barayagwiza et Hassan Ngeze. Elle a relev\u00e9 et sanctionn\u00e9 un nombre important d\u2019erreurs, engendrant tout autant d\u2019annulations de d\u00e9clarations de culpabilit\u00e9. <\/p>\n<p>Comme erreur, la Chambre d\u2019appel soul\u00e8ve un d\u00e9faut de motivation dans certaines d\u00e9clarations de culpabilit\u00e9 de la part de la Chambre de premi\u00e8re instance, par exemple quand elle ne d\u00e9taille pas ni ne vise express\u00e9ment les faits et actes indispensables pour retenir la responsabilit\u00e9 des trois accus\u00e9s qui se seraient d\u00e9roul\u00e9s en 1994. <\/p>\n<p>Elle retient aussi des erreurs juridiques telles qu\u2019une violation des droits de la D\u00e9fense pour ne pas avoir suspendu les d\u00e9bats en attendant que le nouvel avocat de Barayagwiza soit nomm\u00e9, et une violation du principe de l\u2019\u00e9galit\u00e9 des armes. En cons\u00e9quence, ils ont tout simplement annul\u00e9 toute allusion aux d\u00e9bats qui se sont produits pendant cette p\u00e9riode. <\/p>\n<p>Les juges d\u2019appel reprochent surtout une transgression de la comp\u00e9tence ratione temporis en basant la responsabilit\u00e9 des accus\u00e9s sur des faits ant\u00e9rieurs \u00e0 1994. Or, selon les articles 1 et 7 du Statut du TPIR, les accus\u00e9s du Tribunal international ne peuvent \u00eatre jug\u00e9s que pour des crimes qu\u2019ils ont commis entre le 1er janvier et le 31 d\u00e9cembre 1994. <\/p>\n<p>Dans le cas o\u00f9 le comportement criminel aurait commenc\u00e9 avant et se serait prolong\u00e9 apr\u00e8s, le TPIR ne peut condamner que pour ce qui s\u2019est pass\u00e9 en 1994, les faits ant\u00e9rieurs ne pouvant servir qu\u2019\u00e0 comprendre et cerner le contexte dans lequel se sont d\u00e9roul\u00e9s les \u00e9v\u00e8nements souligne l\u2019arr\u00eat. <\/p>\n<p>Et c\u2019est la particularit\u00e9 m\u00eame des deux Tribunaux p\u00e9naux internationaux pour le Rwanda (TPIR) et l\u2019ex-Yougoslavie (TPIY) pour lesquels le Conseil de s\u00e9curit\u00e9 des Nationaux Unies a strictement limit\u00e9 la comp\u00e9tence \u00e0 un territoire et une p\u00e9riode clairement d\u00e9finis. \u00ab Les dispositions conf\u00e9rant comp\u00e9tence \u00e0 un Tribunal international et (\u2026) le droit p\u00e9nal \u00bb, en g\u00e9n\u00e9ral,  sont par principe d\u2019interpr\u00e9tation stricte rappelle la Chambre d\u2019appel. <\/p>\n<p>Ceci n\u2019exclut pas pour autant l\u2019admissibilit\u00e9 des \u00e9l\u00e9ments de preuve ant\u00e9rieurs \u00e0 1994 d\u00e8s lors, pr\u00e9cisent les juges d\u2019appel, \u00ab que de tels \u00e9l\u00e9ments de preuve sont pertinents, qu\u2019ils ont valeur probante et qu\u2019il n\u2019existe aucune raison pr\u00e9pond\u00e9rante de les exclure \u00bb. <\/p>\n<p>Ils identifient \u00e9galement une distorsion du concept juridique de l\u2019incitation directe et publique \u00e0 commettre des actes de g\u00e9nocide qui a \u00e9t\u00e9 consid\u00e9r\u00e9 comme une infraction continue. <\/p>\n<p>La Chambre d\u2019appel est d\u2019avis que cette infraction, pr\u00e9vue par l\u2019article 2 (3) (c) du Statut, \u00ab est consomm\u00e9e d\u00e8s que les propos en question ont \u00e9t\u00e9 tenus, diffus\u00e9s ou publi\u00e9s \u00bb et ne se continue pas \u00ab jusqu\u2019\u00e0 l\u2019accomplissement des actes envisag\u00e9s \u00bb comme la soutenu la Chambre de premi\u00e8re instance. <\/p>\n<p>Ce qui est diff\u00e9rent de l\u2019incitation comme mode de responsabilit\u00e9 (article 6 (1)) du Statut pour laquelle l\u2019accus\u00e9 sera responsable si elle a \u00e9t\u00e9 suivie par la commission d\u2019un crime puni par les articles 2 \u00e0 4 du Statut. <\/p>\n<p>Les erreurs juridiques commises en premi\u00e8re instance sont li\u00e9es entre elles. Admettre que le crime d\u2019incitation est une infraction continue et prendre en compte des actes ant\u00e9rieurs \u00e0 1994 permettaient de pallier au manque de preuve, flagrant depuis l\u2019analyse de la Chambre d\u2019appel, de la responsabilit\u00e9 des trois accus\u00e9s pour certains \u00e9v\u00e8nements. <\/p>\n<p>Face au nombre d\u2019erreurs, le Juge Th\u00e9odore Meron, dans son opinion dissidente, consid\u00e8re que la meilleure solution aurait \u00e9t\u00e9 de renvoyer l\u2019affaire en premi\u00e8re instance plut\u00f4t que de tenter de corriger et pallier les erreurs. <\/p>\n<p>Est-ce l\u2019urgence du d\u00e9part pr\u00e9vu de la Juge Pillay vers la Cour p\u00e9nale internationale qui aurait pr\u00e9cipit\u00e9 la prise de d\u00e9cision et une certaine n\u00e9gligence dans l\u2019analyse des \u00e9l\u00e9ments de preuve ? <\/p>\n<p>La justice p\u00e9nale internationale n\u2019avait plus connu d\u2019affaires sur l\u2019apologie de la haine dans des m\u00e9dias depuis la condamnation de Julius Streicher \u00e0 Nuremberg. Mais Streicher, fondateur et \u00e9diteur du journal violemment antis\u00e9mite \u00ab Der St\u00fcrmer \u00bb, n\u2019avait pas \u00e9t\u00e9 poursuivi pour incitation directe et publique \u00e0 commettre le g\u00e9nocide, ce crime n\u2019\u00e9tant pas connu du droit international \u00e0 cette \u00e9poque. <\/p>\n<p>Les juges du TPIR, corrig\u00e9s par la Chambre d\u2019appel, ont n\u00e9anmoins d\u00e9montr\u00e9 qu\u2019il y avait un lien de causalit\u00e9 entre les violations graves du droit international humanitaire commises au Rwanda en 1994 et tout d\u2019abord les \u00e9missions diffus\u00e9es par la RTLM, compar\u00e9e par certains \u00e0 une arme du g\u00e9nocide, puis les articles publi\u00e9s par Kangura, et enfin le r\u00f4le du parti politique de la Coalition pour la d\u00e9fense de la r\u00e9publique (CDR). <\/p>\n<p>La Chambre d\u2019appel a annul\u00e9 la majorit\u00e9 des d\u00e9clarations de culpabilit\u00e9 prononc\u00e9es en premi\u00e8re instance contre Fernand Nahimana, Jean-Bosco Barayagwiza et Hassan Ngeze mais n\u2019a pas pour autant r\u00e9duit consid\u00e9rablement leurs peines, ce qui a surpris plus d\u2019un juriste. <\/p>\n<p>AV\/PB\/GF<\/p>\n","protected":false},"excerpt":{"rendered":"<p>La Haye, 7 decembre (FH) - La Chambre d\u2019appel du Tribunal p\u00e9nal international pour le Rwanda (TPIR), en rendant la semaine derni\u00e8re son jugement dans l\u2019affaire dite des \u00ab m\u00e9dias \u00bb, n\u2019a pas suivi la position prise par la Chambre de premi\u00e8re instance le 3 d\u00e9cembre 2003. Les juges d\u2019appel ont notamment mis en \u00e9vidence [&hellip;]<\/p>\n","protected":false},"author":64,"featured_media":0,"comment_status":"open","ping_status":"closed","sticky":false,"template":"","format":"standard","meta":{"_acf_changed":false,"footnotes":""},"categories":[554],"tags":[],"ji_location":[],"class_list":["post-3231","post","type-post","status-publish","format-standard","hentry","category-hirondellenews"],"acf":[],"yoast_head":"<!-- This site is optimized with the Yoast SEO Premium plugin v25.3.1 (Yoast SEO v25.3.1) - https:\/\/yoast.com\/wordpress\/plugins\/seo\/ -->\n<title>07.12.07 - TPIR\/MEDIAS - LA CHAMBRE D\u2019APPEL RELEVE LES CARENCES ET LES FAIBLESSES DU PREMIER JUGEME - JusticeInfo.net<\/title>\n<meta name=\"robots\" content=\"index, follow, max-snippet:-1, max-image-preview:large, max-video-preview:-1\" \/>\n<link rel=\"canonical\" href=\"https:\/\/www.justiceinfo.net\/fr\/3231-071207-tpirmedias-la-chambre-dappel-releve-les-carences-et-les-faiblesses-du-premier-jugeme21.html\" \/>\n<meta property=\"og:locale\" content=\"fr_FR\" \/>\n<meta property=\"og:type\" content=\"article\" \/>\n<meta property=\"og:title\" content=\"07.12.07 - TPIR\/MEDIAS - LA CHAMBRE D\u2019APPEL RELEVE LES CARENCES ET LES FAIBLESSES DU PREMIER JUGEME\" \/>\n<meta property=\"og:description\" content=\"La Haye, 7 decembre (FH) - La Chambre d\u2019appel du Tribunal p\u00e9nal international pour le Rwanda (TPIR), en rendant la semaine derni\u00e8re son jugement dans l\u2019affaire dite des \u00ab m\u00e9dias \u00bb, n\u2019a pas suivi la position prise par la Chambre de premi\u00e8re instance le 3 d\u00e9cembre 2003. Les juges d\u2019appel ont notamment mis en \u00e9vidence [&hellip;]\" \/>\n<meta property=\"og:url\" content=\"https:\/\/www.justiceinfo.net\/fr\/3231-071207-tpirmedias-la-chambre-dappel-releve-les-carences-et-les-faiblesses-du-premier-jugeme21.html\" \/>\n<meta property=\"og:site_name\" content=\"JusticeInfo.net\" \/>\n<meta property=\"article:publisher\" content=\"https:\/\/www.facebook.com\/JusticeInfo\/\" \/>\n<meta property=\"article:published_time\" content=\"2007-12-08T06:47:56+00:00\" \/>\n<meta property=\"og:image\" content=\"https:\/\/www.justiceinfo.net\/wp-content\/uploads\/JusticeInfoNet_logo_1200x630px.jpg\" \/>\n\t<meta property=\"og:image:width\" content=\"1200\" \/>\n\t<meta property=\"og:image:height\" content=\"630\" \/>\n\t<meta property=\"og:image:type\" content=\"image\/jpeg\" \/>\n<meta name=\"author\" content=\"solivri\" \/>\n<meta name=\"twitter:card\" content=\"summary_large_image\" \/>\n<meta name=\"twitter:creator\" content=\"@justiceinfonet\" \/>\n<meta name=\"twitter:site\" content=\"@justiceinfonet\" \/>\n<meta name=\"twitter:label1\" content=\"\u00c9crit par\" \/>\n\t<meta name=\"twitter:data1\" content=\"solivri\" \/>\n\t<meta name=\"twitter:label2\" content=\"Dur\u00e9e de lecture estim\u00e9e\" \/>\n\t<meta name=\"twitter:data2\" content=\"5 minutes\" \/>\n<script type=\"application\/ld+json\" class=\"yoast-schema-graph\">{\"@context\":\"https:\/\/schema.org\",\"@graph\":[{\"@type\":\"NewsArticle\",\"@id\":\"https:\/\/www.justiceinfo.net\/fr\/3231-071207-tpirmedias-la-chambre-dappel-releve-les-carences-et-les-faiblesses-du-premier-jugeme21.html#article\",\"isPartOf\":{\"@id\":\"https:\/\/www.justiceinfo.net\/fr\/3231-071207-tpirmedias-la-chambre-dappel-releve-les-carences-et-les-faiblesses-du-premier-jugeme21.html\"},\"author\":{\"name\":\"solivri\",\"@id\":\"https:\/\/www.justiceinfo.net\/fr#\/schema\/person\/6e53cba1629e2e66f3fc1821d3091865\"},\"headline\":\"07.12.07 - TPIR\/MEDIAS - LA CHAMBRE D\u2019APPEL RELEVE LES CARENCES ET LES FAIBLESSES DU PREMIER JUGEME\",\"datePublished\":\"2007-12-08T06:47:56+00:00\",\"mainEntityOfPage\":{\"@id\":\"https:\/\/www.justiceinfo.net\/fr\/3231-071207-tpirmedias-la-chambre-dappel-releve-les-carences-et-les-faiblesses-du-premier-jugeme21.html\"},\"wordCount\":978,\"commentCount\":0,\"publisher\":{\"@id\":\"https:\/\/www.justiceinfo.net\/fr#organization\"},\"articleSection\":[\"Hirondelle News\"],\"inLanguage\":\"fr-FR\",\"potentialAction\":[{\"@type\":\"CommentAction\",\"name\":\"Comment\",\"target\":[\"https:\/\/www.justiceinfo.net\/fr\/3231-071207-tpirmedias-la-chambre-dappel-releve-les-carences-et-les-faiblesses-du-premier-jugeme21.html#respond\"]}]},{\"@type\":\"WebPage\",\"@id\":\"https:\/\/www.justiceinfo.net\/fr\/3231-071207-tpirmedias-la-chambre-dappel-releve-les-carences-et-les-faiblesses-du-premier-jugeme21.html\",\"url\":\"https:\/\/www.justiceinfo.net\/fr\/3231-071207-tpirmedias-la-chambre-dappel-releve-les-carences-et-les-faiblesses-du-premier-jugeme21.html\",\"name\":\"07.12.07 - TPIR\/MEDIAS - LA CHAMBRE D\u2019APPEL RELEVE LES CARENCES ET LES FAIBLESSES DU PREMIER JUGEME - JusticeInfo.net\",\"isPartOf\":{\"@id\":\"https:\/\/www.justiceinfo.net\/fr#website\"},\"datePublished\":\"2007-12-08T06:47:56+00:00\",\"breadcrumb\":{\"@id\":\"https:\/\/www.justiceinfo.net\/fr\/3231-071207-tpirmedias-la-chambre-dappel-releve-les-carences-et-les-faiblesses-du-premier-jugeme21.html#breadcrumb\"},\"inLanguage\":\"fr-FR\",\"potentialAction\":[{\"@type\":\"ReadAction\",\"target\":[\"https:\/\/www.justiceinfo.net\/fr\/3231-071207-tpirmedias-la-chambre-dappel-releve-les-carences-et-les-faiblesses-du-premier-jugeme21.html\"]}]},{\"@type\":\"BreadcrumbList\",\"@id\":\"https:\/\/www.justiceinfo.net\/fr\/3231-071207-tpirmedias-la-chambre-dappel-releve-les-carences-et-les-faiblesses-du-premier-jugeme21.html#breadcrumb\",\"itemListElement\":[{\"@type\":\"ListItem\",\"position\":1,\"name\":\"Home\",\"item\":\"https:\/\/www.justiceinfo.net\/fr\"},{\"@type\":\"ListItem\",\"position\":2,\"name\":\"07.12.07 - TPIR\/MEDIAS - LA CHAMBRE D\u2019APPEL RELEVE LES CARENCES ET LES FAIBLESSES DU PREMIER JUGEME\"}]},{\"@type\":\"WebSite\",\"@id\":\"https:\/\/www.justiceinfo.net\/fr#website\",\"url\":\"https:\/\/www.justiceinfo.net\/fr\",\"name\":\"JusticeInfo.net\",\"description\":\"La justice doit \u00eatre vue pour \u00eatre rendue\",\"publisher\":{\"@id\":\"https:\/\/www.justiceinfo.net\/fr#organization\"},\"potentialAction\":[{\"@type\":\"SearchAction\",\"target\":{\"@type\":\"EntryPoint\",\"urlTemplate\":\"https:\/\/www.justiceinfo.net\/fr?s={search_term_string}\"},\"query-input\":{\"@type\":\"PropertyValueSpecification\",\"valueRequired\":true,\"valueName\":\"search_term_string\"}}],\"inLanguage\":\"fr-FR\"},{\"@type\":\"Organization\",\"@id\":\"https:\/\/www.justiceinfo.net\/fr#organization\",\"name\":\"Justice Info\",\"url\":\"https:\/\/www.justiceinfo.net\/fr\",\"logo\":{\"@type\":\"ImageObject\",\"inLanguage\":\"fr-FR\",\"@id\":\"https:\/\/www.justiceinfo.net\/fr#\/schema\/logo\/image\/\",\"url\":\"https:\/\/www.justiceinfo.net\/wp-content\/uploads\/justiceinfo_logo-trans_1200x1200px.png\",\"contentUrl\":\"https:\/\/www.justiceinfo.net\/wp-content\/uploads\/justiceinfo_logo-trans_1200x1200px.png\",\"width\":1199,\"height\":1200,\"caption\":\"Justice Info\"},\"image\":{\"@id\":\"https:\/\/www.justiceinfo.net\/fr#\/schema\/logo\/image\/\"},\"sameAs\":[\"https:\/\/www.facebook.com\/JusticeInfo\/\",\"https:\/\/x.com\/justiceinfonet\",\"https:\/\/www.linkedin.com\/company\/justice-info\",\"https:\/\/www.youtube.com\/channel\/UCyCEsARodyuWtkWyhn-e7pA\"]},{\"@type\":\"Person\",\"name\":\"solivri\",\"url\":\"\/fr\/?s=solivri\"}]}<\/script>\n<!-- \/ Yoast SEO Premium plugin. -->","yoast_head_json":{"title":"07.12.07 - TPIR\/MEDIAS - LA CHAMBRE D\u2019APPEL RELEVE LES CARENCES ET LES FAIBLESSES DU PREMIER JUGEME - JusticeInfo.net","robots":{"index":"index","follow":"follow","max-snippet":"max-snippet:-1","max-image-preview":"max-image-preview:large","max-video-preview":"max-video-preview:-1"},"canonical":"https:\/\/www.justiceinfo.net\/fr\/3231-071207-tpirmedias-la-chambre-dappel-releve-les-carences-et-les-faiblesses-du-premier-jugeme21.html","og_locale":"fr_FR","og_type":"article","og_title":"07.12.07 - TPIR\/MEDIAS - LA CHAMBRE D\u2019APPEL RELEVE LES CARENCES ET LES FAIBLESSES DU PREMIER JUGEME","og_description":"La Haye, 7 decembre (FH) - La Chambre d\u2019appel du Tribunal p\u00e9nal international pour le Rwanda (TPIR), en rendant la semaine derni\u00e8re son jugement dans l\u2019affaire dite des \u00ab m\u00e9dias \u00bb, n\u2019a pas suivi la position prise par la Chambre de premi\u00e8re instance le 3 d\u00e9cembre 2003. Les juges d\u2019appel ont notamment mis en \u00e9vidence [&hellip;]","og_url":"https:\/\/www.justiceinfo.net\/fr\/3231-071207-tpirmedias-la-chambre-dappel-releve-les-carences-et-les-faiblesses-du-premier-jugeme21.html","og_site_name":"JusticeInfo.net","article_publisher":"https:\/\/www.facebook.com\/JusticeInfo\/","article_published_time":"2007-12-08T06:47:56+00:00","og_image":[{"width":1200,"height":630,"url":"https:\/\/www.justiceinfo.net\/wp-content\/uploads\/JusticeInfoNet_logo_1200x630px.jpg","type":"image\/jpeg"}],"author":"solivri","twitter_card":"summary_large_image","twitter_creator":"@justiceinfonet","twitter_site":"@justiceinfonet","twitter_misc":{"\u00c9crit par":"solivri","Dur\u00e9e de lecture estim\u00e9e":"5 minutes"},"schema":{"@context":"https:\/\/schema.org","@graph":[{"@type":"NewsArticle","@id":"https:\/\/www.justiceinfo.net\/fr\/3231-071207-tpirmedias-la-chambre-dappel-releve-les-carences-et-les-faiblesses-du-premier-jugeme21.html#article","isPartOf":{"@id":"https:\/\/www.justiceinfo.net\/fr\/3231-071207-tpirmedias-la-chambre-dappel-releve-les-carences-et-les-faiblesses-du-premier-jugeme21.html"},"author":{"name":"solivri","@id":"https:\/\/www.justiceinfo.net\/fr#\/schema\/person\/6e53cba1629e2e66f3fc1821d3091865"},"headline":"07.12.07 - TPIR\/MEDIAS - LA CHAMBRE D\u2019APPEL RELEVE LES CARENCES ET LES FAIBLESSES DU PREMIER JUGEME","datePublished":"2007-12-08T06:47:56+00:00","mainEntityOfPage":{"@id":"https:\/\/www.justiceinfo.net\/fr\/3231-071207-tpirmedias-la-chambre-dappel-releve-les-carences-et-les-faiblesses-du-premier-jugeme21.html"},"wordCount":978,"commentCount":0,"publisher":{"@id":"https:\/\/www.justiceinfo.net\/fr#organization"},"articleSection":["Hirondelle News"],"inLanguage":"fr-FR","potentialAction":[{"@type":"CommentAction","name":"Comment","target":["https:\/\/www.justiceinfo.net\/fr\/3231-071207-tpirmedias-la-chambre-dappel-releve-les-carences-et-les-faiblesses-du-premier-jugeme21.html#respond"]}]},{"@type":"WebPage","@id":"https:\/\/www.justiceinfo.net\/fr\/3231-071207-tpirmedias-la-chambre-dappel-releve-les-carences-et-les-faiblesses-du-premier-jugeme21.html","url":"https:\/\/www.justiceinfo.net\/fr\/3231-071207-tpirmedias-la-chambre-dappel-releve-les-carences-et-les-faiblesses-du-premier-jugeme21.html","name":"07.12.07 - TPIR\/MEDIAS - LA CHAMBRE D\u2019APPEL RELEVE LES CARENCES ET LES FAIBLESSES DU PREMIER JUGEME - JusticeInfo.net","isPartOf":{"@id":"https:\/\/www.justiceinfo.net\/fr#website"},"datePublished":"2007-12-08T06:47:56+00:00","breadcrumb":{"@id":"https:\/\/www.justiceinfo.net\/fr\/3231-071207-tpirmedias-la-chambre-dappel-releve-les-carences-et-les-faiblesses-du-premier-jugeme21.html#breadcrumb"},"inLanguage":"fr-FR","potentialAction":[{"@type":"ReadAction","target":["https:\/\/www.justiceinfo.net\/fr\/3231-071207-tpirmedias-la-chambre-dappel-releve-les-carences-et-les-faiblesses-du-premier-jugeme21.html"]}]},{"@type":"BreadcrumbList","@id":"https:\/\/www.justiceinfo.net\/fr\/3231-071207-tpirmedias-la-chambre-dappel-releve-les-carences-et-les-faiblesses-du-premier-jugeme21.html#breadcrumb","itemListElement":[{"@type":"ListItem","position":1,"name":"Home","item":"https:\/\/www.justiceinfo.net\/fr"},{"@type":"ListItem","position":2,"name":"07.12.07 - TPIR\/MEDIAS - LA CHAMBRE D\u2019APPEL RELEVE LES CARENCES ET LES FAIBLESSES DU PREMIER JUGEME"}]},{"@type":"WebSite","@id":"https:\/\/www.justiceinfo.net\/fr#website","url":"https:\/\/www.justiceinfo.net\/fr","name":"JusticeInfo.net","description":"La justice doit \u00eatre vue pour \u00eatre rendue","publisher":{"@id":"https:\/\/www.justiceinfo.net\/fr#organization"},"potentialAction":[{"@type":"SearchAction","target":{"@type":"EntryPoint","urlTemplate":"https:\/\/www.justiceinfo.net\/fr?s={search_term_string}"},"query-input":{"@type":"PropertyValueSpecification","valueRequired":true,"valueName":"search_term_string"}}],"inLanguage":"fr-FR"},{"@type":"Organization","@id":"https:\/\/www.justiceinfo.net\/fr#organization","name":"Justice Info","url":"https:\/\/www.justiceinfo.net\/fr","logo":{"@type":"ImageObject","inLanguage":"fr-FR","@id":"https:\/\/www.justiceinfo.net\/fr#\/schema\/logo\/image\/","url":"https:\/\/www.justiceinfo.net\/wp-content\/uploads\/justiceinfo_logo-trans_1200x1200px.png","contentUrl":"https:\/\/www.justiceinfo.net\/wp-content\/uploads\/justiceinfo_logo-trans_1200x1200px.png","width":1199,"height":1200,"caption":"Justice Info"},"image":{"@id":"https:\/\/www.justiceinfo.net\/fr#\/schema\/logo\/image\/"},"sameAs":["https:\/\/www.facebook.com\/JusticeInfo\/","https:\/\/x.com\/justiceinfonet","https:\/\/www.linkedin.com\/company\/justice-info","https:\/\/www.youtube.com\/channel\/UCyCEsARodyuWtkWyhn-e7pA"]},{"@type":"Person","name":"solivri","url":"\/fr\/?s=solivri"}]}},"_links":{"self":[{"href":"https:\/\/www.justiceinfo.net\/fr\/wp-json\/wp\/v2\/posts\/3231","targetHints":{"allow":["GET"]}}],"collection":[{"href":"https:\/\/www.justiceinfo.net\/fr\/wp-json\/wp\/v2\/posts"}],"about":[{"href":"https:\/\/www.justiceinfo.net\/fr\/wp-json\/wp\/v2\/types\/post"}],"author":[{"embeddable":true,"href":"https:\/\/www.justiceinfo.net\/fr\/wp-json\/wp\/v2\/users\/64"}],"replies":[{"embeddable":true,"href":"https:\/\/www.justiceinfo.net\/fr\/wp-json\/wp\/v2\/comments?post=3231"}],"version-history":[{"count":0,"href":"https:\/\/www.justiceinfo.net\/fr\/wp-json\/wp\/v2\/posts\/3231\/revisions"}],"wp:attachment":[{"href":"https:\/\/www.justiceinfo.net\/fr\/wp-json\/wp\/v2\/media?parent=3231"}],"wp:term":[{"taxonomy":"category","embeddable":true,"href":"https:\/\/www.justiceinfo.net\/fr\/wp-json\/wp\/v2\/categories?post=3231"},{"taxonomy":"post_tag","embeddable":true,"href":"https:\/\/www.justiceinfo.net\/fr\/wp-json\/wp\/v2\/tags?post=3231"},{"taxonomy":"ji_location","embeddable":true,"href":"https:\/\/www.justiceinfo.net\/fr\/wp-json\/wp\/v2\/ji_location?post=3231"}],"curies":[{"name":"wp","href":"https:\/\/api.w.org\/{rel}","templated":true}]}}