{"id":3237,"date":"2008-01-04T06:52:08","date_gmt":"2008-01-04T05:52:08","guid":{"rendered":"https:\/\/www.justiceinfo.net\/3237-030108-belgiquerwanda-decision-fin-janvier-pour-le-quatrieme-proces-rwandais-en-belgique27.html"},"modified":"2008-01-04T06:52:08","modified_gmt":"2008-01-04T05:52:08","slug":"030108-belgiquerwanda-decision-fin-janvier-pour-le-quatrieme-proces-rwandais-en-belgique27","status":"publish","type":"post","link":"https:\/\/www.justiceinfo.net\/fr\/3237-030108-belgiquerwanda-decision-fin-janvier-pour-le-quatrieme-proces-rwandais-en-belgique27.html","title":{"rendered":"03.01.08 - BELGIQUE\/RWANDA  - DECISION FIN JANVIER POUR LE QUATRIEME PROCES RWANDAIS EN BELGIQUE"},"content":{"rendered":"<p  >\nBruxelles, 3 janvier 2008 (FH) \u2013 La chambre du conseil de Bruxelles a report\u00e9 la semaine derni\u00e8re au 25 janvier l\u2019examen des charges \u00e0 l\u2019encontre d\u2019Ephrem Nkezabera, ancien cadre des milices Interahamwe impliqu\u00e9es dans le g\u00e9nocide de 1994 au Rwanda.  <\/p>\n<p  >\nSon avocat, Me Gilles Vanderbeck, plaidait devant une cour d\u2019assises et \u00e9tait donc indisponible.\n<\/p>\n<p><!--more--><\/p>\n<p  >\nPour la premi\u00e8re fois dans ce genre de proc\u00e9dure, l\u2019accusation va inculper un suspect de crimes de g\u00e9nocide et de viols. Lors des trois \u00ab proc\u00e8s Rwanda \u00bb d\u00e9j\u00e0 tenus en Belgique, seules des qualifications de crimes de droit international humanitaire et de crimes de guerre avaient \u00e9t\u00e9 retenues. <\/p>\n<p>Ephrem Nkezabera, 55 ans, est un ancien responsable de la Banque commerciale du Rwanda. Il \u00e9tait en 1994 pr\u00e9sident de la commission des affaires \u00e9conomiques et des finances au sein du comit\u00e9 national des Interamhamwe. Il faisait \u00e9galement partie du Mouvement r\u00e9publicain national pour la d\u00e9mocratie et le d\u00e9veloppement (MRND), le parti du pr\u00e9sident Juv\u00e9nal Habyarimana. <\/p>\n<p>D\u00e9tenu par la Belgique depuis 2004, il a avou\u00e9 la plupart des faits qui lui sont reproch\u00e9s quant \u00e0 son r\u00f4le dans l\u2019action des milices Interamhamwe. Ces milices ont particip\u00e9 au massacre de Tutsis et de Hutus mod\u00e9r\u00e9s pendant le g\u00e9nocide de 1994, qui a fait plus de 800 000 morts selon l\u2019ONU. <\/p>\n<p>Les parties civiles, le parquet f\u00e9d\u00e9ral et la d\u00e9fense s\u2019exprimeront le 25 janvier sur l\u2019opportunit\u00e9 de renvoyer Ephrem Nkezabera devant la cour d\u2019assises de la R\u00e9gion de Bruxelles-Capitale. <\/p>\n<p>Trois proc\u00e8s (2001, 2005 et 2007) li\u00e9s au g\u00e9nocide rwandais et ayant donn\u00e9 lieu \u00e0 des condamnations \u00e0 de la prison ferme se sont d\u00e9j\u00e0 tenus en Belgique devant cette Cour. <\/p>\n<p>BF\/PB\/GF<\/p>\n","protected":false},"excerpt":{"rendered":"<p>Bruxelles, 3 janvier 2008 (FH) \u2013 La chambre du conseil de Bruxelles a report\u00e9 la semaine derni\u00e8re au 25 janvier l\u2019examen des charges \u00e0 l\u2019encontre d\u2019Ephrem Nkezabera, ancien cadre des milices Interahamwe impliqu\u00e9es dans le g\u00e9nocide de 1994 au Rwanda. Son avocat, Me Gilles Vanderbeck, plaidait devant une cour d\u2019assises et \u00e9tait donc indisponible.<\/p>\n","protected":false},"author":64,"featured_media":0,"comment_status":"open","ping_status":"closed","sticky":false,"template":"","format":"standard","meta":{"_acf_changed":false,"footnotes":""},"categories":[554],"tags":[],"ji_location":[],"class_list":["post-3237","post","type-post","status-publish","format-standard","hentry","category-hirondellenews"],"acf":[],"yoast_head":"<!-- This site is optimized with the Yoast SEO Premium plugin v25.3.1 (Yoast SEO v25.3.1) - https:\/\/yoast.com\/wordpress\/plugins\/seo\/ -->\n<title>03.01.08 - BELGIQUE\/RWANDA - DECISION FIN JANVIER POUR LE QUATRIEME PROCES RWANDAIS EN BELGIQUE - JusticeInfo.net<\/title>\n<meta name=\"robots\" content=\"index, follow, max-snippet:-1, max-image-preview:large, max-video-preview:-1\" \/>\n<link rel=\"canonical\" href=\"https:\/\/www.justiceinfo.net\/fr\/3237-030108-belgiquerwanda-decision-fin-janvier-pour-le-quatrieme-proces-rwandais-en-belgique27.html\" \/>\n<meta property=\"og:locale\" content=\"fr_FR\" \/>\n<meta property=\"og:type\" content=\"article\" \/>\n<meta property=\"og:title\" content=\"03.01.08 - BELGIQUE\/RWANDA - DECISION FIN JANVIER POUR LE QUATRIEME PROCES RWANDAIS EN BELGIQUE\" \/>\n<meta property=\"og:description\" content=\"Bruxelles, 3 janvier 2008 (FH) \u2013 La chambre du conseil de Bruxelles a report\u00e9 la semaine derni\u00e8re au 25 janvier l\u2019examen des charges \u00e0 l\u2019encontre d\u2019Ephrem Nkezabera, ancien cadre des milices Interahamwe impliqu\u00e9es dans le g\u00e9nocide de 1994 au Rwanda. Son avocat, Me Gilles Vanderbeck, plaidait devant une cour d\u2019assises et \u00e9tait donc indisponible.\" \/>\n<meta property=\"og:url\" content=\"https:\/\/www.justiceinfo.net\/fr\/3237-030108-belgiquerwanda-decision-fin-janvier-pour-le-quatrieme-proces-rwandais-en-belgique27.html\" \/>\n<meta property=\"og:site_name\" content=\"JusticeInfo.net\" \/>\n<meta property=\"article:publisher\" content=\"https:\/\/www.facebook.com\/JusticeInfo\/\" \/>\n<meta property=\"article:published_time\" content=\"2008-01-04T05:52:08+00:00\" \/>\n<meta property=\"og:image\" content=\"https:\/\/www.justiceinfo.net\/wp-content\/uploads\/JusticeInfoNet_logo_1200x630px.jpg\" \/>\n\t<meta property=\"og:image:width\" content=\"1200\" \/>\n\t<meta property=\"og:image:height\" content=\"630\" \/>\n\t<meta property=\"og:image:type\" content=\"image\/jpeg\" \/>\n<meta name=\"author\" content=\"solivri\" \/>\n<meta name=\"twitter:card\" content=\"summary_large_image\" \/>\n<meta name=\"twitter:creator\" content=\"@justiceinfonet\" \/>\n<meta name=\"twitter:site\" content=\"@justiceinfonet\" \/>\n<meta name=\"twitter:label1\" content=\"\u00c9crit par\" \/>\n\t<meta name=\"twitter:data1\" content=\"solivri\" \/>\n\t<meta name=\"twitter:label2\" content=\"Dur\u00e9e de lecture estim\u00e9e\" \/>\n\t<meta name=\"twitter:data2\" content=\"1 minute\" \/>\n<script type=\"application\/ld+json\" class=\"yoast-schema-graph\">{\"@context\":\"https:\/\/schema.org\",\"@graph\":[{\"@type\":\"NewsArticle\",\"@id\":\"https:\/\/www.justiceinfo.net\/fr\/3237-030108-belgiquerwanda-decision-fin-janvier-pour-le-quatrieme-proces-rwandais-en-belgique27.html#article\",\"isPartOf\":{\"@id\":\"https:\/\/www.justiceinfo.net\/fr\/3237-030108-belgiquerwanda-decision-fin-janvier-pour-le-quatrieme-proces-rwandais-en-belgique27.html\"},\"author\":{\"name\":\"solivri\",\"@id\":\"https:\/\/www.justiceinfo.net\/fr#\/schema\/person\/6e53cba1629e2e66f3fc1821d3091865\"},\"headline\":\"03.01.08 - BELGIQUE\/RWANDA - DECISION FIN JANVIER POUR LE QUATRIEME PROCES RWANDAIS EN BELGIQUE\",\"datePublished\":\"2008-01-04T05:52:08+00:00\",\"mainEntityOfPage\":{\"@id\":\"https:\/\/www.justiceinfo.net\/fr\/3237-030108-belgiquerwanda-decision-fin-janvier-pour-le-quatrieme-proces-rwandais-en-belgique27.html\"},\"wordCount\":305,\"commentCount\":0,\"publisher\":{\"@id\":\"https:\/\/www.justiceinfo.net\/fr#organization\"},\"articleSection\":[\"Hirondelle News\"],\"inLanguage\":\"fr-FR\",\"potentialAction\":[{\"@type\":\"CommentAction\",\"name\":\"Comment\",\"target\":[\"https:\/\/www.justiceinfo.net\/fr\/3237-030108-belgiquerwanda-decision-fin-janvier-pour-le-quatrieme-proces-rwandais-en-belgique27.html#respond\"]}]},{\"@type\":\"WebPage\",\"@id\":\"https:\/\/www.justiceinfo.net\/fr\/3237-030108-belgiquerwanda-decision-fin-janvier-pour-le-quatrieme-proces-rwandais-en-belgique27.html\",\"url\":\"https:\/\/www.justiceinfo.net\/fr\/3237-030108-belgiquerwanda-decision-fin-janvier-pour-le-quatrieme-proces-rwandais-en-belgique27.html\",\"name\":\"03.01.08 - BELGIQUE\/RWANDA - DECISION FIN JANVIER POUR LE QUATRIEME PROCES RWANDAIS EN BELGIQUE - JusticeInfo.net\",\"isPartOf\":{\"@id\":\"https:\/\/www.justiceinfo.net\/fr#website\"},\"datePublished\":\"2008-01-04T05:52:08+00:00\",\"breadcrumb\":{\"@id\":\"https:\/\/www.justiceinfo.net\/fr\/3237-030108-belgiquerwanda-decision-fin-janvier-pour-le-quatrieme-proces-rwandais-en-belgique27.html#breadcrumb\"},\"inLanguage\":\"fr-FR\",\"potentialAction\":[{\"@type\":\"ReadAction\",\"target\":[\"https:\/\/www.justiceinfo.net\/fr\/3237-030108-belgiquerwanda-decision-fin-janvier-pour-le-quatrieme-proces-rwandais-en-belgique27.html\"]}]},{\"@type\":\"BreadcrumbList\",\"@id\":\"https:\/\/www.justiceinfo.net\/fr\/3237-030108-belgiquerwanda-decision-fin-janvier-pour-le-quatrieme-proces-rwandais-en-belgique27.html#breadcrumb\",\"itemListElement\":[{\"@type\":\"ListItem\",\"position\":1,\"name\":\"Home\",\"item\":\"https:\/\/www.justiceinfo.net\/fr\"},{\"@type\":\"ListItem\",\"position\":2,\"name\":\"03.01.08 - BELGIQUE\/RWANDA - DECISION FIN JANVIER POUR LE QUATRIEME PROCES RWANDAIS EN BELGIQUE\"}]},{\"@type\":\"WebSite\",\"@id\":\"https:\/\/www.justiceinfo.net\/fr#website\",\"url\":\"https:\/\/www.justiceinfo.net\/fr\",\"name\":\"JusticeInfo.net\",\"description\":\"La justice doit \u00eatre vue pour \u00eatre rendue\",\"publisher\":{\"@id\":\"https:\/\/www.justiceinfo.net\/fr#organization\"},\"potentialAction\":[{\"@type\":\"SearchAction\",\"target\":{\"@type\":\"EntryPoint\",\"urlTemplate\":\"https:\/\/www.justiceinfo.net\/fr?s={search_term_string}\"},\"query-input\":{\"@type\":\"PropertyValueSpecification\",\"valueRequired\":true,\"valueName\":\"search_term_string\"}}],\"inLanguage\":\"fr-FR\"},{\"@type\":\"Organization\",\"@id\":\"https:\/\/www.justiceinfo.net\/fr#organization\",\"name\":\"Justice Info\",\"url\":\"https:\/\/www.justiceinfo.net\/fr\",\"logo\":{\"@type\":\"ImageObject\",\"inLanguage\":\"fr-FR\",\"@id\":\"https:\/\/www.justiceinfo.net\/fr#\/schema\/logo\/image\/\",\"url\":\"https:\/\/www.justiceinfo.net\/wp-content\/uploads\/justiceinfo_logo-trans_1200x1200px.png\",\"contentUrl\":\"https:\/\/www.justiceinfo.net\/wp-content\/uploads\/justiceinfo_logo-trans_1200x1200px.png\",\"width\":1199,\"height\":1200,\"caption\":\"Justice Info\"},\"image\":{\"@id\":\"https:\/\/www.justiceinfo.net\/fr#\/schema\/logo\/image\/\"},\"sameAs\":[\"https:\/\/www.facebook.com\/JusticeInfo\/\",\"https:\/\/x.com\/justiceinfonet\",\"https:\/\/www.linkedin.com\/company\/justice-info\",\"https:\/\/www.youtube.com\/channel\/UCyCEsARodyuWtkWyhn-e7pA\"]},{\"@type\":\"Person\",\"name\":\"solivri\",\"url\":\"\/fr\/?s=solivri\"}]}<\/script>\n<!-- \/ Yoast SEO Premium plugin. -->","yoast_head_json":{"title":"03.01.08 - BELGIQUE\/RWANDA - DECISION FIN JANVIER POUR LE QUATRIEME PROCES RWANDAIS EN BELGIQUE - JusticeInfo.net","robots":{"index":"index","follow":"follow","max-snippet":"max-snippet:-1","max-image-preview":"max-image-preview:large","max-video-preview":"max-video-preview:-1"},"canonical":"https:\/\/www.justiceinfo.net\/fr\/3237-030108-belgiquerwanda-decision-fin-janvier-pour-le-quatrieme-proces-rwandais-en-belgique27.html","og_locale":"fr_FR","og_type":"article","og_title":"03.01.08 - BELGIQUE\/RWANDA - DECISION FIN JANVIER POUR LE QUATRIEME PROCES RWANDAIS EN BELGIQUE","og_description":"Bruxelles, 3 janvier 2008 (FH) \u2013 La chambre du conseil de Bruxelles a report\u00e9 la semaine derni\u00e8re au 25 janvier l\u2019examen des charges \u00e0 l\u2019encontre d\u2019Ephrem Nkezabera, ancien cadre des milices Interahamwe impliqu\u00e9es dans le g\u00e9nocide de 1994 au Rwanda. Son avocat, Me Gilles Vanderbeck, plaidait devant une cour d\u2019assises et \u00e9tait donc indisponible.","og_url":"https:\/\/www.justiceinfo.net\/fr\/3237-030108-belgiquerwanda-decision-fin-janvier-pour-le-quatrieme-proces-rwandais-en-belgique27.html","og_site_name":"JusticeInfo.net","article_publisher":"https:\/\/www.facebook.com\/JusticeInfo\/","article_published_time":"2008-01-04T05:52:08+00:00","og_image":[{"width":1200,"height":630,"url":"https:\/\/www.justiceinfo.net\/wp-content\/uploads\/JusticeInfoNet_logo_1200x630px.jpg","type":"image\/jpeg"}],"author":"solivri","twitter_card":"summary_large_image","twitter_creator":"@justiceinfonet","twitter_site":"@justiceinfonet","twitter_misc":{"\u00c9crit par":"solivri","Dur\u00e9e de lecture estim\u00e9e":"1 minute"},"schema":{"@context":"https:\/\/schema.org","@graph":[{"@type":"NewsArticle","@id":"https:\/\/www.justiceinfo.net\/fr\/3237-030108-belgiquerwanda-decision-fin-janvier-pour-le-quatrieme-proces-rwandais-en-belgique27.html#article","isPartOf":{"@id":"https:\/\/www.justiceinfo.net\/fr\/3237-030108-belgiquerwanda-decision-fin-janvier-pour-le-quatrieme-proces-rwandais-en-belgique27.html"},"author":{"name":"solivri","@id":"https:\/\/www.justiceinfo.net\/fr#\/schema\/person\/6e53cba1629e2e66f3fc1821d3091865"},"headline":"03.01.08 - BELGIQUE\/RWANDA - DECISION FIN JANVIER POUR LE QUATRIEME PROCES RWANDAIS EN BELGIQUE","datePublished":"2008-01-04T05:52:08+00:00","mainEntityOfPage":{"@id":"https:\/\/www.justiceinfo.net\/fr\/3237-030108-belgiquerwanda-decision-fin-janvier-pour-le-quatrieme-proces-rwandais-en-belgique27.html"},"wordCount":305,"commentCount":0,"publisher":{"@id":"https:\/\/www.justiceinfo.net\/fr#organization"},"articleSection":["Hirondelle News"],"inLanguage":"fr-FR","potentialAction":[{"@type":"CommentAction","name":"Comment","target":["https:\/\/www.justiceinfo.net\/fr\/3237-030108-belgiquerwanda-decision-fin-janvier-pour-le-quatrieme-proces-rwandais-en-belgique27.html#respond"]}]},{"@type":"WebPage","@id":"https:\/\/www.justiceinfo.net\/fr\/3237-030108-belgiquerwanda-decision-fin-janvier-pour-le-quatrieme-proces-rwandais-en-belgique27.html","url":"https:\/\/www.justiceinfo.net\/fr\/3237-030108-belgiquerwanda-decision-fin-janvier-pour-le-quatrieme-proces-rwandais-en-belgique27.html","name":"03.01.08 - BELGIQUE\/RWANDA - DECISION FIN JANVIER POUR LE QUATRIEME PROCES RWANDAIS EN BELGIQUE - JusticeInfo.net","isPartOf":{"@id":"https:\/\/www.justiceinfo.net\/fr#website"},"datePublished":"2008-01-04T05:52:08+00:00","breadcrumb":{"@id":"https:\/\/www.justiceinfo.net\/fr\/3237-030108-belgiquerwanda-decision-fin-janvier-pour-le-quatrieme-proces-rwandais-en-belgique27.html#breadcrumb"},"inLanguage":"fr-FR","potentialAction":[{"@type":"ReadAction","target":["https:\/\/www.justiceinfo.net\/fr\/3237-030108-belgiquerwanda-decision-fin-janvier-pour-le-quatrieme-proces-rwandais-en-belgique27.html"]}]},{"@type":"BreadcrumbList","@id":"https:\/\/www.justiceinfo.net\/fr\/3237-030108-belgiquerwanda-decision-fin-janvier-pour-le-quatrieme-proces-rwandais-en-belgique27.html#breadcrumb","itemListElement":[{"@type":"ListItem","position":1,"name":"Home","item":"https:\/\/www.justiceinfo.net\/fr"},{"@type":"ListItem","position":2,"name":"03.01.08 - BELGIQUE\/RWANDA - DECISION FIN JANVIER POUR LE QUATRIEME PROCES RWANDAIS EN BELGIQUE"}]},{"@type":"WebSite","@id":"https:\/\/www.justiceinfo.net\/fr#website","url":"https:\/\/www.justiceinfo.net\/fr","name":"JusticeInfo.net","description":"La justice doit \u00eatre vue pour \u00eatre rendue","publisher":{"@id":"https:\/\/www.justiceinfo.net\/fr#organization"},"potentialAction":[{"@type":"SearchAction","target":{"@type":"EntryPoint","urlTemplate":"https:\/\/www.justiceinfo.net\/fr?s={search_term_string}"},"query-input":{"@type":"PropertyValueSpecification","valueRequired":true,"valueName":"search_term_string"}}],"inLanguage":"fr-FR"},{"@type":"Organization","@id":"https:\/\/www.justiceinfo.net\/fr#organization","name":"Justice Info","url":"https:\/\/www.justiceinfo.net\/fr","logo":{"@type":"ImageObject","inLanguage":"fr-FR","@id":"https:\/\/www.justiceinfo.net\/fr#\/schema\/logo\/image\/","url":"https:\/\/www.justiceinfo.net\/wp-content\/uploads\/justiceinfo_logo-trans_1200x1200px.png","contentUrl":"https:\/\/www.justiceinfo.net\/wp-content\/uploads\/justiceinfo_logo-trans_1200x1200px.png","width":1199,"height":1200,"caption":"Justice Info"},"image":{"@id":"https:\/\/www.justiceinfo.net\/fr#\/schema\/logo\/image\/"},"sameAs":["https:\/\/www.facebook.com\/JusticeInfo\/","https:\/\/x.com\/justiceinfonet","https:\/\/www.linkedin.com\/company\/justice-info","https:\/\/www.youtube.com\/channel\/UCyCEsARodyuWtkWyhn-e7pA"]},{"@type":"Person","name":"solivri","url":"\/fr\/?s=solivri"}]}},"_links":{"self":[{"href":"https:\/\/www.justiceinfo.net\/fr\/wp-json\/wp\/v2\/posts\/3237","targetHints":{"allow":["GET"]}}],"collection":[{"href":"https:\/\/www.justiceinfo.net\/fr\/wp-json\/wp\/v2\/posts"}],"about":[{"href":"https:\/\/www.justiceinfo.net\/fr\/wp-json\/wp\/v2\/types\/post"}],"author":[{"embeddable":true,"href":"https:\/\/www.justiceinfo.net\/fr\/wp-json\/wp\/v2\/users\/64"}],"replies":[{"embeddable":true,"href":"https:\/\/www.justiceinfo.net\/fr\/wp-json\/wp\/v2\/comments?post=3237"}],"version-history":[{"count":0,"href":"https:\/\/www.justiceinfo.net\/fr\/wp-json\/wp\/v2\/posts\/3237\/revisions"}],"wp:attachment":[{"href":"https:\/\/www.justiceinfo.net\/fr\/wp-json\/wp\/v2\/media?parent=3237"}],"wp:term":[{"taxonomy":"category","embeddable":true,"href":"https:\/\/www.justiceinfo.net\/fr\/wp-json\/wp\/v2\/categories?post=3237"},{"taxonomy":"post_tag","embeddable":true,"href":"https:\/\/www.justiceinfo.net\/fr\/wp-json\/wp\/v2\/tags?post=3237"},{"taxonomy":"ji_location","embeddable":true,"href":"https:\/\/www.justiceinfo.net\/fr\/wp-json\/wp\/v2\/ji_location?post=3237"}],"curies":[{"name":"wp","href":"https:\/\/api.w.org\/{rel}","templated":true}]}}