{"id":32424,"date":"2017-03-09T00:00:00","date_gmt":"2017-03-08T23:00:00","guid":{"rendered":"https:\/\/www.justiceinfo.net\/32424-droits-de-l-homme-a-geneve-place-aux-artistes.html"},"modified":"2017-03-09T00:00:00","modified_gmt":"2017-03-08T23:00:00","slug":"droits-de-l-homme-a-geneve-place-aux-artistes","status":"publish","type":"post","link":"https:\/\/www.justiceinfo.net\/fr\/32424-droits-de-l-homme-a-geneve-place-aux-artistes.html","title":{"rendered":"Droits de l'homme \u00e0 Gen\u00e8ve : place aux artistes"},"content":{"rendered":"<article id=\"mainArticle\">\n<section>\n<div>\n<div>\n<div class=\"content-excerpt\">\n<p>Pour ses 15 ans d\u2019existence \u00e0 Gen\u00e8ve, le Festival international du film et forum international sur les droits humains (FIFDH) innove en s\u2019ouvrant aux arts plastiques. Depuis ses d\u00e9buts, l\u2019\u00e9v\u00e9nement se pose comme un lieu de partage, d\u2019\u00e9motions et de d\u00e9bats face au Conseil des droits de l\u2019homme, qui tient sa principale session au m\u00eame moment.<\/p>\n<\/div>\n<\/div>\n<\/div>\n<p>Grande nouveaut\u00e9 pour ses 15 ans, le <a href=\"http:\/\/www.fifdh.org\/site\/fr\/accueil\">FIFDH <\/a> va au-del\u00e0 du cin\u00e9ma pour s\u2019ouvrir aux arts plastiques. Notamment l\u2019artiste Abdul Rahman Katanani (expos\u00e9 \u00e0 la galerie <a href=\"https:\/\/analixforever.wordpress.com\/\">Analix Forever <\/a>) vivant dans le camp palestinien de Sabra et Chatila, le Marocain <a href=\"http:\/\/www.mounirfatmi.com\/\">Mounir Fatmi <\/a> (pr\u00e9sident du jury pour les films de fiction) qui interroge, par ses installations, les traditions musulmanes, la photographe new-yorkaise <a href=\"https:\/\/www.debicornwall.com\/\">Debi Cornwall <\/a> et son regard d\u00e9capant sur la prison de Guantanamo. Tous mettent en sc\u00e8ne des visages, des destins, des intimit\u00e9s sur les injustices et atrocit\u00e9s du monde, au-del\u00e0 des chiffres et des constats des <a href=\"http:\/\/www.ohchr.org\/EN\/HRBodies\/HRC\/RegularSessions\/Session34\/Pages\/ListReports.aspx\">enqu\u00eateurs <\/a> de l\u2019ONU.\u00a0 \u00a0\u00a0<\/p>\n<p>\u00abCette ouverture aux autres formes artistiques nous permet d\u2019explorer de nouveaux territoires, de nouveaux publics et de toucher des gens diff\u00e9rents\u00bb, commente Isabelle Gattiker, l\u2019\u00e9nergique et jeune pr\u00e9sidente du festival. C\u2019est la m\u00eame d\u00e9marche qui a pouss\u00e9 le r\u00e9alisateur franco-cambodgien Rithy Panh (invit\u00e9 d\u2019honneur du festival) \u00e0 construire une installation qui prolonge son dernier film <a href=\"http:\/\/www.fifdh.org\/site\/fr\/edition-2017\/programme\/exil\/278929\">Exil <\/a>, en comp\u00e9tition au festival.<\/p>\n<h3>Succ\u00e8s croissant<\/h3>\n<p>Depuis 15 ans, le FIFDH attire toujours plus de monde, malgr\u00e9 l\u2019inconfort des sujets abord\u00e9s. \u00abUn des secrets du festival, c\u2019est qu\u2019il a lieu \u00e0 Gen\u00e8ve, capitale des droits humains. C\u2019est une des grandes cl\u00e9s du succ\u00e8s. Le festival se tient durant la principale session du Conseil des droits de l\u2019homme. Ce qui nous permet de mettre en valeur les <a href=\"http:\/\/www.fifdh.org\/site\/fr\/edition-2017\/programme\">th\u00e9matiques <\/a> abord\u00e9es dans l\u2019enceinte onusienne et de les compl\u00e9ter\u00bb, explique Isabelle Gattiker.<\/p>\n<p>En cette ann\u00e9e pleine de crainte et de tremblements, le festival devrait attirer encore plus de monde. \u00abPour les activistes, les cin\u00e9astes, les artistes, les d\u00e9fenseurs des droits de l\u2019Homme, c\u2019est un attrait extraordinaire que de venir \u00e0 Gen\u00e8ve. Dans un monde qui s\u2019effrite, on a de plus en plus envie de se rassembler pour exprimer notre indignation, mais aussi pour trouver des pistes d\u2019engagement et d\u2019actions. Nous manquons de lieux qui rassemblent, qui permettent de sortir de l\u2019entre soi\u00bb, souligne la directrice.<\/p>\n<p>Oui, mais comment toucher les gens, au-del\u00e0 des convaincus? \u00abLe cin\u00e9ma reste la cl\u00e9 pour tous nous toucher. Le cin\u00e9ma rassemble en racontant des histoires. Il permet de se mettre \u00e0 la place des autres et de voir le monde autrement\u00bb, r\u00e9pond Isabelle Gattiker.<\/p>\n<p>Cet article a \u00e9t\u00e9 publi\u00e9 par <a href=\"http:\/\/www.swissinfo.ch\/fre\/gen\u00e8ve-internationale-_regards-d-artistes-sur-les-plaies-du-monde\/43016512\" target=\"_blank\" rel=\"noopener\">swissinfo<\/a><\/p>\n<div>\n<div>\n<div>\n<figure><\/figure>\n<article>\n<p>\u00a0<\/p>\n<\/article>\n<\/div>\n<\/div>\n<\/div>\n<\/section>\n<\/article>\n","protected":false},"excerpt":{"rendered":"<p>Pour ses 15 ans d\u2019existence \u00e0 Gen\u00e8ve, le Festival international du film et forum international sur les droits humains (FIFDH) innove en s\u2019ouvrant aux arts plastiques. Depuis ses d\u00e9buts, l\u2019\u00e9v\u00e9nement se pose comme un lieu de partage, d\u2019\u00e9motions et de d\u00e9bats face au Conseil des droits de l\u2019homme, qui tient sa principale session au m\u00eame [&hellip;]<\/p>\n","protected":false},"author":64,"featured_media":63384,"comment_status":"open","ping_status":"closed","sticky":false,"template":"","format":"standard","meta":{"_acf_changed":false,"footnotes":""},"categories":[556],"tags":[],"ji_location":[2496],"class_list":["post-32424","post","type-post","status-publish","format-standard","has-post-thumbnail","hentry","category-divers","ji_location-suisse"],"acf":[],"yoast_head":"<!-- This site is optimized with the Yoast SEO Premium plugin v25.3.1 (Yoast SEO v25.3.1) - https:\/\/yoast.com\/wordpress\/plugins\/seo\/ -->\n<title>Droits de l&#039;homme \u00e0 Gen\u00e8ve : place aux artistes - JusticeInfo.net<\/title>\n<meta name=\"robots\" content=\"index, follow, max-snippet:-1, max-image-preview:large, max-video-preview:-1\" \/>\n<link rel=\"canonical\" href=\"https:\/\/www.justiceinfo.net\/fr\/32424-droits-de-l-homme-a-geneve-place-aux-artistes.html\" \/>\n<meta property=\"og:locale\" content=\"fr_FR\" \/>\n<meta property=\"og:type\" content=\"article\" \/>\n<meta property=\"og:title\" content=\"Droits de l&#039;homme \u00e0 Gen\u00e8ve : place aux artistes\" \/>\n<meta property=\"og:description\" content=\"Pour ses 15 ans d\u2019existence \u00e0 Gen\u00e8ve, le Festival international du film et forum international sur les droits humains (FIFDH) innove en s\u2019ouvrant aux arts plastiques. Depuis ses d\u00e9buts, l\u2019\u00e9v\u00e9nement se pose comme un lieu de partage, d\u2019\u00e9motions et de d\u00e9bats face au Conseil des droits de l\u2019homme, qui tient sa principale session au m\u00eame [&hellip;]\" \/>\n<meta property=\"og:url\" content=\"https:\/\/www.justiceinfo.net\/fr\/32424-droits-de-l-homme-a-geneve-place-aux-artistes.html\" \/>\n<meta property=\"og:site_name\" content=\"JusticeInfo.net\" \/>\n<meta property=\"article:publisher\" content=\"https:\/\/www.facebook.com\/JusticeInfo\/\" \/>\n<meta property=\"article:published_time\" content=\"2017-03-08T23:00:00+00:00\" \/>\n<meta property=\"og:image\" content=\"https:\/\/www.justiceinfo.net\/wp-content\/uploads\/1d9669daa6f2638bc9faa1f1fa491f29-scaled.jpg\" \/>\n\t<meta property=\"og:image:width\" content=\"2560\" \/>\n\t<meta property=\"og:image:height\" content=\"1921\" \/>\n\t<meta property=\"og:image:type\" content=\"image\/jpeg\" \/>\n<meta name=\"author\" content=\"Fr\u00e9d\u00e9ric Burnand (swissinfo Gen\u00e8ve)\" \/>\n<meta name=\"twitter:card\" content=\"summary_large_image\" \/>\n<meta name=\"twitter:creator\" content=\"@justiceinfonet\" \/>\n<meta name=\"twitter:site\" content=\"@justiceinfonet\" \/>\n<meta name=\"twitter:label1\" content=\"\u00c9crit par\" \/>\n\t<meta name=\"twitter:data1\" content=\"Fr\u00e9d\u00e9ric Burnand (swissinfo Gen\u00e8ve)\" \/>\n\t<meta name=\"twitter:label2\" content=\"Dur\u00e9e de lecture estim\u00e9e\" \/>\n\t<meta name=\"twitter:data2\" content=\"2 minutes\" \/>\n<script type=\"application\/ld+json\" class=\"yoast-schema-graph\">{\"@context\":\"https:\/\/schema.org\",\"@graph\":[{\"@type\":\"NewsArticle\",\"@id\":\"https:\/\/www.justiceinfo.net\/fr\/32424-droits-de-l-homme-a-geneve-place-aux-artistes.html#article\",\"isPartOf\":{\"@id\":\"https:\/\/www.justiceinfo.net\/fr\/32424-droits-de-l-homme-a-geneve-place-aux-artistes.html\"},\"author\":{\"name\":\"solivri\",\"@id\":\"https:\/\/www.justiceinfo.net\/fr#\/schema\/person\/6e53cba1629e2e66f3fc1821d3091865\"},\"headline\":\"Droits de l'homme \u00e0 Gen\u00e8ve : place aux artistes\",\"datePublished\":\"2017-03-08T23:00:00+00:00\",\"mainEntityOfPage\":{\"@id\":\"https:\/\/www.justiceinfo.net\/fr\/32424-droits-de-l-homme-a-geneve-place-aux-artistes.html\"},\"wordCount\":479,\"commentCount\":0,\"publisher\":{\"@id\":\"https:\/\/www.justiceinfo.net\/fr#organization\"},\"image\":{\"@id\":\"https:\/\/www.justiceinfo.net\/fr\/32424-droits-de-l-homme-a-geneve-place-aux-artistes.html#primaryimage\"},\"thumbnailUrl\":\"https:\/\/www.justiceinfo.net\/wp-content\/uploads\/1d9669daa6f2638bc9faa1f1fa491f29-scaled.jpg\",\"articleSection\":[\"Divers\"],\"inLanguage\":\"fr-FR\",\"potentialAction\":[{\"@type\":\"CommentAction\",\"name\":\"Comment\",\"target\":[\"https:\/\/www.justiceinfo.net\/fr\/32424-droits-de-l-homme-a-geneve-place-aux-artistes.html#respond\"]}]},{\"@type\":\"WebPage\",\"@id\":\"https:\/\/www.justiceinfo.net\/fr\/32424-droits-de-l-homme-a-geneve-place-aux-artistes.html\",\"url\":\"https:\/\/www.justiceinfo.net\/fr\/32424-droits-de-l-homme-a-geneve-place-aux-artistes.html\",\"name\":\"Droits de l'homme \u00e0 Gen\u00e8ve : place aux artistes - JusticeInfo.net\",\"isPartOf\":{\"@id\":\"https:\/\/www.justiceinfo.net\/fr#website\"},\"primaryImageOfPage\":{\"@id\":\"https:\/\/www.justiceinfo.net\/fr\/32424-droits-de-l-homme-a-geneve-place-aux-artistes.html#primaryimage\"},\"image\":{\"@id\":\"https:\/\/www.justiceinfo.net\/fr\/32424-droits-de-l-homme-a-geneve-place-aux-artistes.html#primaryimage\"},\"thumbnailUrl\":\"https:\/\/www.justiceinfo.net\/wp-content\/uploads\/1d9669daa6f2638bc9faa1f1fa491f29-scaled.jpg\",\"datePublished\":\"2017-03-08T23:00:00+00:00\",\"breadcrumb\":{\"@id\":\"https:\/\/www.justiceinfo.net\/fr\/32424-droits-de-l-homme-a-geneve-place-aux-artistes.html#breadcrumb\"},\"inLanguage\":\"fr-FR\",\"potentialAction\":[{\"@type\":\"ReadAction\",\"target\":[\"https:\/\/www.justiceinfo.net\/fr\/32424-droits-de-l-homme-a-geneve-place-aux-artistes.html\"]}]},{\"@type\":\"ImageObject\",\"inLanguage\":\"fr-FR\",\"@id\":\"https:\/\/www.justiceinfo.net\/fr\/32424-droits-de-l-homme-a-geneve-place-aux-artistes.html#primaryimage\",\"url\":\"https:\/\/www.justiceinfo.net\/wp-content\/uploads\/1d9669daa6f2638bc9faa1f1fa491f29-scaled.jpg\",\"contentUrl\":\"https:\/\/www.justiceinfo.net\/wp-content\/uploads\/1d9669daa6f2638bc9faa1f1fa491f29-scaled.jpg\",\"width\":2560,\"height\":1921},{\"@type\":\"BreadcrumbList\",\"@id\":\"https:\/\/www.justiceinfo.net\/fr\/32424-droits-de-l-homme-a-geneve-place-aux-artistes.html#breadcrumb\",\"itemListElement\":[{\"@type\":\"ListItem\",\"position\":1,\"name\":\"Home\",\"item\":\"https:\/\/www.justiceinfo.net\/fr\"},{\"@type\":\"ListItem\",\"position\":2,\"name\":\"Droits de l'homme \u00e0 Gen\u00e8ve : place aux artistes\"}]},{\"@type\":\"WebSite\",\"@id\":\"https:\/\/www.justiceinfo.net\/fr#website\",\"url\":\"https:\/\/www.justiceinfo.net\/fr\",\"name\":\"JusticeInfo.net\",\"description\":\"La justice doit \u00eatre vue pour \u00eatre rendue\",\"publisher\":{\"@id\":\"https:\/\/www.justiceinfo.net\/fr#organization\"},\"potentialAction\":[{\"@type\":\"SearchAction\",\"target\":{\"@type\":\"EntryPoint\",\"urlTemplate\":\"https:\/\/www.justiceinfo.net\/fr?s={search_term_string}\"},\"query-input\":{\"@type\":\"PropertyValueSpecification\",\"valueRequired\":true,\"valueName\":\"search_term_string\"}}],\"inLanguage\":\"fr-FR\"},{\"@type\":\"Organization\",\"@id\":\"https:\/\/www.justiceinfo.net\/fr#organization\",\"name\":\"Justice Info\",\"url\":\"https:\/\/www.justiceinfo.net\/fr\",\"logo\":{\"@type\":\"ImageObject\",\"inLanguage\":\"fr-FR\",\"@id\":\"https:\/\/www.justiceinfo.net\/fr#\/schema\/logo\/image\/\",\"url\":\"https:\/\/www.justiceinfo.net\/wp-content\/uploads\/justiceinfo_logo-trans_1200x1200px.png\",\"contentUrl\":\"https:\/\/www.justiceinfo.net\/wp-content\/uploads\/justiceinfo_logo-trans_1200x1200px.png\",\"width\":1199,\"height\":1200,\"caption\":\"Justice Info\"},\"image\":{\"@id\":\"https:\/\/www.justiceinfo.net\/fr#\/schema\/logo\/image\/\"},\"sameAs\":[\"https:\/\/www.facebook.com\/JusticeInfo\/\",\"https:\/\/x.com\/justiceinfonet\",\"https:\/\/www.linkedin.com\/company\/justice-info\",\"https:\/\/www.youtube.com\/channel\/UCyCEsARodyuWtkWyhn-e7pA\"]},{\"@type\":\"Person\",\"name\":\"Fr\u00e9d\u00e9ric Burnand (swissinfo Gen\u00e8ve)\",\"url\":\"\/fr\/?s=Fr\u00e9d\u00e9ric Burnand (swissinfo Gen\u00e8ve)\"}]}<\/script>\n<!-- \/ Yoast SEO Premium plugin. -->","yoast_head_json":{"title":"Droits de l'homme \u00e0 Gen\u00e8ve : place aux artistes - JusticeInfo.net","robots":{"index":"index","follow":"follow","max-snippet":"max-snippet:-1","max-image-preview":"max-image-preview:large","max-video-preview":"max-video-preview:-1"},"canonical":"https:\/\/www.justiceinfo.net\/fr\/32424-droits-de-l-homme-a-geneve-place-aux-artistes.html","og_locale":"fr_FR","og_type":"article","og_title":"Droits de l'homme \u00e0 Gen\u00e8ve : place aux artistes","og_description":"Pour ses 15 ans d\u2019existence \u00e0 Gen\u00e8ve, le Festival international du film et forum international sur les droits humains (FIFDH) innove en s\u2019ouvrant aux arts plastiques. Depuis ses d\u00e9buts, l\u2019\u00e9v\u00e9nement se pose comme un lieu de partage, d\u2019\u00e9motions et de d\u00e9bats face au Conseil des droits de l\u2019homme, qui tient sa principale session au m\u00eame [&hellip;]","og_url":"https:\/\/www.justiceinfo.net\/fr\/32424-droits-de-l-homme-a-geneve-place-aux-artistes.html","og_site_name":"JusticeInfo.net","article_publisher":"https:\/\/www.facebook.com\/JusticeInfo\/","article_published_time":"2017-03-08T23:00:00+00:00","og_image":[{"width":2560,"height":1921,"url":"https:\/\/www.justiceinfo.net\/wp-content\/uploads\/1d9669daa6f2638bc9faa1f1fa491f29-scaled.jpg","type":"image\/jpeg"}],"author":"Fr\u00e9d\u00e9ric Burnand (swissinfo Gen\u00e8ve)","twitter_card":"summary_large_image","twitter_creator":"@justiceinfonet","twitter_site":"@justiceinfonet","twitter_misc":{"\u00c9crit par":"Fr\u00e9d\u00e9ric Burnand (swissinfo Gen\u00e8ve)","Dur\u00e9e de lecture estim\u00e9e":"2 minutes"},"schema":{"@context":"https:\/\/schema.org","@graph":[{"@type":"NewsArticle","@id":"https:\/\/www.justiceinfo.net\/fr\/32424-droits-de-l-homme-a-geneve-place-aux-artistes.html#article","isPartOf":{"@id":"https:\/\/www.justiceinfo.net\/fr\/32424-droits-de-l-homme-a-geneve-place-aux-artistes.html"},"author":{"name":"solivri","@id":"https:\/\/www.justiceinfo.net\/fr#\/schema\/person\/6e53cba1629e2e66f3fc1821d3091865"},"headline":"Droits de l'homme \u00e0 Gen\u00e8ve : place aux artistes","datePublished":"2017-03-08T23:00:00+00:00","mainEntityOfPage":{"@id":"https:\/\/www.justiceinfo.net\/fr\/32424-droits-de-l-homme-a-geneve-place-aux-artistes.html"},"wordCount":479,"commentCount":0,"publisher":{"@id":"https:\/\/www.justiceinfo.net\/fr#organization"},"image":{"@id":"https:\/\/www.justiceinfo.net\/fr\/32424-droits-de-l-homme-a-geneve-place-aux-artistes.html#primaryimage"},"thumbnailUrl":"https:\/\/www.justiceinfo.net\/wp-content\/uploads\/1d9669daa6f2638bc9faa1f1fa491f29-scaled.jpg","articleSection":["Divers"],"inLanguage":"fr-FR","potentialAction":[{"@type":"CommentAction","name":"Comment","target":["https:\/\/www.justiceinfo.net\/fr\/32424-droits-de-l-homme-a-geneve-place-aux-artistes.html#respond"]}]},{"@type":"WebPage","@id":"https:\/\/www.justiceinfo.net\/fr\/32424-droits-de-l-homme-a-geneve-place-aux-artistes.html","url":"https:\/\/www.justiceinfo.net\/fr\/32424-droits-de-l-homme-a-geneve-place-aux-artistes.html","name":"Droits de l'homme \u00e0 Gen\u00e8ve : place aux artistes - JusticeInfo.net","isPartOf":{"@id":"https:\/\/www.justiceinfo.net\/fr#website"},"primaryImageOfPage":{"@id":"https:\/\/www.justiceinfo.net\/fr\/32424-droits-de-l-homme-a-geneve-place-aux-artistes.html#primaryimage"},"image":{"@id":"https:\/\/www.justiceinfo.net\/fr\/32424-droits-de-l-homme-a-geneve-place-aux-artistes.html#primaryimage"},"thumbnailUrl":"https:\/\/www.justiceinfo.net\/wp-content\/uploads\/1d9669daa6f2638bc9faa1f1fa491f29-scaled.jpg","datePublished":"2017-03-08T23:00:00+00:00","breadcrumb":{"@id":"https:\/\/www.justiceinfo.net\/fr\/32424-droits-de-l-homme-a-geneve-place-aux-artistes.html#breadcrumb"},"inLanguage":"fr-FR","potentialAction":[{"@type":"ReadAction","target":["https:\/\/www.justiceinfo.net\/fr\/32424-droits-de-l-homme-a-geneve-place-aux-artistes.html"]}]},{"@type":"ImageObject","inLanguage":"fr-FR","@id":"https:\/\/www.justiceinfo.net\/fr\/32424-droits-de-l-homme-a-geneve-place-aux-artistes.html#primaryimage","url":"https:\/\/www.justiceinfo.net\/wp-content\/uploads\/1d9669daa6f2638bc9faa1f1fa491f29-scaled.jpg","contentUrl":"https:\/\/www.justiceinfo.net\/wp-content\/uploads\/1d9669daa6f2638bc9faa1f1fa491f29-scaled.jpg","width":2560,"height":1921},{"@type":"BreadcrumbList","@id":"https:\/\/www.justiceinfo.net\/fr\/32424-droits-de-l-homme-a-geneve-place-aux-artistes.html#breadcrumb","itemListElement":[{"@type":"ListItem","position":1,"name":"Home","item":"https:\/\/www.justiceinfo.net\/fr"},{"@type":"ListItem","position":2,"name":"Droits de l'homme \u00e0 Gen\u00e8ve : place aux artistes"}]},{"@type":"WebSite","@id":"https:\/\/www.justiceinfo.net\/fr#website","url":"https:\/\/www.justiceinfo.net\/fr","name":"JusticeInfo.net","description":"La justice doit \u00eatre vue pour \u00eatre rendue","publisher":{"@id":"https:\/\/www.justiceinfo.net\/fr#organization"},"potentialAction":[{"@type":"SearchAction","target":{"@type":"EntryPoint","urlTemplate":"https:\/\/www.justiceinfo.net\/fr?s={search_term_string}"},"query-input":{"@type":"PropertyValueSpecification","valueRequired":true,"valueName":"search_term_string"}}],"inLanguage":"fr-FR"},{"@type":"Organization","@id":"https:\/\/www.justiceinfo.net\/fr#organization","name":"Justice Info","url":"https:\/\/www.justiceinfo.net\/fr","logo":{"@type":"ImageObject","inLanguage":"fr-FR","@id":"https:\/\/www.justiceinfo.net\/fr#\/schema\/logo\/image\/","url":"https:\/\/www.justiceinfo.net\/wp-content\/uploads\/justiceinfo_logo-trans_1200x1200px.png","contentUrl":"https:\/\/www.justiceinfo.net\/wp-content\/uploads\/justiceinfo_logo-trans_1200x1200px.png","width":1199,"height":1200,"caption":"Justice Info"},"image":{"@id":"https:\/\/www.justiceinfo.net\/fr#\/schema\/logo\/image\/"},"sameAs":["https:\/\/www.facebook.com\/JusticeInfo\/","https:\/\/x.com\/justiceinfonet","https:\/\/www.linkedin.com\/company\/justice-info","https:\/\/www.youtube.com\/channel\/UCyCEsARodyuWtkWyhn-e7pA"]},{"@type":"Person","name":"Fr\u00e9d\u00e9ric Burnand (swissinfo Gen\u00e8ve)","url":"\/fr\/?s=Fr\u00e9d\u00e9ric Burnand (swissinfo Gen\u00e8ve)"}]}},"_links":{"self":[{"href":"https:\/\/www.justiceinfo.net\/fr\/wp-json\/wp\/v2\/posts\/32424","targetHints":{"allow":["GET"]}}],"collection":[{"href":"https:\/\/www.justiceinfo.net\/fr\/wp-json\/wp\/v2\/posts"}],"about":[{"href":"https:\/\/www.justiceinfo.net\/fr\/wp-json\/wp\/v2\/types\/post"}],"author":[{"embeddable":true,"href":"https:\/\/www.justiceinfo.net\/fr\/wp-json\/wp\/v2\/users\/64"}],"replies":[{"embeddable":true,"href":"https:\/\/www.justiceinfo.net\/fr\/wp-json\/wp\/v2\/comments?post=32424"}],"version-history":[{"count":0,"href":"https:\/\/www.justiceinfo.net\/fr\/wp-json\/wp\/v2\/posts\/32424\/revisions"}],"wp:featuredmedia":[{"embeddable":true,"href":"https:\/\/www.justiceinfo.net\/fr\/wp-json\/wp\/v2\/media\/63384"}],"wp:attachment":[{"href":"https:\/\/www.justiceinfo.net\/fr\/wp-json\/wp\/v2\/media?parent=32424"}],"wp:term":[{"taxonomy":"category","embeddable":true,"href":"https:\/\/www.justiceinfo.net\/fr\/wp-json\/wp\/v2\/categories?post=32424"},{"taxonomy":"post_tag","embeddable":true,"href":"https:\/\/www.justiceinfo.net\/fr\/wp-json\/wp\/v2\/tags?post=32424"},{"taxonomy":"ji_location","embeddable":true,"href":"https:\/\/www.justiceinfo.net\/fr\/wp-json\/wp\/v2\/ji_location?post=32424"}],"curies":[{"name":"wp","href":"https:\/\/api.w.org\/{rel}","templated":true}]}}