{"id":3245,"date":"2008-01-05T08:18:02","date_gmt":"2008-01-05T07:18:02","guid":{"rendered":"https:\/\/www.justiceinfo.net\/3245-040108-tpiragenda-quatre-proces-prevus-en-janvier-au-tpir35.html"},"modified":"2008-01-05T08:18:02","modified_gmt":"2008-01-05T07:18:02","slug":"040108-tpiragenda-quatre-proces-prevus-en-janvier-au-tpir35","status":"publish","type":"post","link":"https:\/\/www.justiceinfo.net\/fr\/3245-040108-tpiragenda-quatre-proces-prevus-en-janvier-au-tpir35.html","title":{"rendered":"04.01.08 - TPIR\/AGENDA  - QUATRE PROCES PREVUS EN JANVIER AU TPIR"},"content":{"rendered":"<p  >\nArusha, 4 janvier 2008 (FH) -  Quatre proc\u00e8s, trois collectifs et un individuel, sont pr\u00e9vus au calendrier du Tribunal p\u00e9nal international pour le Rwanda pendant la seconde quinzaine de Janvier mais aucune confirmation officielle de ces dates n\u2019a encore pu \u00eatre obtenue.  <\/p>\n<p>Par ailleurs les requ\u00eates de transfert d\u00e9pos\u00e9es par le procureur en vue de voir juger cinq accus\u00e9s devant la justice rwandaise attendent toujours leurs r\u00e9ponses.\n<\/p>\n<p><!--more--><\/p>\n<p  >\nLes amicus curiae d\u00e9pos\u00e9s, qui supposent une r\u00e9ponse des parties, ont retard\u00e9 d\u2019autant les d\u00e9cision des chambres. <\/p>\n<p>A Arusha, le proc\u00e8s d\u2019Hormisdas Nsengimana, un pr\u00eatre accus\u00e9 de g\u00e9nocide, d\u2019assassinat et d\u2019extermination, va reprendre le 14 janvier devant la premi\u00e8re chambre. D\u00e9fendu par Me Emmanuel Altit, Nsengimana est jug\u00e9 depuis le 22 juin 2007. La premi\u00e8re audience avait dur\u00e9 quelques jours.<br \/>\nLe proc\u00e8s Militaires II reprendra le 16. Il avait \u00e9t\u00e9 suspendu en d\u00e9cembre apr\u00e8s le t\u00e9moignage du g\u00e9n\u00e9ral Augustin Bizimungi. La chambre l\u2019a cependant autoris\u00e9 \u00e0 pr\u00e9senter trois t\u00e9moins suppl\u00e9mentaires, communs avec deux de ses trois coaccus\u00e9s. L\u2019un d\u2019entre eux est l\u2019historien fran\u00e7ais Bernard Lugan. C\u2019est maintenant au tour de l\u2019ancien chef d\u2019\u00e9tat major de la gendarmerie, le g\u00e9n\u00e9ral Augustin Ndindiliyimana, de citer des t\u00e9moins \u00e0 d\u00e9charge. Ce proc\u00e8s a commenc\u00e9 enseptembre 2004.<br \/>\nUne semaine plus tard, le 21, le proc\u00e8s Butare devrait reprendre. Le juge William Sekule a lors de la derni\u00e8re audience \u00e9mis le souhait que la pr\u00e9sentation des preuves de la d\u00e9fense de Joseph Kanyabashi soient termin\u00e9es d\u2019ici fin avril et que la totalit\u00e9 de la d\u00e9fense ait d\u00e9pos\u00e9 ses preuves d\u2019ici juillet. Cette phase du proc\u00e8s a commenc\u00e9 le 31 janvier 2005. Les d\u00e9bats sont continuellement retard\u00e9 par des conflits d\u2019int\u00e9r\u00eat entre les accus\u00e9s.<br \/>\nLe  proc\u00e8s Gouvernement II reprendra le 28 janvier. <\/p>\n<p>En France, la cour d\u2019appel de Paris devrait rendre sa d\u00e9cision le 30 sur les proc\u00e8s de l'abb\u00e9 Wenceslas Munyeshyaka et l'ancien pr\u00e9fet Laurent Bucyibaruta. Le TPIR a annonc\u00e9 le 21 novembre dernier sa d\u00e9cision de se dessaisir au profit de la France de ces deux accus\u00e9s, mais faute de document officiel la d\u00e9cision n\u2019a pas pu \u00eatre confirm\u00e9e. <\/p>\n<p>PB\/GF<\/p>\n","protected":false},"excerpt":{"rendered":"<p>Arusha, 4 janvier 2008 (FH) - Quatre proc\u00e8s, trois collectifs et un individuel, sont pr\u00e9vus au calendrier du Tribunal p\u00e9nal international pour le Rwanda pendant la seconde quinzaine de Janvier mais aucune confirmation officielle de ces dates n\u2019a encore pu \u00eatre obtenue. Par ailleurs les requ\u00eates de transfert d\u00e9pos\u00e9es par le procureur en vue de [&hellip;]<\/p>\n","protected":false},"author":64,"featured_media":0,"comment_status":"open","ping_status":"closed","sticky":false,"template":"","format":"standard","meta":{"_acf_changed":false,"footnotes":""},"categories":[554],"tags":[],"ji_location":[],"class_list":["post-3245","post","type-post","status-publish","format-standard","hentry","category-hirondellenews"],"acf":[],"yoast_head":"<!-- This site is optimized with the Yoast SEO Premium plugin v25.3.1 (Yoast SEO v25.3.1) - https:\/\/yoast.com\/wordpress\/plugins\/seo\/ -->\n<title>04.01.08 - TPIR\/AGENDA - QUATRE PROCES PREVUS EN JANVIER AU TPIR - JusticeInfo.net<\/title>\n<meta name=\"robots\" content=\"index, follow, max-snippet:-1, max-image-preview:large, max-video-preview:-1\" \/>\n<link rel=\"canonical\" href=\"https:\/\/www.justiceinfo.net\/fr\/3245-040108-tpiragenda-quatre-proces-prevus-en-janvier-au-tpir35.html\" \/>\n<meta property=\"og:locale\" content=\"fr_FR\" \/>\n<meta property=\"og:type\" content=\"article\" \/>\n<meta property=\"og:title\" content=\"04.01.08 - TPIR\/AGENDA - QUATRE PROCES PREVUS EN JANVIER AU TPIR\" \/>\n<meta property=\"og:description\" content=\"Arusha, 4 janvier 2008 (FH) - Quatre proc\u00e8s, trois collectifs et un individuel, sont pr\u00e9vus au calendrier du Tribunal p\u00e9nal international pour le Rwanda pendant la seconde quinzaine de Janvier mais aucune confirmation officielle de ces dates n\u2019a encore pu \u00eatre obtenue. Par ailleurs les requ\u00eates de transfert d\u00e9pos\u00e9es par le procureur en vue de [&hellip;]\" \/>\n<meta property=\"og:url\" content=\"https:\/\/www.justiceinfo.net\/fr\/3245-040108-tpiragenda-quatre-proces-prevus-en-janvier-au-tpir35.html\" \/>\n<meta property=\"og:site_name\" content=\"JusticeInfo.net\" \/>\n<meta property=\"article:publisher\" content=\"https:\/\/www.facebook.com\/JusticeInfo\/\" \/>\n<meta property=\"article:published_time\" content=\"2008-01-05T07:18:02+00:00\" \/>\n<meta property=\"og:image\" content=\"https:\/\/www.justiceinfo.net\/wp-content\/uploads\/JusticeInfoNet_logo_1200x630px.jpg\" \/>\n\t<meta property=\"og:image:width\" content=\"1200\" \/>\n\t<meta property=\"og:image:height\" content=\"630\" \/>\n\t<meta property=\"og:image:type\" content=\"image\/jpeg\" \/>\n<meta name=\"author\" content=\"solivri\" \/>\n<meta name=\"twitter:card\" content=\"summary_large_image\" \/>\n<meta name=\"twitter:creator\" content=\"@justiceinfonet\" \/>\n<meta name=\"twitter:site\" content=\"@justiceinfonet\" \/>\n<meta name=\"twitter:label1\" content=\"\u00c9crit par\" \/>\n\t<meta name=\"twitter:data1\" content=\"solivri\" \/>\n\t<meta name=\"twitter:label2\" content=\"Dur\u00e9e de lecture estim\u00e9e\" \/>\n\t<meta name=\"twitter:data2\" content=\"2 minutes\" \/>\n<script type=\"application\/ld+json\" class=\"yoast-schema-graph\">{\"@context\":\"https:\/\/schema.org\",\"@graph\":[{\"@type\":\"NewsArticle\",\"@id\":\"https:\/\/www.justiceinfo.net\/fr\/3245-040108-tpiragenda-quatre-proces-prevus-en-janvier-au-tpir35.html#article\",\"isPartOf\":{\"@id\":\"https:\/\/www.justiceinfo.net\/fr\/3245-040108-tpiragenda-quatre-proces-prevus-en-janvier-au-tpir35.html\"},\"author\":{\"name\":\"solivri\",\"@id\":\"https:\/\/www.justiceinfo.net\/fr#\/schema\/person\/6e53cba1629e2e66f3fc1821d3091865\"},\"headline\":\"04.01.08 - TPIR\/AGENDA - QUATRE PROCES PREVUS EN JANVIER AU TPIR\",\"datePublished\":\"2008-01-05T07:18:02+00:00\",\"mainEntityOfPage\":{\"@id\":\"https:\/\/www.justiceinfo.net\/fr\/3245-040108-tpiragenda-quatre-proces-prevus-en-janvier-au-tpir35.html\"},\"wordCount\":413,\"commentCount\":0,\"publisher\":{\"@id\":\"https:\/\/www.justiceinfo.net\/fr#organization\"},\"articleSection\":[\"Hirondelle News\"],\"inLanguage\":\"fr-FR\",\"potentialAction\":[{\"@type\":\"CommentAction\",\"name\":\"Comment\",\"target\":[\"https:\/\/www.justiceinfo.net\/fr\/3245-040108-tpiragenda-quatre-proces-prevus-en-janvier-au-tpir35.html#respond\"]}]},{\"@type\":\"WebPage\",\"@id\":\"https:\/\/www.justiceinfo.net\/fr\/3245-040108-tpiragenda-quatre-proces-prevus-en-janvier-au-tpir35.html\",\"url\":\"https:\/\/www.justiceinfo.net\/fr\/3245-040108-tpiragenda-quatre-proces-prevus-en-janvier-au-tpir35.html\",\"name\":\"04.01.08 - TPIR\/AGENDA - QUATRE PROCES PREVUS EN JANVIER AU TPIR - JusticeInfo.net\",\"isPartOf\":{\"@id\":\"https:\/\/www.justiceinfo.net\/fr#website\"},\"datePublished\":\"2008-01-05T07:18:02+00:00\",\"breadcrumb\":{\"@id\":\"https:\/\/www.justiceinfo.net\/fr\/3245-040108-tpiragenda-quatre-proces-prevus-en-janvier-au-tpir35.html#breadcrumb\"},\"inLanguage\":\"fr-FR\",\"potentialAction\":[{\"@type\":\"ReadAction\",\"target\":[\"https:\/\/www.justiceinfo.net\/fr\/3245-040108-tpiragenda-quatre-proces-prevus-en-janvier-au-tpir35.html\"]}]},{\"@type\":\"BreadcrumbList\",\"@id\":\"https:\/\/www.justiceinfo.net\/fr\/3245-040108-tpiragenda-quatre-proces-prevus-en-janvier-au-tpir35.html#breadcrumb\",\"itemListElement\":[{\"@type\":\"ListItem\",\"position\":1,\"name\":\"Home\",\"item\":\"https:\/\/www.justiceinfo.net\/fr\"},{\"@type\":\"ListItem\",\"position\":2,\"name\":\"04.01.08 - TPIR\/AGENDA - QUATRE PROCES PREVUS EN JANVIER AU TPIR\"}]},{\"@type\":\"WebSite\",\"@id\":\"https:\/\/www.justiceinfo.net\/fr#website\",\"url\":\"https:\/\/www.justiceinfo.net\/fr\",\"name\":\"JusticeInfo.net\",\"description\":\"La justice doit \u00eatre vue pour \u00eatre rendue\",\"publisher\":{\"@id\":\"https:\/\/www.justiceinfo.net\/fr#organization\"},\"potentialAction\":[{\"@type\":\"SearchAction\",\"target\":{\"@type\":\"EntryPoint\",\"urlTemplate\":\"https:\/\/www.justiceinfo.net\/fr?s={search_term_string}\"},\"query-input\":{\"@type\":\"PropertyValueSpecification\",\"valueRequired\":true,\"valueName\":\"search_term_string\"}}],\"inLanguage\":\"fr-FR\"},{\"@type\":\"Organization\",\"@id\":\"https:\/\/www.justiceinfo.net\/fr#organization\",\"name\":\"Justice Info\",\"url\":\"https:\/\/www.justiceinfo.net\/fr\",\"logo\":{\"@type\":\"ImageObject\",\"inLanguage\":\"fr-FR\",\"@id\":\"https:\/\/www.justiceinfo.net\/fr#\/schema\/logo\/image\/\",\"url\":\"https:\/\/www.justiceinfo.net\/wp-content\/uploads\/justiceinfo_logo-trans_1200x1200px.png\",\"contentUrl\":\"https:\/\/www.justiceinfo.net\/wp-content\/uploads\/justiceinfo_logo-trans_1200x1200px.png\",\"width\":1199,\"height\":1200,\"caption\":\"Justice Info\"},\"image\":{\"@id\":\"https:\/\/www.justiceinfo.net\/fr#\/schema\/logo\/image\/\"},\"sameAs\":[\"https:\/\/www.facebook.com\/JusticeInfo\/\",\"https:\/\/x.com\/justiceinfonet\",\"https:\/\/www.linkedin.com\/company\/justice-info\",\"https:\/\/www.youtube.com\/channel\/UCyCEsARodyuWtkWyhn-e7pA\"]},{\"@type\":\"Person\",\"name\":\"solivri\",\"url\":\"\/fr\/?s=solivri\"}]}<\/script>\n<!-- \/ Yoast SEO Premium plugin. -->","yoast_head_json":{"title":"04.01.08 - TPIR\/AGENDA - QUATRE PROCES PREVUS EN JANVIER AU TPIR - JusticeInfo.net","robots":{"index":"index","follow":"follow","max-snippet":"max-snippet:-1","max-image-preview":"max-image-preview:large","max-video-preview":"max-video-preview:-1"},"canonical":"https:\/\/www.justiceinfo.net\/fr\/3245-040108-tpiragenda-quatre-proces-prevus-en-janvier-au-tpir35.html","og_locale":"fr_FR","og_type":"article","og_title":"04.01.08 - TPIR\/AGENDA - QUATRE PROCES PREVUS EN JANVIER AU TPIR","og_description":"Arusha, 4 janvier 2008 (FH) - Quatre proc\u00e8s, trois collectifs et un individuel, sont pr\u00e9vus au calendrier du Tribunal p\u00e9nal international pour le Rwanda pendant la seconde quinzaine de Janvier mais aucune confirmation officielle de ces dates n\u2019a encore pu \u00eatre obtenue. Par ailleurs les requ\u00eates de transfert d\u00e9pos\u00e9es par le procureur en vue de [&hellip;]","og_url":"https:\/\/www.justiceinfo.net\/fr\/3245-040108-tpiragenda-quatre-proces-prevus-en-janvier-au-tpir35.html","og_site_name":"JusticeInfo.net","article_publisher":"https:\/\/www.facebook.com\/JusticeInfo\/","article_published_time":"2008-01-05T07:18:02+00:00","og_image":[{"width":1200,"height":630,"url":"https:\/\/www.justiceinfo.net\/wp-content\/uploads\/JusticeInfoNet_logo_1200x630px.jpg","type":"image\/jpeg"}],"author":"solivri","twitter_card":"summary_large_image","twitter_creator":"@justiceinfonet","twitter_site":"@justiceinfonet","twitter_misc":{"\u00c9crit par":"solivri","Dur\u00e9e de lecture estim\u00e9e":"2 minutes"},"schema":{"@context":"https:\/\/schema.org","@graph":[{"@type":"NewsArticle","@id":"https:\/\/www.justiceinfo.net\/fr\/3245-040108-tpiragenda-quatre-proces-prevus-en-janvier-au-tpir35.html#article","isPartOf":{"@id":"https:\/\/www.justiceinfo.net\/fr\/3245-040108-tpiragenda-quatre-proces-prevus-en-janvier-au-tpir35.html"},"author":{"name":"solivri","@id":"https:\/\/www.justiceinfo.net\/fr#\/schema\/person\/6e53cba1629e2e66f3fc1821d3091865"},"headline":"04.01.08 - TPIR\/AGENDA - QUATRE PROCES PREVUS EN JANVIER AU TPIR","datePublished":"2008-01-05T07:18:02+00:00","mainEntityOfPage":{"@id":"https:\/\/www.justiceinfo.net\/fr\/3245-040108-tpiragenda-quatre-proces-prevus-en-janvier-au-tpir35.html"},"wordCount":413,"commentCount":0,"publisher":{"@id":"https:\/\/www.justiceinfo.net\/fr#organization"},"articleSection":["Hirondelle News"],"inLanguage":"fr-FR","potentialAction":[{"@type":"CommentAction","name":"Comment","target":["https:\/\/www.justiceinfo.net\/fr\/3245-040108-tpiragenda-quatre-proces-prevus-en-janvier-au-tpir35.html#respond"]}]},{"@type":"WebPage","@id":"https:\/\/www.justiceinfo.net\/fr\/3245-040108-tpiragenda-quatre-proces-prevus-en-janvier-au-tpir35.html","url":"https:\/\/www.justiceinfo.net\/fr\/3245-040108-tpiragenda-quatre-proces-prevus-en-janvier-au-tpir35.html","name":"04.01.08 - TPIR\/AGENDA - QUATRE PROCES PREVUS EN JANVIER AU TPIR - JusticeInfo.net","isPartOf":{"@id":"https:\/\/www.justiceinfo.net\/fr#website"},"datePublished":"2008-01-05T07:18:02+00:00","breadcrumb":{"@id":"https:\/\/www.justiceinfo.net\/fr\/3245-040108-tpiragenda-quatre-proces-prevus-en-janvier-au-tpir35.html#breadcrumb"},"inLanguage":"fr-FR","potentialAction":[{"@type":"ReadAction","target":["https:\/\/www.justiceinfo.net\/fr\/3245-040108-tpiragenda-quatre-proces-prevus-en-janvier-au-tpir35.html"]}]},{"@type":"BreadcrumbList","@id":"https:\/\/www.justiceinfo.net\/fr\/3245-040108-tpiragenda-quatre-proces-prevus-en-janvier-au-tpir35.html#breadcrumb","itemListElement":[{"@type":"ListItem","position":1,"name":"Home","item":"https:\/\/www.justiceinfo.net\/fr"},{"@type":"ListItem","position":2,"name":"04.01.08 - TPIR\/AGENDA - QUATRE PROCES PREVUS EN JANVIER AU TPIR"}]},{"@type":"WebSite","@id":"https:\/\/www.justiceinfo.net\/fr#website","url":"https:\/\/www.justiceinfo.net\/fr","name":"JusticeInfo.net","description":"La justice doit \u00eatre vue pour \u00eatre rendue","publisher":{"@id":"https:\/\/www.justiceinfo.net\/fr#organization"},"potentialAction":[{"@type":"SearchAction","target":{"@type":"EntryPoint","urlTemplate":"https:\/\/www.justiceinfo.net\/fr?s={search_term_string}"},"query-input":{"@type":"PropertyValueSpecification","valueRequired":true,"valueName":"search_term_string"}}],"inLanguage":"fr-FR"},{"@type":"Organization","@id":"https:\/\/www.justiceinfo.net\/fr#organization","name":"Justice Info","url":"https:\/\/www.justiceinfo.net\/fr","logo":{"@type":"ImageObject","inLanguage":"fr-FR","@id":"https:\/\/www.justiceinfo.net\/fr#\/schema\/logo\/image\/","url":"https:\/\/www.justiceinfo.net\/wp-content\/uploads\/justiceinfo_logo-trans_1200x1200px.png","contentUrl":"https:\/\/www.justiceinfo.net\/wp-content\/uploads\/justiceinfo_logo-trans_1200x1200px.png","width":1199,"height":1200,"caption":"Justice Info"},"image":{"@id":"https:\/\/www.justiceinfo.net\/fr#\/schema\/logo\/image\/"},"sameAs":["https:\/\/www.facebook.com\/JusticeInfo\/","https:\/\/x.com\/justiceinfonet","https:\/\/www.linkedin.com\/company\/justice-info","https:\/\/www.youtube.com\/channel\/UCyCEsARodyuWtkWyhn-e7pA"]},{"@type":"Person","name":"solivri","url":"\/fr\/?s=solivri"}]}},"_links":{"self":[{"href":"https:\/\/www.justiceinfo.net\/fr\/wp-json\/wp\/v2\/posts\/3245","targetHints":{"allow":["GET"]}}],"collection":[{"href":"https:\/\/www.justiceinfo.net\/fr\/wp-json\/wp\/v2\/posts"}],"about":[{"href":"https:\/\/www.justiceinfo.net\/fr\/wp-json\/wp\/v2\/types\/post"}],"author":[{"embeddable":true,"href":"https:\/\/www.justiceinfo.net\/fr\/wp-json\/wp\/v2\/users\/64"}],"replies":[{"embeddable":true,"href":"https:\/\/www.justiceinfo.net\/fr\/wp-json\/wp\/v2\/comments?post=3245"}],"version-history":[{"count":0,"href":"https:\/\/www.justiceinfo.net\/fr\/wp-json\/wp\/v2\/posts\/3245\/revisions"}],"wp:attachment":[{"href":"https:\/\/www.justiceinfo.net\/fr\/wp-json\/wp\/v2\/media?parent=3245"}],"wp:term":[{"taxonomy":"category","embeddable":true,"href":"https:\/\/www.justiceinfo.net\/fr\/wp-json\/wp\/v2\/categories?post=3245"},{"taxonomy":"post_tag","embeddable":true,"href":"https:\/\/www.justiceinfo.net\/fr\/wp-json\/wp\/v2\/tags?post=3245"},{"taxonomy":"ji_location","embeddable":true,"href":"https:\/\/www.justiceinfo.net\/fr\/wp-json\/wp\/v2\/ji_location?post=3245"}],"curies":[{"name":"wp","href":"https:\/\/api.w.org\/{rel}","templated":true}]}}