{"id":32528,"date":"2017-03-19T00:00:00","date_gmt":"2017-03-18T23:00:00","guid":{"rendered":"https:\/\/www.justiceinfo.net\/32528-la-semaine-de-la-justice-transitionnelle-le-genocide-herero-rattrape.html"},"modified":"2017-03-19T00:00:00","modified_gmt":"2017-03-18T23:00:00","slug":"la-semaine-de-la-justice-transitionnelle-le-genocide-herero-rattrape","status":"publish","type":"post","link":"https:\/\/www.justiceinfo.net\/fr\/32528-la-semaine-de-la-justice-transitionnelle-le-genocide-herero-rattrape.html","title":{"rendered":"La semaine de la justice transitionnelle : le g\u00e9nocide Herero rattrap\u00e9"},"content":{"rendered":"<div class=\"content-excerpt\">\n<p>La justice transitionnelle a rattrap\u00e9 cette semaine le g\u00e9nocide des Herero par l\u2019arm\u00e9e coloniale allemande en 1904 qui passe pour le premier g\u00e9nocide de l\u2019histoire. Une <a href=\"fr\/component\/k2\/32489-un-tribunal-new-yorkais-herero-genocide-allemand-namibie.html\">juge<\/a> \u00e0 New York a accept\u00e9 la plainte des descendants de deux tribus de l\u2019actuelle Namibie les Herero et les Nama massacr\u00e9es par le colonisateur allemand.<\/p>\n<\/div>\n<p>Jamais jug\u00e9, assimil\u00e9 aux guerres coloniales, ce massacre recense pourtant les crit\u00e8res d\u2019un g\u00e9nocide d\u00e9finis par le juriste am\u00e9ricain Raphael Lemkin en 1944 pour la Shoah et depuis reconnus par l\u2019ONU. Et, La Namibie envisage de faire un proc\u00e8s \u00e0 l'Allemagne pour obtenir 30 milliards de dollars en compensation de ce g\u00e9nocide, selon des documents officiels consult\u00e9s par le quotidien <a href=\"http:\/\/www.namibian.com.na\/52418\/read\/Government-makes-U-turn-on-genocide\"><em>The Namibian<\/em><\/a> et l'AFP. Les autorit\u00e9s namibiennes ont engag\u00e9 des juristes pour pr\u00e9parer le d\u00e9p\u00f4t devant la Cour P\u00e9nale Internationale d'une plainte pour violations des droits de l'Homme incluant \"des excuses et des r\u00e9parations\".<\/p>\n<p>Intentionnalit\u00e9 de faire dispara\u00eetre une communaut\u00e9, d\u00e9possession, camps de concentration, exp\u00e9riences scientifiques sur des \"sp\u00e9cimens\" d'une race jug\u00e9e inf\u00e9rieure, extermination: les ingr\u00e9dients des grands g\u00e9nocides du XXe si\u00e8cle \u00e9taient d\u00e9j\u00e0 r\u00e9unis. Le chef Herero Vekuii Rukoro, 62 ans et venu sp\u00e9cialement de Namibie, a d\u00e9clar\u00e9 jeudi aux Etats-Unis que <em>\"ce qui est arriv\u00e9 aux Juifs (pendant l'Holocauste) n'\u00e9tait que le perfectionnement de ce qui (nous) est arriv\u00e9<\/em>\". <a href=\"fr\/component\/k2\/31546.html?Itemid=102\">Pierre Hazan<\/a>, conseiller \u00e9ditorial de JusticeInfo.net explique\u00a0: <em>\u00ab\u00a0Le g\u00e9n\u00e9ral Lotha von Trotha, qui dirigeait les troupes allemandes \u00e9crit l\u2019ordre d\u2019extermination en 1904 selon lequel \u00ab\u00a0tout Herero trouv\u00e9 sur le territoire allemand, avec ou sans fusil, avec ou sans b\u00e9tail, devra \u00eatre tu\u00e9. Je n\u2019accepte pas non plus les femmes et les enfants\u00a0: ils devront \u00eatre renvoy\u00e9s ou fusill\u00e9s\u00a0\u00bb. Certains <\/em><a href=\"https:\/\/www.ft.com\/content\/981b675c-b169-11df-b899-00144feabdc0\"><em> historiens<\/em><\/a><em> ont trac\u00e9 une filiation entre \u00ab\u00a0l\u2019Holocauste du Kaiser\u00a0\u00bb et celui commis par l\u2019Allemagne de Hitler, tous deux reposant sur une id\u00e9ologie eug\u00e9niste, la puret\u00e9 raciale et une vision scalaire de l\u2019humanit\u00e9. L\u2019impunit\u00e9 absolue dont b\u00e9n\u00e9ficia le g\u00e9n\u00e9ral Lotha von Trotha apr\u00e8s avoir commis ce crime de masse conforta sans doute les nazis qu\u2019ils ne risquaient rien \u00e0 exterminer d\u2019autres populations\u00a0\u00bb. <\/em><\/p>\n<p>En fixant la prochaine audience au 21 juillet, la juge new yorkaise Laura Taylor Swain a accord\u00e9 une premi\u00e8re victoire \u00e0 la quinzaine de repr\u00e9sentants des deux tribus venus sp\u00e9cialement \u00e0 New York depuis la Namibie, le Canada ou des Etats-Unis, parfois en costumes traditionnels h\u00e9rit\u00e9s de l'\u00e8re coloniale. L'Allemagne dispose de quatre mois pour r\u00e9pondre \u00e0 leur demande de r\u00e9paration pour les \"dommages incalculables\" subis par les deux peuples, d\u00e9pos\u00e9e le 5 janvier \u00e0 New York.<\/p>\n<p>Plusieurs repr\u00e9sentants de l\u2019Allemagne contemporaine ont employ\u00e9 le terme de \u201cg\u00e9nocide\u201d en rapport avec l\u2019extermination de ces deux peuples mais Berlin refuse de verser des reparations arguant de l\u2019aide au d\u00e9veloppement accord\u00e9e \u00e0 la Namibie et \u00e0 l\u2019Afrique du Sud avant l\u2019ind\u00e9pendance de la Namibie en 1990.<\/p>\n<h3>Colombie<\/h3>\n<p>Autre avanc\u00e9e du droit, la <a href=\"fr\/component\/k2\/32441-accord-de-paix-en-colombie-adoption-d-un-systeme-judiciaire-special.html\">Colombie<\/a> o\u00f9 un tribunal sp\u00e9cial a \u00e9t\u00e9 mis en place pour juger les crimes de la guerre civile. La r\u00e9forme instaure un dispositif appel\u00e9 \"Syst\u00e8me int\u00e9gral de justice, de v\u00e9rit\u00e9, de r\u00e9paration et de non-r\u00e9p\u00e9tition\", qui comprend trois m\u00e9canismes: une Commission pour la v\u00e9rit\u00e9, une Unit\u00e9 pour la recherche des personnes consid\u00e9r\u00e9es comme disparues pendant le conflit entre les Farc et les forces gouvernementales, et une Juridiction sp\u00e9ciale pour la paix (JEP).. La Colombie veut ainsi mettre un terme \u00e0 un conflit arm\u00e9 de plus d'un demi-si\u00e8cle qui a impliqu\u00e9 une trentaine de gu\u00e9rillas, des paramilitaires et les forces de l'ordre, faisant au moins 260.000 morts, plus de 60.000 disparus et 6,9 millions de d\u00e9plac\u00e9s.<\/p>\n<p>\u00c0 noter aussi, le <a href=\"fr\/component\/k2\/32483-yanghee-lee-%C2%AB%C2%A0j%E2%80%99%C3%A9cris-ce-rapport-comme-une-amie-du-myanmar%C2%A0%C2%BB.html\">Myanmar<\/a> o\u00f9 l\u2019ONU demande une enqu\u00eate sur les massacres de la minorit\u00e9 musulmane des Rohingya par l\u2019arm\u00e9e et la police notamment dans l\u2019\u00e9tat du Rakhine. Dans une interview avec notre partenaire au Myanmar The Frontier, la rapporteur sp\u00e9ciale Yanghee Lee explique : <em>\u201c Personne aujourd\u2019hui ne sait exactement ce qui s\u2019est pass\u00e9 dans le nord de l\u2019Etat de Rakhine durant \u00ab\u00a0les op\u00e9rations de ratissage \u00bb - nous avons des all\u00e9gations graves et troublantes de graves violations des droits de l\u2019homme qui auraient \u00e9t\u00e9 commises par les forces de s\u00e9curit\u00e9 dans une r\u00e9gion qui \u00e9tait boucl\u00e9e depuis plusieurs mois et que des dizaines de milliers de personnes avaient apparemment fuie\u201d.<\/em><\/p>\n<p>\u00a0<\/p>\n<p>\u00a0<\/p>\n","protected":false},"excerpt":{"rendered":"<p>La justice transitionnelle a rattrap\u00e9 cette semaine le g\u00e9nocide des Herero par l\u2019arm\u00e9e coloniale allemande en 1904 qui passe pour le premier g\u00e9nocide de l\u2019histoire. Une juge \u00e0 New York a accept\u00e9 la plainte des descendants de deux tribus de l\u2019actuelle Namibie les Herero et les Nama massacr\u00e9es par le colonisateur allemand. Jamais jug\u00e9, assimil\u00e9 [&hellip;]<\/p>\n","protected":false},"author":58,"featured_media":62978,"comment_status":"open","ping_status":"closed","sticky":false,"template":"","format":"standard","meta":{"_acf_changed":false,"footnotes":""},"categories":[556],"tags":[],"ji_location":[2366],"class_list":["post-32528","post","type-post","status-publish","format-standard","has-post-thumbnail","hentry","category-divers","ji_location-namibie"],"acf":[],"yoast_head":"<!-- This site is optimized with the Yoast SEO Premium plugin v25.3.1 (Yoast SEO v25.3.1) - https:\/\/yoast.com\/wordpress\/plugins\/seo\/ -->\n<title>La semaine de la justice transitionnelle : le g\u00e9nocide Herero rattrap\u00e9 - JusticeInfo.net<\/title>\n<meta name=\"robots\" content=\"index, follow, max-snippet:-1, max-image-preview:large, max-video-preview:-1\" \/>\n<link rel=\"canonical\" href=\"https:\/\/www.justiceinfo.net\/fr\/32528-la-semaine-de-la-justice-transitionnelle-le-genocide-herero-rattrape.html\" \/>\n<meta property=\"og:locale\" content=\"fr_FR\" \/>\n<meta property=\"og:type\" content=\"article\" \/>\n<meta property=\"og:title\" content=\"La semaine de la justice transitionnelle : le g\u00e9nocide Herero rattrap\u00e9\" \/>\n<meta property=\"og:description\" content=\"La justice transitionnelle a rattrap\u00e9 cette semaine le g\u00e9nocide des Herero par l\u2019arm\u00e9e coloniale allemande en 1904 qui passe pour le premier g\u00e9nocide de l\u2019histoire. Une juge \u00e0 New York a accept\u00e9 la plainte des descendants de deux tribus de l\u2019actuelle Namibie les Herero et les Nama massacr\u00e9es par le colonisateur allemand. Jamais jug\u00e9, assimil\u00e9 [&hellip;]\" \/>\n<meta property=\"og:url\" content=\"https:\/\/www.justiceinfo.net\/fr\/32528-la-semaine-de-la-justice-transitionnelle-le-genocide-herero-rattrape.html\" \/>\n<meta property=\"og:site_name\" content=\"JusticeInfo.net\" \/>\n<meta property=\"article:publisher\" content=\"https:\/\/www.facebook.com\/JusticeInfo\/\" \/>\n<meta property=\"article:author\" content=\"https:\/\/www.facebook.com\/profile.php?id=100004809918727\" \/>\n<meta property=\"article:published_time\" content=\"2017-03-18T23:00:00+00:00\" \/>\n<meta property=\"og:image\" content=\"https:\/\/www.justiceinfo.net\/wp-content\/uploads\/a60918fcabfca25273b391006c3cdcbd.jpg\" \/>\n\t<meta property=\"og:image:width\" content=\"800\" \/>\n\t<meta property=\"og:image:height\" content=\"528\" \/>\n\t<meta property=\"og:image:type\" content=\"image\/jpeg\" \/>\n<meta name=\"author\" content=\"Fran\u00e7ois Sergent\" \/>\n<meta name=\"twitter:card\" content=\"summary_large_image\" \/>\n<meta name=\"twitter:creator\" content=\"@FrancoisSergent\" \/>\n<meta name=\"twitter:site\" content=\"@justiceinfonet\" \/>\n<meta name=\"twitter:label1\" content=\"\u00c9crit par\" \/>\n\t<meta name=\"twitter:data1\" content=\"Fran\u00e7ois Sergent\" \/>\n\t<meta name=\"twitter:label2\" content=\"Dur\u00e9e de lecture estim\u00e9e\" \/>\n\t<meta name=\"twitter:data2\" content=\"4 minutes\" \/>\n<script type=\"application\/ld+json\" class=\"yoast-schema-graph\">{\"@context\":\"https:\/\/schema.org\",\"@graph\":[{\"@type\":\"NewsArticle\",\"@id\":\"https:\/\/www.justiceinfo.net\/fr\/32528-la-semaine-de-la-justice-transitionnelle-le-genocide-herero-rattrape.html#article\",\"isPartOf\":{\"@id\":\"https:\/\/www.justiceinfo.net\/fr\/32528-la-semaine-de-la-justice-transitionnelle-le-genocide-herero-rattrape.html\"},\"author\":{\"name\":\"fsergent\",\"@id\":\"https:\/\/www.justiceinfo.net\/fr#\/schema\/person\/724414fc3a7779fc189a73a27563e5e1\"},\"headline\":\"La semaine de la justice transitionnelle : le g\u00e9nocide Herero rattrap\u00e9\",\"datePublished\":\"2017-03-18T23:00:00+00:00\",\"mainEntityOfPage\":{\"@id\":\"https:\/\/www.justiceinfo.net\/fr\/32528-la-semaine-de-la-justice-transitionnelle-le-genocide-herero-rattrape.html\"},\"wordCount\":797,\"commentCount\":0,\"publisher\":{\"@id\":\"https:\/\/www.justiceinfo.net\/fr#organization\"},\"image\":{\"@id\":\"https:\/\/www.justiceinfo.net\/fr\/32528-la-semaine-de-la-justice-transitionnelle-le-genocide-herero-rattrape.html#primaryimage\"},\"thumbnailUrl\":\"https:\/\/www.justiceinfo.net\/wp-content\/uploads\/a60918fcabfca25273b391006c3cdcbd.jpg\",\"articleSection\":[\"Divers\"],\"inLanguage\":\"fr-FR\",\"potentialAction\":[{\"@type\":\"CommentAction\",\"name\":\"Comment\",\"target\":[\"https:\/\/www.justiceinfo.net\/fr\/32528-la-semaine-de-la-justice-transitionnelle-le-genocide-herero-rattrape.html#respond\"]}]},{\"@type\":\"WebPage\",\"@id\":\"https:\/\/www.justiceinfo.net\/fr\/32528-la-semaine-de-la-justice-transitionnelle-le-genocide-herero-rattrape.html\",\"url\":\"https:\/\/www.justiceinfo.net\/fr\/32528-la-semaine-de-la-justice-transitionnelle-le-genocide-herero-rattrape.html\",\"name\":\"La semaine de la justice transitionnelle : le g\u00e9nocide Herero rattrap\u00e9 - JusticeInfo.net\",\"isPartOf\":{\"@id\":\"https:\/\/www.justiceinfo.net\/fr#website\"},\"primaryImageOfPage\":{\"@id\":\"https:\/\/www.justiceinfo.net\/fr\/32528-la-semaine-de-la-justice-transitionnelle-le-genocide-herero-rattrape.html#primaryimage\"},\"image\":{\"@id\":\"https:\/\/www.justiceinfo.net\/fr\/32528-la-semaine-de-la-justice-transitionnelle-le-genocide-herero-rattrape.html#primaryimage\"},\"thumbnailUrl\":\"https:\/\/www.justiceinfo.net\/wp-content\/uploads\/a60918fcabfca25273b391006c3cdcbd.jpg\",\"datePublished\":\"2017-03-18T23:00:00+00:00\",\"breadcrumb\":{\"@id\":\"https:\/\/www.justiceinfo.net\/fr\/32528-la-semaine-de-la-justice-transitionnelle-le-genocide-herero-rattrape.html#breadcrumb\"},\"inLanguage\":\"fr-FR\",\"potentialAction\":[{\"@type\":\"ReadAction\",\"target\":[\"https:\/\/www.justiceinfo.net\/fr\/32528-la-semaine-de-la-justice-transitionnelle-le-genocide-herero-rattrape.html\"]}]},{\"@type\":\"ImageObject\",\"inLanguage\":\"fr-FR\",\"@id\":\"https:\/\/www.justiceinfo.net\/fr\/32528-la-semaine-de-la-justice-transitionnelle-le-genocide-herero-rattrape.html#primaryimage\",\"url\":\"https:\/\/www.justiceinfo.net\/wp-content\/uploads\/a60918fcabfca25273b391006c3cdcbd.jpg\",\"contentUrl\":\"https:\/\/www.justiceinfo.net\/wp-content\/uploads\/a60918fcabfca25273b391006c3cdcbd.jpg\",\"width\":800,\"height\":528},{\"@type\":\"BreadcrumbList\",\"@id\":\"https:\/\/www.justiceinfo.net\/fr\/32528-la-semaine-de-la-justice-transitionnelle-le-genocide-herero-rattrape.html#breadcrumb\",\"itemListElement\":[{\"@type\":\"ListItem\",\"position\":1,\"name\":\"Home\",\"item\":\"https:\/\/www.justiceinfo.net\/fr\"},{\"@type\":\"ListItem\",\"position\":2,\"name\":\"La semaine de la justice transitionnelle : le g\u00e9nocide Herero rattrap\u00e9\"}]},{\"@type\":\"WebSite\",\"@id\":\"https:\/\/www.justiceinfo.net\/fr#website\",\"url\":\"https:\/\/www.justiceinfo.net\/fr\",\"name\":\"JusticeInfo.net\",\"description\":\"La justice doit \u00eatre vue pour \u00eatre rendue\",\"publisher\":{\"@id\":\"https:\/\/www.justiceinfo.net\/fr#organization\"},\"potentialAction\":[{\"@type\":\"SearchAction\",\"target\":{\"@type\":\"EntryPoint\",\"urlTemplate\":\"https:\/\/www.justiceinfo.net\/fr?s={search_term_string}\"},\"query-input\":{\"@type\":\"PropertyValueSpecification\",\"valueRequired\":true,\"valueName\":\"search_term_string\"}}],\"inLanguage\":\"fr-FR\"},{\"@type\":\"Organization\",\"@id\":\"https:\/\/www.justiceinfo.net\/fr#organization\",\"name\":\"Justice Info\",\"url\":\"https:\/\/www.justiceinfo.net\/fr\",\"logo\":{\"@type\":\"ImageObject\",\"inLanguage\":\"fr-FR\",\"@id\":\"https:\/\/www.justiceinfo.net\/fr#\/schema\/logo\/image\/\",\"url\":\"https:\/\/www.justiceinfo.net\/wp-content\/uploads\/justiceinfo_logo-trans_1200x1200px.png\",\"contentUrl\":\"https:\/\/www.justiceinfo.net\/wp-content\/uploads\/justiceinfo_logo-trans_1200x1200px.png\",\"width\":1199,\"height\":1200,\"caption\":\"Justice Info\"},\"image\":{\"@id\":\"https:\/\/www.justiceinfo.net\/fr#\/schema\/logo\/image\/\"},\"sameAs\":[\"https:\/\/www.facebook.com\/JusticeInfo\/\",\"https:\/\/x.com\/justiceinfonet\",\"https:\/\/www.linkedin.com\/company\/justice-info\",\"https:\/\/www.youtube.com\/channel\/UCyCEsARodyuWtkWyhn-e7pA\"]},{\"@type\":\"Person\",\"name\":\"Fran\u00e7ois Sergent\",\"sameAs\":[\"https:\/\/www.facebook.com\/profile.php?id=100004809918727\",\"https:\/\/x.com\/FrancoisSergent\"],\"url\":\"https:\/\/www.justiceinfo.net\/fr\/auteur\/fsergent\"}]}<\/script>\n<!-- \/ Yoast SEO Premium plugin. -->","yoast_head_json":{"title":"La semaine de la justice transitionnelle : le g\u00e9nocide Herero rattrap\u00e9 - JusticeInfo.net","robots":{"index":"index","follow":"follow","max-snippet":"max-snippet:-1","max-image-preview":"max-image-preview:large","max-video-preview":"max-video-preview:-1"},"canonical":"https:\/\/www.justiceinfo.net\/fr\/32528-la-semaine-de-la-justice-transitionnelle-le-genocide-herero-rattrape.html","og_locale":"fr_FR","og_type":"article","og_title":"La semaine de la justice transitionnelle : le g\u00e9nocide Herero rattrap\u00e9","og_description":"La justice transitionnelle a rattrap\u00e9 cette semaine le g\u00e9nocide des Herero par l\u2019arm\u00e9e coloniale allemande en 1904 qui passe pour le premier g\u00e9nocide de l\u2019histoire. Une juge \u00e0 New York a accept\u00e9 la plainte des descendants de deux tribus de l\u2019actuelle Namibie les Herero et les Nama massacr\u00e9es par le colonisateur allemand. Jamais jug\u00e9, assimil\u00e9 [&hellip;]","og_url":"https:\/\/www.justiceinfo.net\/fr\/32528-la-semaine-de-la-justice-transitionnelle-le-genocide-herero-rattrape.html","og_site_name":"JusticeInfo.net","article_publisher":"https:\/\/www.facebook.com\/JusticeInfo\/","article_author":"https:\/\/www.facebook.com\/profile.php?id=100004809918727","article_published_time":"2017-03-18T23:00:00+00:00","og_image":[{"width":800,"height":528,"url":"https:\/\/www.justiceinfo.net\/wp-content\/uploads\/a60918fcabfca25273b391006c3cdcbd.jpg","type":"image\/jpeg"}],"author":"Fran\u00e7ois Sergent","twitter_card":"summary_large_image","twitter_creator":"@FrancoisSergent","twitter_site":"@justiceinfonet","twitter_misc":{"\u00c9crit par":"Fran\u00e7ois Sergent","Dur\u00e9e de lecture estim\u00e9e":"4 minutes"},"schema":{"@context":"https:\/\/schema.org","@graph":[{"@type":"NewsArticle","@id":"https:\/\/www.justiceinfo.net\/fr\/32528-la-semaine-de-la-justice-transitionnelle-le-genocide-herero-rattrape.html#article","isPartOf":{"@id":"https:\/\/www.justiceinfo.net\/fr\/32528-la-semaine-de-la-justice-transitionnelle-le-genocide-herero-rattrape.html"},"author":{"name":"fsergent","@id":"https:\/\/www.justiceinfo.net\/fr#\/schema\/person\/724414fc3a7779fc189a73a27563e5e1"},"headline":"La semaine de la justice transitionnelle : le g\u00e9nocide Herero rattrap\u00e9","datePublished":"2017-03-18T23:00:00+00:00","mainEntityOfPage":{"@id":"https:\/\/www.justiceinfo.net\/fr\/32528-la-semaine-de-la-justice-transitionnelle-le-genocide-herero-rattrape.html"},"wordCount":797,"commentCount":0,"publisher":{"@id":"https:\/\/www.justiceinfo.net\/fr#organization"},"image":{"@id":"https:\/\/www.justiceinfo.net\/fr\/32528-la-semaine-de-la-justice-transitionnelle-le-genocide-herero-rattrape.html#primaryimage"},"thumbnailUrl":"https:\/\/www.justiceinfo.net\/wp-content\/uploads\/a60918fcabfca25273b391006c3cdcbd.jpg","articleSection":["Divers"],"inLanguage":"fr-FR","potentialAction":[{"@type":"CommentAction","name":"Comment","target":["https:\/\/www.justiceinfo.net\/fr\/32528-la-semaine-de-la-justice-transitionnelle-le-genocide-herero-rattrape.html#respond"]}]},{"@type":"WebPage","@id":"https:\/\/www.justiceinfo.net\/fr\/32528-la-semaine-de-la-justice-transitionnelle-le-genocide-herero-rattrape.html","url":"https:\/\/www.justiceinfo.net\/fr\/32528-la-semaine-de-la-justice-transitionnelle-le-genocide-herero-rattrape.html","name":"La semaine de la justice transitionnelle : le g\u00e9nocide Herero rattrap\u00e9 - JusticeInfo.net","isPartOf":{"@id":"https:\/\/www.justiceinfo.net\/fr#website"},"primaryImageOfPage":{"@id":"https:\/\/www.justiceinfo.net\/fr\/32528-la-semaine-de-la-justice-transitionnelle-le-genocide-herero-rattrape.html#primaryimage"},"image":{"@id":"https:\/\/www.justiceinfo.net\/fr\/32528-la-semaine-de-la-justice-transitionnelle-le-genocide-herero-rattrape.html#primaryimage"},"thumbnailUrl":"https:\/\/www.justiceinfo.net\/wp-content\/uploads\/a60918fcabfca25273b391006c3cdcbd.jpg","datePublished":"2017-03-18T23:00:00+00:00","breadcrumb":{"@id":"https:\/\/www.justiceinfo.net\/fr\/32528-la-semaine-de-la-justice-transitionnelle-le-genocide-herero-rattrape.html#breadcrumb"},"inLanguage":"fr-FR","potentialAction":[{"@type":"ReadAction","target":["https:\/\/www.justiceinfo.net\/fr\/32528-la-semaine-de-la-justice-transitionnelle-le-genocide-herero-rattrape.html"]}]},{"@type":"ImageObject","inLanguage":"fr-FR","@id":"https:\/\/www.justiceinfo.net\/fr\/32528-la-semaine-de-la-justice-transitionnelle-le-genocide-herero-rattrape.html#primaryimage","url":"https:\/\/www.justiceinfo.net\/wp-content\/uploads\/a60918fcabfca25273b391006c3cdcbd.jpg","contentUrl":"https:\/\/www.justiceinfo.net\/wp-content\/uploads\/a60918fcabfca25273b391006c3cdcbd.jpg","width":800,"height":528},{"@type":"BreadcrumbList","@id":"https:\/\/www.justiceinfo.net\/fr\/32528-la-semaine-de-la-justice-transitionnelle-le-genocide-herero-rattrape.html#breadcrumb","itemListElement":[{"@type":"ListItem","position":1,"name":"Home","item":"https:\/\/www.justiceinfo.net\/fr"},{"@type":"ListItem","position":2,"name":"La semaine de la justice transitionnelle : le g\u00e9nocide Herero rattrap\u00e9"}]},{"@type":"WebSite","@id":"https:\/\/www.justiceinfo.net\/fr#website","url":"https:\/\/www.justiceinfo.net\/fr","name":"JusticeInfo.net","description":"La justice doit \u00eatre vue pour \u00eatre rendue","publisher":{"@id":"https:\/\/www.justiceinfo.net\/fr#organization"},"potentialAction":[{"@type":"SearchAction","target":{"@type":"EntryPoint","urlTemplate":"https:\/\/www.justiceinfo.net\/fr?s={search_term_string}"},"query-input":{"@type":"PropertyValueSpecification","valueRequired":true,"valueName":"search_term_string"}}],"inLanguage":"fr-FR"},{"@type":"Organization","@id":"https:\/\/www.justiceinfo.net\/fr#organization","name":"Justice Info","url":"https:\/\/www.justiceinfo.net\/fr","logo":{"@type":"ImageObject","inLanguage":"fr-FR","@id":"https:\/\/www.justiceinfo.net\/fr#\/schema\/logo\/image\/","url":"https:\/\/www.justiceinfo.net\/wp-content\/uploads\/justiceinfo_logo-trans_1200x1200px.png","contentUrl":"https:\/\/www.justiceinfo.net\/wp-content\/uploads\/justiceinfo_logo-trans_1200x1200px.png","width":1199,"height":1200,"caption":"Justice Info"},"image":{"@id":"https:\/\/www.justiceinfo.net\/fr#\/schema\/logo\/image\/"},"sameAs":["https:\/\/www.facebook.com\/JusticeInfo\/","https:\/\/x.com\/justiceinfonet","https:\/\/www.linkedin.com\/company\/justice-info","https:\/\/www.youtube.com\/channel\/UCyCEsARodyuWtkWyhn-e7pA"]},{"@type":"Person","name":"Fran\u00e7ois Sergent","sameAs":["https:\/\/www.facebook.com\/profile.php?id=100004809918727","https:\/\/x.com\/FrancoisSergent"],"url":"https:\/\/www.justiceinfo.net\/fr\/auteur\/fsergent"}]}},"_links":{"self":[{"href":"https:\/\/www.justiceinfo.net\/fr\/wp-json\/wp\/v2\/posts\/32528","targetHints":{"allow":["GET"]}}],"collection":[{"href":"https:\/\/www.justiceinfo.net\/fr\/wp-json\/wp\/v2\/posts"}],"about":[{"href":"https:\/\/www.justiceinfo.net\/fr\/wp-json\/wp\/v2\/types\/post"}],"author":[{"embeddable":true,"href":"https:\/\/www.justiceinfo.net\/fr\/wp-json\/wp\/v2\/users\/58"}],"replies":[{"embeddable":true,"href":"https:\/\/www.justiceinfo.net\/fr\/wp-json\/wp\/v2\/comments?post=32528"}],"version-history":[{"count":0,"href":"https:\/\/www.justiceinfo.net\/fr\/wp-json\/wp\/v2\/posts\/32528\/revisions"}],"wp:featuredmedia":[{"embeddable":true,"href":"https:\/\/www.justiceinfo.net\/fr\/wp-json\/wp\/v2\/media\/62978"}],"wp:attachment":[{"href":"https:\/\/www.justiceinfo.net\/fr\/wp-json\/wp\/v2\/media?parent=32528"}],"wp:term":[{"taxonomy":"category","embeddable":true,"href":"https:\/\/www.justiceinfo.net\/fr\/wp-json\/wp\/v2\/categories?post=32528"},{"taxonomy":"post_tag","embeddable":true,"href":"https:\/\/www.justiceinfo.net\/fr\/wp-json\/wp\/v2\/tags?post=32528"},{"taxonomy":"ji_location","embeddable":true,"href":"https:\/\/www.justiceinfo.net\/fr\/wp-json\/wp\/v2\/ji_location?post=32528"}],"curies":[{"name":"wp","href":"https:\/\/api.w.org\/{rel}","templated":true}]}}