{"id":32552,"date":"2017-03-21T10:49:21","date_gmt":"2017-03-21T09:49:21","guid":{"rendered":"https:\/\/www.justiceinfo.net\/32552-rwanda-genocide-liberation-allemagne-habyarimana-ruhigira.html"},"modified":"2017-03-21T10:49:21","modified_gmt":"2017-03-21T09:49:21","slug":"rwanda-genocide-liberation-allemagne-habyarimana-ruhigira","status":"publish","type":"post","link":"https:\/\/www.justiceinfo.net\/fr\/32552-rwanda-genocide-liberation-allemagne-habyarimana-ruhigira.html","title":{"rendered":"Rwanda\/g\u00e9nocide: lib\u00e9ration en Allemagne de l\u2019ex-directeur de cabinet du pr\u00e9sident Juv\u00e9nal Habyarimana"},"content":{"rendered":"<div class=\"content-excerpt\">\n<p><em>Francfort (Allemagne) - Un proche de l\u2019ex-pr\u00e9sident rwandais Juv\u00e9nal Habyarimana, qui \u00e9tait d\u00e9tenu en Allemagne depuis juillet 2016, pour sa participation pr\u00e9sum\u00e9e au g\u00e9nocide des Tutsi de 1994 au Rwanda, a \u00e9t\u00e9 lib\u00e9r\u00e9 lundi, a appris JusticeInfo.Net. Enoch Ruhigira, le dernier Directeur de cabinet de Juv\u00e9nal Habyarimana, avait \u00e9t\u00e9 arr\u00eat\u00e9 lors de son escale le 20 juillet dernier \u00e0 Francfort en ex\u00e9cution d\u2019un mandat d\u2019arr\u00eat de la justice rwandaise.<\/em><\/p>\n<\/div>\n<p>Le mandat d\u2019arr\u00eat reposait sur des accusations qui avaient \u00e9t\u00e9 jug\u00e9es sans fondement par la Nouvelle-Z\u00e9lande, dont il a la citoyennet\u00e9, et la Belgique, o\u00f9 il avait s\u00e9journ\u00e9.<\/p>\n<p>\u00ab\u00a0Il a \u00e9t\u00e9 lib\u00e9r\u00e9 lundi 20 mars au soir, sans explications. Il est pour le moment en Allemagne et devrait retourner en Nouvelle - Z\u00e9lande\u00a0\u00bb, a indiqu\u00e9 \u00e0 JusticeInfo.Net, une source proche du dossier.<\/p>\n<p>Aujourd'hui \u00e2g\u00e9 de 66 ans, Enoch Ruhigira, un agronome de formation, est originaire de la commune de Bwakira, dans l'ancienne pr\u00e9fecture de Kibuye, dans l\u2019ouest du Rwanda.<\/p>\n<p>Comme l'attestent de nombreux t\u00e9moignages, dont celui de l'ambassadeur de Belgique \u00e0 Kigali \u00e0 l'\u00e9poque, Johan Swinnen, l\u2019ex Directeur de cabinet n'avait pas accompagn\u00e9 son patron, Juv\u00e9nal Habyarimana, au sommet de Dar-es-Salaam, le 6 avril 1994, date de l'attentat qui co\u00fbta la vie au chef de l'Etat. L\u2019avion pr\u00e9sidentiel fut atteint par un missile alors qu'il s'appr\u00eatait \u00e0 atterrir, dans la soir\u00e9e, \u00e0 l'a\u00e9roport international de Kigali.<\/p>\n<p>Selon le diplomate belge, le Directeur de cabinet avait \u00e9t\u00e9 charg\u00e9 de n\u00e9gocier, pendant la journ\u00e9e, avec le Premier ministre, Madame Agathe Uwiligiyimana, les modalit\u00e9s de la mise en place des institutions de transition, d\u00e8s son retour.<\/p>\n<p>Le lendemain de l'attentat, t\u00e9moigne encore Johan Swinnen, Enoch Ruhigira r\u00e9ussit \u00e0 se mettre \u00e0 l'abri \u00e0 la r\u00e9sidence de l'ambassade de Belgique alors que d'autres hauts dignitaires du parti pr\u00e9sidentiel, le Mouvement r\u00e9publicain national pour la d\u00e9mocratie et le d\u00e9veloppement (MRND), se r\u00e9fugient, escort\u00e9s, pour certains, par des \u00e9l\u00e9ments de la Garde pr\u00e9sidentielle (GP), \u00e0 l'ambassade de France.<\/p>\n<h3>Evacu\u00e9 par l'arm\u00e9e belge<\/h3>\n<p>Lors de la mise en place du gouvernement int\u00e9rimaire, le 9 avril 1994, Enoch Ruhigira, toujours \u00e0 la repr\u00e9sentation diplomatique belge, est reconduit, en son absence, dans ses fonctions de Directeur de cabinet de la Pr\u00e9sidence de la R\u00e9publique d\u00e9sormais confi\u00e9e \u00e0 Th\u00e9odore Sindikubwabo. Mais Ruhigira n'occupera jamais ces fonctions sous Sindikubwabo, car le 12 avril 1994, il est \u00e9vacu\u00e9 par l'arm\u00e9e belge sur Nairobi, d'o\u00f9 il rejoindra la Belgique.<\/p>\n<p>Un mois plus tard, l'ancien proche collaborateur du pr\u00e9sident Habyarimana ne s'est toujours pas pr\u00e9sent\u00e9 devant son nouveau patron Th\u00e9odore Sindikubwabo. Ce dernier, par un t\u00e9l\u00e9gramme officiel dat\u00e9 du 13 mai 1994 et transmis deux jours plus tard par le minist\u00e8re des Affaires \u00e9trang\u00e8res donne instruction \u00e0 l'ambassade rwandaise \u00e0 Nairobi \u00ab de contacter Monsieur Ruhigira Enoch, Directeur de Cabinet\u00a0\u00bb \u00e0 la Pr\u00e9sidence de la R\u00e9publique et \u00ab\u00a0de l'inviter \u00e0 se pr\u00e9senter imm\u00e9diatement au cabinet\u00a0\u00bb du pr\u00e9sident. L'ambassade re\u00e7oit par ailleurs l'ordre de \u00ab\u00a0lui faciliter le d\u00e9placement jusqu'\u00e0 Kigali\u00a0\u00bb.<\/p>\n<p>Mais Enoch Ruhigira ne se pr\u00e9sentera jamais, obligeant le gouvernement int\u00e9rimaire \u00e0 nommer \u00e0 sa place Daniel Mbangura un autre membre du MRND.<\/p>\n<p>En 2011, Ruhigira a publi\u00e9 \u00ab\u00a0Rwanda\u00a0: la fin tragique d'un r\u00e9gime\u00a0\u00bb, un ouvrage dans lequel il propose une autre lecture de la trag\u00e9die rwandaise de 1990 \u00e0 1994. Le livre invite \u00e0 nuancer ou met carr\u00e9ment en doute certaines affirmations souvent pr\u00e9sent\u00e9es comme des faits de notori\u00e9t\u00e9 publique. L'auteur d\u00e9ment ainsi que la France ait soutenu aveugl\u00e9ment le pr\u00e9sident Juv\u00e9nal Habyarimana.<\/p>\n<p>JI\/FS<\/p>\n","protected":false},"excerpt":{"rendered":"<p>Francfort (Allemagne) - Un proche de l\u2019ex-pr\u00e9sident rwandais Juv\u00e9nal Habyarimana, qui \u00e9tait d\u00e9tenu en Allemagne depuis juillet 2016, pour sa participation pr\u00e9sum\u00e9e au g\u00e9nocide des Tutsi de 1994 au Rwanda, a \u00e9t\u00e9 lib\u00e9r\u00e9 lundi, a appris JusticeInfo.Net. Enoch Ruhigira, le dernier Directeur de cabinet de Juv\u00e9nal Habyarimana, avait \u00e9t\u00e9 arr\u00eat\u00e9 lors de son escale le [&hellip;]<\/p>\n","protected":false},"author":64,"featured_media":67952,"comment_status":"open","ping_status":"closed","sticky":false,"template":"","format":"standard","meta":{"_acf_changed":false,"footnotes":""},"categories":[547],"tags":[],"ji_location":[2430],"class_list":["post-32552","post","type-post","status-publish","format-standard","has-post-thumbnail","hentry","category-tribunaux","ji_location-rwanda"],"acf":[],"yoast_head":"<!-- This site is optimized with the Yoast SEO Premium plugin v25.3.1 (Yoast SEO v25.3.1) - https:\/\/yoast.com\/wordpress\/plugins\/seo\/ -->\n<title>Rwanda\/g\u00e9nocide: lib\u00e9ration en Allemagne de l\u2019ex-directeur de cabinet du pr\u00e9sident Juv\u00e9nal Habyarimana - JusticeInfo.net<\/title>\n<meta name=\"robots\" content=\"index, follow, max-snippet:-1, max-image-preview:large, max-video-preview:-1\" \/>\n<link rel=\"canonical\" href=\"https:\/\/www.justiceinfo.net\/fr\/32552-rwanda-genocide-liberation-allemagne-habyarimana-ruhigira.html\" \/>\n<meta property=\"og:locale\" content=\"fr_FR\" \/>\n<meta property=\"og:type\" content=\"article\" \/>\n<meta property=\"og:title\" content=\"Rwanda\/g\u00e9nocide: lib\u00e9ration en Allemagne de l\u2019ex-directeur de cabinet du pr\u00e9sident Juv\u00e9nal Habyarimana\" \/>\n<meta property=\"og:description\" content=\"Francfort (Allemagne) - Un proche de l\u2019ex-pr\u00e9sident rwandais Juv\u00e9nal Habyarimana, qui \u00e9tait d\u00e9tenu en Allemagne depuis juillet 2016, pour sa participation pr\u00e9sum\u00e9e au g\u00e9nocide des Tutsi de 1994 au Rwanda, a \u00e9t\u00e9 lib\u00e9r\u00e9 lundi, a appris JusticeInfo.Net. Enoch Ruhigira, le dernier Directeur de cabinet de Juv\u00e9nal Habyarimana, avait \u00e9t\u00e9 arr\u00eat\u00e9 lors de son escale le [&hellip;]\" \/>\n<meta property=\"og:url\" content=\"https:\/\/www.justiceinfo.net\/fr\/32552-rwanda-genocide-liberation-allemagne-habyarimana-ruhigira.html\" \/>\n<meta property=\"og:site_name\" content=\"JusticeInfo.net\" \/>\n<meta property=\"article:publisher\" content=\"https:\/\/www.facebook.com\/JusticeInfo\/\" \/>\n<meta property=\"article:published_time\" content=\"2017-03-21T09:49:21+00:00\" \/>\n<meta property=\"og:image\" content=\"https:\/\/www.justiceinfo.net\/wp-content\/uploads\/c308691802931696d5c6c4bce151bc98.jpg\" \/>\n\t<meta property=\"og:image:width\" content=\"900\" \/>\n\t<meta property=\"og:image:height\" content=\"605\" \/>\n\t<meta property=\"og:image:type\" content=\"image\/jpeg\" \/>\n<meta name=\"author\" content=\"JusticeInfo.Net\" \/>\n<meta name=\"twitter:card\" content=\"summary_large_image\" \/>\n<meta name=\"twitter:creator\" content=\"@justiceinfonet\" \/>\n<meta name=\"twitter:site\" content=\"@justiceinfonet\" \/>\n<meta name=\"twitter:label1\" content=\"\u00c9crit par\" \/>\n\t<meta name=\"twitter:data1\" content=\"JusticeInfo.Net\" \/>\n\t<meta name=\"twitter:label2\" content=\"Dur\u00e9e de lecture estim\u00e9e\" \/>\n\t<meta name=\"twitter:data2\" content=\"3 minutes\" \/>\n<script type=\"application\/ld+json\" class=\"yoast-schema-graph\">{\"@context\":\"https:\/\/schema.org\",\"@graph\":[{\"@type\":\"NewsArticle\",\"@id\":\"https:\/\/www.justiceinfo.net\/fr\/32552-rwanda-genocide-liberation-allemagne-habyarimana-ruhigira.html#article\",\"isPartOf\":{\"@id\":\"https:\/\/www.justiceinfo.net\/fr\/32552-rwanda-genocide-liberation-allemagne-habyarimana-ruhigira.html\"},\"author\":{\"name\":\"solivri\",\"@id\":\"https:\/\/www.justiceinfo.net\/fr#\/schema\/person\/6e53cba1629e2e66f3fc1821d3091865\"},\"headline\":\"Rwanda\/g\u00e9nocide: lib\u00e9ration en Allemagne de l\u2019ex-directeur de cabinet du pr\u00e9sident Juv\u00e9nal Habyarimana\",\"datePublished\":\"2017-03-21T09:49:21+00:00\",\"mainEntityOfPage\":{\"@id\":\"https:\/\/www.justiceinfo.net\/fr\/32552-rwanda-genocide-liberation-allemagne-habyarimana-ruhigira.html\"},\"wordCount\":663,\"commentCount\":0,\"publisher\":{\"@id\":\"https:\/\/www.justiceinfo.net\/fr#organization\"},\"image\":{\"@id\":\"https:\/\/www.justiceinfo.net\/fr\/32552-rwanda-genocide-liberation-allemagne-habyarimana-ruhigira.html#primaryimage\"},\"thumbnailUrl\":\"https:\/\/www.justiceinfo.net\/wp-content\/uploads\/c308691802931696d5c6c4bce151bc98.jpg\",\"articleSection\":[\"Tribunaux\"],\"inLanguage\":\"fr-FR\",\"potentialAction\":[{\"@type\":\"CommentAction\",\"name\":\"Comment\",\"target\":[\"https:\/\/www.justiceinfo.net\/fr\/32552-rwanda-genocide-liberation-allemagne-habyarimana-ruhigira.html#respond\"]}]},{\"@type\":\"WebPage\",\"@id\":\"https:\/\/www.justiceinfo.net\/fr\/32552-rwanda-genocide-liberation-allemagne-habyarimana-ruhigira.html\",\"url\":\"https:\/\/www.justiceinfo.net\/fr\/32552-rwanda-genocide-liberation-allemagne-habyarimana-ruhigira.html\",\"name\":\"Rwanda\/g\u00e9nocide: lib\u00e9ration en Allemagne de l\u2019ex-directeur de cabinet du pr\u00e9sident Juv\u00e9nal Habyarimana - JusticeInfo.net\",\"isPartOf\":{\"@id\":\"https:\/\/www.justiceinfo.net\/fr#website\"},\"primaryImageOfPage\":{\"@id\":\"https:\/\/www.justiceinfo.net\/fr\/32552-rwanda-genocide-liberation-allemagne-habyarimana-ruhigira.html#primaryimage\"},\"image\":{\"@id\":\"https:\/\/www.justiceinfo.net\/fr\/32552-rwanda-genocide-liberation-allemagne-habyarimana-ruhigira.html#primaryimage\"},\"thumbnailUrl\":\"https:\/\/www.justiceinfo.net\/wp-content\/uploads\/c308691802931696d5c6c4bce151bc98.jpg\",\"datePublished\":\"2017-03-21T09:49:21+00:00\",\"breadcrumb\":{\"@id\":\"https:\/\/www.justiceinfo.net\/fr\/32552-rwanda-genocide-liberation-allemagne-habyarimana-ruhigira.html#breadcrumb\"},\"inLanguage\":\"fr-FR\",\"potentialAction\":[{\"@type\":\"ReadAction\",\"target\":[\"https:\/\/www.justiceinfo.net\/fr\/32552-rwanda-genocide-liberation-allemagne-habyarimana-ruhigira.html\"]}]},{\"@type\":\"ImageObject\",\"inLanguage\":\"fr-FR\",\"@id\":\"https:\/\/www.justiceinfo.net\/fr\/32552-rwanda-genocide-liberation-allemagne-habyarimana-ruhigira.html#primaryimage\",\"url\":\"https:\/\/www.justiceinfo.net\/wp-content\/uploads\/c308691802931696d5c6c4bce151bc98.jpg\",\"contentUrl\":\"https:\/\/www.justiceinfo.net\/wp-content\/uploads\/c308691802931696d5c6c4bce151bc98.jpg\",\"width\":900,\"height\":605},{\"@type\":\"BreadcrumbList\",\"@id\":\"https:\/\/www.justiceinfo.net\/fr\/32552-rwanda-genocide-liberation-allemagne-habyarimana-ruhigira.html#breadcrumb\",\"itemListElement\":[{\"@type\":\"ListItem\",\"position\":1,\"name\":\"Home\",\"item\":\"https:\/\/www.justiceinfo.net\/fr\"},{\"@type\":\"ListItem\",\"position\":2,\"name\":\"Rwanda\/g\u00e9nocide: lib\u00e9ration en Allemagne de l\u2019ex-directeur de cabinet du pr\u00e9sident Juv\u00e9nal Habyarimana\"}]},{\"@type\":\"WebSite\",\"@id\":\"https:\/\/www.justiceinfo.net\/fr#website\",\"url\":\"https:\/\/www.justiceinfo.net\/fr\",\"name\":\"JusticeInfo.net\",\"description\":\"La justice doit \u00eatre vue pour \u00eatre rendue\",\"publisher\":{\"@id\":\"https:\/\/www.justiceinfo.net\/fr#organization\"},\"potentialAction\":[{\"@type\":\"SearchAction\",\"target\":{\"@type\":\"EntryPoint\",\"urlTemplate\":\"https:\/\/www.justiceinfo.net\/fr?s={search_term_string}\"},\"query-input\":{\"@type\":\"PropertyValueSpecification\",\"valueRequired\":true,\"valueName\":\"search_term_string\"}}],\"inLanguage\":\"fr-FR\"},{\"@type\":\"Organization\",\"@id\":\"https:\/\/www.justiceinfo.net\/fr#organization\",\"name\":\"Justice Info\",\"url\":\"https:\/\/www.justiceinfo.net\/fr\",\"logo\":{\"@type\":\"ImageObject\",\"inLanguage\":\"fr-FR\",\"@id\":\"https:\/\/www.justiceinfo.net\/fr#\/schema\/logo\/image\/\",\"url\":\"https:\/\/www.justiceinfo.net\/wp-content\/uploads\/justiceinfo_logo-trans_1200x1200px.png\",\"contentUrl\":\"https:\/\/www.justiceinfo.net\/wp-content\/uploads\/justiceinfo_logo-trans_1200x1200px.png\",\"width\":1199,\"height\":1200,\"caption\":\"Justice Info\"},\"image\":{\"@id\":\"https:\/\/www.justiceinfo.net\/fr#\/schema\/logo\/image\/\"},\"sameAs\":[\"https:\/\/www.facebook.com\/JusticeInfo\/\",\"https:\/\/x.com\/justiceinfonet\",\"https:\/\/www.linkedin.com\/company\/justice-info\",\"https:\/\/www.youtube.com\/channel\/UCyCEsARodyuWtkWyhn-e7pA\"]},{\"@type\":\"Person\",\"name\":\"JusticeInfo.Net\",\"url\":\"\/fr\/?s=JusticeInfo.Net\"}]}<\/script>\n<!-- \/ Yoast SEO Premium plugin. -->","yoast_head_json":{"title":"Rwanda\/g\u00e9nocide: lib\u00e9ration en Allemagne de l\u2019ex-directeur de cabinet du pr\u00e9sident Juv\u00e9nal Habyarimana - JusticeInfo.net","robots":{"index":"index","follow":"follow","max-snippet":"max-snippet:-1","max-image-preview":"max-image-preview:large","max-video-preview":"max-video-preview:-1"},"canonical":"https:\/\/www.justiceinfo.net\/fr\/32552-rwanda-genocide-liberation-allemagne-habyarimana-ruhigira.html","og_locale":"fr_FR","og_type":"article","og_title":"Rwanda\/g\u00e9nocide: lib\u00e9ration en Allemagne de l\u2019ex-directeur de cabinet du pr\u00e9sident Juv\u00e9nal Habyarimana","og_description":"Francfort (Allemagne) - Un proche de l\u2019ex-pr\u00e9sident rwandais Juv\u00e9nal Habyarimana, qui \u00e9tait d\u00e9tenu en Allemagne depuis juillet 2016, pour sa participation pr\u00e9sum\u00e9e au g\u00e9nocide des Tutsi de 1994 au Rwanda, a \u00e9t\u00e9 lib\u00e9r\u00e9 lundi, a appris JusticeInfo.Net. Enoch Ruhigira, le dernier Directeur de cabinet de Juv\u00e9nal Habyarimana, avait \u00e9t\u00e9 arr\u00eat\u00e9 lors de son escale le [&hellip;]","og_url":"https:\/\/www.justiceinfo.net\/fr\/32552-rwanda-genocide-liberation-allemagne-habyarimana-ruhigira.html","og_site_name":"JusticeInfo.net","article_publisher":"https:\/\/www.facebook.com\/JusticeInfo\/","article_published_time":"2017-03-21T09:49:21+00:00","og_image":[{"width":900,"height":605,"url":"https:\/\/www.justiceinfo.net\/wp-content\/uploads\/c308691802931696d5c6c4bce151bc98.jpg","type":"image\/jpeg"}],"author":"JusticeInfo.Net","twitter_card":"summary_large_image","twitter_creator":"@justiceinfonet","twitter_site":"@justiceinfonet","twitter_misc":{"\u00c9crit par":"JusticeInfo.Net","Dur\u00e9e de lecture estim\u00e9e":"3 minutes"},"schema":{"@context":"https:\/\/schema.org","@graph":[{"@type":"NewsArticle","@id":"https:\/\/www.justiceinfo.net\/fr\/32552-rwanda-genocide-liberation-allemagne-habyarimana-ruhigira.html#article","isPartOf":{"@id":"https:\/\/www.justiceinfo.net\/fr\/32552-rwanda-genocide-liberation-allemagne-habyarimana-ruhigira.html"},"author":{"name":"solivri","@id":"https:\/\/www.justiceinfo.net\/fr#\/schema\/person\/6e53cba1629e2e66f3fc1821d3091865"},"headline":"Rwanda\/g\u00e9nocide: lib\u00e9ration en Allemagne de l\u2019ex-directeur de cabinet du pr\u00e9sident Juv\u00e9nal Habyarimana","datePublished":"2017-03-21T09:49:21+00:00","mainEntityOfPage":{"@id":"https:\/\/www.justiceinfo.net\/fr\/32552-rwanda-genocide-liberation-allemagne-habyarimana-ruhigira.html"},"wordCount":663,"commentCount":0,"publisher":{"@id":"https:\/\/www.justiceinfo.net\/fr#organization"},"image":{"@id":"https:\/\/www.justiceinfo.net\/fr\/32552-rwanda-genocide-liberation-allemagne-habyarimana-ruhigira.html#primaryimage"},"thumbnailUrl":"https:\/\/www.justiceinfo.net\/wp-content\/uploads\/c308691802931696d5c6c4bce151bc98.jpg","articleSection":["Tribunaux"],"inLanguage":"fr-FR","potentialAction":[{"@type":"CommentAction","name":"Comment","target":["https:\/\/www.justiceinfo.net\/fr\/32552-rwanda-genocide-liberation-allemagne-habyarimana-ruhigira.html#respond"]}]},{"@type":"WebPage","@id":"https:\/\/www.justiceinfo.net\/fr\/32552-rwanda-genocide-liberation-allemagne-habyarimana-ruhigira.html","url":"https:\/\/www.justiceinfo.net\/fr\/32552-rwanda-genocide-liberation-allemagne-habyarimana-ruhigira.html","name":"Rwanda\/g\u00e9nocide: lib\u00e9ration en Allemagne de l\u2019ex-directeur de cabinet du pr\u00e9sident Juv\u00e9nal Habyarimana - JusticeInfo.net","isPartOf":{"@id":"https:\/\/www.justiceinfo.net\/fr#website"},"primaryImageOfPage":{"@id":"https:\/\/www.justiceinfo.net\/fr\/32552-rwanda-genocide-liberation-allemagne-habyarimana-ruhigira.html#primaryimage"},"image":{"@id":"https:\/\/www.justiceinfo.net\/fr\/32552-rwanda-genocide-liberation-allemagne-habyarimana-ruhigira.html#primaryimage"},"thumbnailUrl":"https:\/\/www.justiceinfo.net\/wp-content\/uploads\/c308691802931696d5c6c4bce151bc98.jpg","datePublished":"2017-03-21T09:49:21+00:00","breadcrumb":{"@id":"https:\/\/www.justiceinfo.net\/fr\/32552-rwanda-genocide-liberation-allemagne-habyarimana-ruhigira.html#breadcrumb"},"inLanguage":"fr-FR","potentialAction":[{"@type":"ReadAction","target":["https:\/\/www.justiceinfo.net\/fr\/32552-rwanda-genocide-liberation-allemagne-habyarimana-ruhigira.html"]}]},{"@type":"ImageObject","inLanguage":"fr-FR","@id":"https:\/\/www.justiceinfo.net\/fr\/32552-rwanda-genocide-liberation-allemagne-habyarimana-ruhigira.html#primaryimage","url":"https:\/\/www.justiceinfo.net\/wp-content\/uploads\/c308691802931696d5c6c4bce151bc98.jpg","contentUrl":"https:\/\/www.justiceinfo.net\/wp-content\/uploads\/c308691802931696d5c6c4bce151bc98.jpg","width":900,"height":605},{"@type":"BreadcrumbList","@id":"https:\/\/www.justiceinfo.net\/fr\/32552-rwanda-genocide-liberation-allemagne-habyarimana-ruhigira.html#breadcrumb","itemListElement":[{"@type":"ListItem","position":1,"name":"Home","item":"https:\/\/www.justiceinfo.net\/fr"},{"@type":"ListItem","position":2,"name":"Rwanda\/g\u00e9nocide: lib\u00e9ration en Allemagne de l\u2019ex-directeur de cabinet du pr\u00e9sident Juv\u00e9nal Habyarimana"}]},{"@type":"WebSite","@id":"https:\/\/www.justiceinfo.net\/fr#website","url":"https:\/\/www.justiceinfo.net\/fr","name":"JusticeInfo.net","description":"La justice doit \u00eatre vue pour \u00eatre rendue","publisher":{"@id":"https:\/\/www.justiceinfo.net\/fr#organization"},"potentialAction":[{"@type":"SearchAction","target":{"@type":"EntryPoint","urlTemplate":"https:\/\/www.justiceinfo.net\/fr?s={search_term_string}"},"query-input":{"@type":"PropertyValueSpecification","valueRequired":true,"valueName":"search_term_string"}}],"inLanguage":"fr-FR"},{"@type":"Organization","@id":"https:\/\/www.justiceinfo.net\/fr#organization","name":"Justice Info","url":"https:\/\/www.justiceinfo.net\/fr","logo":{"@type":"ImageObject","inLanguage":"fr-FR","@id":"https:\/\/www.justiceinfo.net\/fr#\/schema\/logo\/image\/","url":"https:\/\/www.justiceinfo.net\/wp-content\/uploads\/justiceinfo_logo-trans_1200x1200px.png","contentUrl":"https:\/\/www.justiceinfo.net\/wp-content\/uploads\/justiceinfo_logo-trans_1200x1200px.png","width":1199,"height":1200,"caption":"Justice Info"},"image":{"@id":"https:\/\/www.justiceinfo.net\/fr#\/schema\/logo\/image\/"},"sameAs":["https:\/\/www.facebook.com\/JusticeInfo\/","https:\/\/x.com\/justiceinfonet","https:\/\/www.linkedin.com\/company\/justice-info","https:\/\/www.youtube.com\/channel\/UCyCEsARodyuWtkWyhn-e7pA"]},{"@type":"Person","name":"JusticeInfo.Net","url":"\/fr\/?s=JusticeInfo.Net"}]}},"_links":{"self":[{"href":"https:\/\/www.justiceinfo.net\/fr\/wp-json\/wp\/v2\/posts\/32552","targetHints":{"allow":["GET"]}}],"collection":[{"href":"https:\/\/www.justiceinfo.net\/fr\/wp-json\/wp\/v2\/posts"}],"about":[{"href":"https:\/\/www.justiceinfo.net\/fr\/wp-json\/wp\/v2\/types\/post"}],"author":[{"embeddable":true,"href":"https:\/\/www.justiceinfo.net\/fr\/wp-json\/wp\/v2\/users\/64"}],"replies":[{"embeddable":true,"href":"https:\/\/www.justiceinfo.net\/fr\/wp-json\/wp\/v2\/comments?post=32552"}],"version-history":[{"count":0,"href":"https:\/\/www.justiceinfo.net\/fr\/wp-json\/wp\/v2\/posts\/32552\/revisions"}],"wp:featuredmedia":[{"embeddable":true,"href":"https:\/\/www.justiceinfo.net\/fr\/wp-json\/wp\/v2\/media\/67952"}],"wp:attachment":[{"href":"https:\/\/www.justiceinfo.net\/fr\/wp-json\/wp\/v2\/media?parent=32552"}],"wp:term":[{"taxonomy":"category","embeddable":true,"href":"https:\/\/www.justiceinfo.net\/fr\/wp-json\/wp\/v2\/categories?post=32552"},{"taxonomy":"post_tag","embeddable":true,"href":"https:\/\/www.justiceinfo.net\/fr\/wp-json\/wp\/v2\/tags?post=32552"},{"taxonomy":"ji_location","embeddable":true,"href":"https:\/\/www.justiceinfo.net\/fr\/wp-json\/wp\/v2\/ji_location?post=32552"}],"curies":[{"name":"wp","href":"https:\/\/api.w.org\/{rel}","templated":true}]}}