{"id":32562,"date":"2017-03-22T05:50:02","date_gmt":"2017-03-22T04:50:02","guid":{"rendered":"https:\/\/www.justiceinfo.net\/32562-premieres-reparations-pour-les-victimes-de-crimes-de-guerre-attendues-a-la-cpi.html"},"modified":"2017-03-22T05:50:02","modified_gmt":"2017-03-22T04:50:02","slug":"premieres-reparations-pour-les-victimes-de-crimes-de-guerre-attendues-a-la-cpi","status":"publish","type":"post","link":"https:\/\/www.justiceinfo.net\/fr\/32562-premieres-reparations-pour-les-victimes-de-crimes-de-guerre-attendues-a-la-cpi.html","title":{"rendered":"Premi\u00e8res r\u00e9parations pour les victimes de crimes de guerre attendues \u00e0 la CPI"},"content":{"rendered":"<div class=\"content-excerpt\">\n<p>Les juges de la Cour p\u00e9nale internationale (CPI) pourraient attribuer vendredi les premi\u00e8res sommes affect\u00e9es au d\u00e9dommagement de victimes de crimes de guerre, estim\u00e9es \u00e0 plus de 16,4 millions de dollars par les avocats des victimes d'une attaque sur un village congolais en 2003.<\/p>\n<\/div>\n<p>La d\u00e9cision des juges concernant des r\u00e9parations pour 304 victimes de l'ancien chef de milice congolais Germain Katanga serait une \u00e9tape importante pour la CPI, unique tribunal permanent charg\u00e9 de juger les crimes de guerre et les crimes contre l'humanit\u00e9.<\/p>\n<p>\"La r\u00e9paration doit replacer la victime dans une situation aussi proche que possible de celle qui \u00e9tait la sienne avant que ladite faute ne soit commise\", affirme le repr\u00e9sentant l\u00e9gal des victimes, Fidel Nsita Luvengika, dans un document officiel de septembre.<\/p>\n<p>Germain Katanga, 38 ans, avait \u00e9t\u00e9 condamn\u00e9 en 2014 \u00e0 douze ann\u00e9es de d\u00e9tention, apr\u00e8s avoir \u00e9t\u00e9 reconnu coupable de complicit\u00e9 de crimes de guerre et de crimes contre l'humanit\u00e9. Il avait facilit\u00e9 et coordonn\u00e9 l'approvisionnement en armes des membres de sa milice qui avait attaqu\u00e9 le 24 f\u00e9vrier 2003 le village de Bogoro, tuant 200 personnes environ, par balle ou \u00e0 la machette.<\/p>\n<p>Les avocats des victimes ont estim\u00e9 les dommages caus\u00e9s \u00e0 au minimum 16,4 millions de dollars (15,17 millions d'euros) m\u00eame si les victimes ne r\u00e9clament pas ce montant \"en tant que tel au titre de r\u00e9paration\".<\/p>\n<h3>- Hors des salles d'audiences -<\/h3>\n<p>Germain Katanga, actuellement en proc\u00e8s \u00e0 Kinshasa pour \"crime de guerre, crime contre l'humanit\u00e9 et participation \u00e0 un mouvement insurrectionnel\" dans la r\u00e9gion aurif\u00e8re de l'Ituri (nord-est de la RDC), est responsable du paiement de toute r\u00e9paration \u00e9ventuelle.<\/p>\n<p>Les juges pourraient choisir entre des r\u00e9parations collectives, en attribuant l'argent \u00e0 des projets, et des d\u00e9dommagements individuels.<\/p>\n<p>La d\u00e9cision pourrait \"offrir la perspective d'une r\u00e9paration des torts pour les victimes\", explique \u00e0 l'AFP le directeur du Fonds pour les victimes, Pieter de Baan, soulignant l'importance de montrer que la justice \"ne se limite pas aux salles d'audiences\".<\/p>\n<p>Organisme ind\u00e9pendant, le Fonds supporte les victimes et des projets destin\u00e9s \u00e0 les aider.<\/p>\n<p>Si Germain Katanga ne peut payer, l'organisme pourrait puiser dans ses propres fonds et contribuer gr\u00e2ce aux donations d'Etats parties au Statut de Rome, le trait\u00e9 fondateur de la Cour. Mais cette r\u00e9serve ne s'\u00e9l\u00e8ve qu'\u00e0 cinq millions de dollars, dont un million a d\u00e9j\u00e0 \u00e9t\u00e9 mis de c\u00f4t\u00e9 pour l'affaire Lubanga, un autre Congolais condamn\u00e9 en 2012 \u00e0 14 ans de d\u00e9tention pour l'enr\u00f4lement d'enfants soldats.<\/p>\n<p>Dans son document, Fidel Nsita Luvengika \u00e9num\u00e8re les dommages enregistr\u00e9s: 228 maisons ont \u00e9t\u00e9 d\u00e9truites, \u00e9valu\u00e9es \u00e0 600 dollars chacune; une nouvelle \u00e9cole, 22.400 dollars; 79 personnes ont perdu chacune entre 10 et 15 vaches, co\u00fbt estim\u00e9 entre 316.000 et 474.000 dollars.<\/p>\n<p>Il demande \u00e9galement aux juges de placer une valeur mon\u00e9taire sur la perte d'un parent ou d'un proche, ou sur les dommages subis en cas de viol, de mutilation ou de revenus d\u00e9rob\u00e9s.<\/p>\n<h3>- R\u00e9conciliation -<\/h3>\n<p>\"Le r\u00e9gime des r\u00e9parations est sans r\u00e9el pr\u00e9c\u00e9dent\", assure M. De Baan. \"Ce n'est pas de la science : c'est tenter d'atteindre une estimation du mal subi en lien avec les crimes\".<\/p>\n<p>Dans l'affaire Lubanga, de premi\u00e8res compensations avaient \u00e9t\u00e9 attribu\u00e9es. Mais celles-ci n'\u00e9taient que \"symboliques\", selon les juges, dans le but de cr\u00e9er un m\u00e9morial. Une d\u00e9cision finale sur les r\u00e9parations se fait toujours attendre.<\/p>\n<p>\"L'argent ne va pas faire revenir les victimes\", assure \u00e0 l'AFP Salomon Kisembo Byaruhanga, chef du groupement Babiase \u00e0 Bogoro. Cette communaut\u00e9 souhaite plut\u00f4t que \"des excuses publiques lui soient adress\u00e9es\".<\/p>\n<p>\"Germain Katanga n'\u00e9tait pas seul, ses fr\u00e8res d'armes continuent \u00e0 commettre des atrocit\u00e9s dans la r\u00e9gion\", ajoute-t-il : \"Pour nous, la plus grande r\u00e9paration serait que Germain et les siens s'engagent \u00e0 ne plus commettre de tueries, massacres et pillages contre la population.\"<\/p>\n<p>Les travailleurs des ONG esp\u00e8rent de leur c\u00f4t\u00e9 que l'argent ira \u00e0 des projets sur le long terme, comme la construction de routes, d'\u00e9coles, de centres de sant\u00e9.<\/p>\n<p>\"Etant donn\u00e9 qu'aujourd'hui victimes et bourreaux vivent ensemble, il faut aider les gens \u00e0 parvenir \u00e0 une vraie r\u00e9conciliation\", assure Jean Bosco Lalo, coordonnateur d'une coalition d'ONG et associations locales.<\/p>\n","protected":false},"excerpt":{"rendered":"<p>Les juges de la Cour p\u00e9nale internationale (CPI) pourraient attribuer vendredi les premi\u00e8res sommes affect\u00e9es au d\u00e9dommagement de victimes de crimes de guerre, estim\u00e9es \u00e0 plus de 16,4 millions de dollars par les avocats des victimes d'une attaque sur un village congolais en 2003. La d\u00e9cision des juges concernant des r\u00e9parations pour 304 victimes de [&hellip;]<\/p>\n","protected":false},"author":60,"featured_media":68048,"comment_status":"open","ping_status":"closed","sticky":false,"template":"","format":"standard","meta":{"_acf_changed":false,"footnotes":""},"categories":[570],"tags":[],"ji_location":[2196],"class_list":["post-32562","post","type-post","status-publish","format-standard","has-post-thumbnail","hentry","category-cpi","ji_location-republique-democratique-du-congo"],"acf":[],"yoast_head":"<!-- This site is optimized with the Yoast SEO Premium plugin v25.3.1 (Yoast SEO v25.3.1) - https:\/\/yoast.com\/wordpress\/plugins\/seo\/ -->\n<title>Premi\u00e8res r\u00e9parations pour les victimes de crimes de guerre attendues \u00e0 la CPI - JusticeInfo.net<\/title>\n<meta name=\"robots\" content=\"index, follow, max-snippet:-1, max-image-preview:large, max-video-preview:-1\" \/>\n<link rel=\"canonical\" href=\"https:\/\/www.justiceinfo.net\/fr\/32562-premieres-reparations-pour-les-victimes-de-crimes-de-guerre-attendues-a-la-cpi.html\" \/>\n<meta property=\"og:locale\" content=\"fr_FR\" \/>\n<meta property=\"og:type\" content=\"article\" \/>\n<meta property=\"og:title\" content=\"Premi\u00e8res r\u00e9parations pour les victimes de crimes de guerre attendues \u00e0 la CPI\" \/>\n<meta property=\"og:description\" content=\"Les juges de la Cour p\u00e9nale internationale (CPI) pourraient attribuer vendredi les premi\u00e8res sommes affect\u00e9es au d\u00e9dommagement de victimes de crimes de guerre, estim\u00e9es \u00e0 plus de 16,4 millions de dollars par les avocats des victimes d&#039;une attaque sur un village congolais en 2003. La d\u00e9cision des juges concernant des r\u00e9parations pour 304 victimes de [&hellip;]\" \/>\n<meta property=\"og:url\" content=\"https:\/\/www.justiceinfo.net\/fr\/32562-premieres-reparations-pour-les-victimes-de-crimes-de-guerre-attendues-a-la-cpi.html\" \/>\n<meta property=\"og:site_name\" content=\"JusticeInfo.net\" \/>\n<meta property=\"article:publisher\" content=\"https:\/\/www.facebook.com\/JusticeInfo\/\" \/>\n<meta property=\"article:published_time\" content=\"2017-03-22T04:50:02+00:00\" \/>\n<meta property=\"og:image\" content=\"https:\/\/www.justiceinfo.net\/wp-content\/uploads\/9ab3c6627325503597f0d279179399c7.jpg\" \/>\n\t<meta property=\"og:image:width\" content=\"2048\" \/>\n\t<meta property=\"og:image:height\" content=\"1365\" \/>\n\t<meta property=\"og:image:type\" content=\"image\/jpeg\" \/>\n<meta name=\"author\" content=\"AFP\" \/>\n<meta name=\"twitter:card\" content=\"summary_large_image\" \/>\n<meta name=\"twitter:creator\" content=\"@justiceinfonet\" \/>\n<meta name=\"twitter:site\" content=\"@justiceinfonet\" \/>\n<meta name=\"twitter:label1\" content=\"\u00c9crit par\" \/>\n\t<meta name=\"twitter:data1\" content=\"AFP\" \/>\n\t<meta name=\"twitter:label2\" content=\"Dur\u00e9e de lecture estim\u00e9e\" \/>\n\t<meta name=\"twitter:data2\" content=\"4 minutes\" \/>\n<script type=\"application\/ld+json\" class=\"yoast-schema-graph\">{\"@context\":\"https:\/\/schema.org\",\"@graph\":[{\"@type\":\"NewsArticle\",\"@id\":\"https:\/\/www.justiceinfo.net\/fr\/32562-premieres-reparations-pour-les-victimes-de-crimes-de-guerre-attendues-a-la-cpi.html#article\",\"isPartOf\":{\"@id\":\"https:\/\/www.justiceinfo.net\/fr\/32562-premieres-reparations-pour-les-victimes-de-crimes-de-guerre-attendues-a-la-cpi.html\"},\"author\":{\"name\":\"afp\",\"@id\":\"https:\/\/www.justiceinfo.net\/fr#\/schema\/person\/713d340ef5f218fc36ce9b4244364a7f\"},\"headline\":\"Premi\u00e8res r\u00e9parations pour les victimes de crimes de guerre attendues \u00e0 la CPI\",\"datePublished\":\"2017-03-22T04:50:02+00:00\",\"mainEntityOfPage\":{\"@id\":\"https:\/\/www.justiceinfo.net\/fr\/32562-premieres-reparations-pour-les-victimes-de-crimes-de-guerre-attendues-a-la-cpi.html\"},\"wordCount\":760,\"commentCount\":0,\"publisher\":{\"@id\":\"https:\/\/www.justiceinfo.net\/fr#organization\"},\"image\":{\"@id\":\"https:\/\/www.justiceinfo.net\/fr\/32562-premieres-reparations-pour-les-victimes-de-crimes-de-guerre-attendues-a-la-cpi.html#primaryimage\"},\"thumbnailUrl\":\"https:\/\/www.justiceinfo.net\/wp-content\/uploads\/9ab3c6627325503597f0d279179399c7.jpg\",\"articleSection\":[\"CPI\"],\"inLanguage\":\"fr-FR\",\"potentialAction\":[{\"@type\":\"CommentAction\",\"name\":\"Comment\",\"target\":[\"https:\/\/www.justiceinfo.net\/fr\/32562-premieres-reparations-pour-les-victimes-de-crimes-de-guerre-attendues-a-la-cpi.html#respond\"]}]},{\"@type\":\"WebPage\",\"@id\":\"https:\/\/www.justiceinfo.net\/fr\/32562-premieres-reparations-pour-les-victimes-de-crimes-de-guerre-attendues-a-la-cpi.html\",\"url\":\"https:\/\/www.justiceinfo.net\/fr\/32562-premieres-reparations-pour-les-victimes-de-crimes-de-guerre-attendues-a-la-cpi.html\",\"name\":\"Premi\u00e8res r\u00e9parations pour les victimes de crimes de guerre attendues \u00e0 la CPI - JusticeInfo.net\",\"isPartOf\":{\"@id\":\"https:\/\/www.justiceinfo.net\/fr#website\"},\"primaryImageOfPage\":{\"@id\":\"https:\/\/www.justiceinfo.net\/fr\/32562-premieres-reparations-pour-les-victimes-de-crimes-de-guerre-attendues-a-la-cpi.html#primaryimage\"},\"image\":{\"@id\":\"https:\/\/www.justiceinfo.net\/fr\/32562-premieres-reparations-pour-les-victimes-de-crimes-de-guerre-attendues-a-la-cpi.html#primaryimage\"},\"thumbnailUrl\":\"https:\/\/www.justiceinfo.net\/wp-content\/uploads\/9ab3c6627325503597f0d279179399c7.jpg\",\"datePublished\":\"2017-03-22T04:50:02+00:00\",\"breadcrumb\":{\"@id\":\"https:\/\/www.justiceinfo.net\/fr\/32562-premieres-reparations-pour-les-victimes-de-crimes-de-guerre-attendues-a-la-cpi.html#breadcrumb\"},\"inLanguage\":\"fr-FR\",\"potentialAction\":[{\"@type\":\"ReadAction\",\"target\":[\"https:\/\/www.justiceinfo.net\/fr\/32562-premieres-reparations-pour-les-victimes-de-crimes-de-guerre-attendues-a-la-cpi.html\"]}]},{\"@type\":\"ImageObject\",\"inLanguage\":\"fr-FR\",\"@id\":\"https:\/\/www.justiceinfo.net\/fr\/32562-premieres-reparations-pour-les-victimes-de-crimes-de-guerre-attendues-a-la-cpi.html#primaryimage\",\"url\":\"https:\/\/www.justiceinfo.net\/wp-content\/uploads\/9ab3c6627325503597f0d279179399c7.jpg\",\"contentUrl\":\"https:\/\/www.justiceinfo.net\/wp-content\/uploads\/9ab3c6627325503597f0d279179399c7.jpg\",\"width\":2048,\"height\":1365},{\"@type\":\"BreadcrumbList\",\"@id\":\"https:\/\/www.justiceinfo.net\/fr\/32562-premieres-reparations-pour-les-victimes-de-crimes-de-guerre-attendues-a-la-cpi.html#breadcrumb\",\"itemListElement\":[{\"@type\":\"ListItem\",\"position\":1,\"name\":\"Home\",\"item\":\"https:\/\/www.justiceinfo.net\/fr\"},{\"@type\":\"ListItem\",\"position\":2,\"name\":\"Premi\u00e8res r\u00e9parations pour les victimes de crimes de guerre attendues \u00e0 la CPI\"}]},{\"@type\":\"WebSite\",\"@id\":\"https:\/\/www.justiceinfo.net\/fr#website\",\"url\":\"https:\/\/www.justiceinfo.net\/fr\",\"name\":\"JusticeInfo.net\",\"description\":\"La justice doit \u00eatre vue pour \u00eatre rendue\",\"publisher\":{\"@id\":\"https:\/\/www.justiceinfo.net\/fr#organization\"},\"potentialAction\":[{\"@type\":\"SearchAction\",\"target\":{\"@type\":\"EntryPoint\",\"urlTemplate\":\"https:\/\/www.justiceinfo.net\/fr?s={search_term_string}\"},\"query-input\":{\"@type\":\"PropertyValueSpecification\",\"valueRequired\":true,\"valueName\":\"search_term_string\"}}],\"inLanguage\":\"fr-FR\"},{\"@type\":\"Organization\",\"@id\":\"https:\/\/www.justiceinfo.net\/fr#organization\",\"name\":\"Justice Info\",\"url\":\"https:\/\/www.justiceinfo.net\/fr\",\"logo\":{\"@type\":\"ImageObject\",\"inLanguage\":\"fr-FR\",\"@id\":\"https:\/\/www.justiceinfo.net\/fr#\/schema\/logo\/image\/\",\"url\":\"https:\/\/www.justiceinfo.net\/wp-content\/uploads\/justiceinfo_logo-trans_1200x1200px.png\",\"contentUrl\":\"https:\/\/www.justiceinfo.net\/wp-content\/uploads\/justiceinfo_logo-trans_1200x1200px.png\",\"width\":1199,\"height\":1200,\"caption\":\"Justice Info\"},\"image\":{\"@id\":\"https:\/\/www.justiceinfo.net\/fr#\/schema\/logo\/image\/\"},\"sameAs\":[\"https:\/\/www.facebook.com\/JusticeInfo\/\",\"https:\/\/x.com\/justiceinfonet\",\"https:\/\/www.linkedin.com\/company\/justice-info\",\"https:\/\/www.youtube.com\/channel\/UCyCEsARodyuWtkWyhn-e7pA\"]},{\"@type\":\"Person\",\"name\":\"AFP\",\"url\":\"\/fr\/?s=AFP\"}]}<\/script>\n<!-- \/ Yoast SEO Premium plugin. -->","yoast_head_json":{"title":"Premi\u00e8res r\u00e9parations pour les victimes de crimes de guerre attendues \u00e0 la CPI - JusticeInfo.net","robots":{"index":"index","follow":"follow","max-snippet":"max-snippet:-1","max-image-preview":"max-image-preview:large","max-video-preview":"max-video-preview:-1"},"canonical":"https:\/\/www.justiceinfo.net\/fr\/32562-premieres-reparations-pour-les-victimes-de-crimes-de-guerre-attendues-a-la-cpi.html","og_locale":"fr_FR","og_type":"article","og_title":"Premi\u00e8res r\u00e9parations pour les victimes de crimes de guerre attendues \u00e0 la CPI","og_description":"Les juges de la Cour p\u00e9nale internationale (CPI) pourraient attribuer vendredi les premi\u00e8res sommes affect\u00e9es au d\u00e9dommagement de victimes de crimes de guerre, estim\u00e9es \u00e0 plus de 16,4 millions de dollars par les avocats des victimes d'une attaque sur un village congolais en 2003. La d\u00e9cision des juges concernant des r\u00e9parations pour 304 victimes de [&hellip;]","og_url":"https:\/\/www.justiceinfo.net\/fr\/32562-premieres-reparations-pour-les-victimes-de-crimes-de-guerre-attendues-a-la-cpi.html","og_site_name":"JusticeInfo.net","article_publisher":"https:\/\/www.facebook.com\/JusticeInfo\/","article_published_time":"2017-03-22T04:50:02+00:00","og_image":[{"width":2048,"height":1365,"url":"https:\/\/www.justiceinfo.net\/wp-content\/uploads\/9ab3c6627325503597f0d279179399c7.jpg","type":"image\/jpeg"}],"author":"AFP","twitter_card":"summary_large_image","twitter_creator":"@justiceinfonet","twitter_site":"@justiceinfonet","twitter_misc":{"\u00c9crit par":"AFP","Dur\u00e9e de lecture estim\u00e9e":"4 minutes"},"schema":{"@context":"https:\/\/schema.org","@graph":[{"@type":"NewsArticle","@id":"https:\/\/www.justiceinfo.net\/fr\/32562-premieres-reparations-pour-les-victimes-de-crimes-de-guerre-attendues-a-la-cpi.html#article","isPartOf":{"@id":"https:\/\/www.justiceinfo.net\/fr\/32562-premieres-reparations-pour-les-victimes-de-crimes-de-guerre-attendues-a-la-cpi.html"},"author":{"name":"afp","@id":"https:\/\/www.justiceinfo.net\/fr#\/schema\/person\/713d340ef5f218fc36ce9b4244364a7f"},"headline":"Premi\u00e8res r\u00e9parations pour les victimes de crimes de guerre attendues \u00e0 la CPI","datePublished":"2017-03-22T04:50:02+00:00","mainEntityOfPage":{"@id":"https:\/\/www.justiceinfo.net\/fr\/32562-premieres-reparations-pour-les-victimes-de-crimes-de-guerre-attendues-a-la-cpi.html"},"wordCount":760,"commentCount":0,"publisher":{"@id":"https:\/\/www.justiceinfo.net\/fr#organization"},"image":{"@id":"https:\/\/www.justiceinfo.net\/fr\/32562-premieres-reparations-pour-les-victimes-de-crimes-de-guerre-attendues-a-la-cpi.html#primaryimage"},"thumbnailUrl":"https:\/\/www.justiceinfo.net\/wp-content\/uploads\/9ab3c6627325503597f0d279179399c7.jpg","articleSection":["CPI"],"inLanguage":"fr-FR","potentialAction":[{"@type":"CommentAction","name":"Comment","target":["https:\/\/www.justiceinfo.net\/fr\/32562-premieres-reparations-pour-les-victimes-de-crimes-de-guerre-attendues-a-la-cpi.html#respond"]}]},{"@type":"WebPage","@id":"https:\/\/www.justiceinfo.net\/fr\/32562-premieres-reparations-pour-les-victimes-de-crimes-de-guerre-attendues-a-la-cpi.html","url":"https:\/\/www.justiceinfo.net\/fr\/32562-premieres-reparations-pour-les-victimes-de-crimes-de-guerre-attendues-a-la-cpi.html","name":"Premi\u00e8res r\u00e9parations pour les victimes de crimes de guerre attendues \u00e0 la CPI - JusticeInfo.net","isPartOf":{"@id":"https:\/\/www.justiceinfo.net\/fr#website"},"primaryImageOfPage":{"@id":"https:\/\/www.justiceinfo.net\/fr\/32562-premieres-reparations-pour-les-victimes-de-crimes-de-guerre-attendues-a-la-cpi.html#primaryimage"},"image":{"@id":"https:\/\/www.justiceinfo.net\/fr\/32562-premieres-reparations-pour-les-victimes-de-crimes-de-guerre-attendues-a-la-cpi.html#primaryimage"},"thumbnailUrl":"https:\/\/www.justiceinfo.net\/wp-content\/uploads\/9ab3c6627325503597f0d279179399c7.jpg","datePublished":"2017-03-22T04:50:02+00:00","breadcrumb":{"@id":"https:\/\/www.justiceinfo.net\/fr\/32562-premieres-reparations-pour-les-victimes-de-crimes-de-guerre-attendues-a-la-cpi.html#breadcrumb"},"inLanguage":"fr-FR","potentialAction":[{"@type":"ReadAction","target":["https:\/\/www.justiceinfo.net\/fr\/32562-premieres-reparations-pour-les-victimes-de-crimes-de-guerre-attendues-a-la-cpi.html"]}]},{"@type":"ImageObject","inLanguage":"fr-FR","@id":"https:\/\/www.justiceinfo.net\/fr\/32562-premieres-reparations-pour-les-victimes-de-crimes-de-guerre-attendues-a-la-cpi.html#primaryimage","url":"https:\/\/www.justiceinfo.net\/wp-content\/uploads\/9ab3c6627325503597f0d279179399c7.jpg","contentUrl":"https:\/\/www.justiceinfo.net\/wp-content\/uploads\/9ab3c6627325503597f0d279179399c7.jpg","width":2048,"height":1365},{"@type":"BreadcrumbList","@id":"https:\/\/www.justiceinfo.net\/fr\/32562-premieres-reparations-pour-les-victimes-de-crimes-de-guerre-attendues-a-la-cpi.html#breadcrumb","itemListElement":[{"@type":"ListItem","position":1,"name":"Home","item":"https:\/\/www.justiceinfo.net\/fr"},{"@type":"ListItem","position":2,"name":"Premi\u00e8res r\u00e9parations pour les victimes de crimes de guerre attendues \u00e0 la CPI"}]},{"@type":"WebSite","@id":"https:\/\/www.justiceinfo.net\/fr#website","url":"https:\/\/www.justiceinfo.net\/fr","name":"JusticeInfo.net","description":"La justice doit \u00eatre vue pour \u00eatre rendue","publisher":{"@id":"https:\/\/www.justiceinfo.net\/fr#organization"},"potentialAction":[{"@type":"SearchAction","target":{"@type":"EntryPoint","urlTemplate":"https:\/\/www.justiceinfo.net\/fr?s={search_term_string}"},"query-input":{"@type":"PropertyValueSpecification","valueRequired":true,"valueName":"search_term_string"}}],"inLanguage":"fr-FR"},{"@type":"Organization","@id":"https:\/\/www.justiceinfo.net\/fr#organization","name":"Justice Info","url":"https:\/\/www.justiceinfo.net\/fr","logo":{"@type":"ImageObject","inLanguage":"fr-FR","@id":"https:\/\/www.justiceinfo.net\/fr#\/schema\/logo\/image\/","url":"https:\/\/www.justiceinfo.net\/wp-content\/uploads\/justiceinfo_logo-trans_1200x1200px.png","contentUrl":"https:\/\/www.justiceinfo.net\/wp-content\/uploads\/justiceinfo_logo-trans_1200x1200px.png","width":1199,"height":1200,"caption":"Justice Info"},"image":{"@id":"https:\/\/www.justiceinfo.net\/fr#\/schema\/logo\/image\/"},"sameAs":["https:\/\/www.facebook.com\/JusticeInfo\/","https:\/\/x.com\/justiceinfonet","https:\/\/www.linkedin.com\/company\/justice-info","https:\/\/www.youtube.com\/channel\/UCyCEsARodyuWtkWyhn-e7pA"]},{"@type":"Person","name":"AFP","url":"\/fr\/?s=AFP"}]}},"_links":{"self":[{"href":"https:\/\/www.justiceinfo.net\/fr\/wp-json\/wp\/v2\/posts\/32562","targetHints":{"allow":["GET"]}}],"collection":[{"href":"https:\/\/www.justiceinfo.net\/fr\/wp-json\/wp\/v2\/posts"}],"about":[{"href":"https:\/\/www.justiceinfo.net\/fr\/wp-json\/wp\/v2\/types\/post"}],"author":[{"embeddable":true,"href":"https:\/\/www.justiceinfo.net\/fr\/wp-json\/wp\/v2\/users\/60"}],"replies":[{"embeddable":true,"href":"https:\/\/www.justiceinfo.net\/fr\/wp-json\/wp\/v2\/comments?post=32562"}],"version-history":[{"count":0,"href":"https:\/\/www.justiceinfo.net\/fr\/wp-json\/wp\/v2\/posts\/32562\/revisions"}],"wp:featuredmedia":[{"embeddable":true,"href":"https:\/\/www.justiceinfo.net\/fr\/wp-json\/wp\/v2\/media\/68048"}],"wp:attachment":[{"href":"https:\/\/www.justiceinfo.net\/fr\/wp-json\/wp\/v2\/media?parent=32562"}],"wp:term":[{"taxonomy":"category","embeddable":true,"href":"https:\/\/www.justiceinfo.net\/fr\/wp-json\/wp\/v2\/categories?post=32562"},{"taxonomy":"post_tag","embeddable":true,"href":"https:\/\/www.justiceinfo.net\/fr\/wp-json\/wp\/v2\/tags?post=32562"},{"taxonomy":"ji_location","embeddable":true,"href":"https:\/\/www.justiceinfo.net\/fr\/wp-json\/wp\/v2\/ji_location?post=32562"}],"curies":[{"name":"wp","href":"https:\/\/api.w.org\/{rel}","templated":true}]}}