{"id":32577,"date":"2017-03-22T20:15:03","date_gmt":"2017-03-22T19:15:03","guid":{"rendered":"https:\/\/www.justiceinfo.net\/32577-chili-les-bourreaux-des-derniers-disparus-de-la-dictature-condamnes.html"},"modified":"2017-03-22T20:15:03","modified_gmt":"2017-03-22T19:15:03","slug":"chili-les-bourreaux-des-derniers-disparus-de-la-dictature-condamnes","status":"publish","type":"post","link":"https:\/\/www.justiceinfo.net\/fr\/32577-chili-les-bourreaux-des-derniers-disparus-de-la-dictature-condamnes.html","title":{"rendered":"Chili: les bourreaux de la dictature condamn\u00e9s"},"content":{"rendered":"<div class=\"content-excerpt\">\n<p>La Cour supr\u00eame du Chili a condamn\u00e9 mercredi 33 ex-agents de la dictature d'Augusto Pinochet pour les disparitions de cinq opposants en 1987, les derni\u00e8res de ce r\u00e9gime militaire (1973-1990).<\/p>\n<\/div>\n<p>Les victimes, Julian Pe\u00f1a, Alejandro Pinochet (sans lien de famille avec l'ex-dictateur), Manuel Sepulveda, Gonzalo Fuenzalida et Julio Mu\u00f1oz, membres du Front patriotique Manuel Rodriguez, \"ont \u00e9t\u00e9 enlev\u00e9s par des agents de l'Etat en repr\u00e9sailles du kidnapping du colonel Carlos Carre\u00f1o\" avant que leurs restes ne soient jet\u00e9s \u00e0 la mer, selon la d\u00e9cision de justice.<\/p>\n<p>Alvaro Corbalan et Hugo Salas, deux des responsables des services de renseignement (CNI), la police secr\u00e8te de la dictature, ont \u00e9t\u00e9 condamn\u00e9s \u00e0 15 ans de prison. Tous deux sont d\u00e9j\u00e0 derri\u00e8re les barreaux pour d'autres violations des droits de l'homme.<\/p>\n<p>Ivan Quiroz, le chef de l'op\u00e9ration polici\u00e8re \u00e9galement d\u00e9j\u00e0 en prison, et les 30 autres agents, qui se trouvent eux en libert\u00e9, ont \u00e9t\u00e9 condamn\u00e9s \u00e0 des peines de 5 \u00e0 10 ans.<\/p>\n<p>La justice chilienne maintenait encore ouverts, fin 2016, pr\u00e8s de 1.200 dossiers de crimes contre l'humanit\u00e9 sous la dictature du g\u00e9n\u00e9ral Pinochet, qui a caus\u00e9 la mort de plus de 3.000 personnes alors que quelque 38.000 ont \u00e9t\u00e9 tortur\u00e9es, selon des estimations officielles.<\/p>\n<p>L'ex-dictateur est mort d'un infarctus \u00e0 91 ans en d\u00e9cembre 2006, sans jamais avoir \u00e9t\u00e9 jug\u00e9 pour la r\u00e9pression exerc\u00e9e sous son r\u00e9gime.<\/p>\n","protected":false},"excerpt":{"rendered":"<p>La Cour supr\u00eame du Chili a condamn\u00e9 mercredi 33 ex-agents de la dictature d'Augusto Pinochet pour les disparitions de cinq opposants en 1987, les derni\u00e8res de ce r\u00e9gime militaire (1973-1990). Les victimes, Julian Pe\u00f1a, Alejandro Pinochet (sans lien de famille avec l'ex-dictateur), Manuel Sepulveda, Gonzalo Fuenzalida et Julio Mu\u00f1oz, membres du Front patriotique Manuel Rodriguez, [&hellip;]<\/p>\n","protected":false},"author":60,"featured_media":62428,"comment_status":"open","ping_status":"closed","sticky":false,"template":"","format":"standard","meta":{"_acf_changed":false,"footnotes":""},"categories":[556],"tags":[],"ji_location":[2168],"class_list":["post-32577","post","type-post","status-publish","format-standard","has-post-thumbnail","hentry","category-divers","ji_location-chili"],"acf":[],"yoast_head":"<!-- This site is optimized with the Yoast SEO Premium plugin v25.3.1 (Yoast SEO v25.3.1) - https:\/\/yoast.com\/wordpress\/plugins\/seo\/ -->\n<title>Chili: les bourreaux de la dictature condamn\u00e9s - JusticeInfo.net<\/title>\n<meta name=\"robots\" content=\"index, follow, max-snippet:-1, max-image-preview:large, max-video-preview:-1\" \/>\n<link rel=\"canonical\" href=\"https:\/\/www.justiceinfo.net\/fr\/32577-chili-les-bourreaux-des-derniers-disparus-de-la-dictature-condamnes.html\" \/>\n<meta property=\"og:locale\" content=\"fr_FR\" \/>\n<meta property=\"og:type\" content=\"article\" \/>\n<meta property=\"og:title\" content=\"Chili: les bourreaux de la dictature condamn\u00e9s\" \/>\n<meta property=\"og:description\" content=\"La Cour supr\u00eame du Chili a condamn\u00e9 mercredi 33 ex-agents de la dictature d&#039;Augusto Pinochet pour les disparitions de cinq opposants en 1987, les derni\u00e8res de ce r\u00e9gime militaire (1973-1990). Les victimes, Julian Pe\u00f1a, Alejandro Pinochet (sans lien de famille avec l&#039;ex-dictateur), Manuel Sepulveda, Gonzalo Fuenzalida et Julio Mu\u00f1oz, membres du Front patriotique Manuel Rodriguez, [&hellip;]\" \/>\n<meta property=\"og:url\" content=\"https:\/\/www.justiceinfo.net\/fr\/32577-chili-les-bourreaux-des-derniers-disparus-de-la-dictature-condamnes.html\" \/>\n<meta property=\"og:site_name\" content=\"JusticeInfo.net\" \/>\n<meta property=\"article:publisher\" content=\"https:\/\/www.facebook.com\/JusticeInfo\/\" \/>\n<meta property=\"article:published_time\" content=\"2017-03-22T19:15:03+00:00\" \/>\n<meta property=\"og:image\" content=\"https:\/\/www.justiceinfo.net\/wp-content\/uploads\/8bb30630be7f31fc1d50790c866b626b.jpg\" \/>\n\t<meta property=\"og:image:width\" content=\"401\" \/>\n\t<meta property=\"og:image:height\" content=\"599\" \/>\n\t<meta property=\"og:image:type\" content=\"image\/jpeg\" \/>\n<meta name=\"author\" content=\"AFP\" \/>\n<meta name=\"twitter:card\" content=\"summary_large_image\" \/>\n<meta name=\"twitter:creator\" content=\"@justiceinfonet\" \/>\n<meta name=\"twitter:site\" content=\"@justiceinfonet\" \/>\n<meta name=\"twitter:label1\" content=\"\u00c9crit par\" \/>\n\t<meta name=\"twitter:data1\" content=\"AFP\" \/>\n\t<meta name=\"twitter:label2\" content=\"Dur\u00e9e de lecture estim\u00e9e\" \/>\n\t<meta name=\"twitter:data2\" content=\"1 minute\" \/>\n<script type=\"application\/ld+json\" class=\"yoast-schema-graph\">{\"@context\":\"https:\/\/schema.org\",\"@graph\":[{\"@type\":\"NewsArticle\",\"@id\":\"https:\/\/www.justiceinfo.net\/fr\/32577-chili-les-bourreaux-des-derniers-disparus-de-la-dictature-condamnes.html#article\",\"isPartOf\":{\"@id\":\"https:\/\/www.justiceinfo.net\/fr\/32577-chili-les-bourreaux-des-derniers-disparus-de-la-dictature-condamnes.html\"},\"author\":{\"name\":\"afp\",\"@id\":\"https:\/\/www.justiceinfo.net\/fr#\/schema\/person\/713d340ef5f218fc36ce9b4244364a7f\"},\"headline\":\"Chili: les bourreaux de la dictature condamn\u00e9s\",\"datePublished\":\"2017-03-22T19:15:03+00:00\",\"mainEntityOfPage\":{\"@id\":\"https:\/\/www.justiceinfo.net\/fr\/32577-chili-les-bourreaux-des-derniers-disparus-de-la-dictature-condamnes.html\"},\"wordCount\":252,\"commentCount\":0,\"publisher\":{\"@id\":\"https:\/\/www.justiceinfo.net\/fr#organization\"},\"image\":{\"@id\":\"https:\/\/www.justiceinfo.net\/fr\/32577-chili-les-bourreaux-des-derniers-disparus-de-la-dictature-condamnes.html#primaryimage\"},\"thumbnailUrl\":\"https:\/\/www.justiceinfo.net\/wp-content\/uploads\/8bb30630be7f31fc1d50790c866b626b.jpg\",\"articleSection\":[\"Divers\"],\"inLanguage\":\"fr-FR\",\"potentialAction\":[{\"@type\":\"CommentAction\",\"name\":\"Comment\",\"target\":[\"https:\/\/www.justiceinfo.net\/fr\/32577-chili-les-bourreaux-des-derniers-disparus-de-la-dictature-condamnes.html#respond\"]}]},{\"@type\":\"WebPage\",\"@id\":\"https:\/\/www.justiceinfo.net\/fr\/32577-chili-les-bourreaux-des-derniers-disparus-de-la-dictature-condamnes.html\",\"url\":\"https:\/\/www.justiceinfo.net\/fr\/32577-chili-les-bourreaux-des-derniers-disparus-de-la-dictature-condamnes.html\",\"name\":\"Chili: les bourreaux de la dictature condamn\u00e9s - JusticeInfo.net\",\"isPartOf\":{\"@id\":\"https:\/\/www.justiceinfo.net\/fr#website\"},\"primaryImageOfPage\":{\"@id\":\"https:\/\/www.justiceinfo.net\/fr\/32577-chili-les-bourreaux-des-derniers-disparus-de-la-dictature-condamnes.html#primaryimage\"},\"image\":{\"@id\":\"https:\/\/www.justiceinfo.net\/fr\/32577-chili-les-bourreaux-des-derniers-disparus-de-la-dictature-condamnes.html#primaryimage\"},\"thumbnailUrl\":\"https:\/\/www.justiceinfo.net\/wp-content\/uploads\/8bb30630be7f31fc1d50790c866b626b.jpg\",\"datePublished\":\"2017-03-22T19:15:03+00:00\",\"breadcrumb\":{\"@id\":\"https:\/\/www.justiceinfo.net\/fr\/32577-chili-les-bourreaux-des-derniers-disparus-de-la-dictature-condamnes.html#breadcrumb\"},\"inLanguage\":\"fr-FR\",\"potentialAction\":[{\"@type\":\"ReadAction\",\"target\":[\"https:\/\/www.justiceinfo.net\/fr\/32577-chili-les-bourreaux-des-derniers-disparus-de-la-dictature-condamnes.html\"]}]},{\"@type\":\"ImageObject\",\"inLanguage\":\"fr-FR\",\"@id\":\"https:\/\/www.justiceinfo.net\/fr\/32577-chili-les-bourreaux-des-derniers-disparus-de-la-dictature-condamnes.html#primaryimage\",\"url\":\"https:\/\/www.justiceinfo.net\/wp-content\/uploads\/8bb30630be7f31fc1d50790c866b626b.jpg\",\"contentUrl\":\"https:\/\/www.justiceinfo.net\/wp-content\/uploads\/8bb30630be7f31fc1d50790c866b626b.jpg\",\"width\":401,\"height\":599},{\"@type\":\"BreadcrumbList\",\"@id\":\"https:\/\/www.justiceinfo.net\/fr\/32577-chili-les-bourreaux-des-derniers-disparus-de-la-dictature-condamnes.html#breadcrumb\",\"itemListElement\":[{\"@type\":\"ListItem\",\"position\":1,\"name\":\"Home\",\"item\":\"https:\/\/www.justiceinfo.net\/fr\"},{\"@type\":\"ListItem\",\"position\":2,\"name\":\"Chili: les bourreaux de la dictature condamn\u00e9s\"}]},{\"@type\":\"WebSite\",\"@id\":\"https:\/\/www.justiceinfo.net\/fr#website\",\"url\":\"https:\/\/www.justiceinfo.net\/fr\",\"name\":\"JusticeInfo.net\",\"description\":\"La justice doit \u00eatre vue pour \u00eatre rendue\",\"publisher\":{\"@id\":\"https:\/\/www.justiceinfo.net\/fr#organization\"},\"potentialAction\":[{\"@type\":\"SearchAction\",\"target\":{\"@type\":\"EntryPoint\",\"urlTemplate\":\"https:\/\/www.justiceinfo.net\/fr?s={search_term_string}\"},\"query-input\":{\"@type\":\"PropertyValueSpecification\",\"valueRequired\":true,\"valueName\":\"search_term_string\"}}],\"inLanguage\":\"fr-FR\"},{\"@type\":\"Organization\",\"@id\":\"https:\/\/www.justiceinfo.net\/fr#organization\",\"name\":\"Justice Info\",\"url\":\"https:\/\/www.justiceinfo.net\/fr\",\"logo\":{\"@type\":\"ImageObject\",\"inLanguage\":\"fr-FR\",\"@id\":\"https:\/\/www.justiceinfo.net\/fr#\/schema\/logo\/image\/\",\"url\":\"https:\/\/www.justiceinfo.net\/wp-content\/uploads\/justiceinfo_logo-trans_1200x1200px.png\",\"contentUrl\":\"https:\/\/www.justiceinfo.net\/wp-content\/uploads\/justiceinfo_logo-trans_1200x1200px.png\",\"width\":1199,\"height\":1200,\"caption\":\"Justice Info\"},\"image\":{\"@id\":\"https:\/\/www.justiceinfo.net\/fr#\/schema\/logo\/image\/\"},\"sameAs\":[\"https:\/\/www.facebook.com\/JusticeInfo\/\",\"https:\/\/x.com\/justiceinfonet\",\"https:\/\/www.linkedin.com\/company\/justice-info\",\"https:\/\/www.youtube.com\/channel\/UCyCEsARodyuWtkWyhn-e7pA\"]},{\"@type\":\"Person\",\"name\":\"AFP\",\"url\":\"\/fr\/?s=AFP\"}]}<\/script>\n<!-- \/ Yoast SEO Premium plugin. -->","yoast_head_json":{"title":"Chili: les bourreaux de la dictature condamn\u00e9s - JusticeInfo.net","robots":{"index":"index","follow":"follow","max-snippet":"max-snippet:-1","max-image-preview":"max-image-preview:large","max-video-preview":"max-video-preview:-1"},"canonical":"https:\/\/www.justiceinfo.net\/fr\/32577-chili-les-bourreaux-des-derniers-disparus-de-la-dictature-condamnes.html","og_locale":"fr_FR","og_type":"article","og_title":"Chili: les bourreaux de la dictature condamn\u00e9s","og_description":"La Cour supr\u00eame du Chili a condamn\u00e9 mercredi 33 ex-agents de la dictature d'Augusto Pinochet pour les disparitions de cinq opposants en 1987, les derni\u00e8res de ce r\u00e9gime militaire (1973-1990). Les victimes, Julian Pe\u00f1a, Alejandro Pinochet (sans lien de famille avec l'ex-dictateur), Manuel Sepulveda, Gonzalo Fuenzalida et Julio Mu\u00f1oz, membres du Front patriotique Manuel Rodriguez, [&hellip;]","og_url":"https:\/\/www.justiceinfo.net\/fr\/32577-chili-les-bourreaux-des-derniers-disparus-de-la-dictature-condamnes.html","og_site_name":"JusticeInfo.net","article_publisher":"https:\/\/www.facebook.com\/JusticeInfo\/","article_published_time":"2017-03-22T19:15:03+00:00","og_image":[{"width":401,"height":599,"url":"https:\/\/www.justiceinfo.net\/wp-content\/uploads\/8bb30630be7f31fc1d50790c866b626b.jpg","type":"image\/jpeg"}],"author":"AFP","twitter_card":"summary_large_image","twitter_creator":"@justiceinfonet","twitter_site":"@justiceinfonet","twitter_misc":{"\u00c9crit par":"AFP","Dur\u00e9e de lecture estim\u00e9e":"1 minute"},"schema":{"@context":"https:\/\/schema.org","@graph":[{"@type":"NewsArticle","@id":"https:\/\/www.justiceinfo.net\/fr\/32577-chili-les-bourreaux-des-derniers-disparus-de-la-dictature-condamnes.html#article","isPartOf":{"@id":"https:\/\/www.justiceinfo.net\/fr\/32577-chili-les-bourreaux-des-derniers-disparus-de-la-dictature-condamnes.html"},"author":{"name":"afp","@id":"https:\/\/www.justiceinfo.net\/fr#\/schema\/person\/713d340ef5f218fc36ce9b4244364a7f"},"headline":"Chili: les bourreaux de la dictature condamn\u00e9s","datePublished":"2017-03-22T19:15:03+00:00","mainEntityOfPage":{"@id":"https:\/\/www.justiceinfo.net\/fr\/32577-chili-les-bourreaux-des-derniers-disparus-de-la-dictature-condamnes.html"},"wordCount":252,"commentCount":0,"publisher":{"@id":"https:\/\/www.justiceinfo.net\/fr#organization"},"image":{"@id":"https:\/\/www.justiceinfo.net\/fr\/32577-chili-les-bourreaux-des-derniers-disparus-de-la-dictature-condamnes.html#primaryimage"},"thumbnailUrl":"https:\/\/www.justiceinfo.net\/wp-content\/uploads\/8bb30630be7f31fc1d50790c866b626b.jpg","articleSection":["Divers"],"inLanguage":"fr-FR","potentialAction":[{"@type":"CommentAction","name":"Comment","target":["https:\/\/www.justiceinfo.net\/fr\/32577-chili-les-bourreaux-des-derniers-disparus-de-la-dictature-condamnes.html#respond"]}]},{"@type":"WebPage","@id":"https:\/\/www.justiceinfo.net\/fr\/32577-chili-les-bourreaux-des-derniers-disparus-de-la-dictature-condamnes.html","url":"https:\/\/www.justiceinfo.net\/fr\/32577-chili-les-bourreaux-des-derniers-disparus-de-la-dictature-condamnes.html","name":"Chili: les bourreaux de la dictature condamn\u00e9s - JusticeInfo.net","isPartOf":{"@id":"https:\/\/www.justiceinfo.net\/fr#website"},"primaryImageOfPage":{"@id":"https:\/\/www.justiceinfo.net\/fr\/32577-chili-les-bourreaux-des-derniers-disparus-de-la-dictature-condamnes.html#primaryimage"},"image":{"@id":"https:\/\/www.justiceinfo.net\/fr\/32577-chili-les-bourreaux-des-derniers-disparus-de-la-dictature-condamnes.html#primaryimage"},"thumbnailUrl":"https:\/\/www.justiceinfo.net\/wp-content\/uploads\/8bb30630be7f31fc1d50790c866b626b.jpg","datePublished":"2017-03-22T19:15:03+00:00","breadcrumb":{"@id":"https:\/\/www.justiceinfo.net\/fr\/32577-chili-les-bourreaux-des-derniers-disparus-de-la-dictature-condamnes.html#breadcrumb"},"inLanguage":"fr-FR","potentialAction":[{"@type":"ReadAction","target":["https:\/\/www.justiceinfo.net\/fr\/32577-chili-les-bourreaux-des-derniers-disparus-de-la-dictature-condamnes.html"]}]},{"@type":"ImageObject","inLanguage":"fr-FR","@id":"https:\/\/www.justiceinfo.net\/fr\/32577-chili-les-bourreaux-des-derniers-disparus-de-la-dictature-condamnes.html#primaryimage","url":"https:\/\/www.justiceinfo.net\/wp-content\/uploads\/8bb30630be7f31fc1d50790c866b626b.jpg","contentUrl":"https:\/\/www.justiceinfo.net\/wp-content\/uploads\/8bb30630be7f31fc1d50790c866b626b.jpg","width":401,"height":599},{"@type":"BreadcrumbList","@id":"https:\/\/www.justiceinfo.net\/fr\/32577-chili-les-bourreaux-des-derniers-disparus-de-la-dictature-condamnes.html#breadcrumb","itemListElement":[{"@type":"ListItem","position":1,"name":"Home","item":"https:\/\/www.justiceinfo.net\/fr"},{"@type":"ListItem","position":2,"name":"Chili: les bourreaux de la dictature condamn\u00e9s"}]},{"@type":"WebSite","@id":"https:\/\/www.justiceinfo.net\/fr#website","url":"https:\/\/www.justiceinfo.net\/fr","name":"JusticeInfo.net","description":"La justice doit \u00eatre vue pour \u00eatre rendue","publisher":{"@id":"https:\/\/www.justiceinfo.net\/fr#organization"},"potentialAction":[{"@type":"SearchAction","target":{"@type":"EntryPoint","urlTemplate":"https:\/\/www.justiceinfo.net\/fr?s={search_term_string}"},"query-input":{"@type":"PropertyValueSpecification","valueRequired":true,"valueName":"search_term_string"}}],"inLanguage":"fr-FR"},{"@type":"Organization","@id":"https:\/\/www.justiceinfo.net\/fr#organization","name":"Justice Info","url":"https:\/\/www.justiceinfo.net\/fr","logo":{"@type":"ImageObject","inLanguage":"fr-FR","@id":"https:\/\/www.justiceinfo.net\/fr#\/schema\/logo\/image\/","url":"https:\/\/www.justiceinfo.net\/wp-content\/uploads\/justiceinfo_logo-trans_1200x1200px.png","contentUrl":"https:\/\/www.justiceinfo.net\/wp-content\/uploads\/justiceinfo_logo-trans_1200x1200px.png","width":1199,"height":1200,"caption":"Justice Info"},"image":{"@id":"https:\/\/www.justiceinfo.net\/fr#\/schema\/logo\/image\/"},"sameAs":["https:\/\/www.facebook.com\/JusticeInfo\/","https:\/\/x.com\/justiceinfonet","https:\/\/www.linkedin.com\/company\/justice-info","https:\/\/www.youtube.com\/channel\/UCyCEsARodyuWtkWyhn-e7pA"]},{"@type":"Person","name":"AFP","url":"\/fr\/?s=AFP"}]}},"_links":{"self":[{"href":"https:\/\/www.justiceinfo.net\/fr\/wp-json\/wp\/v2\/posts\/32577","targetHints":{"allow":["GET"]}}],"collection":[{"href":"https:\/\/www.justiceinfo.net\/fr\/wp-json\/wp\/v2\/posts"}],"about":[{"href":"https:\/\/www.justiceinfo.net\/fr\/wp-json\/wp\/v2\/types\/post"}],"author":[{"embeddable":true,"href":"https:\/\/www.justiceinfo.net\/fr\/wp-json\/wp\/v2\/users\/60"}],"replies":[{"embeddable":true,"href":"https:\/\/www.justiceinfo.net\/fr\/wp-json\/wp\/v2\/comments?post=32577"}],"version-history":[{"count":0,"href":"https:\/\/www.justiceinfo.net\/fr\/wp-json\/wp\/v2\/posts\/32577\/revisions"}],"wp:featuredmedia":[{"embeddable":true,"href":"https:\/\/www.justiceinfo.net\/fr\/wp-json\/wp\/v2\/media\/62428"}],"wp:attachment":[{"href":"https:\/\/www.justiceinfo.net\/fr\/wp-json\/wp\/v2\/media?parent=32577"}],"wp:term":[{"taxonomy":"category","embeddable":true,"href":"https:\/\/www.justiceinfo.net\/fr\/wp-json\/wp\/v2\/categories?post=32577"},{"taxonomy":"post_tag","embeddable":true,"href":"https:\/\/www.justiceinfo.net\/fr\/wp-json\/wp\/v2\/tags?post=32577"},{"taxonomy":"ji_location","embeddable":true,"href":"https:\/\/www.justiceinfo.net\/fr\/wp-json\/wp\/v2\/ji_location?post=32577"}],"curies":[{"name":"wp","href":"https:\/\/api.w.org\/{rel}","templated":true}]}}