{"id":32596,"date":"2017-03-24T14:25:19","date_gmt":"2017-03-24T13:25:19","guid":{"rendered":"https:\/\/www.justiceinfo.net\/32596-cpi-reparations-victimes-congo.html"},"modified":"2017-03-24T14:25:19","modified_gmt":"2017-03-24T13:25:19","slug":"cpi-reparations-victimes-congo","status":"publish","type":"post","link":"https:\/\/www.justiceinfo.net\/fr\/32596-cpi-reparations-victimes-congo.html","title":{"rendered":"Pour la premi\u00e8re fois, la Cour P\u00e9nale Internationale alloue des r\u00e9parations individuelles aux victimes en RDC"},"content":{"rendered":"<div class=\"content-excerpt\">\n<p>La Cour p\u00e9nale internationale (CPI) a d\u00e9cid\u00e9, le 24 mars, que les victimes des crimes commis par Germain Katanga b\u00e9n\u00e9ficieront de r\u00e9parations individuelles et collectives. C'est la premi\u00e8re fois que la Cour alloue des r\u00e9parations individuelles<\/p>\n<\/div>\n<p>\u00a0Les 297 victimes directes des crimes commis par Germain Katanga percevront chacune un peu plus de 230 euros. \u00ab\u00a0Ce montant symbolique ne vise pas \u00e0 r\u00e9parer le pr\u00e9judice dans son int\u00e9gralit\u00e9\u00a0\u00bb, a pr\u00e9cis\u00e9 le juge Marc Perrin de Brichambaut au cours de l\u2019audience du 24 mars, mais permettra de \u00ab\u00a0soulager\u00a0\u00bb les victimes. Elles devraient aussi b\u00e9n\u00e9ficier de r\u00e9parations collectives, orient\u00e9es vers des aides \u00e0 l\u2019\u00e9ducation, au logement, au travail et au soutien psychologique. L\u2019ancien commandant de la Force de r\u00e9sistance patriotique de l\u2019Ituri (FRPI) avait \u00e9t\u00e9 condamn\u00e9 \u00e0 12 ans de prison au printemps 2014, apr\u00e8s avoir \u00e9t\u00e9 reconnu coupable de crimes contre l\u2019humanit\u00e9 et de crimes de guerre pour avoir stock\u00e9 les armes utilis\u00e9es le 24 f\u00e9vrier 2003 lors de l\u2019attaque de Bogoro, un village de l\u2019est de la R\u00e9publique d\u00e9mocratique du Congo (RDC). Les juges ont \u00e9valu\u00e9 le pr\u00e9judice total de l\u2019attaque \u00e0 plus de 3\u00a0400\u00a0000 euros. Une \u00e9valuation approximative\u00a0: \u00e0 plusieurs reprises dans leur d\u00e9cision, les juges signalent ne pas avoir pu disposer de tous les \u00e9l\u00e9ments. Ils ont n\u00e9anmoins estim\u00e9 \u00e0 600 $ la perte d\u2019une maison, \u00e0 524 $ la perte d\u2019un cheptel de taille moyenne. Ils \u00e9valuent aussi \u00e0 8000 $ la perte d\u2019un proche, et 2000$ le traumatisme d\u00fb \u00e0 l\u2019attaque.<\/p>\n<h3><strong>Katanga condamn\u00e9 \u00e0 1 million de dollars<\/strong><\/h3>\n<p>Germain Katanga a \u00e9t\u00e9, symboliquement, condamn\u00e9 \u00e0 verser 1 million de dollars (925\u00a0000 euros). Mais les juges pr\u00e9cisent qu\u2019\u00e0 ce jour, le condamn\u00e9 ne dispose d\u2019aucun bien lui permettant de s\u2019acquitter de la facture. Ce sera donc au <a href=\"http:\/\/www.trustfundforvictims.org\/fr\/page-d%E2%80%99accueil-du-site-web-du-fonds\">Fonds pour les victimes<\/a> - un organisme li\u00e9 \u00e0 la Cour - de r\u00e9gler l\u2019addition. Germain Katanga pourrait n\u00e9anmoins participer \u00e0 \u00ab\u00a0la r\u00e9conciliation\u00a0\u00bb, ont estim\u00e9 les juges, en demandant pardon, face \u00e0 ses victimes. Au cours de son affaire, l\u2019ex milicien avait \u00e0 plusieurs reprises exprim\u00e9 sa compassion. En demandant aux juges sa lib\u00e9ration anticip\u00e9e, il avait, dans une vid\u00e9o, demand\u00e9 \u00ab\u00a0pardon\u00a0\u00bb aux villageois de Bogoro. Germain Katanga n\u2019\u00e9tait pas \u00e0 la Cour pour entendre la d\u00e9cision. L\u2019ex milicien est incarc\u00e9r\u00e9 \u00e0 la prison de Makala, \u00e0 Kinshasa, d\u2019o\u00f9 il aurait suivi l\u2019audience par vid\u00e9o. En janvier 2016, il avait obtenu une mise en lib\u00e9ration anticip\u00e9e de la Cour apr\u00e8s avoir purg\u00e9 les deux-tiers de sa peine. Il est n\u00e9anmoins toujours incarc\u00e9r\u00e9 dans la capitale congolaise, o\u00f9 il est poursuivi pour d\u2019autres accusations de crimes contre l\u2019humanit\u00e9, de crimes de guerre et de participation \u00e0 un mouvement insurrectionnel. Tr\u00e8s d\u00e9taill\u00e9e, la d\u00e9cision de ce vendredi trace les grands principes et pr\u00e9cise la <a href=\"fr\/component\/k2\/32582-open-society-rdc-victimes-katanga-cpi-reparations.html\" target=\"_blank\" rel=\"noopener\">proc\u00e9dure<\/a> pr\u00e9sidant aux r\u00e9parations, et pourraient faire jurisprudence. Dans l\u2019affaire Lubanga, les juges avaient d\u00e9cid\u00e9 que ces r\u00e9parations seraient uniquement collectives, suscitant la d\u00e9ception.<\/p>\n<p>\u00a0<\/p>\n<p>\u00a0<\/p>\n","protected":false},"excerpt":{"rendered":"<p>La Cour p\u00e9nale internationale (CPI) a d\u00e9cid\u00e9, le 24 mars, que les victimes des crimes commis par Germain Katanga b\u00e9n\u00e9ficieront de r\u00e9parations individuelles et collectives. C'est la premi\u00e8re fois que la Cour alloue des r\u00e9parations individuelles \u00a0Les 297 victimes directes des crimes commis par Germain Katanga percevront chacune un peu plus de 230 euros. \u00ab\u00a0Ce [&hellip;]<\/p>\n","protected":false},"author":64,"featured_media":65657,"comment_status":"open","ping_status":"closed","sticky":false,"template":"","format":"standard","meta":{"_acf_changed":false,"footnotes":""},"categories":[570],"tags":[],"ji_location":[2196],"class_list":["post-32596","post","type-post","status-publish","format-standard","has-post-thumbnail","hentry","category-cpi","ji_location-republique-democratique-du-congo"],"acf":[],"yoast_head":"<!-- This site is optimized with the Yoast SEO Premium plugin v25.3.1 (Yoast SEO v25.3.1) - https:\/\/yoast.com\/wordpress\/plugins\/seo\/ -->\n<title>Pour la premi\u00e8re fois, la Cour P\u00e9nale Internationale alloue des r\u00e9parations individuelles aux victimes en RDC - JusticeInfo.net<\/title>\n<meta name=\"robots\" content=\"index, follow, max-snippet:-1, max-image-preview:large, max-video-preview:-1\" \/>\n<link rel=\"canonical\" href=\"https:\/\/www.justiceinfo.net\/fr\/32596-cpi-reparations-victimes-congo.html\" \/>\n<meta property=\"og:locale\" content=\"fr_FR\" \/>\n<meta property=\"og:type\" content=\"article\" \/>\n<meta property=\"og:title\" content=\"Pour la premi\u00e8re fois, la Cour P\u00e9nale Internationale alloue des r\u00e9parations individuelles aux victimes en RDC\" \/>\n<meta property=\"og:description\" content=\"La Cour p\u00e9nale internationale (CPI) a d\u00e9cid\u00e9, le 24 mars, que les victimes des crimes commis par Germain Katanga b\u00e9n\u00e9ficieront de r\u00e9parations individuelles et collectives. C&#039;est la premi\u00e8re fois que la Cour alloue des r\u00e9parations individuelles \u00a0Les 297 victimes directes des crimes commis par Germain Katanga percevront chacune un peu plus de 230 euros. \u00ab\u00a0Ce [&hellip;]\" \/>\n<meta property=\"og:url\" content=\"https:\/\/www.justiceinfo.net\/fr\/32596-cpi-reparations-victimes-congo.html\" \/>\n<meta property=\"og:site_name\" content=\"JusticeInfo.net\" \/>\n<meta property=\"article:publisher\" content=\"https:\/\/www.facebook.com\/JusticeInfo\/\" \/>\n<meta property=\"article:published_time\" content=\"2017-03-24T13:25:19+00:00\" \/>\n<meta property=\"og:image\" content=\"https:\/\/www.justiceinfo.net\/wp-content\/uploads\/d4fa58e42ea4246fe83216c1a31bec48.jpg\" \/>\n\t<meta property=\"og:image:width\" content=\"2048\" \/>\n\t<meta property=\"og:image:height\" content=\"1365\" \/>\n\t<meta property=\"og:image:type\" content=\"image\/jpeg\" \/>\n<meta name=\"author\" content=\"St\u00e9phanie Maupas (de notre correspondante \u00e0 La Haye,)\" \/>\n<meta name=\"twitter:card\" content=\"summary_large_image\" \/>\n<meta name=\"twitter:creator\" content=\"@justiceinfonet\" \/>\n<meta name=\"twitter:site\" content=\"@justiceinfonet\" \/>\n<meta name=\"twitter:label1\" content=\"\u00c9crit par\" \/>\n\t<meta name=\"twitter:data1\" content=\"St\u00e9phanie Maupas (de notre correspondante \u00e0 La Haye,)\" \/>\n\t<meta name=\"twitter:label2\" content=\"Dur\u00e9e de lecture estim\u00e9e\" \/>\n\t<meta name=\"twitter:data2\" content=\"3 minutes\" \/>\n<script type=\"application\/ld+json\" class=\"yoast-schema-graph\">{\"@context\":\"https:\/\/schema.org\",\"@graph\":[{\"@type\":\"NewsArticle\",\"@id\":\"https:\/\/www.justiceinfo.net\/fr\/32596-cpi-reparations-victimes-congo.html#article\",\"isPartOf\":{\"@id\":\"https:\/\/www.justiceinfo.net\/fr\/32596-cpi-reparations-victimes-congo.html\"},\"author\":{\"name\":\"solivri\",\"@id\":\"https:\/\/www.justiceinfo.net\/fr#\/schema\/person\/6e53cba1629e2e66f3fc1821d3091865\"},\"headline\":\"Pour la premi\u00e8re fois, la Cour P\u00e9nale Internationale alloue des r\u00e9parations individuelles aux victimes en RDC\",\"datePublished\":\"2017-03-24T13:25:19+00:00\",\"mainEntityOfPage\":{\"@id\":\"https:\/\/www.justiceinfo.net\/fr\/32596-cpi-reparations-victimes-congo.html\"},\"wordCount\":530,\"commentCount\":0,\"publisher\":{\"@id\":\"https:\/\/www.justiceinfo.net\/fr#organization\"},\"image\":{\"@id\":\"https:\/\/www.justiceinfo.net\/fr\/32596-cpi-reparations-victimes-congo.html#primaryimage\"},\"thumbnailUrl\":\"https:\/\/www.justiceinfo.net\/wp-content\/uploads\/d4fa58e42ea4246fe83216c1a31bec48.jpg\",\"articleSection\":[\"CPI\"],\"inLanguage\":\"fr-FR\",\"potentialAction\":[{\"@type\":\"CommentAction\",\"name\":\"Comment\",\"target\":[\"https:\/\/www.justiceinfo.net\/fr\/32596-cpi-reparations-victimes-congo.html#respond\"]}]},{\"@type\":\"WebPage\",\"@id\":\"https:\/\/www.justiceinfo.net\/fr\/32596-cpi-reparations-victimes-congo.html\",\"url\":\"https:\/\/www.justiceinfo.net\/fr\/32596-cpi-reparations-victimes-congo.html\",\"name\":\"Pour la premi\u00e8re fois, la Cour P\u00e9nale Internationale alloue des r\u00e9parations individuelles aux victimes en RDC - JusticeInfo.net\",\"isPartOf\":{\"@id\":\"https:\/\/www.justiceinfo.net\/fr#website\"},\"primaryImageOfPage\":{\"@id\":\"https:\/\/www.justiceinfo.net\/fr\/32596-cpi-reparations-victimes-congo.html#primaryimage\"},\"image\":{\"@id\":\"https:\/\/www.justiceinfo.net\/fr\/32596-cpi-reparations-victimes-congo.html#primaryimage\"},\"thumbnailUrl\":\"https:\/\/www.justiceinfo.net\/wp-content\/uploads\/d4fa58e42ea4246fe83216c1a31bec48.jpg\",\"datePublished\":\"2017-03-24T13:25:19+00:00\",\"breadcrumb\":{\"@id\":\"https:\/\/www.justiceinfo.net\/fr\/32596-cpi-reparations-victimes-congo.html#breadcrumb\"},\"inLanguage\":\"fr-FR\",\"potentialAction\":[{\"@type\":\"ReadAction\",\"target\":[\"https:\/\/www.justiceinfo.net\/fr\/32596-cpi-reparations-victimes-congo.html\"]}]},{\"@type\":\"ImageObject\",\"inLanguage\":\"fr-FR\",\"@id\":\"https:\/\/www.justiceinfo.net\/fr\/32596-cpi-reparations-victimes-congo.html#primaryimage\",\"url\":\"https:\/\/www.justiceinfo.net\/wp-content\/uploads\/d4fa58e42ea4246fe83216c1a31bec48.jpg\",\"contentUrl\":\"https:\/\/www.justiceinfo.net\/wp-content\/uploads\/d4fa58e42ea4246fe83216c1a31bec48.jpg\",\"width\":2048,\"height\":1365},{\"@type\":\"BreadcrumbList\",\"@id\":\"https:\/\/www.justiceinfo.net\/fr\/32596-cpi-reparations-victimes-congo.html#breadcrumb\",\"itemListElement\":[{\"@type\":\"ListItem\",\"position\":1,\"name\":\"Home\",\"item\":\"https:\/\/www.justiceinfo.net\/fr\"},{\"@type\":\"ListItem\",\"position\":2,\"name\":\"Pour la premi\u00e8re fois, la Cour P\u00e9nale Internationale alloue des r\u00e9parations individuelles aux victimes en RDC\"}]},{\"@type\":\"WebSite\",\"@id\":\"https:\/\/www.justiceinfo.net\/fr#website\",\"url\":\"https:\/\/www.justiceinfo.net\/fr\",\"name\":\"JusticeInfo.net\",\"description\":\"La justice doit \u00eatre vue pour \u00eatre rendue\",\"publisher\":{\"@id\":\"https:\/\/www.justiceinfo.net\/fr#organization\"},\"potentialAction\":[{\"@type\":\"SearchAction\",\"target\":{\"@type\":\"EntryPoint\",\"urlTemplate\":\"https:\/\/www.justiceinfo.net\/fr?s={search_term_string}\"},\"query-input\":{\"@type\":\"PropertyValueSpecification\",\"valueRequired\":true,\"valueName\":\"search_term_string\"}}],\"inLanguage\":\"fr-FR\"},{\"@type\":\"Organization\",\"@id\":\"https:\/\/www.justiceinfo.net\/fr#organization\",\"name\":\"Justice Info\",\"url\":\"https:\/\/www.justiceinfo.net\/fr\",\"logo\":{\"@type\":\"ImageObject\",\"inLanguage\":\"fr-FR\",\"@id\":\"https:\/\/www.justiceinfo.net\/fr#\/schema\/logo\/image\/\",\"url\":\"https:\/\/www.justiceinfo.net\/wp-content\/uploads\/justiceinfo_logo-trans_1200x1200px.png\",\"contentUrl\":\"https:\/\/www.justiceinfo.net\/wp-content\/uploads\/justiceinfo_logo-trans_1200x1200px.png\",\"width\":1199,\"height\":1200,\"caption\":\"Justice Info\"},\"image\":{\"@id\":\"https:\/\/www.justiceinfo.net\/fr#\/schema\/logo\/image\/\"},\"sameAs\":[\"https:\/\/www.facebook.com\/JusticeInfo\/\",\"https:\/\/x.com\/justiceinfonet\",\"https:\/\/www.linkedin.com\/company\/justice-info\",\"https:\/\/www.youtube.com\/channel\/UCyCEsARodyuWtkWyhn-e7pA\"]},{\"@type\":\"Person\",\"name\":\"St\u00e9phanie Maupas (de notre correspondante \u00e0 La Haye,)\",\"url\":\"\/fr\/?s=St\u00e9phanie Maupas (de notre correspondante \u00e0 La Haye,)\"}]}<\/script>\n<!-- \/ Yoast SEO Premium plugin. -->","yoast_head_json":{"title":"Pour la premi\u00e8re fois, la Cour P\u00e9nale Internationale alloue des r\u00e9parations individuelles aux victimes en RDC - JusticeInfo.net","robots":{"index":"index","follow":"follow","max-snippet":"max-snippet:-1","max-image-preview":"max-image-preview:large","max-video-preview":"max-video-preview:-1"},"canonical":"https:\/\/www.justiceinfo.net\/fr\/32596-cpi-reparations-victimes-congo.html","og_locale":"fr_FR","og_type":"article","og_title":"Pour la premi\u00e8re fois, la Cour P\u00e9nale Internationale alloue des r\u00e9parations individuelles aux victimes en RDC","og_description":"La Cour p\u00e9nale internationale (CPI) a d\u00e9cid\u00e9, le 24 mars, que les victimes des crimes commis par Germain Katanga b\u00e9n\u00e9ficieront de r\u00e9parations individuelles et collectives. C'est la premi\u00e8re fois que la Cour alloue des r\u00e9parations individuelles \u00a0Les 297 victimes directes des crimes commis par Germain Katanga percevront chacune un peu plus de 230 euros. \u00ab\u00a0Ce [&hellip;]","og_url":"https:\/\/www.justiceinfo.net\/fr\/32596-cpi-reparations-victimes-congo.html","og_site_name":"JusticeInfo.net","article_publisher":"https:\/\/www.facebook.com\/JusticeInfo\/","article_published_time":"2017-03-24T13:25:19+00:00","og_image":[{"width":2048,"height":1365,"url":"https:\/\/www.justiceinfo.net\/wp-content\/uploads\/d4fa58e42ea4246fe83216c1a31bec48.jpg","type":"image\/jpeg"}],"author":"St\u00e9phanie Maupas (de notre correspondante \u00e0 La Haye,)","twitter_card":"summary_large_image","twitter_creator":"@justiceinfonet","twitter_site":"@justiceinfonet","twitter_misc":{"\u00c9crit par":"St\u00e9phanie Maupas (de notre correspondante \u00e0 La Haye,)","Dur\u00e9e de lecture estim\u00e9e":"3 minutes"},"schema":{"@context":"https:\/\/schema.org","@graph":[{"@type":"NewsArticle","@id":"https:\/\/www.justiceinfo.net\/fr\/32596-cpi-reparations-victimes-congo.html#article","isPartOf":{"@id":"https:\/\/www.justiceinfo.net\/fr\/32596-cpi-reparations-victimes-congo.html"},"author":{"name":"solivri","@id":"https:\/\/www.justiceinfo.net\/fr#\/schema\/person\/6e53cba1629e2e66f3fc1821d3091865"},"headline":"Pour la premi\u00e8re fois, la Cour P\u00e9nale Internationale alloue des r\u00e9parations individuelles aux victimes en RDC","datePublished":"2017-03-24T13:25:19+00:00","mainEntityOfPage":{"@id":"https:\/\/www.justiceinfo.net\/fr\/32596-cpi-reparations-victimes-congo.html"},"wordCount":530,"commentCount":0,"publisher":{"@id":"https:\/\/www.justiceinfo.net\/fr#organization"},"image":{"@id":"https:\/\/www.justiceinfo.net\/fr\/32596-cpi-reparations-victimes-congo.html#primaryimage"},"thumbnailUrl":"https:\/\/www.justiceinfo.net\/wp-content\/uploads\/d4fa58e42ea4246fe83216c1a31bec48.jpg","articleSection":["CPI"],"inLanguage":"fr-FR","potentialAction":[{"@type":"CommentAction","name":"Comment","target":["https:\/\/www.justiceinfo.net\/fr\/32596-cpi-reparations-victimes-congo.html#respond"]}]},{"@type":"WebPage","@id":"https:\/\/www.justiceinfo.net\/fr\/32596-cpi-reparations-victimes-congo.html","url":"https:\/\/www.justiceinfo.net\/fr\/32596-cpi-reparations-victimes-congo.html","name":"Pour la premi\u00e8re fois, la Cour P\u00e9nale Internationale alloue des r\u00e9parations individuelles aux victimes en RDC - JusticeInfo.net","isPartOf":{"@id":"https:\/\/www.justiceinfo.net\/fr#website"},"primaryImageOfPage":{"@id":"https:\/\/www.justiceinfo.net\/fr\/32596-cpi-reparations-victimes-congo.html#primaryimage"},"image":{"@id":"https:\/\/www.justiceinfo.net\/fr\/32596-cpi-reparations-victimes-congo.html#primaryimage"},"thumbnailUrl":"https:\/\/www.justiceinfo.net\/wp-content\/uploads\/d4fa58e42ea4246fe83216c1a31bec48.jpg","datePublished":"2017-03-24T13:25:19+00:00","breadcrumb":{"@id":"https:\/\/www.justiceinfo.net\/fr\/32596-cpi-reparations-victimes-congo.html#breadcrumb"},"inLanguage":"fr-FR","potentialAction":[{"@type":"ReadAction","target":["https:\/\/www.justiceinfo.net\/fr\/32596-cpi-reparations-victimes-congo.html"]}]},{"@type":"ImageObject","inLanguage":"fr-FR","@id":"https:\/\/www.justiceinfo.net\/fr\/32596-cpi-reparations-victimes-congo.html#primaryimage","url":"https:\/\/www.justiceinfo.net\/wp-content\/uploads\/d4fa58e42ea4246fe83216c1a31bec48.jpg","contentUrl":"https:\/\/www.justiceinfo.net\/wp-content\/uploads\/d4fa58e42ea4246fe83216c1a31bec48.jpg","width":2048,"height":1365},{"@type":"BreadcrumbList","@id":"https:\/\/www.justiceinfo.net\/fr\/32596-cpi-reparations-victimes-congo.html#breadcrumb","itemListElement":[{"@type":"ListItem","position":1,"name":"Home","item":"https:\/\/www.justiceinfo.net\/fr"},{"@type":"ListItem","position":2,"name":"Pour la premi\u00e8re fois, la Cour P\u00e9nale Internationale alloue des r\u00e9parations individuelles aux victimes en RDC"}]},{"@type":"WebSite","@id":"https:\/\/www.justiceinfo.net\/fr#website","url":"https:\/\/www.justiceinfo.net\/fr","name":"JusticeInfo.net","description":"La justice doit \u00eatre vue pour \u00eatre rendue","publisher":{"@id":"https:\/\/www.justiceinfo.net\/fr#organization"},"potentialAction":[{"@type":"SearchAction","target":{"@type":"EntryPoint","urlTemplate":"https:\/\/www.justiceinfo.net\/fr?s={search_term_string}"},"query-input":{"@type":"PropertyValueSpecification","valueRequired":true,"valueName":"search_term_string"}}],"inLanguage":"fr-FR"},{"@type":"Organization","@id":"https:\/\/www.justiceinfo.net\/fr#organization","name":"Justice Info","url":"https:\/\/www.justiceinfo.net\/fr","logo":{"@type":"ImageObject","inLanguage":"fr-FR","@id":"https:\/\/www.justiceinfo.net\/fr#\/schema\/logo\/image\/","url":"https:\/\/www.justiceinfo.net\/wp-content\/uploads\/justiceinfo_logo-trans_1200x1200px.png","contentUrl":"https:\/\/www.justiceinfo.net\/wp-content\/uploads\/justiceinfo_logo-trans_1200x1200px.png","width":1199,"height":1200,"caption":"Justice Info"},"image":{"@id":"https:\/\/www.justiceinfo.net\/fr#\/schema\/logo\/image\/"},"sameAs":["https:\/\/www.facebook.com\/JusticeInfo\/","https:\/\/x.com\/justiceinfonet","https:\/\/www.linkedin.com\/company\/justice-info","https:\/\/www.youtube.com\/channel\/UCyCEsARodyuWtkWyhn-e7pA"]},{"@type":"Person","name":"St\u00e9phanie Maupas (de notre correspondante \u00e0 La Haye,)","url":"\/fr\/?s=St\u00e9phanie Maupas (de notre correspondante \u00e0 La Haye,)"}]}},"_links":{"self":[{"href":"https:\/\/www.justiceinfo.net\/fr\/wp-json\/wp\/v2\/posts\/32596","targetHints":{"allow":["GET"]}}],"collection":[{"href":"https:\/\/www.justiceinfo.net\/fr\/wp-json\/wp\/v2\/posts"}],"about":[{"href":"https:\/\/www.justiceinfo.net\/fr\/wp-json\/wp\/v2\/types\/post"}],"author":[{"embeddable":true,"href":"https:\/\/www.justiceinfo.net\/fr\/wp-json\/wp\/v2\/users\/64"}],"replies":[{"embeddable":true,"href":"https:\/\/www.justiceinfo.net\/fr\/wp-json\/wp\/v2\/comments?post=32596"}],"version-history":[{"count":0,"href":"https:\/\/www.justiceinfo.net\/fr\/wp-json\/wp\/v2\/posts\/32596\/revisions"}],"wp:featuredmedia":[{"embeddable":true,"href":"https:\/\/www.justiceinfo.net\/fr\/wp-json\/wp\/v2\/media\/65657"}],"wp:attachment":[{"href":"https:\/\/www.justiceinfo.net\/fr\/wp-json\/wp\/v2\/media?parent=32596"}],"wp:term":[{"taxonomy":"category","embeddable":true,"href":"https:\/\/www.justiceinfo.net\/fr\/wp-json\/wp\/v2\/categories?post=32596"},{"taxonomy":"post_tag","embeddable":true,"href":"https:\/\/www.justiceinfo.net\/fr\/wp-json\/wp\/v2\/tags?post=32596"},{"taxonomy":"ji_location","embeddable":true,"href":"https:\/\/www.justiceinfo.net\/fr\/wp-json\/wp\/v2\/ji_location?post=32596"}],"curies":[{"name":"wp","href":"https:\/\/api.w.org\/{rel}","templated":true}]}}