{"id":32643,"date":"2017-03-27T00:00:00","date_gmt":"2017-03-26T22:00:00","guid":{"rendered":"https:\/\/www.justiceinfo.net\/32643-la-suisse-maintient-son-cap-au-conseil-des-droits-de-lhomme.html"},"modified":"2017-03-27T00:00:00","modified_gmt":"2017-03-26T22:00:00","slug":"la-suisse-maintient-son-cap-au-conseil-des-droits-de-lhomme","status":"publish","type":"post","link":"https:\/\/www.justiceinfo.net\/fr\/32643-la-suisse-maintient-son-cap-au-conseil-des-droits-de-lhomme.html","title":{"rendered":"La Suisse fait entendre sa voix particuli\u00e8re au Conseil des droits de l\u2019homme"},"content":{"rendered":"<div class=\"content-excerpt\">\n<p>Malgr\u00e9 les menaces de l\u2019administration am\u00e9ricaine, les travaux de la 34<sup><span style=\"font-size: medium;\">e<\/span><\/sup> session du Conseil des droits de l\u2019homme (CDH), qui s\u2019est termin\u00e9e vendredi, n\u2019ont pas connu de clash majeur. La Suisse a maintenu sa ligne, y compris en votant en faveur de r\u00e9solutions critiques \u00e0 l\u2019\u00e9gard d\u2019Isra\u00ebl, contrairement \u00e0 d\u2019autres pays europ\u00e9ens.<\/p>\n<\/div>\n<p>S\u2019agissait-il de ne pas donner des pr\u00e9textes suppl\u00e9mentaires aux menaces de la nouvelle administration am\u00e9ricaine? Washington a en effet fait savoir qu\u2019il observerait attentivement la principale session du <a href=\"http:\/\/www.ohchr.org\/FR\/HRBodies\/HRC\/Pages\/HRCIndex.aspx\">CDH<\/a> avant de d\u00e9cider sa politique en la mati\u00e8re. Un choix qui pourrait tomber avant la prochaine session du Conseil en juin. R\u00e9sultat: la session s\u2019est d\u00e9roul\u00e9e plut\u00f4t calmement.<\/p>\n<p>\u00abCette session a \u00e9t\u00e9 efficace et pragmatique en attendant la d\u00e9cision de principe de Washington sur les modalit\u00e9s de sa participation au CDH\u00bb, confirme l\u2019ambassadeur suisse Valentin Zellweger, en charge des droits de l\u2019Homme \u00e0 la mission suisse aupr\u00e8s de l\u2019ONU \u00e0 Gen\u00e8ve.<\/p>\n<p>Et comme \u00e0 chaque fois, la diplomatie suisse a fait <a href=\"https:\/\/www.dfae.admin.ch\/eda\/fr\/dfae\/actualite\/informations-dfae.html\/content\/eda\/fr\/meta\/news\/2017\/3\/24\/66116\" target=\"_self\" rel=\"noopener\">entendre sa voix<\/a> particuli\u00e8re, qui n\u2019est pas toujours celle suivie par ses voisins europ\u00e9ens et qui rejoint parfois celle du groupe des pays non-align\u00e9s.<\/p>\n<p>C\u2019est le cas avec les r\u00e9solutions adopt\u00e9es dans le cadre du point 7 de l\u2019ordre du jour du CDH, soit \u00abla situation des droits de l\u2019homme en Palestine et dans les autres territoires arabes occup\u00e9s\u00bb (voir le <a href=\"https:\/\/www.eda.admin.ch\/dam\/eda\/fr\/documents\/publications\/InternationaleOrganisationen\/Uno\/Human-rights-Council-practical-guide_fr\">guide pratique<\/a> sur le CDH publi\u00e9 par le minist\u00e8re suisse des affaires \u00e9trang\u00e8res).<\/p>\n<p>Durant cette session, la diplomatie helv\u00e9tique en a soutenu deux sur quatre. Ce au nom du respect des Conventions de Gen\u00e8ve dont la Suisse est d\u00e9positaire. Et ce alors que la plupart des pays europ\u00e9ens se sont abstenus, que le Royaume-Uni a d\u00e9nonc\u00e9 le maintien de ce point \u00e0 l\u2019ordre du jour du CDH (Isra\u00ebl en tant que puissance occupante est le seul pays \u00e0 figurer automatiquement \u00e0 l\u2019ordre du jour) et que les <a href=\"https:\/\/geneva.usmission.gov\/2017\/03\/24\/u-s-explanation-of-votes-on-item-7-resolutions\/\">Etats-Unis<\/a> pourraient se retirer du CDH si le point 7 est maintenu.<\/p>\n<h3>Pr\u00e9vention des conflits<\/h3>\n<p>Parmi la quarantaine de r\u00e9solutions adopt\u00e9es les deux derniers jours du CDH, la Suisse a soutenu en particulier celles instaurant ou prolongeant une enqu\u00eate sur les violations graves et les crimes de masse commis en Syrie, au Soudan du Sud, au Myanmar (Birmanie) et au Bahre\u00efn. Les Emirats arabes unis ont d\u2019ailleurs convoqu\u00e9 l\u2019ambassadrice suisse \u00e0\u00a0Abu Dhabi pour protester contre la position suisse \u00e0 l'encontre du Bahre\u00efn.<\/p>\n<p>Autre cheval de bataille de la diplomatie suisse, l\u2019abolition ou le gel de la peine de mort dans le monde. Elle a ainsi appel\u00e9 le Bahre\u00efn, le Kowe\u00eft, la Jordanie et les Philippines \u00e0 ne pas r\u00e9introduire l'application de la peine de mort.<\/p>\n<p>Apr\u00e8s son <a href=\"http:\/\/www.swissinfo.ch\/fre\/conseil-des-droits-de-l-homme_paix-et-droits-humains--la-suisse-lance-son--appel-du-13-juin-\/42223086\">appel du 13 juin<\/a> lanc\u00e9 l\u2019ann\u00e9e derni\u00e8re pour une meilleure pr\u00e9vention des conflits arm\u00e9s en prenant en compte les alertes que constituent les violations des droits humain, Berne poursuit l\u2019effort en poussant notamment \u00e0 la tenue r\u00e9guli\u00e8re d\u2019un d\u00e9bat de haut niveau \u00absur la contribution des droits de l\u2019homme \u00e0 l\u2019instauration d\u2019une paix durable.\u00bb<\/p>\n<p>Une question qui n\u2019a rien d\u2019acad\u00e9mique, alors que les budgets d\u2019armement prennent l\u2019ascenseur dans un monde sous tension.<\/p>\n<p>\u00a0<\/p>\n<p>Cet article a \u00e9t\u00e9 pr\u00e9c\u00e9demment publi\u00e9 par swissinfo.<\/p>\n","protected":false},"excerpt":{"rendered":"<p>Malgr\u00e9 les menaces de l\u2019administration am\u00e9ricaine, les travaux de la 34e session du Conseil des droits de l\u2019homme (CDH), qui s\u2019est termin\u00e9e vendredi, n\u2019ont pas connu de clash majeur. La Suisse a maintenu sa ligne, y compris en votant en faveur de r\u00e9solutions critiques \u00e0 l\u2019\u00e9gard d\u2019Isra\u00ebl, contrairement \u00e0 d\u2019autres pays europ\u00e9ens. S\u2019agissait-il de ne [&hellip;]<\/p>\n","protected":false},"author":63,"featured_media":63381,"comment_status":"open","ping_status":"closed","sticky":false,"template":"","format":"standard","meta":{"_acf_changed":false,"footnotes":""},"categories":[548],"tags":[],"ji_location":[2496],"class_list":["post-32643","post","type-post","status-publish","format-standard","has-post-thumbnail","hentry","category-commissions-verite","ji_location-suisse"],"acf":[],"yoast_head":"<!-- This site is optimized with the Yoast SEO Premium plugin v25.3.1 (Yoast SEO v25.3.1) - https:\/\/yoast.com\/wordpress\/plugins\/seo\/ -->\n<title>La Suisse fait entendre sa voix particuli\u00e8re au Conseil des droits de l\u2019homme - JusticeInfo.net<\/title>\n<meta name=\"robots\" content=\"index, follow, max-snippet:-1, max-image-preview:large, max-video-preview:-1\" \/>\n<link rel=\"canonical\" href=\"https:\/\/www.justiceinfo.net\/fr\/32643-la-suisse-maintient-son-cap-au-conseil-des-droits-de-lhomme.html\" \/>\n<meta property=\"og:locale\" content=\"fr_FR\" \/>\n<meta property=\"og:type\" content=\"article\" \/>\n<meta property=\"og:title\" content=\"La Suisse fait entendre sa voix particuli\u00e8re au Conseil des droits de l\u2019homme\" \/>\n<meta property=\"og:description\" content=\"Malgr\u00e9 les menaces de l\u2019administration am\u00e9ricaine, les travaux de la 34e session du Conseil des droits de l\u2019homme (CDH), qui s\u2019est termin\u00e9e vendredi, n\u2019ont pas connu de clash majeur. La Suisse a maintenu sa ligne, y compris en votant en faveur de r\u00e9solutions critiques \u00e0 l\u2019\u00e9gard d\u2019Isra\u00ebl, contrairement \u00e0 d\u2019autres pays europ\u00e9ens. S\u2019agissait-il de ne [&hellip;]\" \/>\n<meta property=\"og:url\" content=\"https:\/\/www.justiceinfo.net\/fr\/32643-la-suisse-maintient-son-cap-au-conseil-des-droits-de-lhomme.html\" \/>\n<meta property=\"og:site_name\" content=\"JusticeInfo.net\" \/>\n<meta property=\"article:publisher\" content=\"https:\/\/www.facebook.com\/JusticeInfo\/\" \/>\n<meta property=\"article:published_time\" content=\"2017-03-26T22:00:00+00:00\" \/>\n<meta property=\"og:image\" content=\"https:\/\/www.justiceinfo.net\/wp-content\/uploads\/e04d6d12e7498dbc84087a0fcbc75fd7.jpg\" \/>\n\t<meta property=\"og:image:width\" content=\"640\" \/>\n\t<meta property=\"og:image:height\" content=\"426\" \/>\n\t<meta property=\"og:image:type\" content=\"image\/jpeg\" \/>\n<meta name=\"author\" content=\"Fr\u00e9d\u00e9ric Burnand\" \/>\n<meta name=\"twitter:card\" content=\"summary_large_image\" \/>\n<meta name=\"twitter:creator\" content=\"@justiceinfonet\" \/>\n<meta name=\"twitter:site\" content=\"@justiceinfonet\" \/>\n<meta name=\"twitter:label1\" content=\"\u00c9crit par\" \/>\n\t<meta name=\"twitter:data1\" content=\"Fr\u00e9d\u00e9ric Burnand\" \/>\n\t<meta name=\"twitter:label2\" content=\"Dur\u00e9e de lecture estim\u00e9e\" \/>\n\t<meta name=\"twitter:data2\" content=\"3 minutes\" \/>\n<script type=\"application\/ld+json\" class=\"yoast-schema-graph\">{\"@context\":\"https:\/\/schema.org\",\"@graph\":[{\"@type\":\"NewsArticle\",\"@id\":\"https:\/\/www.justiceinfo.net\/fr\/32643-la-suisse-maintient-son-cap-au-conseil-des-droits-de-lhomme.html#article\",\"isPartOf\":{\"@id\":\"https:\/\/www.justiceinfo.net\/fr\/32643-la-suisse-maintient-son-cap-au-conseil-des-droits-de-lhomme.html\"},\"author\":{\"name\":\"civiliste\",\"@id\":\"https:\/\/www.justiceinfo.net\/fr#\/schema\/person\/015ad428615c9bd082c2b6aa8df6cad0\"},\"headline\":\"La Suisse fait entendre sa voix particuli\u00e8re au Conseil des droits de l\u2019homme\",\"datePublished\":\"2017-03-26T22:00:00+00:00\",\"mainEntityOfPage\":{\"@id\":\"https:\/\/www.justiceinfo.net\/fr\/32643-la-suisse-maintient-son-cap-au-conseil-des-droits-de-lhomme.html\"},\"wordCount\":603,\"commentCount\":0,\"publisher\":{\"@id\":\"https:\/\/www.justiceinfo.net\/fr#organization\"},\"image\":{\"@id\":\"https:\/\/www.justiceinfo.net\/fr\/32643-la-suisse-maintient-son-cap-au-conseil-des-droits-de-lhomme.html#primaryimage\"},\"thumbnailUrl\":\"https:\/\/www.justiceinfo.net\/wp-content\/uploads\/e04d6d12e7498dbc84087a0fcbc75fd7.jpg\",\"articleSection\":[\"Commissions v\u00e9rit\u00e9\"],\"inLanguage\":\"fr-FR\",\"potentialAction\":[{\"@type\":\"CommentAction\",\"name\":\"Comment\",\"target\":[\"https:\/\/www.justiceinfo.net\/fr\/32643-la-suisse-maintient-son-cap-au-conseil-des-droits-de-lhomme.html#respond\"]}]},{\"@type\":\"WebPage\",\"@id\":\"https:\/\/www.justiceinfo.net\/fr\/32643-la-suisse-maintient-son-cap-au-conseil-des-droits-de-lhomme.html\",\"url\":\"https:\/\/www.justiceinfo.net\/fr\/32643-la-suisse-maintient-son-cap-au-conseil-des-droits-de-lhomme.html\",\"name\":\"La Suisse fait entendre sa voix particuli\u00e8re au Conseil des droits de l\u2019homme - JusticeInfo.net\",\"isPartOf\":{\"@id\":\"https:\/\/www.justiceinfo.net\/fr#website\"},\"primaryImageOfPage\":{\"@id\":\"https:\/\/www.justiceinfo.net\/fr\/32643-la-suisse-maintient-son-cap-au-conseil-des-droits-de-lhomme.html#primaryimage\"},\"image\":{\"@id\":\"https:\/\/www.justiceinfo.net\/fr\/32643-la-suisse-maintient-son-cap-au-conseil-des-droits-de-lhomme.html#primaryimage\"},\"thumbnailUrl\":\"https:\/\/www.justiceinfo.net\/wp-content\/uploads\/e04d6d12e7498dbc84087a0fcbc75fd7.jpg\",\"datePublished\":\"2017-03-26T22:00:00+00:00\",\"breadcrumb\":{\"@id\":\"https:\/\/www.justiceinfo.net\/fr\/32643-la-suisse-maintient-son-cap-au-conseil-des-droits-de-lhomme.html#breadcrumb\"},\"inLanguage\":\"fr-FR\",\"potentialAction\":[{\"@type\":\"ReadAction\",\"target\":[\"https:\/\/www.justiceinfo.net\/fr\/32643-la-suisse-maintient-son-cap-au-conseil-des-droits-de-lhomme.html\"]}]},{\"@type\":\"ImageObject\",\"inLanguage\":\"fr-FR\",\"@id\":\"https:\/\/www.justiceinfo.net\/fr\/32643-la-suisse-maintient-son-cap-au-conseil-des-droits-de-lhomme.html#primaryimage\",\"url\":\"https:\/\/www.justiceinfo.net\/wp-content\/uploads\/e04d6d12e7498dbc84087a0fcbc75fd7.jpg\",\"contentUrl\":\"https:\/\/www.justiceinfo.net\/wp-content\/uploads\/e04d6d12e7498dbc84087a0fcbc75fd7.jpg\",\"width\":640,\"height\":426},{\"@type\":\"BreadcrumbList\",\"@id\":\"https:\/\/www.justiceinfo.net\/fr\/32643-la-suisse-maintient-son-cap-au-conseil-des-droits-de-lhomme.html#breadcrumb\",\"itemListElement\":[{\"@type\":\"ListItem\",\"position\":1,\"name\":\"Home\",\"item\":\"https:\/\/www.justiceinfo.net\/fr\"},{\"@type\":\"ListItem\",\"position\":2,\"name\":\"La Suisse fait entendre sa voix particuli\u00e8re au Conseil des droits de l\u2019homme\"}]},{\"@type\":\"WebSite\",\"@id\":\"https:\/\/www.justiceinfo.net\/fr#website\",\"url\":\"https:\/\/www.justiceinfo.net\/fr\",\"name\":\"JusticeInfo.net\",\"description\":\"La justice doit \u00eatre vue pour \u00eatre rendue\",\"publisher\":{\"@id\":\"https:\/\/www.justiceinfo.net\/fr#organization\"},\"potentialAction\":[{\"@type\":\"SearchAction\",\"target\":{\"@type\":\"EntryPoint\",\"urlTemplate\":\"https:\/\/www.justiceinfo.net\/fr?s={search_term_string}\"},\"query-input\":{\"@type\":\"PropertyValueSpecification\",\"valueRequired\":true,\"valueName\":\"search_term_string\"}}],\"inLanguage\":\"fr-FR\"},{\"@type\":\"Organization\",\"@id\":\"https:\/\/www.justiceinfo.net\/fr#organization\",\"name\":\"Justice Info\",\"url\":\"https:\/\/www.justiceinfo.net\/fr\",\"logo\":{\"@type\":\"ImageObject\",\"inLanguage\":\"fr-FR\",\"@id\":\"https:\/\/www.justiceinfo.net\/fr#\/schema\/logo\/image\/\",\"url\":\"https:\/\/www.justiceinfo.net\/wp-content\/uploads\/justiceinfo_logo-trans_1200x1200px.png\",\"contentUrl\":\"https:\/\/www.justiceinfo.net\/wp-content\/uploads\/justiceinfo_logo-trans_1200x1200px.png\",\"width\":1199,\"height\":1200,\"caption\":\"Justice Info\"},\"image\":{\"@id\":\"https:\/\/www.justiceinfo.net\/fr#\/schema\/logo\/image\/\"},\"sameAs\":[\"https:\/\/www.facebook.com\/JusticeInfo\/\",\"https:\/\/x.com\/justiceinfonet\",\"https:\/\/www.linkedin.com\/company\/justice-info\",\"https:\/\/www.youtube.com\/channel\/UCyCEsARodyuWtkWyhn-e7pA\"]},{\"@type\":\"Person\",\"name\":\"Fr\u00e9d\u00e9ric Burnand\",\"url\":\"\/fr\/?s=Fr\u00e9d\u00e9ric Burnand\"}]}<\/script>\n<!-- \/ Yoast SEO Premium plugin. -->","yoast_head_json":{"title":"La Suisse fait entendre sa voix particuli\u00e8re au Conseil des droits de l\u2019homme - JusticeInfo.net","robots":{"index":"index","follow":"follow","max-snippet":"max-snippet:-1","max-image-preview":"max-image-preview:large","max-video-preview":"max-video-preview:-1"},"canonical":"https:\/\/www.justiceinfo.net\/fr\/32643-la-suisse-maintient-son-cap-au-conseil-des-droits-de-lhomme.html","og_locale":"fr_FR","og_type":"article","og_title":"La Suisse fait entendre sa voix particuli\u00e8re au Conseil des droits de l\u2019homme","og_description":"Malgr\u00e9 les menaces de l\u2019administration am\u00e9ricaine, les travaux de la 34e session du Conseil des droits de l\u2019homme (CDH), qui s\u2019est termin\u00e9e vendredi, n\u2019ont pas connu de clash majeur. La Suisse a maintenu sa ligne, y compris en votant en faveur de r\u00e9solutions critiques \u00e0 l\u2019\u00e9gard d\u2019Isra\u00ebl, contrairement \u00e0 d\u2019autres pays europ\u00e9ens. S\u2019agissait-il de ne [&hellip;]","og_url":"https:\/\/www.justiceinfo.net\/fr\/32643-la-suisse-maintient-son-cap-au-conseil-des-droits-de-lhomme.html","og_site_name":"JusticeInfo.net","article_publisher":"https:\/\/www.facebook.com\/JusticeInfo\/","article_published_time":"2017-03-26T22:00:00+00:00","og_image":[{"width":640,"height":426,"url":"https:\/\/www.justiceinfo.net\/wp-content\/uploads\/e04d6d12e7498dbc84087a0fcbc75fd7.jpg","type":"image\/jpeg"}],"author":"Fr\u00e9d\u00e9ric Burnand","twitter_card":"summary_large_image","twitter_creator":"@justiceinfonet","twitter_site":"@justiceinfonet","twitter_misc":{"\u00c9crit par":"Fr\u00e9d\u00e9ric Burnand","Dur\u00e9e de lecture estim\u00e9e":"3 minutes"},"schema":{"@context":"https:\/\/schema.org","@graph":[{"@type":"NewsArticle","@id":"https:\/\/www.justiceinfo.net\/fr\/32643-la-suisse-maintient-son-cap-au-conseil-des-droits-de-lhomme.html#article","isPartOf":{"@id":"https:\/\/www.justiceinfo.net\/fr\/32643-la-suisse-maintient-son-cap-au-conseil-des-droits-de-lhomme.html"},"author":{"name":"civiliste","@id":"https:\/\/www.justiceinfo.net\/fr#\/schema\/person\/015ad428615c9bd082c2b6aa8df6cad0"},"headline":"La Suisse fait entendre sa voix particuli\u00e8re au Conseil des droits de l\u2019homme","datePublished":"2017-03-26T22:00:00+00:00","mainEntityOfPage":{"@id":"https:\/\/www.justiceinfo.net\/fr\/32643-la-suisse-maintient-son-cap-au-conseil-des-droits-de-lhomme.html"},"wordCount":603,"commentCount":0,"publisher":{"@id":"https:\/\/www.justiceinfo.net\/fr#organization"},"image":{"@id":"https:\/\/www.justiceinfo.net\/fr\/32643-la-suisse-maintient-son-cap-au-conseil-des-droits-de-lhomme.html#primaryimage"},"thumbnailUrl":"https:\/\/www.justiceinfo.net\/wp-content\/uploads\/e04d6d12e7498dbc84087a0fcbc75fd7.jpg","articleSection":["Commissions v\u00e9rit\u00e9"],"inLanguage":"fr-FR","potentialAction":[{"@type":"CommentAction","name":"Comment","target":["https:\/\/www.justiceinfo.net\/fr\/32643-la-suisse-maintient-son-cap-au-conseil-des-droits-de-lhomme.html#respond"]}]},{"@type":"WebPage","@id":"https:\/\/www.justiceinfo.net\/fr\/32643-la-suisse-maintient-son-cap-au-conseil-des-droits-de-lhomme.html","url":"https:\/\/www.justiceinfo.net\/fr\/32643-la-suisse-maintient-son-cap-au-conseil-des-droits-de-lhomme.html","name":"La Suisse fait entendre sa voix particuli\u00e8re au Conseil des droits de l\u2019homme - JusticeInfo.net","isPartOf":{"@id":"https:\/\/www.justiceinfo.net\/fr#website"},"primaryImageOfPage":{"@id":"https:\/\/www.justiceinfo.net\/fr\/32643-la-suisse-maintient-son-cap-au-conseil-des-droits-de-lhomme.html#primaryimage"},"image":{"@id":"https:\/\/www.justiceinfo.net\/fr\/32643-la-suisse-maintient-son-cap-au-conseil-des-droits-de-lhomme.html#primaryimage"},"thumbnailUrl":"https:\/\/www.justiceinfo.net\/wp-content\/uploads\/e04d6d12e7498dbc84087a0fcbc75fd7.jpg","datePublished":"2017-03-26T22:00:00+00:00","breadcrumb":{"@id":"https:\/\/www.justiceinfo.net\/fr\/32643-la-suisse-maintient-son-cap-au-conseil-des-droits-de-lhomme.html#breadcrumb"},"inLanguage":"fr-FR","potentialAction":[{"@type":"ReadAction","target":["https:\/\/www.justiceinfo.net\/fr\/32643-la-suisse-maintient-son-cap-au-conseil-des-droits-de-lhomme.html"]}]},{"@type":"ImageObject","inLanguage":"fr-FR","@id":"https:\/\/www.justiceinfo.net\/fr\/32643-la-suisse-maintient-son-cap-au-conseil-des-droits-de-lhomme.html#primaryimage","url":"https:\/\/www.justiceinfo.net\/wp-content\/uploads\/e04d6d12e7498dbc84087a0fcbc75fd7.jpg","contentUrl":"https:\/\/www.justiceinfo.net\/wp-content\/uploads\/e04d6d12e7498dbc84087a0fcbc75fd7.jpg","width":640,"height":426},{"@type":"BreadcrumbList","@id":"https:\/\/www.justiceinfo.net\/fr\/32643-la-suisse-maintient-son-cap-au-conseil-des-droits-de-lhomme.html#breadcrumb","itemListElement":[{"@type":"ListItem","position":1,"name":"Home","item":"https:\/\/www.justiceinfo.net\/fr"},{"@type":"ListItem","position":2,"name":"La Suisse fait entendre sa voix particuli\u00e8re au Conseil des droits de l\u2019homme"}]},{"@type":"WebSite","@id":"https:\/\/www.justiceinfo.net\/fr#website","url":"https:\/\/www.justiceinfo.net\/fr","name":"JusticeInfo.net","description":"La justice doit \u00eatre vue pour \u00eatre rendue","publisher":{"@id":"https:\/\/www.justiceinfo.net\/fr#organization"},"potentialAction":[{"@type":"SearchAction","target":{"@type":"EntryPoint","urlTemplate":"https:\/\/www.justiceinfo.net\/fr?s={search_term_string}"},"query-input":{"@type":"PropertyValueSpecification","valueRequired":true,"valueName":"search_term_string"}}],"inLanguage":"fr-FR"},{"@type":"Organization","@id":"https:\/\/www.justiceinfo.net\/fr#organization","name":"Justice Info","url":"https:\/\/www.justiceinfo.net\/fr","logo":{"@type":"ImageObject","inLanguage":"fr-FR","@id":"https:\/\/www.justiceinfo.net\/fr#\/schema\/logo\/image\/","url":"https:\/\/www.justiceinfo.net\/wp-content\/uploads\/justiceinfo_logo-trans_1200x1200px.png","contentUrl":"https:\/\/www.justiceinfo.net\/wp-content\/uploads\/justiceinfo_logo-trans_1200x1200px.png","width":1199,"height":1200,"caption":"Justice Info"},"image":{"@id":"https:\/\/www.justiceinfo.net\/fr#\/schema\/logo\/image\/"},"sameAs":["https:\/\/www.facebook.com\/JusticeInfo\/","https:\/\/x.com\/justiceinfonet","https:\/\/www.linkedin.com\/company\/justice-info","https:\/\/www.youtube.com\/channel\/UCyCEsARodyuWtkWyhn-e7pA"]},{"@type":"Person","name":"Fr\u00e9d\u00e9ric Burnand","url":"\/fr\/?s=Fr\u00e9d\u00e9ric Burnand"}]}},"_links":{"self":[{"href":"https:\/\/www.justiceinfo.net\/fr\/wp-json\/wp\/v2\/posts\/32643","targetHints":{"allow":["GET"]}}],"collection":[{"href":"https:\/\/www.justiceinfo.net\/fr\/wp-json\/wp\/v2\/posts"}],"about":[{"href":"https:\/\/www.justiceinfo.net\/fr\/wp-json\/wp\/v2\/types\/post"}],"author":[{"embeddable":true,"href":"https:\/\/www.justiceinfo.net\/fr\/wp-json\/wp\/v2\/users\/63"}],"replies":[{"embeddable":true,"href":"https:\/\/www.justiceinfo.net\/fr\/wp-json\/wp\/v2\/comments?post=32643"}],"version-history":[{"count":0,"href":"https:\/\/www.justiceinfo.net\/fr\/wp-json\/wp\/v2\/posts\/32643\/revisions"}],"wp:featuredmedia":[{"embeddable":true,"href":"https:\/\/www.justiceinfo.net\/fr\/wp-json\/wp\/v2\/media\/63381"}],"wp:attachment":[{"href":"https:\/\/www.justiceinfo.net\/fr\/wp-json\/wp\/v2\/media?parent=32643"}],"wp:term":[{"taxonomy":"category","embeddable":true,"href":"https:\/\/www.justiceinfo.net\/fr\/wp-json\/wp\/v2\/categories?post=32643"},{"taxonomy":"post_tag","embeddable":true,"href":"https:\/\/www.justiceinfo.net\/fr\/wp-json\/wp\/v2\/tags?post=32643"},{"taxonomy":"ji_location","embeddable":true,"href":"https:\/\/www.justiceinfo.net\/fr\/wp-json\/wp\/v2\/ji_location?post=32643"}],"curies":[{"name":"wp","href":"https:\/\/api.w.org\/{rel}","templated":true}]}}